{"id":26029,"date":"2022-03-14T10:21:59","date_gmt":"2022-03-14T15:21:59","guid":{"rendered":"https:\/\/blogs.funiber.org\/pt\/?p=26029"},"modified":"2022-03-14T10:21:59","modified_gmt":"2022-03-14T15:21:59","slug":"funiber-estudo-habilidades-socioemocionais-estudantes-america-latina-caribe","status":"publish","type":"post","link":"https:\/\/www.funiber.blog\/pt\/formacao-professores\/2022\/03\/14\/funiber-estudo-habilidades-socioemocionais-estudantes-america-latina-caribe","title":{"rendered":"Estudo revela importantes habilidades socioemocionais em estudantes da Am\u00e9rica Latina e Caribe"},"content":{"rendered":"<h2>O <a href=\"https:\/\/es.unesco.org\/fieldoffice\/santiago\/llece\/ERCE2019\" target=\"_blank\" rel=\"noopener\">Estudio Regional Comparativo y Explicativo (ERCE 2019<\/a> realizado na Am\u00e9rica Latina e no Caribe revelou importantes habilidades de empatia, autorregulamenta\u00e7\u00e3o escolar e abertura \u00e0 diversidade em estudantes da sexta s\u00e9rie de 16 pa\u00edses da regi\u00e3o.<\/h2>\n<p><!--more--><\/p>\n<p><span style=\"font-weight: 400;\">Al\u00e9m de investigar pela primeira vez estas habilidades socioemocionais por meio da coleta de formul\u00e1rios, o relat\u00f3rio tamb\u00e9m avaliou o desempenho dos estudantes em Matem\u00e1tica, Leitura ou Ci\u00eancias.\u00a0<\/span><\/p>\n<p><span style=\"font-weight: 400;\">O relat\u00f3rio ERCE 2019 foi lan\u00e7ado no final de dezembro <\/span><span style=\"font-weight: 400;\">\u00a0pela <\/span><a href=\"https:\/\/es.unesco.org\/fieldoffice\/santiago\" target=\"_blank\" rel=\"noopener\"><span style=\"font-weight: 400;\">Oficina Regional de Educaci\u00f3n para Am\u00e9rica Latina y el Caribe (OREALC\/UNESCO Santiago)<\/span><\/a><span style=\"font-weight: 400;\">.\u00a0<\/span><\/p>\n<p><span style=\"font-weight: 400;\">As respostas refletem que 85% dos entrevistados s\u00e3o receptivos a outras culturas. A medi\u00e7\u00e3o da empatia tamb\u00e9m mostrou resultados positivos. Aproximadamente 55% dos estudantes afirmaram ser capazes de compreender a situa\u00e7\u00e3o e os sentimentos pessoais de outra pessoa. Finalmente, a autorregulamenta\u00e7\u00e3o escolar foi respons\u00e1vel por medir como o estudante lidou com os desafios que surgiram durante o processo de aprendizagem. Nesta habilidade, 74% das respostas foram satisfat\u00f3rias.\u00a0<\/span><\/p>\n<p><span style=\"font-weight: 400;\">O coordenador do\u00a0<\/span><a href=\"https:\/\/es.unesco.org\/fieldoffice\/santiago\/projects\/llece\" target=\"_blank\" rel=\"noopener\"><span style=\"font-weight: 400;\">Laborat\u00f3rio Latino Americano de Avalia\u00e7\u00e3o da Qualidade da Educa\u00e7\u00e3o (LLECE)<\/span><\/a><span style=\"font-weight: 400;\">, C<\/span><span style=\"font-weight: 400;\">arlos Henr\u00edquez, destacou o papel dos professores como os respons\u00e1veis pelo fortalecimento das habilidades socioemocionais: \u201cAs crian\u00e7as que percebem os professores como mais interessados em seu bem-estar, mais solid\u00e1rios e melhor organizados no <\/span><span style=\"font-weight: 400;\">ensino s\u00e3o, ao mesmo tempo, alunos que relatam n\u00edveis mais altos de habilidades socioemocionais e tamb\u00e9m est\u00e3o associados a um melhor desempenho acad\u00eamico\u201d.\u00a0<\/span><\/p>\n<p><span style=\"font-weight: 400;\">O estudo tamb\u00e9m destacou que os alunos que tinham frequentado a educa\u00e7\u00e3o precoce versus aqueles que n\u00e3o tinham experimentado a educa\u00e7\u00e3o precoce, fortaleceram essas habilidades.\u00a0\u00a0<\/span><\/p>\n<p><span style=\"font-weight: 400;\">A ordem das interven\u00e7\u00f5es em sala de aula ou a autoridade do professor s\u00e3o outros fatores que podem ter um impacto significativo nas habilidades socioemocionais.\u00a0<\/span><\/p>\n<p><span style=\"font-weight: 400;\">Al\u00e9m da escola, o ambiente familiar \u00e9 fundamental para o desenvolvimento das habilidades socioemocionais, pois as crian\u00e7as copiar\u00e3o os comportamentos estabelecidos por seus pais.\u00a0<\/span><\/p>\n<p><span style=\"font-weight: 400;\">Todas as pessoas que desejam ampliar sua forma\u00e7\u00e3o na \u00e1rea ambiental poder\u00e3o alcan\u00e7ar seu objetivo com os programas Acad\u00eamico patrocinados pela FUNIBER. <\/span><span style=\"font-weight: 400;\">Dois dos cursos oferecidos s\u00e3o o\u00a0<\/span><a href=\"https:\/\/www.funiber.org.br\/mestrado-em-atencao-precoce\" target=\"_blank\" rel=\"noopener\"><span style=\"font-weight: 400;\">Mestrado em Aten\u00e7\u00e3o Precoce<\/span><\/a><span style=\"font-weight: 400;\"> e o <\/span><a href=\"https:\/\/www.funiber.org\/maestria-en-docencia-universitaria\" target=\"_blank\" rel=\"noopener\"><span style=\"font-weight: 400;\">Mestrado em Doc\u00eancia Universit\u00e1ria<\/span><\/a><span style=\"font-weight: 400;\">.<\/span><span style=\"font-weight: 400;\">\u00a0<\/span><\/p>\n<p><span style=\"font-weight: 400;\">Fontes: <\/span><a href=\"https:\/\/es.unesco.org\/news\/unesco-revelo-que-mayoria-y-estudiantes-america-latina-y-caribe-declara-tener-actitud-positiva\" target=\"_blank\" rel=\"noopener\"><span style=\"font-weight: 400;\">La UNESCO revel\u00f3 que la mayor\u00eda de las y los estudiantes de Am\u00e9rica Latina y el Caribe declara tener una actitud positiva frente a personas de origen y cultura diferentes<\/span><\/a><\/p>\n<p><a href=\"https:\/\/www.educalinkapp.com\/blog\/las-habilidades-socioemocionales-en-el-aula\/#Quais_s%C3%A3o_socio-emocionais_compet%C3%AAncias?\" target=\"_blank\" rel=\"noopener\"><span style=\"font-weight: 400;\">Las habilidades socioemocionales en el aula<\/span><\/a><\/p>\n<p><span style=\"font-weight: 400;\">Foto: Todos os direitos reservados.\u00a0<\/span><\/p>\n","protected":false},"excerpt":{"rendered":"<p>O Estudio Regional Comparativo y Explicativo (ERCE 2019 realizado na Am\u00e9rica Latina e no Caribe revelou importantes habilidades de empatia, autorregulamenta\u00e7\u00e3o escolar e abertura \u00e0 diversidade em estudantes da sexta s\u00e9rie de 16 pa\u00edses da regi\u00e3o.<\/p>\n","protected":false},"author":27,"featured_media":26030,"comment_status":"closed","ping_status":"closed","sticky":false,"template":"","format":"standard","meta":{"jetpack_post_was_ever_published":false,"_jetpack_newsletter_access":"","_jetpack_newsletter_tier_id":0,"footnotes":"","jetpack_publicize_message":"","jetpack_is_tweetstorm":false,"jetpack_publicize_feature_enabled":true,"jetpack_social_post_already_shared":true,"jetpack_social_options":{"image_generator_settings":{"template":"highway","enabled":false}}},"categories":[5],"tags":[1242,855,285,408,1409,119,911,861,671,641],"jetpack_publicize_connections":[],"yoast_head":"<!-- This site is optimized with the Yoast SEO plugin v21.7 - https:\/\/yoast.com\/wordpress\/plugins\/seo\/ -->\n<title>Estudo revela importantes habilidades socioemocionais em estudantes da Am\u00e9rica Latina e Caribe<\/title>\n<meta name=\"description\" content=\"O Estudio Regional Comparativo y Explicativo (ERCE 2019 realizado na Am\u00e9rica Latina e no Caribe revelou importantes habilidades de empatia, autorregulamenta\u00e7\u00e3o escolar e abertura \u00e0 diversidade em estudantes da sexta s\u00e9rie de 16 pa\u00edses da regi\u00e3o.\u00a0\" \/>\n<meta name=\"robots\" content=\"noindex, nofollow\" \/>\n<meta property=\"og:locale\" content=\"pt_BR\" \/>\n<meta property=\"og:type\" content=\"article\" \/>\n<meta property=\"og:title\" content=\"Estudo revela importantes habilidades socioemocionais em estudantes da Am\u00e9rica Latina e Caribe\" \/>\n<meta property=\"og:description\" content=\"O Estudio Regional Comparativo y Explicativo (ERCE 2019 realizado na Am\u00e9rica Latina e no Caribe revelou importantes habilidades de empatia, autorregulamenta\u00e7\u00e3o escolar e abertura \u00e0 diversidade em estudantes da sexta s\u00e9rie de 16 pa\u00edses da regi\u00e3o.\u00a0\" \/>\n<meta property=\"og:url\" content=\"https:\/\/blogs.funiber.org\/pt\/formacao-professores\/2022\/03\/14\/funiber-estudo-habilidades-socioemocionais-estudantes-america-latina-caribe\" \/>\n<meta property=\"og:site_name\" content=\"FuniBlogs - FUNIBER\" \/>\n<meta property=\"article:publisher\" content=\"https:\/\/www.facebook.com\/funiber\" \/>\n<meta property=\"article:published_time\" content=\"2022-03-14T15:21:59+00:00\" \/>\n<meta property=\"og:image\" content=\"https:\/\/blogs.funiber.org\/pt\/wp-content\/uploads\/2022\/03\/habilidades.jpg\" \/>\n\t<meta property=\"og:image:width\" content=\"570\" \/>\n\t<meta property=\"og:image:height\" content=\"350\" \/>\n\t<meta property=\"og:image:type\" content=\"image\/jpeg\" \/>\n<meta name=\"author\" content=\"Ruth Congregado\" \/>\n<meta name=\"twitter:card\" content=\"summary_large_image\" \/>\n<meta name=\"twitter:creator\" content=\"@FUNIBER\" \/>\n<meta name=\"twitter:site\" content=\"@FUNIBER\" \/>\n<meta name=\"twitter:label1\" content=\"Escrito por\" \/>\n\t<meta name=\"twitter:data1\" content=\"Ruth Congregado\" \/>\n\t<meta name=\"twitter:label2\" content=\"Est. tempo de leitura\" \/>\n\t<meta name=\"twitter:data2\" content=\"2 minutos\" \/>\n<script type=\"application\/ld+json\" class=\"yoast-schema-graph\">{\"@context\":\"https:\/\/schema.org\",\"@graph\":[{\"@type\":\"Article\",\"@id\":\"https:\/\/blogs.funiber.org\/pt\/formacao-professores\/2022\/03\/14\/funiber-estudo-habilidades-socioemocionais-estudantes-america-latina-caribe#article\",\"isPartOf\":{\"@id\":\"https:\/\/blogs.funiber.org\/pt\/formacao-professores\/2022\/03\/14\/funiber-estudo-habilidades-socioemocionais-estudantes-america-latina-caribe\"},\"author\":{\"name\":\"Ruth Congregado\",\"@id\":\"https:\/\/blogs.funiber.org\/pt\/#\/schema\/person\/d1f71292335f509051d4b7c96f3a388a\"},\"headline\":\"Estudo revela importantes habilidades socioemocionais em estudantes da Am\u00e9rica Latina e Caribe\",\"datePublished\":\"2022-03-14T15:21:59+00:00\",\"dateModified\":\"2022-03-14T15:21:59+00:00\",\"mainEntityOfPage\":{\"@id\":\"https:\/\/blogs.funiber.org\/pt\/formacao-professores\/2022\/03\/14\/funiber-estudo-habilidades-socioemocionais-estudantes-america-latina-caribe\"},\"wordCount\":437,\"publisher\":{\"@id\":\"https:\/\/blogs.funiber.org\/pt\/#organization\"},\"keywords\":[\"Bolsas\",\"Doutorado\",\"Educa\u00e7\u00e3o\",\"Educa\u00e7\u00e3o a Dist\u00e2ncia\",\"Estudantes\",\"Estudos\",\"FUNIBER Opini\u00f5es\",\"Habilidades\",\"mestrado\",\"Opini\u00e3o FUNIBER\"],\"articleSection\":[\"Educa\u00e7\u00e3o,\u00a0Forma\u00e7\u00e3o Professores\"],\"inLanguage\":\"pt-BR\"},{\"@type\":\"WebPage\",\"@id\":\"https:\/\/blogs.funiber.org\/pt\/formacao-professores\/2022\/03\/14\/funiber-estudo-habilidades-socioemocionais-estudantes-america-latina-caribe\",\"url\":\"https:\/\/blogs.funiber.org\/pt\/formacao-professores\/2022\/03\/14\/funiber-estudo-habilidades-socioemocionais-estudantes-america-latina-caribe\",\"name\":\"Estudo revela importantes habilidades socioemocionais em estudantes da Am\u00e9rica Latina e Caribe\",\"isPartOf\":{\"@id\":\"https:\/\/blogs.funiber.org\/pt\/#website\"},\"datePublished\":\"2022-03-14T15:21:59+00:00\",\"dateModified\":\"2022-03-14T15:21:59+00:00\",\"description\":\"O Estudio Regional Comparativo y Explicativo (ERCE 2019 realizado na Am\u00e9rica Latina e no Caribe revelou importantes habilidades de empatia, autorregulamenta\u00e7\u00e3o escolar e abertura \u00e0 diversidade em estudantes da sexta s\u00e9rie de 16 pa\u00edses da regi\u00e3o.\u00a0\",\"breadcrumb\":{\"@id\":\"https:\/\/blogs.funiber.org\/pt\/formacao-professores\/2022\/03\/14\/funiber-estudo-habilidades-socioemocionais-estudantes-america-latina-caribe#breadcrumb\"},\"inLanguage\":\"pt-BR\",\"potentialAction\":[{\"@type\":\"ReadAction\",\"target\":[\"https:\/\/blogs.funiber.org\/pt\/formacao-professores\/2022\/03\/14\/funiber-estudo-habilidades-socioemocionais-estudantes-america-latina-caribe\"]}]},{\"@type\":\"BreadcrumbList\",\"@id\":\"https:\/\/blogs.funiber.org\/pt\/formacao-professores\/2022\/03\/14\/funiber-estudo-habilidades-socioemocionais-estudantes-america-latina-caribe#breadcrumb\",\"itemListElement\":[{\"@type\":\"ListItem\",\"position\":1,\"name\":\"In\u00edcio\",\"item\":\"https:\/\/blogs.funiber.org\/pt\"},{\"@type\":\"ListItem\",\"position\":2,\"name\":\"Estudo revela importantes habilidades socioemocionais em estudantes da Am\u00e9rica Latina e Caribe\"}]},{\"@type\":\"WebSite\",\"@id\":\"https:\/\/blogs.funiber.org\/pt\/#website\",\"url\":\"https:\/\/blogs.funiber.org\/pt\/\",\"name\":\"FuniBlogs - FUNIBER\",\"description\":\"\",\"publisher\":{\"@id\":\"https:\/\/blogs.funiber.org\/pt\/#organization\"},\"potentialAction\":[{\"@type\":\"SearchAction\",\"target\":{\"@type\":\"EntryPoint\",\"urlTemplate\":\"https:\/\/blogs.funiber.org\/pt\/?s={search_term_string}\"},\"query-input\":\"required name=search_term_string\"}],\"inLanguage\":\"pt-BR\"},{\"@type\":\"Organization\",\"@id\":\"https:\/\/blogs.funiber.org\/pt\/#organization\",\"name\":\"FuniBlogs - FUNIBER\",\"url\":\"https:\/\/blogs.funiber.org\/pt\/\",\"logo\":{\"@type\":\"ImageObject\",\"inLanguage\":\"pt-BR\",\"@id\":\"https:\/\/blogs.funiber.org\/pt\/#\/schema\/logo\/image\/\",\"url\":\"https:\/\/www.funiber.blog\/pt\/wp-content\/uploads\/2022\/02\/logo-funiber-pt-br-v-dos.svg\",\"contentUrl\":\"https:\/\/www.funiber.blog\/pt\/wp-content\/uploads\/2022\/02\/logo-funiber-pt-br-v-dos.svg\",\"width\":1,\"height\":1,\"caption\":\"FuniBlogs - FUNIBER\"},\"image\":{\"@id\":\"https:\/\/blogs.funiber.org\/pt\/#\/schema\/logo\/image\/\"},\"sameAs\":[\"https:\/\/www.facebook.com\/funiber\",\"https:\/\/twitter.com\/FUNIBER\",\"https:\/\/www.instagram.com\/funiber_becas\",\"https:\/\/www.youtube.com\/user\/funiber\",\"https:\/\/www.linkedin.com\/company\/funiber\"]},{\"@type\":\"Person\",\"@id\":\"https:\/\/blogs.funiber.org\/pt\/#\/schema\/person\/d1f71292335f509051d4b7c96f3a388a\",\"name\":\"Ruth Congregado\",\"image\":{\"@type\":\"ImageObject\",\"inLanguage\":\"pt-BR\",\"@id\":\"https:\/\/blogs.funiber.org\/pt\/#\/schema\/person\/image\/\",\"url\":\"https:\/\/secure.gravatar.com\/avatar\/ad1938e89a5f73dc96b83b7d1960a1a1?s=96&d=mm&r=g\",\"contentUrl\":\"https:\/\/secure.gravatar.com\/avatar\/ad1938e89a5f73dc96b83b7d1960a1a1?s=96&d=mm&r=g\",\"caption\":\"Ruth Congregado\"},\"url\":\"https:\/\/www.funiber.blog\/pt\/author\/ruth-congregado\"}]}<\/script>\n<!-- \/ Yoast SEO plugin. -->","yoast_head_json":{"title":"Estudo revela importantes habilidades socioemocionais em estudantes da Am\u00e9rica Latina e Caribe","description":"O Estudio Regional Comparativo y Explicativo (ERCE 2019 realizado na Am\u00e9rica Latina e no Caribe revelou importantes habilidades de empatia, autorregulamenta\u00e7\u00e3o escolar e abertura \u00e0 diversidade em estudantes da sexta s\u00e9rie de 16 pa\u00edses da regi\u00e3o.\u00a0","robots":{"index":"noindex","follow":"nofollow"},"og_locale":"pt_BR","og_type":"article","og_title":"Estudo revela importantes habilidades socioemocionais em estudantes da Am\u00e9rica Latina e Caribe","og_description":"O Estudio Regional Comparativo y Explicativo (ERCE 2019 realizado na Am\u00e9rica Latina e no Caribe revelou importantes habilidades de empatia, autorregulamenta\u00e7\u00e3o escolar e abertura \u00e0 diversidade em estudantes da sexta s\u00e9rie de 16 pa\u00edses da regi\u00e3o.\u00a0","og_url":"https:\/\/blogs.funiber.org\/pt\/formacao-professores\/2022\/03\/14\/funiber-estudo-habilidades-socioemocionais-estudantes-america-latina-caribe","og_site_name":"FuniBlogs - FUNIBER","article_publisher":"https:\/\/www.facebook.com\/funiber","article_published_time":"2022-03-14T15:21:59+00:00","og_image":[{"width":570,"height":350,"url":"https:\/\/blogs.funiber.org\/pt\/wp-content\/uploads\/2022\/03\/habilidades.jpg","type":"image\/jpeg"}],"author":"Ruth Congregado","twitter_card":"summary_large_image","twitter_creator":"@FUNIBER","twitter_site":"@FUNIBER","twitter_misc":{"Escrito por":"Ruth Congregado","Est. tempo de leitura":"2 minutos"},"schema":{"@context":"https:\/\/schema.org","@graph":[{"@type":"Article","@id":"https:\/\/blogs.funiber.org\/pt\/formacao-professores\/2022\/03\/14\/funiber-estudo-habilidades-socioemocionais-estudantes-america-latina-caribe#article","isPartOf":{"@id":"https:\/\/blogs.funiber.org\/pt\/formacao-professores\/2022\/03\/14\/funiber-estudo-habilidades-socioemocionais-estudantes-america-latina-caribe"},"author":{"name":"Ruth Congregado","@id":"https:\/\/blogs.funiber.org\/pt\/#\/schema\/person\/d1f71292335f509051d4b7c96f3a388a"},"headline":"Estudo revela importantes habilidades socioemocionais em estudantes da Am\u00e9rica Latina e Caribe","datePublished":"2022-03-14T15:21:59+00:00","dateModified":"2022-03-14T15:21:59+00:00","mainEntityOfPage":{"@id":"https:\/\/blogs.funiber.org\/pt\/formacao-professores\/2022\/03\/14\/funiber-estudo-habilidades-socioemocionais-estudantes-america-latina-caribe"},"wordCount":437,"publisher":{"@id":"https:\/\/blogs.funiber.org\/pt\/#organization"},"keywords":["Bolsas","Doutorado","Educa\u00e7\u00e3o","Educa\u00e7\u00e3o a Dist\u00e2ncia","Estudantes","Estudos","FUNIBER Opini\u00f5es","Habilidades","mestrado","Opini\u00e3o FUNIBER"],"articleSection":["Educa\u00e7\u00e3o,\u00a0Forma\u00e7\u00e3o Professores"],"inLanguage":"pt-BR"},{"@type":"WebPage","@id":"https:\/\/blogs.funiber.org\/pt\/formacao-professores\/2022\/03\/14\/funiber-estudo-habilidades-socioemocionais-estudantes-america-latina-caribe","url":"https:\/\/blogs.funiber.org\/pt\/formacao-professores\/2022\/03\/14\/funiber-estudo-habilidades-socioemocionais-estudantes-america-latina-caribe","name":"Estudo revela importantes habilidades socioemocionais em estudantes da Am\u00e9rica Latina e Caribe","isPartOf":{"@id":"https:\/\/blogs.funiber.org\/pt\/#website"},"datePublished":"2022-03-14T15:21:59+00:00","dateModified":"2022-03-14T15:21:59+00:00","description":"O Estudio Regional Comparativo y Explicativo (ERCE 2019 realizado na Am\u00e9rica Latina e no Caribe revelou importantes habilidades de empatia, autorregulamenta\u00e7\u00e3o escolar e abertura \u00e0 diversidade em estudantes da sexta s\u00e9rie de 16 pa\u00edses da regi\u00e3o.\u00a0","breadcrumb":{"@id":"https:\/\/blogs.funiber.org\/pt\/formacao-professores\/2022\/03\/14\/funiber-estudo-habilidades-socioemocionais-estudantes-america-latina-caribe#breadcrumb"},"inLanguage":"pt-BR","potentialAction":[{"@type":"ReadAction","target":["https:\/\/blogs.funiber.org\/pt\/formacao-professores\/2022\/03\/14\/funiber-estudo-habilidades-socioemocionais-estudantes-america-latina-caribe"]}]},{"@type":"BreadcrumbList","@id":"https:\/\/blogs.funiber.org\/pt\/formacao-professores\/2022\/03\/14\/funiber-estudo-habilidades-socioemocionais-estudantes-america-latina-caribe#breadcrumb","itemListElement":[{"@type":"ListItem","position":1,"name":"In\u00edcio","item":"https:\/\/blogs.funiber.org\/pt"},{"@type":"ListItem","position":2,"name":"Estudo revela importantes habilidades socioemocionais em estudantes da Am\u00e9rica Latina e Caribe"}]},{"@type":"WebSite","@id":"https:\/\/blogs.funiber.org\/pt\/#website","url":"https:\/\/blogs.funiber.org\/pt\/","name":"FuniBlogs - FUNIBER","description":"","publisher":{"@id":"https:\/\/blogs.funiber.org\/pt\/#organization"},"potentialAction":[{"@type":"SearchAction","target":{"@type":"EntryPoint","urlTemplate":"https:\/\/blogs.funiber.org\/pt\/?s={search_term_string}"},"query-input":"required name=search_term_string"}],"inLanguage":"pt-BR"},{"@type":"Organization","@id":"https:\/\/blogs.funiber.org\/pt\/#organization","name":"FuniBlogs - FUNIBER","url":"https:\/\/blogs.funiber.org\/pt\/","logo":{"@type":"ImageObject","inLanguage":"pt-BR","@id":"https:\/\/blogs.funiber.org\/pt\/#\/schema\/logo\/image\/","url":"https:\/\/www.funiber.blog\/pt\/wp-content\/uploads\/2022\/02\/logo-funiber-pt-br-v-dos.svg","contentUrl":"https:\/\/www.funiber.blog\/pt\/wp-content\/uploads\/2022\/02\/logo-funiber-pt-br-v-dos.svg","width":1,"height":1,"caption":"FuniBlogs - FUNIBER"},"image":{"@id":"https:\/\/blogs.funiber.org\/pt\/#\/schema\/logo\/image\/"},"sameAs":["https:\/\/www.facebook.com\/funiber","https:\/\/twitter.com\/FUNIBER","https:\/\/www.instagram.com\/funiber_becas","https:\/\/www.youtube.com\/user\/funiber","https:\/\/www.linkedin.com\/company\/funiber"]},{"@type":"Person","@id":"https:\/\/blogs.funiber.org\/pt\/#\/schema\/person\/d1f71292335f509051d4b7c96f3a388a","name":"Ruth Congregado","image":{"@type":"ImageObject","inLanguage":"pt-BR","@id":"https:\/\/blogs.funiber.org\/pt\/#\/schema\/person\/image\/","url":"https:\/\/secure.gravatar.com\/avatar\/ad1938e89a5f73dc96b83b7d1960a1a1?s=96&d=mm&r=g","contentUrl":"https:\/\/secure.gravatar.com\/avatar\/ad1938e89a5f73dc96b83b7d1960a1a1?s=96&d=mm&r=g","caption":"Ruth Congregado"},"url":"https:\/\/www.funiber.blog\/pt\/author\/ruth-congregado"}]}},"jetpack_featured_media_url":"https:\/\/www.funiber.blog\/pt\/wp-content\/uploads\/2022\/03\/habilidades.jpg","jetpack_shortlink":"https:\/\/wp.me\/p7ee1t-6LP","jetpack_sharing_enabled":true,"_links":{"self":[{"href":"https:\/\/www.funiber.blog\/pt\/wp-json\/wp\/v2\/posts\/26029"}],"collection":[{"href":"https:\/\/www.funiber.blog\/pt\/wp-json\/wp\/v2\/posts"}],"about":[{"href":"https:\/\/www.funiber.blog\/pt\/wp-json\/wp\/v2\/types\/post"}],"author":[{"embeddable":true,"href":"https:\/\/www.funiber.blog\/pt\/wp-json\/wp\/v2\/users\/27"}],"replies":[{"embeddable":true,"href":"https:\/\/www.funiber.blog\/pt\/wp-json\/wp\/v2\/comments?post=26029"}],"version-history":[{"count":1,"href":"https:\/\/www.funiber.blog\/pt\/wp-json\/wp\/v2\/posts\/26029\/revisions"}],"predecessor-version":[{"id":26031,"href":"https:\/\/www.funiber.blog\/pt\/wp-json\/wp\/v2\/posts\/26029\/revisions\/26031"}],"wp:featuredmedia":[{"embeddable":true,"href":"https:\/\/www.funiber.blog\/pt\/wp-json\/wp\/v2\/media\/26030"}],"wp:attachment":[{"href":"https:\/\/www.funiber.blog\/pt\/wp-json\/wp\/v2\/media?parent=26029"}],"wp:term":[{"taxonomy":"category","embeddable":true,"href":"https:\/\/www.funiber.blog\/pt\/wp-json\/wp\/v2\/categories?post=26029"},{"taxonomy":"post_tag","embeddable":true,"href":"https:\/\/www.funiber.blog\/pt\/wp-json\/wp\/v2\/tags?post=26029"}],"curies":[{"name":"wp","href":"https:\/\/api.w.org\/{rel}","templated":true}]}}