{"id":26032,"date":"2022-03-13T10:23:50","date_gmt":"2022-03-13T15:23:50","guid":{"rendered":"https:\/\/blogs.funiber.org\/pt\/?p=26032"},"modified":"2022-03-14T11:12:17","modified_gmt":"2022-03-14T16:12:17","slug":"funiber-somos-todos-radioativos-nao-e-coisa-ruim","status":"publish","type":"post","link":"https:\/\/www.funiber.blog\/pt\/meio-ambiente\/2022\/03\/13\/funiber-somos-todos-radioativos-nao-e-coisa-ruim","title":{"rendered":"Somos todos radioativos, mas isso n\u00e3o \u00e9 uma coisa ruim"},"content":{"rendered":"<h2>Muitas pessoas t\u00eam medo da radia\u00e7\u00e3o: elas a consideram como energia nuclear invis\u00edvel e mortal. Mas o que a maioria das pessoas n\u00e3o sabe \u00e9 que a radia\u00e7\u00e3o \u00e9 natural e, de fato, a vida aqui na Terra seria imposs\u00edvel sem ela.<\/h2>\n<p><!--more--><\/p>\n<p><span style=\"font-weight: 400;\">A energia nuclear \u00e9 simplesmente o aproveitamento da radia\u00e7\u00e3o natural para nosso uso. Embora a radia\u00e7\u00e3o seja uma toxina, os humanos evolu\u00edram para viver com doses baixas dela. Somente altas doses de radia\u00e7\u00e3o s\u00e3o prejudiciais.\u00a0<\/span><\/p>\n<p><span style=\"font-weight: 400;\">H\u00e1 mais de 14 bilh\u00f5es de anos, o Big Bang gerou radia\u00e7\u00e3o na forma de \u00e1tomos conhecidos como radionucl\u00eddeos primordiais. Estes \u00e1tomos fazem agora parte de todo o universo, incluindo as rochas, os minerais e o solo da Terra. A decomposi\u00e7\u00e3o destes \u00e1tomos fornece uma fonte de calor no interior da Terra que \u00e9 capaz de manter o campo magn\u00e9tico da Terra, essencial para sustentar a vida neste planeta.<\/span><\/p>\n<p><span style=\"font-weight: 400;\">As plantas absorvem essa radia\u00e7\u00e3o do solo e ela \u00e9 encontrada principalmente em alimentos como banana, feij\u00e3o, cenoura, batata, amendoim e castanha-do-par\u00e1. Depois comemos esses alimentos e alguns deles permanecem em nosso corpo, o que nos torna ligeiramente radioativos.\u00a0<\/span><\/p>\n<p><span style=\"font-weight: 400;\">Os humanos tiveram que evoluir para viver com esta radioatividade natural. Nossas c\u00e9lulas tiveram que desenvolver mecanismos de prote\u00e7\u00e3o que estimulam a repara\u00e7\u00e3o do DNA em resposta aos danos causados pela radia\u00e7\u00e3o.<\/span><\/p>\n<p><span style=\"font-weight: 400;\">A radia\u00e7\u00e3o tamb\u00e9m \u00e9 uma ferramenta essencial na ind\u00fastria m\u00e9dica. Por exemplo, usamos material radioativo para diagnosticar e tratar pacientes em \u201cmedicina nuclear\u201d e a radioterapia continua sendo um dos m\u00e9todos mais importantes para tratar o c\u00e2ncer.\u00a0<\/span><\/p>\n<p><span style=\"font-weight: 400;\">A FUNIBER promove estudos na \u00e1rea de Sa\u00fade e Nutri\u00e7\u00e3o. Alguns desses programas s\u00e3o:<\/span><\/p>\n<ul>\n<li style=\"font-weight: 400;\" aria-level=\"1\"><a href=\"https:\/\/www.funiber.org.br\/mestrado-nutricao-materna-infantil\" target=\"_blank\" rel=\"noopener\"><span style=\"font-weight: 400;\">Mestrado em Nutri\u00e7\u00e3o Materna e Infantil<\/span><\/a><\/li>\n<li><a href=\"https:\/\/www.funiber.org.br\/mestrado-em-direcao-estrategica-de-organizacoes-de-saude\" target=\"_blank\" rel=\"noopener\" hreflang=\"pt-br\">Mestrado em Dire\u00e7\u00e3o Estrat\u00e9gica de Organiza\u00e7\u00f5es de Sa\u00fade<\/a><\/li>\n<\/ul>\n<p><span style=\"font-weight: 400;\">Fonte:<\/span><\/p>\n<p><a href=\"https:\/\/www.bbc.com\/mundo\/noticias-60369012\" target=\"_blank\" rel=\"noopener\"><span style=\"font-weight: 400;\">Por qu\u00e9 todos tenemos radiactividad (y no debe preocuparnos)<\/span><\/a><\/p>\n<p><span style=\"font-weight: 400;\">Foto: Todos os direitos reservados<\/span><\/p>\n<p>&nbsp;<\/p>\n","protected":false},"excerpt":{"rendered":"<p>Muitas pessoas t\u00eam medo da radia\u00e7\u00e3o: elas a consideram como energia nuclear invis\u00edvel e mortal. Mas o que a maioria das pessoas n\u00e3o sabe \u00e9 que a radia\u00e7\u00e3o \u00e9 natural e, de fato, a vida aqui na Terra seria imposs\u00edvel sem ela.<\/p>\n","protected":false},"author":27,"featured_media":26033,"comment_status":"closed","ping_status":"closed","sticky":false,"template":"","format":"standard","meta":{"jetpack_post_was_ever_published":false,"_jetpack_newsletter_access":"","_jetpack_newsletter_tier_id":0,"footnotes":"","jetpack_publicize_message":"","jetpack_is_tweetstorm":false,"jetpack_publicize_feature_enabled":true,"jetpack_social_post_already_shared":true,"jetpack_social_options":{"image_generator_settings":{"template":"highway","enabled":false}}},"categories":[2],"tags":[1242,855,285,408,119,911,835,671,641,255,7023],"jetpack_publicize_connections":[],"yoast_head":"<!-- This site is optimized with the Yoast SEO plugin v21.7 - https:\/\/yoast.com\/wordpress\/plugins\/seo\/ -->\n<title>Somos todos radioativos, mas isso n\u00e3o \u00e9 uma coisa ruim<\/title>\n<meta name=\"description\" content=\"Muitas pessoas t\u00eam medo da radia\u00e7\u00e3o: elas a consideram como energia nuclear invis\u00edvel e mortal. Mas o que a maioria das pessoas n\u00e3o sabe \u00e9 que a radia\u00e7\u00e3o \u00e9 natural e, de fato, a vida aqui na Terra seria imposs\u00edvel sem ela.\" \/>\n<meta name=\"robots\" content=\"noindex, nofollow\" \/>\n<meta property=\"og:locale\" content=\"pt_BR\" \/>\n<meta property=\"og:type\" content=\"article\" \/>\n<meta property=\"og:title\" content=\"Somos todos radioativos, mas isso n\u00e3o \u00e9 uma coisa ruim\" \/>\n<meta property=\"og:description\" content=\"Muitas pessoas t\u00eam medo da radia\u00e7\u00e3o: elas a consideram como energia nuclear invis\u00edvel e mortal. Mas o que a maioria das pessoas n\u00e3o sabe \u00e9 que a radia\u00e7\u00e3o \u00e9 natural e, de fato, a vida aqui na Terra seria imposs\u00edvel sem ela.\" \/>\n<meta property=\"og:url\" content=\"https:\/\/blogs.funiber.org\/pt\/meio-ambiente\/2022\/03\/13\/funiber-somos-todos-radioativos-nao-e-coisa-ruim\" \/>\n<meta property=\"og:site_name\" content=\"FuniBlogs - FUNIBER\" \/>\n<meta property=\"article:publisher\" content=\"https:\/\/www.facebook.com\/funiber\" \/>\n<meta property=\"article:published_time\" content=\"2022-03-13T15:23:50+00:00\" \/>\n<meta property=\"article:modified_time\" content=\"2022-03-14T16:12:17+00:00\" \/>\n<meta property=\"og:image\" content=\"https:\/\/blogs.funiber.org\/pt\/wp-content\/uploads\/2022\/03\/radioactivos.jpg\" \/>\n\t<meta property=\"og:image:width\" content=\"570\" \/>\n\t<meta property=\"og:image:height\" content=\"350\" \/>\n\t<meta property=\"og:image:type\" content=\"image\/jpeg\" \/>\n<meta name=\"author\" content=\"Ruth Congregado\" \/>\n<meta name=\"twitter:card\" content=\"summary_large_image\" \/>\n<meta name=\"twitter:creator\" content=\"@FUNIBER\" \/>\n<meta name=\"twitter:site\" content=\"@FUNIBER\" \/>\n<meta name=\"twitter:label1\" content=\"Escrito por\" \/>\n\t<meta name=\"twitter:data1\" content=\"Ruth Congregado\" \/>\n\t<meta name=\"twitter:label2\" content=\"Est. tempo de leitura\" \/>\n\t<meta name=\"twitter:data2\" content=\"2 minutos\" \/>\n<script type=\"application\/ld+json\" class=\"yoast-schema-graph\">{\"@context\":\"https:\/\/schema.org\",\"@graph\":[{\"@type\":\"Article\",\"@id\":\"https:\/\/blogs.funiber.org\/pt\/meio-ambiente\/2022\/03\/13\/funiber-somos-todos-radioativos-nao-e-coisa-ruim#article\",\"isPartOf\":{\"@id\":\"https:\/\/blogs.funiber.org\/pt\/meio-ambiente\/2022\/03\/13\/funiber-somos-todos-radioativos-nao-e-coisa-ruim\"},\"author\":{\"name\":\"Ruth Congregado\",\"@id\":\"https:\/\/blogs.funiber.org\/pt\/#\/schema\/person\/d1f71292335f509051d4b7c96f3a388a\"},\"headline\":\"Somos todos radioativos, mas isso n\u00e3o \u00e9 uma coisa ruim\",\"datePublished\":\"2022-03-13T15:23:50+00:00\",\"dateModified\":\"2022-03-14T16:12:17+00:00\",\"mainEntityOfPage\":{\"@id\":\"https:\/\/blogs.funiber.org\/pt\/meio-ambiente\/2022\/03\/13\/funiber-somos-todos-radioativos-nao-e-coisa-ruim\"},\"wordCount\":337,\"publisher\":{\"@id\":\"https:\/\/blogs.funiber.org\/pt\/#organization\"},\"keywords\":[\"Bolsas\",\"Doutorado\",\"Educa\u00e7\u00e3o\",\"Educa\u00e7\u00e3o a Dist\u00e2ncia\",\"Estudos\",\"FUNIBER Opini\u00f5es\",\"Meio Ambiente\",\"mestrado\",\"Opini\u00e3o FUNIBER\",\"Opini\u00f5es Funiber\",\"radioativos\"],\"articleSection\":[\"Meio Ambiente\"],\"inLanguage\":\"pt-BR\"},{\"@type\":\"WebPage\",\"@id\":\"https:\/\/blogs.funiber.org\/pt\/meio-ambiente\/2022\/03\/13\/funiber-somos-todos-radioativos-nao-e-coisa-ruim\",\"url\":\"https:\/\/blogs.funiber.org\/pt\/meio-ambiente\/2022\/03\/13\/funiber-somos-todos-radioativos-nao-e-coisa-ruim\",\"name\":\"Somos todos radioativos, mas isso n\u00e3o \u00e9 uma coisa ruim\",\"isPartOf\":{\"@id\":\"https:\/\/blogs.funiber.org\/pt\/#website\"},\"datePublished\":\"2022-03-13T15:23:50+00:00\",\"dateModified\":\"2022-03-14T16:12:17+00:00\",\"description\":\"Muitas pessoas t\u00eam medo da radia\u00e7\u00e3o: elas a consideram como energia nuclear invis\u00edvel e mortal. Mas o que a maioria das pessoas n\u00e3o sabe \u00e9 que a radia\u00e7\u00e3o \u00e9 natural e, de fato, a vida aqui na Terra seria imposs\u00edvel sem ela.\",\"breadcrumb\":{\"@id\":\"https:\/\/blogs.funiber.org\/pt\/meio-ambiente\/2022\/03\/13\/funiber-somos-todos-radioativos-nao-e-coisa-ruim#breadcrumb\"},\"inLanguage\":\"pt-BR\",\"potentialAction\":[{\"@type\":\"ReadAction\",\"target\":[\"https:\/\/blogs.funiber.org\/pt\/meio-ambiente\/2022\/03\/13\/funiber-somos-todos-radioativos-nao-e-coisa-ruim\"]}]},{\"@type\":\"BreadcrumbList\",\"@id\":\"https:\/\/blogs.funiber.org\/pt\/meio-ambiente\/2022\/03\/13\/funiber-somos-todos-radioativos-nao-e-coisa-ruim#breadcrumb\",\"itemListElement\":[{\"@type\":\"ListItem\",\"position\":1,\"name\":\"In\u00edcio\",\"item\":\"https:\/\/blogs.funiber.org\/pt\"},{\"@type\":\"ListItem\",\"position\":2,\"name\":\"Somos todos radioativos, mas isso n\u00e3o \u00e9 uma coisa ruim\"}]},{\"@type\":\"WebSite\",\"@id\":\"https:\/\/blogs.funiber.org\/pt\/#website\",\"url\":\"https:\/\/blogs.funiber.org\/pt\/\",\"name\":\"FuniBlogs - FUNIBER\",\"description\":\"\",\"publisher\":{\"@id\":\"https:\/\/blogs.funiber.org\/pt\/#organization\"},\"potentialAction\":[{\"@type\":\"SearchAction\",\"target\":{\"@type\":\"EntryPoint\",\"urlTemplate\":\"https:\/\/blogs.funiber.org\/pt\/?s={search_term_string}\"},\"query-input\":\"required name=search_term_string\"}],\"inLanguage\":\"pt-BR\"},{\"@type\":\"Organization\",\"@id\":\"https:\/\/blogs.funiber.org\/pt\/#organization\",\"name\":\"FuniBlogs - FUNIBER\",\"url\":\"https:\/\/blogs.funiber.org\/pt\/\",\"logo\":{\"@type\":\"ImageObject\",\"inLanguage\":\"pt-BR\",\"@id\":\"https:\/\/blogs.funiber.org\/pt\/#\/schema\/logo\/image\/\",\"url\":\"https:\/\/www.funiber.blog\/pt\/wp-content\/uploads\/2022\/02\/logo-funiber-pt-br-v-dos.svg\",\"contentUrl\":\"https:\/\/www.funiber.blog\/pt\/wp-content\/uploads\/2022\/02\/logo-funiber-pt-br-v-dos.svg\",\"width\":1,\"height\":1,\"caption\":\"FuniBlogs - FUNIBER\"},\"image\":{\"@id\":\"https:\/\/blogs.funiber.org\/pt\/#\/schema\/logo\/image\/\"},\"sameAs\":[\"https:\/\/www.facebook.com\/funiber\",\"https:\/\/twitter.com\/FUNIBER\",\"https:\/\/www.instagram.com\/funiber_becas\",\"https:\/\/www.youtube.com\/user\/funiber\",\"https:\/\/www.linkedin.com\/company\/funiber\"]},{\"@type\":\"Person\",\"@id\":\"https:\/\/blogs.funiber.org\/pt\/#\/schema\/person\/d1f71292335f509051d4b7c96f3a388a\",\"name\":\"Ruth Congregado\",\"image\":{\"@type\":\"ImageObject\",\"inLanguage\":\"pt-BR\",\"@id\":\"https:\/\/blogs.funiber.org\/pt\/#\/schema\/person\/image\/\",\"url\":\"https:\/\/secure.gravatar.com\/avatar\/ad1938e89a5f73dc96b83b7d1960a1a1?s=96&d=mm&r=g\",\"contentUrl\":\"https:\/\/secure.gravatar.com\/avatar\/ad1938e89a5f73dc96b83b7d1960a1a1?s=96&d=mm&r=g\",\"caption\":\"Ruth Congregado\"},\"url\":\"https:\/\/www.funiber.blog\/pt\/author\/ruth-congregado\"}]}<\/script>\n<!-- \/ Yoast SEO plugin. -->","yoast_head_json":{"title":"Somos todos radioativos, mas isso n\u00e3o \u00e9 uma coisa ruim","description":"Muitas pessoas t\u00eam medo da radia\u00e7\u00e3o: elas a consideram como energia nuclear invis\u00edvel e mortal. Mas o que a maioria das pessoas n\u00e3o sabe \u00e9 que a radia\u00e7\u00e3o \u00e9 natural e, de fato, a vida aqui na Terra seria imposs\u00edvel sem ela.","robots":{"index":"noindex","follow":"nofollow"},"og_locale":"pt_BR","og_type":"article","og_title":"Somos todos radioativos, mas isso n\u00e3o \u00e9 uma coisa ruim","og_description":"Muitas pessoas t\u00eam medo da radia\u00e7\u00e3o: elas a consideram como energia nuclear invis\u00edvel e mortal. Mas o que a maioria das pessoas n\u00e3o sabe \u00e9 que a radia\u00e7\u00e3o \u00e9 natural e, de fato, a vida aqui na Terra seria imposs\u00edvel sem ela.","og_url":"https:\/\/blogs.funiber.org\/pt\/meio-ambiente\/2022\/03\/13\/funiber-somos-todos-radioativos-nao-e-coisa-ruim","og_site_name":"FuniBlogs - FUNIBER","article_publisher":"https:\/\/www.facebook.com\/funiber","article_published_time":"2022-03-13T15:23:50+00:00","article_modified_time":"2022-03-14T16:12:17+00:00","og_image":[{"width":570,"height":350,"url":"https:\/\/blogs.funiber.org\/pt\/wp-content\/uploads\/2022\/03\/radioactivos.jpg","type":"image\/jpeg"}],"author":"Ruth Congregado","twitter_card":"summary_large_image","twitter_creator":"@FUNIBER","twitter_site":"@FUNIBER","twitter_misc":{"Escrito por":"Ruth Congregado","Est. tempo de leitura":"2 minutos"},"schema":{"@context":"https:\/\/schema.org","@graph":[{"@type":"Article","@id":"https:\/\/blogs.funiber.org\/pt\/meio-ambiente\/2022\/03\/13\/funiber-somos-todos-radioativos-nao-e-coisa-ruim#article","isPartOf":{"@id":"https:\/\/blogs.funiber.org\/pt\/meio-ambiente\/2022\/03\/13\/funiber-somos-todos-radioativos-nao-e-coisa-ruim"},"author":{"name":"Ruth Congregado","@id":"https:\/\/blogs.funiber.org\/pt\/#\/schema\/person\/d1f71292335f509051d4b7c96f3a388a"},"headline":"Somos todos radioativos, mas isso n\u00e3o \u00e9 uma coisa ruim","datePublished":"2022-03-13T15:23:50+00:00","dateModified":"2022-03-14T16:12:17+00:00","mainEntityOfPage":{"@id":"https:\/\/blogs.funiber.org\/pt\/meio-ambiente\/2022\/03\/13\/funiber-somos-todos-radioativos-nao-e-coisa-ruim"},"wordCount":337,"publisher":{"@id":"https:\/\/blogs.funiber.org\/pt\/#organization"},"keywords":["Bolsas","Doutorado","Educa\u00e7\u00e3o","Educa\u00e7\u00e3o a Dist\u00e2ncia","Estudos","FUNIBER Opini\u00f5es","Meio Ambiente","mestrado","Opini\u00e3o FUNIBER","Opini\u00f5es Funiber","radioativos"],"articleSection":["Meio Ambiente"],"inLanguage":"pt-BR"},{"@type":"WebPage","@id":"https:\/\/blogs.funiber.org\/pt\/meio-ambiente\/2022\/03\/13\/funiber-somos-todos-radioativos-nao-e-coisa-ruim","url":"https:\/\/blogs.funiber.org\/pt\/meio-ambiente\/2022\/03\/13\/funiber-somos-todos-radioativos-nao-e-coisa-ruim","name":"Somos todos radioativos, mas isso n\u00e3o \u00e9 uma coisa ruim","isPartOf":{"@id":"https:\/\/blogs.funiber.org\/pt\/#website"},"datePublished":"2022-03-13T15:23:50+00:00","dateModified":"2022-03-14T16:12:17+00:00","description":"Muitas pessoas t\u00eam medo da radia\u00e7\u00e3o: elas a consideram como energia nuclear invis\u00edvel e mortal. Mas o que a maioria das pessoas n\u00e3o sabe \u00e9 que a radia\u00e7\u00e3o \u00e9 natural e, de fato, a vida aqui na Terra seria imposs\u00edvel sem ela.","breadcrumb":{"@id":"https:\/\/blogs.funiber.org\/pt\/meio-ambiente\/2022\/03\/13\/funiber-somos-todos-radioativos-nao-e-coisa-ruim#breadcrumb"},"inLanguage":"pt-BR","potentialAction":[{"@type":"ReadAction","target":["https:\/\/blogs.funiber.org\/pt\/meio-ambiente\/2022\/03\/13\/funiber-somos-todos-radioativos-nao-e-coisa-ruim"]}]},{"@type":"BreadcrumbList","@id":"https:\/\/blogs.funiber.org\/pt\/meio-ambiente\/2022\/03\/13\/funiber-somos-todos-radioativos-nao-e-coisa-ruim#breadcrumb","itemListElement":[{"@type":"ListItem","position":1,"name":"In\u00edcio","item":"https:\/\/blogs.funiber.org\/pt"},{"@type":"ListItem","position":2,"name":"Somos todos radioativos, mas isso n\u00e3o \u00e9 uma coisa ruim"}]},{"@type":"WebSite","@id":"https:\/\/blogs.funiber.org\/pt\/#website","url":"https:\/\/blogs.funiber.org\/pt\/","name":"FuniBlogs - FUNIBER","description":"","publisher":{"@id":"https:\/\/blogs.funiber.org\/pt\/#organization"},"potentialAction":[{"@type":"SearchAction","target":{"@type":"EntryPoint","urlTemplate":"https:\/\/blogs.funiber.org\/pt\/?s={search_term_string}"},"query-input":"required name=search_term_string"}],"inLanguage":"pt-BR"},{"@type":"Organization","@id":"https:\/\/blogs.funiber.org\/pt\/#organization","name":"FuniBlogs - FUNIBER","url":"https:\/\/blogs.funiber.org\/pt\/","logo":{"@type":"ImageObject","inLanguage":"pt-BR","@id":"https:\/\/blogs.funiber.org\/pt\/#\/schema\/logo\/image\/","url":"https:\/\/www.funiber.blog\/pt\/wp-content\/uploads\/2022\/02\/logo-funiber-pt-br-v-dos.svg","contentUrl":"https:\/\/www.funiber.blog\/pt\/wp-content\/uploads\/2022\/02\/logo-funiber-pt-br-v-dos.svg","width":1,"height":1,"caption":"FuniBlogs - FUNIBER"},"image":{"@id":"https:\/\/blogs.funiber.org\/pt\/#\/schema\/logo\/image\/"},"sameAs":["https:\/\/www.facebook.com\/funiber","https:\/\/twitter.com\/FUNIBER","https:\/\/www.instagram.com\/funiber_becas","https:\/\/www.youtube.com\/user\/funiber","https:\/\/www.linkedin.com\/company\/funiber"]},{"@type":"Person","@id":"https:\/\/blogs.funiber.org\/pt\/#\/schema\/person\/d1f71292335f509051d4b7c96f3a388a","name":"Ruth Congregado","image":{"@type":"ImageObject","inLanguage":"pt-BR","@id":"https:\/\/blogs.funiber.org\/pt\/#\/schema\/person\/image\/","url":"https:\/\/secure.gravatar.com\/avatar\/ad1938e89a5f73dc96b83b7d1960a1a1?s=96&d=mm&r=g","contentUrl":"https:\/\/secure.gravatar.com\/avatar\/ad1938e89a5f73dc96b83b7d1960a1a1?s=96&d=mm&r=g","caption":"Ruth Congregado"},"url":"https:\/\/www.funiber.blog\/pt\/author\/ruth-congregado"}]}},"jetpack_featured_media_url":"https:\/\/www.funiber.blog\/pt\/wp-content\/uploads\/2022\/03\/radioactivos.jpg","jetpack_shortlink":"https:\/\/wp.me\/p7ee1t-6LS","jetpack_sharing_enabled":true,"_links":{"self":[{"href":"https:\/\/www.funiber.blog\/pt\/wp-json\/wp\/v2\/posts\/26032"}],"collection":[{"href":"https:\/\/www.funiber.blog\/pt\/wp-json\/wp\/v2\/posts"}],"about":[{"href":"https:\/\/www.funiber.blog\/pt\/wp-json\/wp\/v2\/types\/post"}],"author":[{"embeddable":true,"href":"https:\/\/www.funiber.blog\/pt\/wp-json\/wp\/v2\/users\/27"}],"replies":[{"embeddable":true,"href":"https:\/\/www.funiber.blog\/pt\/wp-json\/wp\/v2\/comments?post=26032"}],"version-history":[{"count":2,"href":"https:\/\/www.funiber.blog\/pt\/wp-json\/wp\/v2\/posts\/26032\/revisions"}],"predecessor-version":[{"id":26035,"href":"https:\/\/www.funiber.blog\/pt\/wp-json\/wp\/v2\/posts\/26032\/revisions\/26035"}],"wp:featuredmedia":[{"embeddable":true,"href":"https:\/\/www.funiber.blog\/pt\/wp-json\/wp\/v2\/media\/26033"}],"wp:attachment":[{"href":"https:\/\/www.funiber.blog\/pt\/wp-json\/wp\/v2\/media?parent=26032"}],"wp:term":[{"taxonomy":"category","embeddable":true,"href":"https:\/\/www.funiber.blog\/pt\/wp-json\/wp\/v2\/categories?post=26032"},{"taxonomy":"post_tag","embeddable":true,"href":"https:\/\/www.funiber.blog\/pt\/wp-json\/wp\/v2\/tags?post=26032"}],"curies":[{"name":"wp","href":"https:\/\/api.w.org\/{rel}","templated":true}]}}