{"id":26048,"date":"2022-03-18T11:14:07","date_gmt":"2022-03-18T16:14:07","guid":{"rendered":"https:\/\/blogs.funiber.org\/pt\/?p=26048"},"modified":"2022-03-18T04:05:37","modified_gmt":"2022-03-18T09:05:37","slug":"funiber-dicas-educar-criancas-meio-ambiente","status":"publish","type":"post","link":"https:\/\/www.funiber.blog\/pt\/meio-ambiente\/2022\/03\/18\/funiber-dicas-educar-criancas-meio-ambiente","title":{"rendered":"Dicas para educar crian\u00e7as sobre o meio ambiente"},"content":{"rendered":"<h2>A educa\u00e7\u00e3o ambiental \u00e9 uma necessidade para toda a sociedade a fim de melhorar o estado do planeta e os efeitos da mudan\u00e7a clim\u00e1tica.<\/h2>\n<p><!--more--><\/p>\n<p><span style=\"font-weight: 400;\">\u00c9 importante estar ciente dos problemas do planeta como um habitat. Para reverter esta situa\u00e7\u00e3o, \u00e9 essencial educar as crian\u00e7as sobre o meio ambiente, a fim de <\/span><b>construir uma sociedade global sustent\u00e1vel<\/b><span style=\"font-weight: 400;\">.<\/span><\/p>\n<p><span style=\"font-weight: 400;\">As fam\u00edlias t\u00eam um papel fundamental a desempenhar no objetivo de comunicar o compromisso ecol\u00f3gico e a base para a cria\u00e7\u00e3o de ambientes focados na sustentabilidade.<\/span><\/p>\n<p>&nbsp;<\/p>\n<p><b>Os jovens como ativistas ambientais<\/b><\/p>\n<p><b>Greta Thunberg<\/b><span style=\"font-weight: 400;\"> \u00e9 o exemplo mais claro do compromisso dos jovens com o meio ambiente atrav\u00e9s da defesa e da luta contra a ina\u00e7\u00e3o institucional.<\/span><\/p>\n<p><span style=\"font-weight: 400;\">Mas n\u00e3o \u00e9 bom que todo o fardo recaia sobre os jovens e adolescentes. A cria\u00e7\u00e3o de um ambiente sustent\u00e1vel \u00e9 uma tarefa para toda a fam\u00edlia.<\/span><\/p>\n<p><span style=\"font-weight: 400;\">A este respeito, o <\/span><b>objetivo deve ser desenvolver a capacidade cr\u00edtica e o compromisso ecol\u00f3gico das novas gera\u00e7\u00f5es<\/b><span style=\"font-weight: 400;\">.<\/span><\/p>\n<p>&nbsp;<\/p>\n<p><b>Atividades destinadas a melhorar a rela\u00e7\u00e3o com o meio ambiente<\/b><\/p>\n<ul>\n<li style=\"font-weight: 400;\" aria-level=\"1\"><span style=\"font-weight: 400;\">Para ser um compromisso real, <\/span><b>o objetivo educacional tem que ser de longo prazo<\/b><span style=\"font-weight: 400;\">, promovendo a consci\u00eancia ambiental, caso contr\u00e1rio, n\u00e3o ter\u00e1 servido de nada.<\/span><\/li>\n<li style=\"font-weight: 400;\" aria-level=\"1\"><b>Passe tempo na natureza<\/b><span style=\"font-weight: 400;\"> para conhec\u00ea-lo melhor.<\/span><\/li>\n<li style=\"font-weight: 400;\" aria-level=\"1\"><span style=\"font-weight: 400;\">Evite a educa\u00e7\u00e3o baseada no medo, na culpa e na destrui\u00e7\u00e3o. \u00c9 aconselh\u00e1vel <\/span><b>trabalhar as emo\u00e7\u00f5es em rela\u00e7\u00e3o \u00e0 natureza com imagens positivas<\/b><span style=\"font-weight: 400;\">.<\/span><\/li>\n<li style=\"font-weight: 400;\" aria-level=\"1\"><b>Aulas de consumo de alimentos<\/b><span style=\"font-weight: 400;\"> para que saibam de onde v\u00eam os alimentos e por que n\u00e3o devem ser usados indiscriminadamente.<\/span><\/li>\n<\/ul>\n<p>&nbsp;<\/p>\n<p><b>Educa\u00e7\u00e3o ambiental, tamb\u00e9m na escola<\/b><\/p>\n<p><span style=\"font-weight: 400;\">Todos os atores envolvidos na educa\u00e7\u00e3o infantil devem estar alinhados e comprometidos com a melhoria de nossa rela\u00e7\u00e3o com a natureza.<\/span><\/p>\n<p><span style=\"font-weight: 400;\">Neste sentido, as<\/span><b> \u201cEcoescolas\u201d s\u00e3o<\/b><span style=\"font-weight: 400;\"> exemplos de ensino centrado na rela\u00e7\u00e3o com o meio ambiente.<\/span><\/p>\n<p><span style=\"font-weight: 400;\">Da mesma forma, a configura\u00e7\u00e3o das cidades precisa mudar em favor de espa\u00e7os abertos e seguros para as crian\u00e7as. Desta forma, eles podem crescer em contato com a natureza.<\/span><\/p>\n<p><a href=\"https:\/\/www.funiber.org.br\/\" target=\"_blank\" rel=\"noopener\"><b>A FUNIBER<\/b><\/a><span style=\"font-weight: 400;\"> patrocina v\u00e1rios cursos para estudar projetos ambientais a fim de melhorar a sa\u00fade de nossa terra. Alguns desses programas s\u00e3o o\u00a0<\/span><a href=\"https:\/\/www.funiber.org.br\/mestrado-em-engenharia-e-tecnologia-ambiental\" target=\"_blank\" rel=\"noopener\"><b>Mestrado em Engenharia e Tecnologia Ambiental<\/b><\/a> <span style=\"font-weight: 400;\">e o\u00a0<\/span><a href=\"https:\/\/www.funiber.org.br\/mestrado-em-projetos-gestao-ambiental\" target=\"_blank\" rel=\"noopener\"><b>Mestrado em Projetos de Gest\u00e3o Ambiental<\/b><\/a><\/p>\n<p><span style=\"font-weight: 400;\">Fonte: <\/span><a href=\"https:\/\/stopcambioclimatico.es\/2022\/01\/12\/claves-para-educar-a-tus-hijos-en-el-medio-ambiente\/\" target=\"_blank\" rel=\"noopener\"><b>Claves para educar a tus hijos en el medio ambiente<\/b><\/a><\/p>\n<p><span style=\"font-weight: 400;\">Foto: Todos os direitos reservados<\/span><\/p>\n","protected":false},"excerpt":{"rendered":"<p>A educa\u00e7\u00e3o ambiental \u00e9 uma necessidade para toda a sociedade a fim de melhorar o estado do planeta e os efeitos da mudan\u00e7a clim\u00e1tica.<\/p>\n","protected":false},"author":27,"featured_media":26049,"comment_status":"closed","ping_status":"closed","sticky":false,"template":"","format":"standard","meta":{"jetpack_post_was_ever_published":false,"_jetpack_newsletter_access":"","_jetpack_newsletter_tier_id":0,"footnotes":"","jetpack_publicize_message":"","jetpack_is_tweetstorm":false,"jetpack_publicize_feature_enabled":true,"jetpack_social_post_already_shared":true,"jetpack_social_options":{"image_generator_settings":{"template":"highway","enabled":false}}},"categories":[2],"tags":[855,285,408,119,911,641,255],"jetpack_publicize_connections":[],"yoast_head":"<!-- This site is optimized with the Yoast SEO plugin v21.7 - https:\/\/yoast.com\/wordpress\/plugins\/seo\/ -->\n<title>Dicas para educar crian\u00e7as sobre o meio ambiente<\/title>\n<meta name=\"description\" content=\"A educa\u00e7\u00e3o ambiental \u00e9 uma necessidade para toda a sociedade a fim de melhorar o estado do planeta e os efeitos da mudan\u00e7a clim\u00e1tica.\" \/>\n<meta name=\"robots\" content=\"index, follow, max-snippet:-1, max-image-preview:large, max-video-preview:-1\" \/>\n<link rel=\"canonical\" href=\"https:\/\/blogs.funiber.org\/pt\/meio-ambiente\/2022\/03\/18\/funiber-dicas-educar-criancas-meio-ambiente\" \/>\n<meta property=\"og:locale\" content=\"pt_BR\" \/>\n<meta property=\"og:type\" content=\"article\" \/>\n<meta property=\"og:title\" content=\"Dicas para educar crian\u00e7as sobre o meio ambiente\" \/>\n<meta property=\"og:description\" content=\"A educa\u00e7\u00e3o ambiental \u00e9 uma necessidade para toda a sociedade a fim de melhorar o estado do planeta e os efeitos da mudan\u00e7a clim\u00e1tica.\" \/>\n<meta property=\"og:url\" content=\"https:\/\/blogs.funiber.org\/pt\/meio-ambiente\/2022\/03\/18\/funiber-dicas-educar-criancas-meio-ambiente\" \/>\n<meta property=\"og:site_name\" content=\"FuniBlogs - FUNIBER\" \/>\n<meta property=\"article:publisher\" content=\"https:\/\/www.facebook.com\/funiber\" \/>\n<meta property=\"article:published_time\" content=\"2022-03-18T16:14:07+00:00\" \/>\n<meta property=\"article:modified_time\" content=\"2022-03-18T09:05:37+00:00\" \/>\n<meta property=\"og:image\" content=\"https:\/\/blogs.funiber.org\/pt\/wp-content\/uploads\/2022\/03\/educar.jpg\" \/>\n\t<meta property=\"og:image:width\" content=\"570\" \/>\n\t<meta property=\"og:image:height\" content=\"350\" \/>\n\t<meta property=\"og:image:type\" content=\"image\/jpeg\" \/>\n<meta name=\"author\" content=\"Ruth Congregado\" \/>\n<meta name=\"twitter:card\" content=\"summary_large_image\" \/>\n<meta name=\"twitter:creator\" content=\"@FUNIBER\" \/>\n<meta name=\"twitter:site\" content=\"@FUNIBER\" \/>\n<meta name=\"twitter:label1\" content=\"Escrito por\" \/>\n\t<meta name=\"twitter:data1\" content=\"Ruth Congregado\" \/>\n\t<meta name=\"twitter:label2\" content=\"Est. tempo de leitura\" \/>\n\t<meta name=\"twitter:data2\" content=\"3 minutos\" \/>\n<script type=\"application\/ld+json\" class=\"yoast-schema-graph\">{\"@context\":\"https:\/\/schema.org\",\"@graph\":[{\"@type\":\"Article\",\"@id\":\"https:\/\/blogs.funiber.org\/pt\/meio-ambiente\/2022\/03\/18\/funiber-dicas-educar-criancas-meio-ambiente#article\",\"isPartOf\":{\"@id\":\"https:\/\/blogs.funiber.org\/pt\/meio-ambiente\/2022\/03\/18\/funiber-dicas-educar-criancas-meio-ambiente\"},\"author\":{\"name\":\"Ruth Congregado\",\"@id\":\"https:\/\/blogs.funiber.org\/pt\/#\/schema\/person\/d1f71292335f509051d4b7c96f3a388a\"},\"headline\":\"Dicas para educar crian\u00e7as sobre o meio ambiente\",\"datePublished\":\"2022-03-18T16:14:07+00:00\",\"dateModified\":\"2022-03-18T09:05:37+00:00\",\"mainEntityOfPage\":{\"@id\":\"https:\/\/blogs.funiber.org\/pt\/meio-ambiente\/2022\/03\/18\/funiber-dicas-educar-criancas-meio-ambiente\"},\"wordCount\":414,\"publisher\":{\"@id\":\"https:\/\/blogs.funiber.org\/pt\/#organization\"},\"keywords\":[\"Doutorado\",\"Educa\u00e7\u00e3o\",\"Educa\u00e7\u00e3o a Dist\u00e2ncia\",\"Estudos\",\"FUNIBER Opini\u00f5es\",\"Opini\u00e3o FUNIBER\",\"Opini\u00f5es Funiber\"],\"articleSection\":[\"Meio Ambiente\"],\"inLanguage\":\"pt-BR\"},{\"@type\":\"WebPage\",\"@id\":\"https:\/\/blogs.funiber.org\/pt\/meio-ambiente\/2022\/03\/18\/funiber-dicas-educar-criancas-meio-ambiente\",\"url\":\"https:\/\/blogs.funiber.org\/pt\/meio-ambiente\/2022\/03\/18\/funiber-dicas-educar-criancas-meio-ambiente\",\"name\":\"Dicas para educar crian\u00e7as sobre o meio ambiente\",\"isPartOf\":{\"@id\":\"https:\/\/blogs.funiber.org\/pt\/#website\"},\"datePublished\":\"2022-03-18T16:14:07+00:00\",\"dateModified\":\"2022-03-18T09:05:37+00:00\",\"description\":\"A educa\u00e7\u00e3o ambiental \u00e9 uma necessidade para toda a sociedade a fim de melhorar o estado do planeta e os efeitos da mudan\u00e7a clim\u00e1tica.\",\"breadcrumb\":{\"@id\":\"https:\/\/blogs.funiber.org\/pt\/meio-ambiente\/2022\/03\/18\/funiber-dicas-educar-criancas-meio-ambiente#breadcrumb\"},\"inLanguage\":\"pt-BR\",\"potentialAction\":[{\"@type\":\"ReadAction\",\"target\":[\"https:\/\/blogs.funiber.org\/pt\/meio-ambiente\/2022\/03\/18\/funiber-dicas-educar-criancas-meio-ambiente\"]}]},{\"@type\":\"BreadcrumbList\",\"@id\":\"https:\/\/blogs.funiber.org\/pt\/meio-ambiente\/2022\/03\/18\/funiber-dicas-educar-criancas-meio-ambiente#breadcrumb\",\"itemListElement\":[{\"@type\":\"ListItem\",\"position\":1,\"name\":\"In\u00edcio\",\"item\":\"https:\/\/blogs.funiber.org\/pt\"},{\"@type\":\"ListItem\",\"position\":2,\"name\":\"Dicas para educar crian\u00e7as sobre o meio ambiente\"}]},{\"@type\":\"WebSite\",\"@id\":\"https:\/\/blogs.funiber.org\/pt\/#website\",\"url\":\"https:\/\/blogs.funiber.org\/pt\/\",\"name\":\"FuniBlogs - FUNIBER\",\"description\":\"\",\"publisher\":{\"@id\":\"https:\/\/blogs.funiber.org\/pt\/#organization\"},\"potentialAction\":[{\"@type\":\"SearchAction\",\"target\":{\"@type\":\"EntryPoint\",\"urlTemplate\":\"https:\/\/blogs.funiber.org\/pt\/?s={search_term_string}\"},\"query-input\":\"required name=search_term_string\"}],\"inLanguage\":\"pt-BR\"},{\"@type\":\"Organization\",\"@id\":\"https:\/\/blogs.funiber.org\/pt\/#organization\",\"name\":\"FuniBlogs - FUNIBER\",\"url\":\"https:\/\/blogs.funiber.org\/pt\/\",\"logo\":{\"@type\":\"ImageObject\",\"inLanguage\":\"pt-BR\",\"@id\":\"https:\/\/blogs.funiber.org\/pt\/#\/schema\/logo\/image\/\",\"url\":\"https:\/\/www.funiber.blog\/pt\/wp-content\/uploads\/2022\/02\/logo-funiber-pt-br-v-dos.svg\",\"contentUrl\":\"https:\/\/www.funiber.blog\/pt\/wp-content\/uploads\/2022\/02\/logo-funiber-pt-br-v-dos.svg\",\"width\":1,\"height\":1,\"caption\":\"FuniBlogs - FUNIBER\"},\"image\":{\"@id\":\"https:\/\/blogs.funiber.org\/pt\/#\/schema\/logo\/image\/\"},\"sameAs\":[\"https:\/\/www.facebook.com\/funiber\",\"https:\/\/twitter.com\/FUNIBER\",\"https:\/\/www.instagram.com\/funiber_becas\",\"https:\/\/www.youtube.com\/user\/funiber\",\"https:\/\/www.linkedin.com\/company\/funiber\"]},{\"@type\":\"Person\",\"@id\":\"https:\/\/blogs.funiber.org\/pt\/#\/schema\/person\/d1f71292335f509051d4b7c96f3a388a\",\"name\":\"Ruth Congregado\",\"image\":{\"@type\":\"ImageObject\",\"inLanguage\":\"pt-BR\",\"@id\":\"https:\/\/blogs.funiber.org\/pt\/#\/schema\/person\/image\/\",\"url\":\"https:\/\/secure.gravatar.com\/avatar\/ad1938e89a5f73dc96b83b7d1960a1a1?s=96&d=mm&r=g\",\"contentUrl\":\"https:\/\/secure.gravatar.com\/avatar\/ad1938e89a5f73dc96b83b7d1960a1a1?s=96&d=mm&r=g\",\"caption\":\"Ruth Congregado\"},\"url\":\"https:\/\/www.funiber.blog\/pt\/author\/ruth-congregado\"}]}<\/script>\n<!-- \/ Yoast SEO plugin. -->","yoast_head_json":{"title":"Dicas para educar crian\u00e7as sobre o meio ambiente","description":"A educa\u00e7\u00e3o ambiental \u00e9 uma necessidade para toda a sociedade a fim de melhorar o estado do planeta e os efeitos da mudan\u00e7a clim\u00e1tica.","robots":{"index":"index","follow":"follow","max-snippet":"max-snippet:-1","max-image-preview":"max-image-preview:large","max-video-preview":"max-video-preview:-1"},"canonical":"https:\/\/blogs.funiber.org\/pt\/meio-ambiente\/2022\/03\/18\/funiber-dicas-educar-criancas-meio-ambiente","og_locale":"pt_BR","og_type":"article","og_title":"Dicas para educar crian\u00e7as sobre o meio ambiente","og_description":"A educa\u00e7\u00e3o ambiental \u00e9 uma necessidade para toda a sociedade a fim de melhorar o estado do planeta e os efeitos da mudan\u00e7a clim\u00e1tica.","og_url":"https:\/\/blogs.funiber.org\/pt\/meio-ambiente\/2022\/03\/18\/funiber-dicas-educar-criancas-meio-ambiente","og_site_name":"FuniBlogs - FUNIBER","article_publisher":"https:\/\/www.facebook.com\/funiber","article_published_time":"2022-03-18T16:14:07+00:00","article_modified_time":"2022-03-18T09:05:37+00:00","og_image":[{"width":570,"height":350,"url":"https:\/\/blogs.funiber.org\/pt\/wp-content\/uploads\/2022\/03\/educar.jpg","type":"image\/jpeg"}],"author":"Ruth Congregado","twitter_card":"summary_large_image","twitter_creator":"@FUNIBER","twitter_site":"@FUNIBER","twitter_misc":{"Escrito por":"Ruth Congregado","Est. tempo de leitura":"3 minutos"},"schema":{"@context":"https:\/\/schema.org","@graph":[{"@type":"Article","@id":"https:\/\/blogs.funiber.org\/pt\/meio-ambiente\/2022\/03\/18\/funiber-dicas-educar-criancas-meio-ambiente#article","isPartOf":{"@id":"https:\/\/blogs.funiber.org\/pt\/meio-ambiente\/2022\/03\/18\/funiber-dicas-educar-criancas-meio-ambiente"},"author":{"name":"Ruth Congregado","@id":"https:\/\/blogs.funiber.org\/pt\/#\/schema\/person\/d1f71292335f509051d4b7c96f3a388a"},"headline":"Dicas para educar crian\u00e7as sobre o meio ambiente","datePublished":"2022-03-18T16:14:07+00:00","dateModified":"2022-03-18T09:05:37+00:00","mainEntityOfPage":{"@id":"https:\/\/blogs.funiber.org\/pt\/meio-ambiente\/2022\/03\/18\/funiber-dicas-educar-criancas-meio-ambiente"},"wordCount":414,"publisher":{"@id":"https:\/\/blogs.funiber.org\/pt\/#organization"},"keywords":["Doutorado","Educa\u00e7\u00e3o","Educa\u00e7\u00e3o a Dist\u00e2ncia","Estudos","FUNIBER Opini\u00f5es","Opini\u00e3o FUNIBER","Opini\u00f5es Funiber"],"articleSection":["Meio Ambiente"],"inLanguage":"pt-BR"},{"@type":"WebPage","@id":"https:\/\/blogs.funiber.org\/pt\/meio-ambiente\/2022\/03\/18\/funiber-dicas-educar-criancas-meio-ambiente","url":"https:\/\/blogs.funiber.org\/pt\/meio-ambiente\/2022\/03\/18\/funiber-dicas-educar-criancas-meio-ambiente","name":"Dicas para educar crian\u00e7as sobre o meio ambiente","isPartOf":{"@id":"https:\/\/blogs.funiber.org\/pt\/#website"},"datePublished":"2022-03-18T16:14:07+00:00","dateModified":"2022-03-18T09:05:37+00:00","description":"A educa\u00e7\u00e3o ambiental \u00e9 uma necessidade para toda a sociedade a fim de melhorar o estado do planeta e os efeitos da mudan\u00e7a clim\u00e1tica.","breadcrumb":{"@id":"https:\/\/blogs.funiber.org\/pt\/meio-ambiente\/2022\/03\/18\/funiber-dicas-educar-criancas-meio-ambiente#breadcrumb"},"inLanguage":"pt-BR","potentialAction":[{"@type":"ReadAction","target":["https:\/\/blogs.funiber.org\/pt\/meio-ambiente\/2022\/03\/18\/funiber-dicas-educar-criancas-meio-ambiente"]}]},{"@type":"BreadcrumbList","@id":"https:\/\/blogs.funiber.org\/pt\/meio-ambiente\/2022\/03\/18\/funiber-dicas-educar-criancas-meio-ambiente#breadcrumb","itemListElement":[{"@type":"ListItem","position":1,"name":"In\u00edcio","item":"https:\/\/blogs.funiber.org\/pt"},{"@type":"ListItem","position":2,"name":"Dicas para educar crian\u00e7as sobre o meio ambiente"}]},{"@type":"WebSite","@id":"https:\/\/blogs.funiber.org\/pt\/#website","url":"https:\/\/blogs.funiber.org\/pt\/","name":"FuniBlogs - FUNIBER","description":"","publisher":{"@id":"https:\/\/blogs.funiber.org\/pt\/#organization"},"potentialAction":[{"@type":"SearchAction","target":{"@type":"EntryPoint","urlTemplate":"https:\/\/blogs.funiber.org\/pt\/?s={search_term_string}"},"query-input":"required name=search_term_string"}],"inLanguage":"pt-BR"},{"@type":"Organization","@id":"https:\/\/blogs.funiber.org\/pt\/#organization","name":"FuniBlogs - FUNIBER","url":"https:\/\/blogs.funiber.org\/pt\/","logo":{"@type":"ImageObject","inLanguage":"pt-BR","@id":"https:\/\/blogs.funiber.org\/pt\/#\/schema\/logo\/image\/","url":"https:\/\/www.funiber.blog\/pt\/wp-content\/uploads\/2022\/02\/logo-funiber-pt-br-v-dos.svg","contentUrl":"https:\/\/www.funiber.blog\/pt\/wp-content\/uploads\/2022\/02\/logo-funiber-pt-br-v-dos.svg","width":1,"height":1,"caption":"FuniBlogs - FUNIBER"},"image":{"@id":"https:\/\/blogs.funiber.org\/pt\/#\/schema\/logo\/image\/"},"sameAs":["https:\/\/www.facebook.com\/funiber","https:\/\/twitter.com\/FUNIBER","https:\/\/www.instagram.com\/funiber_becas","https:\/\/www.youtube.com\/user\/funiber","https:\/\/www.linkedin.com\/company\/funiber"]},{"@type":"Person","@id":"https:\/\/blogs.funiber.org\/pt\/#\/schema\/person\/d1f71292335f509051d4b7c96f3a388a","name":"Ruth Congregado","image":{"@type":"ImageObject","inLanguage":"pt-BR","@id":"https:\/\/blogs.funiber.org\/pt\/#\/schema\/person\/image\/","url":"https:\/\/secure.gravatar.com\/avatar\/ad1938e89a5f73dc96b83b7d1960a1a1?s=96&d=mm&r=g","contentUrl":"https:\/\/secure.gravatar.com\/avatar\/ad1938e89a5f73dc96b83b7d1960a1a1?s=96&d=mm&r=g","caption":"Ruth Congregado"},"url":"https:\/\/www.funiber.blog\/pt\/author\/ruth-congregado"}]}},"jetpack_featured_media_url":"https:\/\/www.funiber.blog\/pt\/wp-content\/uploads\/2022\/03\/educar.jpg","jetpack_shortlink":"https:\/\/wp.me\/p7ee1t-6M8","jetpack_sharing_enabled":true,"_links":{"self":[{"href":"https:\/\/www.funiber.blog\/pt\/wp-json\/wp\/v2\/posts\/26048"}],"collection":[{"href":"https:\/\/www.funiber.blog\/pt\/wp-json\/wp\/v2\/posts"}],"about":[{"href":"https:\/\/www.funiber.blog\/pt\/wp-json\/wp\/v2\/types\/post"}],"author":[{"embeddable":true,"href":"https:\/\/www.funiber.blog\/pt\/wp-json\/wp\/v2\/users\/27"}],"replies":[{"embeddable":true,"href":"https:\/\/www.funiber.blog\/pt\/wp-json\/wp\/v2\/comments?post=26048"}],"version-history":[{"count":1,"href":"https:\/\/www.funiber.blog\/pt\/wp-json\/wp\/v2\/posts\/26048\/revisions"}],"predecessor-version":[{"id":26050,"href":"https:\/\/www.funiber.blog\/pt\/wp-json\/wp\/v2\/posts\/26048\/revisions\/26050"}],"wp:featuredmedia":[{"embeddable":true,"href":"https:\/\/www.funiber.blog\/pt\/wp-json\/wp\/v2\/media\/26049"}],"wp:attachment":[{"href":"https:\/\/www.funiber.blog\/pt\/wp-json\/wp\/v2\/media?parent=26048"}],"wp:term":[{"taxonomy":"category","embeddable":true,"href":"https:\/\/www.funiber.blog\/pt\/wp-json\/wp\/v2\/categories?post=26048"},{"taxonomy":"post_tag","embeddable":true,"href":"https:\/\/www.funiber.blog\/pt\/wp-json\/wp\/v2\/tags?post=26048"}],"curies":[{"name":"wp","href":"https:\/\/api.w.org\/{rel}","templated":true}]}}