{"id":26054,"date":"2022-03-19T05:22:48","date_gmt":"2022-03-19T10:22:48","guid":{"rendered":"https:\/\/blogs.funiber.org\/pt\/?p=26054"},"modified":"2022-03-18T05:27:49","modified_gmt":"2022-03-18T10:27:49","slug":"funiber-novo-estudo-floresta-amazonica-ponto-inflexao","status":"publish","type":"post","link":"https:\/\/www.funiber.blog\/pt\/meio-ambiente\/2022\/03\/19\/funiber-novo-estudo-floresta-amazonica-ponto-inflexao","title":{"rendered":"Novo estudo mostra que a floresta amaz\u00f4nica est\u00e1 chegando a um ponto de inflex\u00e3o"},"content":{"rendered":"<h2>A floresta amaz\u00f4nica \u00e9 muitas vezes referida como o pulm\u00e3o da Terra. Entretanto, nas \u00faltimas d\u00e9cadas, os pulm\u00f5es do mundo t\u00eam mostrado cada vez mais que n\u00e3o est\u00e3o em boa sa\u00fade. Agora, um novo estudo publicado na revista Nature soa o alarme de que a floresta tropical amaz\u00f4nica est\u00e1 se aproximando de um ponto crucial de alerta.<\/h2>\n<p><!--more--><\/p>\n<p><span style=\"font-weight: 400;\">De acordo com o artigo, o desmatamento cont\u00ednuo e os inc\u00eandios florestais na regi\u00e3o podem levar \u00e0 morte generalizada, um fen\u00f4meno em que as plantas s\u00e3o mortas por condi\u00e7\u00f5es como seca ou parasitas. Para chegar a estas conclus\u00f5es, o estudo avaliou as observa\u00e7\u00f5es de sat\u00e9lite da Amaz\u00f4nia de 1991 a 2021.<\/span><\/p>\n<p><span style=\"font-weight: 400;\">Uma das conclus\u00f5es mais preocupantes do estudo \u00e9 o fato de que mais de 75% da floresta tropical foi reduzida em estabilidade desde a virada do mil\u00eanio. Isto significa que leva muito mais tempo para que o habitat se recupere ap\u00f3s desastres naturais. Dado o aumento da frequ\u00eancia dos inc\u00eandios florestais devido \u00e0 mudan\u00e7a clim\u00e1tica, esta mudan\u00e7a no ecossistema s\u00f3 ir\u00e1 exacerbar os problemas existentes. As \u00e1reas mais pr\u00f3ximas da civiliza\u00e7\u00e3o humana, seja na forma de fazendas ou \u00e1reas urbanas, s\u00e3o as mais afetadas por esta perda de estabilidade.<\/span><\/p>\n<p><span style=\"font-weight: 400;\">Os pesquisadores deste estudo n\u00e3o indicaram uma data espec\u00edfica sobre quando este ponto irrevers\u00edvel ser\u00e1 alcan\u00e7ado ou quanto tempo temos para evit\u00e1-lo, apenas que estamos a caminho de alcan\u00e7\u00e1-lo. Uma vez alcan\u00e7ado o ponto deste retiro, a Amaz\u00f4nia que conhecemos como uma floresta tropical exuberante e \u00famida come\u00e7ar\u00e1 a se transformar em um prado dentro de algumas d\u00e9cadas. Como as pastagens absorvem menos di\u00f3xido de carbono do que as florestas tropicais, isto tamb\u00e9m contribui para o problema do aquecimento global.<\/span><\/p>\n<p><span style=\"font-weight: 400;\">Este estudo une-se a uma s\u00e9rie de relat\u00f3rios que destacam a preocupante evolu\u00e7\u00e3o da Amaz\u00f4nia devido \u00e0 mudan\u00e7a clim\u00e1tica causada pelo homem. Por exemplo, um estudo publicado no ano passado anunciou a descoberta surpreendente de que a quantidade de di\u00f3xido de carbono que a floresta amaz\u00f4nica produz agora excede a quantidade que ela absorve. Isto se deve principalmente \u00e0s emiss\u00f5es dos inc\u00eandios florestais.<\/span><\/p>\n<p><span style=\"font-weight: 400;\">Ap\u00f3s aprender sobre as terr\u00edveis consequ\u00eancias do desmatamento na Amaz\u00f4nia, a solu\u00e7\u00e3o para parar de derrubar \u00e1rvores pode parecer simples. Entretanto, o desmatamento \u00e9 um problema econ\u00f4mico complexo. Muitos dos povos da Amaz\u00f4nia desmatam partes da \u00e1rea para criar gado e ganhar a vida. A solu\u00e7\u00e3o para este problema depende em grande parte da pol\u00edtica econ\u00f4mica do Brasil.\u00a0<\/span><\/p>\n<p><span style=\"font-weight: 400;\">Para o presidente brasileiro Jair Bolsonaro, o desmatamento atingiu seus n\u00edveis mais altos desde 2006, mas h\u00e1 solu\u00e7\u00f5es para essa crise com a pol\u00edtica certa. De acordo com o Instituto de Recursos Mundiais, o Brasil pode crescer sua economia com investimentos verdes que tamb\u00e9m ajudar\u00e3o a conter o desmatamento. Al\u00e9m disso, pagar aos residentes para restaurar e proteger o ecossistema natural em sua propriedade poderia ser uma das solu\u00e7\u00f5es mais eficazes.<\/span><\/p>\n<p><span style=\"font-weight: 400;\">O conhecimento do meio ambiente e seus m\u00faltiplos impactos \u00e9 essencial em um mundo cada vez mais afetado pela mudan\u00e7a clim\u00e1tica. Para saber mais sobre este tema, d\u00ea uma olhada no\u00a0<\/span><a href=\"https:\/\/www.funiber.org.br\/mestrado-em-mudancas-climaticas\" target=\"_blank\" rel=\"noopener\"><span style=\"font-weight: 400;\">Mestrado em Mudan\u00e7as Clim\u00e1ticas<\/span><\/a><span style=\"font-weight: 400;\">\u00a0da FUNIBER.<\/span><\/p>\n<p><span style=\"font-weight: 400;\">Fontes:<\/span><\/p>\n<p><a href=\"https:\/\/www.theguardian.com\/environment\/2022\/mar\/07\/climate-crisis-amazon-rainforest-tipping-point\" target=\"_blank\" rel=\"noopener\"><span style=\"font-weight: 400;\">Climate crisis: Amazon rainforest tipping point is looming, data shows<\/span><\/a><\/p>\n<p><a href=\"https:\/\/www.wri.org\/insights\/strategies-amazon-rainforest-climate-action-brazil\" target=\"_blank\" rel=\"noopener\"><span style=\"font-weight: 400;\">How Can Brazil Protect the Amazon and Advance Climate Action?<\/span><\/a><\/p>\n<p><a href=\"https:\/\/freakonomics.com\/podcast\/the-simple-economics-of-saving-the-amazon-rain-forest-ep-428\/\" target=\"_blank\" rel=\"noopener\"><span style=\"font-weight: 400;\">The Simple Economics of Saving the Amazon Rain Forest<\/span><\/a><\/p>\n<p><span style=\"font-weight: 400;\">Foto: Todos os direitos reservados.<\/span><\/p>\n","protected":false},"excerpt":{"rendered":"<p>A floresta amaz\u00f4nica \u00e9 muitas vezes referida como o pulm\u00e3o da Terra. Entretanto, nas \u00faltimas d\u00e9cadas, os pulm\u00f5es do mundo t\u00eam mostrado cada vez mais que n\u00e3o est\u00e3o em boa sa\u00fade. Agora, um novo estudo publicado na revista Nature soa o alarme de que a floresta tropical amaz\u00f4nica est\u00e1 se aproximando de um ponto crucial [&hellip;]<\/p>\n","protected":false},"author":27,"featured_media":26055,"comment_status":"closed","ping_status":"closed","sticky":false,"template":"","format":"standard","meta":{"jetpack_post_was_ever_published":false,"_jetpack_newsletter_access":"","_jetpack_newsletter_tier_id":0,"footnotes":"","jetpack_publicize_message":"","jetpack_is_tweetstorm":false,"jetpack_publicize_feature_enabled":true,"jetpack_social_post_already_shared":true,"jetpack_social_options":{"image_generator_settings":{"template":"highway","enabled":false}}},"categories":[2],"tags":[1242,855,285,408,119,911,671,255],"jetpack_publicize_connections":[],"yoast_head":"<!-- This site is optimized with the Yoast SEO plugin v21.7 - https:\/\/yoast.com\/wordpress\/plugins\/seo\/ -->\n<title>Novo estudo mostra que a floresta amaz\u00f4nica est\u00e1 chegando a um ponto de inflex\u00e3o<\/title>\n<meta name=\"description\" content=\"A floresta amaz\u00f4nica \u00e9 muitas vezes referida como o pulm\u00e3o da Terra. Entretanto, nas \u00faltimas d\u00e9cadas, os pulm\u00f5es do mundo t\u00eam mostrado cada vez mais que n\u00e3o est\u00e3o em boa sa\u00fade. Agora, um novo estudo publicado na revista Nature soa o alarme de que a floresta tropical amaz\u00f4nica est\u00e1 se aproximando de um ponto crucial de alerta.\" \/>\n<meta name=\"robots\" content=\"index, follow, max-snippet:-1, max-image-preview:large, max-video-preview:-1\" \/>\n<link rel=\"canonical\" href=\"https:\/\/blogs.funiber.org\/pt\/meio-ambiente\/2022\/03\/19\/funiber-novo-estudo-floresta-amazonica-ponto-inflexao\" \/>\n<meta property=\"og:locale\" content=\"pt_BR\" \/>\n<meta property=\"og:type\" content=\"article\" \/>\n<meta property=\"og:title\" content=\"Novo estudo mostra que a floresta amaz\u00f4nica est\u00e1 chegando a um ponto de inflex\u00e3o\" \/>\n<meta property=\"og:description\" content=\"A floresta amaz\u00f4nica \u00e9 muitas vezes referida como o pulm\u00e3o da Terra. Entretanto, nas \u00faltimas d\u00e9cadas, os pulm\u00f5es do mundo t\u00eam mostrado cada vez mais que n\u00e3o est\u00e3o em boa sa\u00fade. Agora, um novo estudo publicado na revista Nature soa o alarme de que a floresta tropical amaz\u00f4nica est\u00e1 se aproximando de um ponto crucial de alerta.\" \/>\n<meta property=\"og:url\" content=\"https:\/\/blogs.funiber.org\/pt\/meio-ambiente\/2022\/03\/19\/funiber-novo-estudo-floresta-amazonica-ponto-inflexao\" \/>\n<meta property=\"og:site_name\" content=\"FuniBlogs - FUNIBER\" \/>\n<meta property=\"article:publisher\" content=\"https:\/\/www.facebook.com\/funiber\" \/>\n<meta property=\"article:published_time\" content=\"2022-03-19T10:22:48+00:00\" \/>\n<meta property=\"article:modified_time\" content=\"2022-03-18T10:27:49+00:00\" \/>\n<meta property=\"og:image\" content=\"https:\/\/blogs.funiber.org\/pt\/wp-content\/uploads\/2022\/03\/funiblog-selva.jpg\" \/>\n\t<meta property=\"og:image:width\" content=\"570\" \/>\n\t<meta property=\"og:image:height\" content=\"350\" \/>\n\t<meta property=\"og:image:type\" content=\"image\/jpeg\" \/>\n<meta name=\"author\" content=\"Ruth Congregado\" \/>\n<meta name=\"twitter:card\" content=\"summary_large_image\" \/>\n<meta name=\"twitter:creator\" content=\"@FUNIBER\" \/>\n<meta name=\"twitter:site\" content=\"@FUNIBER\" \/>\n<meta name=\"twitter:label1\" content=\"Escrito por\" \/>\n\t<meta name=\"twitter:data1\" content=\"Ruth Congregado\" \/>\n\t<meta name=\"twitter:label2\" content=\"Est. tempo de leitura\" \/>\n\t<meta name=\"twitter:data2\" content=\"3 minutos\" \/>\n<script type=\"application\/ld+json\" class=\"yoast-schema-graph\">{\"@context\":\"https:\/\/schema.org\",\"@graph\":[{\"@type\":\"Article\",\"@id\":\"https:\/\/blogs.funiber.org\/pt\/meio-ambiente\/2022\/03\/19\/funiber-novo-estudo-floresta-amazonica-ponto-inflexao#article\",\"isPartOf\":{\"@id\":\"https:\/\/blogs.funiber.org\/pt\/meio-ambiente\/2022\/03\/19\/funiber-novo-estudo-floresta-amazonica-ponto-inflexao\"},\"author\":{\"name\":\"Ruth Congregado\",\"@id\":\"https:\/\/blogs.funiber.org\/pt\/#\/schema\/person\/d1f71292335f509051d4b7c96f3a388a\"},\"headline\":\"Novo estudo mostra que a floresta amaz\u00f4nica est\u00e1 chegando a um ponto de inflex\u00e3o\",\"datePublished\":\"2022-03-19T10:22:48+00:00\",\"dateModified\":\"2022-03-18T10:27:49+00:00\",\"mainEntityOfPage\":{\"@id\":\"https:\/\/blogs.funiber.org\/pt\/meio-ambiente\/2022\/03\/19\/funiber-novo-estudo-floresta-amazonica-ponto-inflexao\"},\"wordCount\":620,\"publisher\":{\"@id\":\"https:\/\/blogs.funiber.org\/pt\/#organization\"},\"keywords\":[\"Bolsas\",\"Doutorado\",\"Educa\u00e7\u00e3o\",\"Educa\u00e7\u00e3o a Dist\u00e2ncia\",\"Estudos\",\"FUNIBER Opini\u00f5es\",\"mestrado\",\"Opini\u00f5es Funiber\"],\"articleSection\":[\"Meio Ambiente\"],\"inLanguage\":\"pt-BR\"},{\"@type\":\"WebPage\",\"@id\":\"https:\/\/blogs.funiber.org\/pt\/meio-ambiente\/2022\/03\/19\/funiber-novo-estudo-floresta-amazonica-ponto-inflexao\",\"url\":\"https:\/\/blogs.funiber.org\/pt\/meio-ambiente\/2022\/03\/19\/funiber-novo-estudo-floresta-amazonica-ponto-inflexao\",\"name\":\"Novo estudo mostra que a floresta amaz\u00f4nica est\u00e1 chegando a um ponto de inflex\u00e3o\",\"isPartOf\":{\"@id\":\"https:\/\/blogs.funiber.org\/pt\/#website\"},\"datePublished\":\"2022-03-19T10:22:48+00:00\",\"dateModified\":\"2022-03-18T10:27:49+00:00\",\"description\":\"A floresta amaz\u00f4nica \u00e9 muitas vezes referida como o pulm\u00e3o da Terra. Entretanto, nas \u00faltimas d\u00e9cadas, os pulm\u00f5es do mundo t\u00eam mostrado cada vez mais que n\u00e3o est\u00e3o em boa sa\u00fade. Agora, um novo estudo publicado na revista Nature soa o alarme de que a floresta tropical amaz\u00f4nica est\u00e1 se aproximando de um ponto crucial de alerta.\",\"breadcrumb\":{\"@id\":\"https:\/\/blogs.funiber.org\/pt\/meio-ambiente\/2022\/03\/19\/funiber-novo-estudo-floresta-amazonica-ponto-inflexao#breadcrumb\"},\"inLanguage\":\"pt-BR\",\"potentialAction\":[{\"@type\":\"ReadAction\",\"target\":[\"https:\/\/blogs.funiber.org\/pt\/meio-ambiente\/2022\/03\/19\/funiber-novo-estudo-floresta-amazonica-ponto-inflexao\"]}]},{\"@type\":\"BreadcrumbList\",\"@id\":\"https:\/\/blogs.funiber.org\/pt\/meio-ambiente\/2022\/03\/19\/funiber-novo-estudo-floresta-amazonica-ponto-inflexao#breadcrumb\",\"itemListElement\":[{\"@type\":\"ListItem\",\"position\":1,\"name\":\"In\u00edcio\",\"item\":\"https:\/\/blogs.funiber.org\/pt\"},{\"@type\":\"ListItem\",\"position\":2,\"name\":\"Novo estudo mostra que a floresta amaz\u00f4nica est\u00e1 chegando a um ponto de inflex\u00e3o\"}]},{\"@type\":\"WebSite\",\"@id\":\"https:\/\/blogs.funiber.org\/pt\/#website\",\"url\":\"https:\/\/blogs.funiber.org\/pt\/\",\"name\":\"FuniBlogs - FUNIBER\",\"description\":\"\",\"publisher\":{\"@id\":\"https:\/\/blogs.funiber.org\/pt\/#organization\"},\"potentialAction\":[{\"@type\":\"SearchAction\",\"target\":{\"@type\":\"EntryPoint\",\"urlTemplate\":\"https:\/\/blogs.funiber.org\/pt\/?s={search_term_string}\"},\"query-input\":\"required name=search_term_string\"}],\"inLanguage\":\"pt-BR\"},{\"@type\":\"Organization\",\"@id\":\"https:\/\/blogs.funiber.org\/pt\/#organization\",\"name\":\"FuniBlogs - FUNIBER\",\"url\":\"https:\/\/blogs.funiber.org\/pt\/\",\"logo\":{\"@type\":\"ImageObject\",\"inLanguage\":\"pt-BR\",\"@id\":\"https:\/\/blogs.funiber.org\/pt\/#\/schema\/logo\/image\/\",\"url\":\"https:\/\/www.funiber.blog\/pt\/wp-content\/uploads\/2022\/02\/logo-funiber-pt-br-v-dos.svg\",\"contentUrl\":\"https:\/\/www.funiber.blog\/pt\/wp-content\/uploads\/2022\/02\/logo-funiber-pt-br-v-dos.svg\",\"width\":1,\"height\":1,\"caption\":\"FuniBlogs - FUNIBER\"},\"image\":{\"@id\":\"https:\/\/blogs.funiber.org\/pt\/#\/schema\/logo\/image\/\"},\"sameAs\":[\"https:\/\/www.facebook.com\/funiber\",\"https:\/\/twitter.com\/FUNIBER\",\"https:\/\/www.instagram.com\/funiber_becas\",\"https:\/\/www.youtube.com\/user\/funiber\",\"https:\/\/www.linkedin.com\/company\/funiber\"]},{\"@type\":\"Person\",\"@id\":\"https:\/\/blogs.funiber.org\/pt\/#\/schema\/person\/d1f71292335f509051d4b7c96f3a388a\",\"name\":\"Ruth Congregado\",\"image\":{\"@type\":\"ImageObject\",\"inLanguage\":\"pt-BR\",\"@id\":\"https:\/\/blogs.funiber.org\/pt\/#\/schema\/person\/image\/\",\"url\":\"https:\/\/secure.gravatar.com\/avatar\/ad1938e89a5f73dc96b83b7d1960a1a1?s=96&d=mm&r=g\",\"contentUrl\":\"https:\/\/secure.gravatar.com\/avatar\/ad1938e89a5f73dc96b83b7d1960a1a1?s=96&d=mm&r=g\",\"caption\":\"Ruth Congregado\"},\"url\":\"https:\/\/www.funiber.blog\/pt\/author\/ruth-congregado\"}]}<\/script>\n<!-- \/ Yoast SEO plugin. -->","yoast_head_json":{"title":"Novo estudo mostra que a floresta amaz\u00f4nica est\u00e1 chegando a um ponto de inflex\u00e3o","description":"A floresta amaz\u00f4nica \u00e9 muitas vezes referida como o pulm\u00e3o da Terra. Entretanto, nas \u00faltimas d\u00e9cadas, os pulm\u00f5es do mundo t\u00eam mostrado cada vez mais que n\u00e3o est\u00e3o em boa sa\u00fade. Agora, um novo estudo publicado na revista Nature soa o alarme de que a floresta tropical amaz\u00f4nica est\u00e1 se aproximando de um ponto crucial de alerta.","robots":{"index":"index","follow":"follow","max-snippet":"max-snippet:-1","max-image-preview":"max-image-preview:large","max-video-preview":"max-video-preview:-1"},"canonical":"https:\/\/blogs.funiber.org\/pt\/meio-ambiente\/2022\/03\/19\/funiber-novo-estudo-floresta-amazonica-ponto-inflexao","og_locale":"pt_BR","og_type":"article","og_title":"Novo estudo mostra que a floresta amaz\u00f4nica est\u00e1 chegando a um ponto de inflex\u00e3o","og_description":"A floresta amaz\u00f4nica \u00e9 muitas vezes referida como o pulm\u00e3o da Terra. Entretanto, nas \u00faltimas d\u00e9cadas, os pulm\u00f5es do mundo t\u00eam mostrado cada vez mais que n\u00e3o est\u00e3o em boa sa\u00fade. Agora, um novo estudo publicado na revista Nature soa o alarme de que a floresta tropical amaz\u00f4nica est\u00e1 se aproximando de um ponto crucial de alerta.","og_url":"https:\/\/blogs.funiber.org\/pt\/meio-ambiente\/2022\/03\/19\/funiber-novo-estudo-floresta-amazonica-ponto-inflexao","og_site_name":"FuniBlogs - FUNIBER","article_publisher":"https:\/\/www.facebook.com\/funiber","article_published_time":"2022-03-19T10:22:48+00:00","article_modified_time":"2022-03-18T10:27:49+00:00","og_image":[{"width":570,"height":350,"url":"https:\/\/blogs.funiber.org\/pt\/wp-content\/uploads\/2022\/03\/funiblog-selva.jpg","type":"image\/jpeg"}],"author":"Ruth Congregado","twitter_card":"summary_large_image","twitter_creator":"@FUNIBER","twitter_site":"@FUNIBER","twitter_misc":{"Escrito por":"Ruth Congregado","Est. tempo de leitura":"3 minutos"},"schema":{"@context":"https:\/\/schema.org","@graph":[{"@type":"Article","@id":"https:\/\/blogs.funiber.org\/pt\/meio-ambiente\/2022\/03\/19\/funiber-novo-estudo-floresta-amazonica-ponto-inflexao#article","isPartOf":{"@id":"https:\/\/blogs.funiber.org\/pt\/meio-ambiente\/2022\/03\/19\/funiber-novo-estudo-floresta-amazonica-ponto-inflexao"},"author":{"name":"Ruth Congregado","@id":"https:\/\/blogs.funiber.org\/pt\/#\/schema\/person\/d1f71292335f509051d4b7c96f3a388a"},"headline":"Novo estudo mostra que a floresta amaz\u00f4nica est\u00e1 chegando a um ponto de inflex\u00e3o","datePublished":"2022-03-19T10:22:48+00:00","dateModified":"2022-03-18T10:27:49+00:00","mainEntityOfPage":{"@id":"https:\/\/blogs.funiber.org\/pt\/meio-ambiente\/2022\/03\/19\/funiber-novo-estudo-floresta-amazonica-ponto-inflexao"},"wordCount":620,"publisher":{"@id":"https:\/\/blogs.funiber.org\/pt\/#organization"},"keywords":["Bolsas","Doutorado","Educa\u00e7\u00e3o","Educa\u00e7\u00e3o a Dist\u00e2ncia","Estudos","FUNIBER Opini\u00f5es","mestrado","Opini\u00f5es Funiber"],"articleSection":["Meio Ambiente"],"inLanguage":"pt-BR"},{"@type":"WebPage","@id":"https:\/\/blogs.funiber.org\/pt\/meio-ambiente\/2022\/03\/19\/funiber-novo-estudo-floresta-amazonica-ponto-inflexao","url":"https:\/\/blogs.funiber.org\/pt\/meio-ambiente\/2022\/03\/19\/funiber-novo-estudo-floresta-amazonica-ponto-inflexao","name":"Novo estudo mostra que a floresta amaz\u00f4nica est\u00e1 chegando a um ponto de inflex\u00e3o","isPartOf":{"@id":"https:\/\/blogs.funiber.org\/pt\/#website"},"datePublished":"2022-03-19T10:22:48+00:00","dateModified":"2022-03-18T10:27:49+00:00","description":"A floresta amaz\u00f4nica \u00e9 muitas vezes referida como o pulm\u00e3o da Terra. Entretanto, nas \u00faltimas d\u00e9cadas, os pulm\u00f5es do mundo t\u00eam mostrado cada vez mais que n\u00e3o est\u00e3o em boa sa\u00fade. Agora, um novo estudo publicado na revista Nature soa o alarme de que a floresta tropical amaz\u00f4nica est\u00e1 se aproximando de um ponto crucial de alerta.","breadcrumb":{"@id":"https:\/\/blogs.funiber.org\/pt\/meio-ambiente\/2022\/03\/19\/funiber-novo-estudo-floresta-amazonica-ponto-inflexao#breadcrumb"},"inLanguage":"pt-BR","potentialAction":[{"@type":"ReadAction","target":["https:\/\/blogs.funiber.org\/pt\/meio-ambiente\/2022\/03\/19\/funiber-novo-estudo-floresta-amazonica-ponto-inflexao"]}]},{"@type":"BreadcrumbList","@id":"https:\/\/blogs.funiber.org\/pt\/meio-ambiente\/2022\/03\/19\/funiber-novo-estudo-floresta-amazonica-ponto-inflexao#breadcrumb","itemListElement":[{"@type":"ListItem","position":1,"name":"In\u00edcio","item":"https:\/\/blogs.funiber.org\/pt"},{"@type":"ListItem","position":2,"name":"Novo estudo mostra que a floresta amaz\u00f4nica est\u00e1 chegando a um ponto de inflex\u00e3o"}]},{"@type":"WebSite","@id":"https:\/\/blogs.funiber.org\/pt\/#website","url":"https:\/\/blogs.funiber.org\/pt\/","name":"FuniBlogs - FUNIBER","description":"","publisher":{"@id":"https:\/\/blogs.funiber.org\/pt\/#organization"},"potentialAction":[{"@type":"SearchAction","target":{"@type":"EntryPoint","urlTemplate":"https:\/\/blogs.funiber.org\/pt\/?s={search_term_string}"},"query-input":"required name=search_term_string"}],"inLanguage":"pt-BR"},{"@type":"Organization","@id":"https:\/\/blogs.funiber.org\/pt\/#organization","name":"FuniBlogs - FUNIBER","url":"https:\/\/blogs.funiber.org\/pt\/","logo":{"@type":"ImageObject","inLanguage":"pt-BR","@id":"https:\/\/blogs.funiber.org\/pt\/#\/schema\/logo\/image\/","url":"https:\/\/www.funiber.blog\/pt\/wp-content\/uploads\/2022\/02\/logo-funiber-pt-br-v-dos.svg","contentUrl":"https:\/\/www.funiber.blog\/pt\/wp-content\/uploads\/2022\/02\/logo-funiber-pt-br-v-dos.svg","width":1,"height":1,"caption":"FuniBlogs - FUNIBER"},"image":{"@id":"https:\/\/blogs.funiber.org\/pt\/#\/schema\/logo\/image\/"},"sameAs":["https:\/\/www.facebook.com\/funiber","https:\/\/twitter.com\/FUNIBER","https:\/\/www.instagram.com\/funiber_becas","https:\/\/www.youtube.com\/user\/funiber","https:\/\/www.linkedin.com\/company\/funiber"]},{"@type":"Person","@id":"https:\/\/blogs.funiber.org\/pt\/#\/schema\/person\/d1f71292335f509051d4b7c96f3a388a","name":"Ruth Congregado","image":{"@type":"ImageObject","inLanguage":"pt-BR","@id":"https:\/\/blogs.funiber.org\/pt\/#\/schema\/person\/image\/","url":"https:\/\/secure.gravatar.com\/avatar\/ad1938e89a5f73dc96b83b7d1960a1a1?s=96&d=mm&r=g","contentUrl":"https:\/\/secure.gravatar.com\/avatar\/ad1938e89a5f73dc96b83b7d1960a1a1?s=96&d=mm&r=g","caption":"Ruth Congregado"},"url":"https:\/\/www.funiber.blog\/pt\/author\/ruth-congregado"}]}},"jetpack_featured_media_url":"https:\/\/www.funiber.blog\/pt\/wp-content\/uploads\/2022\/03\/funiblog-selva.jpg","jetpack_shortlink":"https:\/\/wp.me\/p7ee1t-6Me","jetpack_sharing_enabled":true,"_links":{"self":[{"href":"https:\/\/www.funiber.blog\/pt\/wp-json\/wp\/v2\/posts\/26054"}],"collection":[{"href":"https:\/\/www.funiber.blog\/pt\/wp-json\/wp\/v2\/posts"}],"about":[{"href":"https:\/\/www.funiber.blog\/pt\/wp-json\/wp\/v2\/types\/post"}],"author":[{"embeddable":true,"href":"https:\/\/www.funiber.blog\/pt\/wp-json\/wp\/v2\/users\/27"}],"replies":[{"embeddable":true,"href":"https:\/\/www.funiber.blog\/pt\/wp-json\/wp\/v2\/comments?post=26054"}],"version-history":[{"count":1,"href":"https:\/\/www.funiber.blog\/pt\/wp-json\/wp\/v2\/posts\/26054\/revisions"}],"predecessor-version":[{"id":26056,"href":"https:\/\/www.funiber.blog\/pt\/wp-json\/wp\/v2\/posts\/26054\/revisions\/26056"}],"wp:featuredmedia":[{"embeddable":true,"href":"https:\/\/www.funiber.blog\/pt\/wp-json\/wp\/v2\/media\/26055"}],"wp:attachment":[{"href":"https:\/\/www.funiber.blog\/pt\/wp-json\/wp\/v2\/media?parent=26054"}],"wp:term":[{"taxonomy":"category","embeddable":true,"href":"https:\/\/www.funiber.blog\/pt\/wp-json\/wp\/v2\/categories?post=26054"},{"taxonomy":"post_tag","embeddable":true,"href":"https:\/\/www.funiber.blog\/pt\/wp-json\/wp\/v2\/tags?post=26054"}],"curies":[{"name":"wp","href":"https:\/\/api.w.org\/{rel}","templated":true}]}}