{"id":26060,"date":"2022-03-18T07:11:02","date_gmt":"2022-03-18T12:11:02","guid":{"rendered":"https:\/\/blogs.funiber.org\/pt\/?p=26060"},"modified":"2022-03-18T07:11:02","modified_gmt":"2022-03-18T12:11:02","slug":"funiber-analise-dietas-caminhadas-montanha","status":"publish","type":"post","link":"https:\/\/www.funiber.blog\/pt\/saude-e-nutricao\/2022\/03\/18\/funiber-analise-dietas-caminhadas-montanha","title":{"rendered":"An\u00e1lise das dietas durante caminhadas na montanha"},"content":{"rendered":"<h2>Rub\u00e9n Jim\u00e9nez Alfageme \u00e9 doutorando em Ci\u00eancias da Sa\u00fade, com gradua\u00e7\u00e3o em Nutri\u00e7\u00e3o Humana e Diet\u00e9tica, e licenciado em Biologia, com mestrado em Ci\u00eancias do Esporte. Em 2020 foi publicado um artigo, junto com alguns colegas, intitulado \u00abAnalysis of nutritional intake in trail runners during competition.\u00bb<\/h2>\n<p><!--more--><\/p>\n<p><span style=\"font-weight: 400;\">FUNIBER entrevistou o nutricionista e docente Rub\u00e9n Jim\u00e9nez Alfageme sobre sua pesquisa e sua participa\u00e7\u00e3o no\u00a0webinar \u00ab<\/span><a href=\"https:\/\/noticias.funiber.org\/2022\/03\/16\/funiber-organiza-el-webinar-aciertos-y-errores-en-la-planificacion-dietetica-de-un-trail-de-montana?_gl=1*148tkia*_ga*MzY1NzIwNTI2LjE2NDUxOTM4NjQ.*_ga_LLHN5YSXJ3*MTY0NzUxMzA2OC40OS4xLjE2NDc1MTM2MjQuMA..&amp;_ga=2.8766389.1082709445.1647248523-365720526.1645193864&amp;pk_vid=6fc9a3ddd65465b616475136254163a7\" target=\"_blank\" rel=\"noopener\"><span style=\"font-weight: 400;\">Aciertos y errores en la planificaci\u00f3n diet\u00e9tica de un trail de monta\u00f1a\u00bb<\/span><\/a><span style=\"font-weight: 400;\">\u00a0que ele dar\u00e1 no dia 22 de mar\u00e7o.\u00a0<\/span><\/p>\n<p><span style=\"font-weight: 400;\">\u00a0<\/span><\/p>\n<p><b>Voc\u00ea pode comentar sobre o consumo de calorias durante as caminhadas nas montanhas? Qual \u00e9 a import\u00e2ncia da quantidade de nutrientes ingerida?<\/b><\/p>\n<p><span style=\"font-weight: 400;\">O consumo de calorias durante uma corrida de montanha \u00e9 altamente vari\u00e1vel e depender\u00e1 de diferentes fatores, principalmente da dist\u00e2ncia e eleva\u00e7\u00e3o cobertas pela corrida, juntamente com as caracter\u00edsticas antropom\u00e9tricas e fisiol\u00f3gicas de cada atleta, o que tamb\u00e9m influenciar\u00e1 seu desempenho. Entretanto, \u00e9 muito mais importante do que quantificar as calorias consumidas, o consumo adequado de certos nutrientes durante o evento, a fim de manter o desempenho ideal de cada atleta durante toda a competi\u00e7\u00e3o, e para isso um planejamento diet\u00e9tico pr\u00e9vio ser\u00e1 fundamental.<\/span><\/p>\n<p><span style=\"font-weight: 400;\">\u00a0<\/span><\/p>\n<p><b>Quais grupos aliment\u00edcios s\u00e3o os mais importantes para comer durante as caminhadas nas montanhas?<\/b><\/p>\n<p><span style=\"font-weight: 400;\">Em vez de grupos alimentares importantes, devemos nos referir aos nutrientes mais importantes, principalmente neste tipo de teste, os carboidratos juntamente com a \u00e1gua e o s\u00f3dio s\u00e3o os principais. Estes podem ser obtidos a partir de diferentes alimentos, embora os mais comumente consumidos v\u00e3o desde suplementos esportivos conhecidos como &#8220;sport foods&#8221;, onde encontramos barras energ\u00e9ticas, g\u00e9is, bebidas de reposi\u00e7\u00e3o, etc., at\u00e9 frutas, frutas secas, barras caseiras, gomas ou suplementos eletrol\u00edticos, entre outras fontes.<\/span><\/p>\n<p><span style=\"font-weight: 400;\">\u00a0<\/span><\/p>\n<p><b>Quais s\u00e3o os principais equ\u00edvocos sobre dietas para caminhadas de montanha?<\/b><\/p>\n<p><span style=\"font-weight: 400;\">Em corredores de montanha, especialmente a n\u00edvel amador, o principal problema \u00e9 geralmente a quantidade de nutrientes ingerida, principalmente a ingest\u00e3o de carboidratos por hora \u00e9 geralmente bastante baixa neste tipo de corredores, assim como a ingest\u00e3o de s\u00f3dio em alguns deles. Da mesma forma, no que diz respeito \u00e0 escolha dos alimentos a serem consumidos durante o teste, o consumo de nozes ou outros alimentos gordurosos como o queijo, por exemplo, \u00e9 bastante difundido, entretanto, a literatura atual n\u00e3o recomenda a inclus\u00e3o deste tipo de alimento, exceto, se for o caso, em testes de extrema dist\u00e2ncia e dureza. E, claro, o principal erro diet\u00e9tico encontrado entre este tipo de corredor \u00e9 uma total falta de pr\u00e9-planejamento, o que, juntamente com a falta de treinamento do trato gastrointestinal, pode levar ao abandono devido a v\u00e1rias doen\u00e7as ou a uma queda muito acentuada no desempenho durante o evento.<\/span><\/p>\n<p><span style=\"font-weight: 400;\">\u00a0<\/span><\/p>\n<p><b>O que voc\u00ea vai explicar no webinar &#8220;Aciertos y errores en la planificaci\u00f3n diet\u00e9tica de un trail de monta\u00f1a&#8221; que voc\u00ea estar\u00e1 dando no dia 22 de mar\u00e7o?<\/b><\/p>\n<p><span style=\"font-weight: 400;\">Como vimos nas perguntas anteriores, no webinar explicarei principalmente a ingest\u00e3o adequada dos principais nutrientes que devem ser tomados nestes testes e sess\u00f5es de treinamento, bem como, de forma mais ampla, as principais considera\u00e7\u00f5es para se obter o planejamento diet\u00e9tico correto, juntamente com os principais erros a serem observados neste tipo de competi\u00e7\u00f5es em atletas.<\/span><\/p>\n<p><span style=\"font-weight: 400;\">\u00a0<\/span><\/p>\n<p><span style=\"font-weight: 400;\">Para participar do webinar, os interessados podem se inscrever por meio <\/span><a href=\"https:\/\/www.funiber.org\/inscripcion-webinars07-planificacion-dietetica-de-un-trail-de-montana?_gl=1*7nm49y*_ga*MzY1NzIwNTI2LjE2NDUxOTM4NjQ.*_ga_LLHN5YSXJ3*MTY0NzUxMzA2OC40OS4xLjE2NDc1MTM2NDUuMA..&amp;_ga=2.268338446.1044636381.1647248276-1884210317.1645173435&amp;pk_vid=6fc9a3ddd65465b616475136464163a7\" target=\"_blank\" rel=\"noopener\"><span style=\"font-weight: 400;\">deste formul\u00e1rio<\/span><\/a><span style=\"font-weight: 400;\">.<\/span><\/p>\n","protected":false},"excerpt":{"rendered":"<p>Rub\u00e9n Jim\u00e9nez Alfageme \u00e9 doutorando em Ci\u00eancias da Sa\u00fade, com gradua\u00e7\u00e3o em Nutri\u00e7\u00e3o Humana e Diet\u00e9tica, e licenciado em Biologia, com mestrado em Ci\u00eancias do Esporte. Em 2020 foi publicado um artigo, junto com alguns colegas, intitulado \u00abAnalysis of nutritional intake in trail runners during competition.\u00bb<\/p>\n","protected":false},"author":27,"featured_media":26061,"comment_status":"closed","ping_status":"closed","sticky":false,"template":"","format":"standard","meta":{"jetpack_post_was_ever_published":false,"_jetpack_newsletter_access":"","_jetpack_newsletter_tier_id":0,"footnotes":"","jetpack_publicize_message":"","jetpack_is_tweetstorm":false,"jetpack_publicize_feature_enabled":true,"jetpack_social_post_already_shared":true,"jetpack_social_options":{"image_generator_settings":{"template":"highway","enabled":false}}},"categories":[3],"tags":[67,1242,7375,144,657,855,285,408,671,641,255],"jetpack_publicize_connections":[],"yoast_head":"<!-- This site is optimized with the Yoast SEO plugin v21.7 - https:\/\/yoast.com\/wordpress\/plugins\/seo\/ -->\n<title>An\u00e1lise das dietas durante caminhadas na montanha<\/title>\n<meta name=\"description\" content=\"Rub\u00e9n Jim\u00e9nez Alfageme \u00e9 doutorando em Ci\u00eancias da Sa\u00fade, com gradua\u00e7\u00e3o em Nutri\u00e7\u00e3o Humana e Diet\u00e9tica, e licenciado em Biologia, com mestrado em Ci\u00eancias do Esporte. Em 2020 foi publicado um artigo, junto com alguns colegas, intitulado \u00abAnalysis of nutritional intake in trail runners during competition.\u00bb\" \/>\n<meta name=\"robots\" content=\"noindex, nofollow\" \/>\n<meta property=\"og:locale\" content=\"pt_BR\" \/>\n<meta property=\"og:type\" content=\"article\" \/>\n<meta property=\"og:title\" content=\"An\u00e1lise das dietas durante caminhadas na montanha\" \/>\n<meta property=\"og:description\" content=\"Rub\u00e9n Jim\u00e9nez Alfageme \u00e9 doutorando em Ci\u00eancias da Sa\u00fade, com gradua\u00e7\u00e3o em Nutri\u00e7\u00e3o Humana e Diet\u00e9tica, e licenciado em Biologia, com mestrado em Ci\u00eancias do Esporte. Em 2020 foi publicado um artigo, junto com alguns colegas, intitulado \u00abAnalysis of nutritional intake in trail runners during competition.\u00bb\" \/>\n<meta property=\"og:url\" content=\"https:\/\/blogs.funiber.org\/pt\/saude-e-nutricao\/2022\/03\/18\/funiber-analise-dietas-caminhadas-montanha\" \/>\n<meta property=\"og:site_name\" content=\"FuniBlogs - FUNIBER\" \/>\n<meta property=\"article:publisher\" content=\"https:\/\/www.facebook.com\/funiber\" \/>\n<meta property=\"article:published_time\" content=\"2022-03-18T12:11:02+00:00\" \/>\n<meta property=\"og:image\" content=\"https:\/\/blogs.funiber.org\/pt\/wp-content\/uploads\/2022\/03\/ruben-alfageme.jpeg\" \/>\n\t<meta property=\"og:image:width\" content=\"570\" \/>\n\t<meta property=\"og:image:height\" content=\"350\" \/>\n\t<meta property=\"og:image:type\" content=\"image\/jpeg\" \/>\n<meta name=\"author\" content=\"Ruth Congregado\" \/>\n<meta name=\"twitter:card\" content=\"summary_large_image\" \/>\n<meta name=\"twitter:creator\" content=\"@FUNIBER\" \/>\n<meta name=\"twitter:site\" content=\"@FUNIBER\" \/>\n<meta name=\"twitter:label1\" content=\"Escrito por\" \/>\n\t<meta name=\"twitter:data1\" content=\"Ruth Congregado\" \/>\n\t<meta name=\"twitter:label2\" content=\"Est. tempo de leitura\" \/>\n\t<meta name=\"twitter:data2\" content=\"3 minutos\" \/>\n<script type=\"application\/ld+json\" class=\"yoast-schema-graph\">{\"@context\":\"https:\/\/schema.org\",\"@graph\":[{\"@type\":\"Article\",\"@id\":\"https:\/\/blogs.funiber.org\/pt\/saude-e-nutricao\/2022\/03\/18\/funiber-analise-dietas-caminhadas-montanha#article\",\"isPartOf\":{\"@id\":\"https:\/\/blogs.funiber.org\/pt\/saude-e-nutricao\/2022\/03\/18\/funiber-analise-dietas-caminhadas-montanha\"},\"author\":{\"name\":\"Ruth Congregado\",\"@id\":\"https:\/\/blogs.funiber.org\/pt\/#\/schema\/person\/d1f71292335f509051d4b7c96f3a388a\"},\"headline\":\"An\u00e1lise das dietas durante caminhadas na montanha\",\"datePublished\":\"2022-03-18T12:11:02+00:00\",\"dateModified\":\"2022-03-18T12:11:02+00:00\",\"mainEntityOfPage\":{\"@id\":\"https:\/\/blogs.funiber.org\/pt\/saude-e-nutricao\/2022\/03\/18\/funiber-analise-dietas-caminhadas-montanha\"},\"wordCount\":585,\"publisher\":{\"@id\":\"https:\/\/blogs.funiber.org\/pt\/#organization\"},\"keywords\":[\"Alimenta\u00e7\u00e3o\",\"Bolsas\",\"caminhadas\",\"Dieta\",\"Dietas\",\"Doutorado\",\"Educa\u00e7\u00e3o\",\"Educa\u00e7\u00e3o a Dist\u00e2ncia\",\"mestrado\",\"Opini\u00e3o FUNIBER\",\"Opini\u00f5es Funiber\"],\"articleSection\":[\"Sa\u00fade e Nutri\u00e7\u00e3o\"],\"inLanguage\":\"pt-BR\"},{\"@type\":\"WebPage\",\"@id\":\"https:\/\/blogs.funiber.org\/pt\/saude-e-nutricao\/2022\/03\/18\/funiber-analise-dietas-caminhadas-montanha\",\"url\":\"https:\/\/blogs.funiber.org\/pt\/saude-e-nutricao\/2022\/03\/18\/funiber-analise-dietas-caminhadas-montanha\",\"name\":\"An\u00e1lise das dietas durante caminhadas na montanha\",\"isPartOf\":{\"@id\":\"https:\/\/blogs.funiber.org\/pt\/#website\"},\"datePublished\":\"2022-03-18T12:11:02+00:00\",\"dateModified\":\"2022-03-18T12:11:02+00:00\",\"description\":\"Rub\u00e9n Jim\u00e9nez Alfageme \u00e9 doutorando em Ci\u00eancias da Sa\u00fade, com gradua\u00e7\u00e3o em Nutri\u00e7\u00e3o Humana e Diet\u00e9tica, e licenciado em Biologia, com mestrado em Ci\u00eancias do Esporte. Em 2020 foi publicado um artigo, junto com alguns colegas, intitulado \u00abAnalysis of nutritional intake in trail runners during competition.\u00bb\",\"breadcrumb\":{\"@id\":\"https:\/\/blogs.funiber.org\/pt\/saude-e-nutricao\/2022\/03\/18\/funiber-analise-dietas-caminhadas-montanha#breadcrumb\"},\"inLanguage\":\"pt-BR\",\"potentialAction\":[{\"@type\":\"ReadAction\",\"target\":[\"https:\/\/blogs.funiber.org\/pt\/saude-e-nutricao\/2022\/03\/18\/funiber-analise-dietas-caminhadas-montanha\"]}]},{\"@type\":\"BreadcrumbList\",\"@id\":\"https:\/\/blogs.funiber.org\/pt\/saude-e-nutricao\/2022\/03\/18\/funiber-analise-dietas-caminhadas-montanha#breadcrumb\",\"itemListElement\":[{\"@type\":\"ListItem\",\"position\":1,\"name\":\"In\u00edcio\",\"item\":\"https:\/\/blogs.funiber.org\/pt\"},{\"@type\":\"ListItem\",\"position\":2,\"name\":\"An\u00e1lise das dietas durante caminhadas na montanha\"}]},{\"@type\":\"WebSite\",\"@id\":\"https:\/\/blogs.funiber.org\/pt\/#website\",\"url\":\"https:\/\/blogs.funiber.org\/pt\/\",\"name\":\"FuniBlogs - FUNIBER\",\"description\":\"\",\"publisher\":{\"@id\":\"https:\/\/blogs.funiber.org\/pt\/#organization\"},\"potentialAction\":[{\"@type\":\"SearchAction\",\"target\":{\"@type\":\"EntryPoint\",\"urlTemplate\":\"https:\/\/blogs.funiber.org\/pt\/?s={search_term_string}\"},\"query-input\":\"required name=search_term_string\"}],\"inLanguage\":\"pt-BR\"},{\"@type\":\"Organization\",\"@id\":\"https:\/\/blogs.funiber.org\/pt\/#organization\",\"name\":\"FuniBlogs - FUNIBER\",\"url\":\"https:\/\/blogs.funiber.org\/pt\/\",\"logo\":{\"@type\":\"ImageObject\",\"inLanguage\":\"pt-BR\",\"@id\":\"https:\/\/blogs.funiber.org\/pt\/#\/schema\/logo\/image\/\",\"url\":\"https:\/\/www.funiber.blog\/pt\/wp-content\/uploads\/2022\/02\/logo-funiber-pt-br-v-dos.svg\",\"contentUrl\":\"https:\/\/www.funiber.blog\/pt\/wp-content\/uploads\/2022\/02\/logo-funiber-pt-br-v-dos.svg\",\"width\":1,\"height\":1,\"caption\":\"FuniBlogs - FUNIBER\"},\"image\":{\"@id\":\"https:\/\/blogs.funiber.org\/pt\/#\/schema\/logo\/image\/\"},\"sameAs\":[\"https:\/\/www.facebook.com\/funiber\",\"https:\/\/twitter.com\/FUNIBER\",\"https:\/\/www.instagram.com\/funiber_becas\",\"https:\/\/www.youtube.com\/user\/funiber\",\"https:\/\/www.linkedin.com\/company\/funiber\"]},{\"@type\":\"Person\",\"@id\":\"https:\/\/blogs.funiber.org\/pt\/#\/schema\/person\/d1f71292335f509051d4b7c96f3a388a\",\"name\":\"Ruth Congregado\",\"image\":{\"@type\":\"ImageObject\",\"inLanguage\":\"pt-BR\",\"@id\":\"https:\/\/blogs.funiber.org\/pt\/#\/schema\/person\/image\/\",\"url\":\"https:\/\/secure.gravatar.com\/avatar\/ad1938e89a5f73dc96b83b7d1960a1a1?s=96&d=mm&r=g\",\"contentUrl\":\"https:\/\/secure.gravatar.com\/avatar\/ad1938e89a5f73dc96b83b7d1960a1a1?s=96&d=mm&r=g\",\"caption\":\"Ruth Congregado\"},\"url\":\"https:\/\/www.funiber.blog\/pt\/author\/ruth-congregado\"}]}<\/script>\n<!-- \/ Yoast SEO plugin. -->","yoast_head_json":{"title":"An\u00e1lise das dietas durante caminhadas na montanha","description":"Rub\u00e9n Jim\u00e9nez Alfageme \u00e9 doutorando em Ci\u00eancias da Sa\u00fade, com gradua\u00e7\u00e3o em Nutri\u00e7\u00e3o Humana e Diet\u00e9tica, e licenciado em Biologia, com mestrado em Ci\u00eancias do Esporte. Em 2020 foi publicado um artigo, junto com alguns colegas, intitulado \u00abAnalysis of nutritional intake in trail runners during competition.\u00bb","robots":{"index":"noindex","follow":"nofollow"},"og_locale":"pt_BR","og_type":"article","og_title":"An\u00e1lise das dietas durante caminhadas na montanha","og_description":"Rub\u00e9n Jim\u00e9nez Alfageme \u00e9 doutorando em Ci\u00eancias da Sa\u00fade, com gradua\u00e7\u00e3o em Nutri\u00e7\u00e3o Humana e Diet\u00e9tica, e licenciado em Biologia, com mestrado em Ci\u00eancias do Esporte. Em 2020 foi publicado um artigo, junto com alguns colegas, intitulado \u00abAnalysis of nutritional intake in trail runners during competition.\u00bb","og_url":"https:\/\/blogs.funiber.org\/pt\/saude-e-nutricao\/2022\/03\/18\/funiber-analise-dietas-caminhadas-montanha","og_site_name":"FuniBlogs - FUNIBER","article_publisher":"https:\/\/www.facebook.com\/funiber","article_published_time":"2022-03-18T12:11:02+00:00","og_image":[{"width":570,"height":350,"url":"https:\/\/blogs.funiber.org\/pt\/wp-content\/uploads\/2022\/03\/ruben-alfageme.jpeg","type":"image\/jpeg"}],"author":"Ruth Congregado","twitter_card":"summary_large_image","twitter_creator":"@FUNIBER","twitter_site":"@FUNIBER","twitter_misc":{"Escrito por":"Ruth Congregado","Est. tempo de leitura":"3 minutos"},"schema":{"@context":"https:\/\/schema.org","@graph":[{"@type":"Article","@id":"https:\/\/blogs.funiber.org\/pt\/saude-e-nutricao\/2022\/03\/18\/funiber-analise-dietas-caminhadas-montanha#article","isPartOf":{"@id":"https:\/\/blogs.funiber.org\/pt\/saude-e-nutricao\/2022\/03\/18\/funiber-analise-dietas-caminhadas-montanha"},"author":{"name":"Ruth Congregado","@id":"https:\/\/blogs.funiber.org\/pt\/#\/schema\/person\/d1f71292335f509051d4b7c96f3a388a"},"headline":"An\u00e1lise das dietas durante caminhadas na montanha","datePublished":"2022-03-18T12:11:02+00:00","dateModified":"2022-03-18T12:11:02+00:00","mainEntityOfPage":{"@id":"https:\/\/blogs.funiber.org\/pt\/saude-e-nutricao\/2022\/03\/18\/funiber-analise-dietas-caminhadas-montanha"},"wordCount":585,"publisher":{"@id":"https:\/\/blogs.funiber.org\/pt\/#organization"},"keywords":["Alimenta\u00e7\u00e3o","Bolsas","caminhadas","Dieta","Dietas","Doutorado","Educa\u00e7\u00e3o","Educa\u00e7\u00e3o a Dist\u00e2ncia","mestrado","Opini\u00e3o FUNIBER","Opini\u00f5es Funiber"],"articleSection":["Sa\u00fade e Nutri\u00e7\u00e3o"],"inLanguage":"pt-BR"},{"@type":"WebPage","@id":"https:\/\/blogs.funiber.org\/pt\/saude-e-nutricao\/2022\/03\/18\/funiber-analise-dietas-caminhadas-montanha","url":"https:\/\/blogs.funiber.org\/pt\/saude-e-nutricao\/2022\/03\/18\/funiber-analise-dietas-caminhadas-montanha","name":"An\u00e1lise das dietas durante caminhadas na montanha","isPartOf":{"@id":"https:\/\/blogs.funiber.org\/pt\/#website"},"datePublished":"2022-03-18T12:11:02+00:00","dateModified":"2022-03-18T12:11:02+00:00","description":"Rub\u00e9n Jim\u00e9nez Alfageme \u00e9 doutorando em Ci\u00eancias da Sa\u00fade, com gradua\u00e7\u00e3o em Nutri\u00e7\u00e3o Humana e Diet\u00e9tica, e licenciado em Biologia, com mestrado em Ci\u00eancias do Esporte. Em 2020 foi publicado um artigo, junto com alguns colegas, intitulado \u00abAnalysis of nutritional intake in trail runners during competition.\u00bb","breadcrumb":{"@id":"https:\/\/blogs.funiber.org\/pt\/saude-e-nutricao\/2022\/03\/18\/funiber-analise-dietas-caminhadas-montanha#breadcrumb"},"inLanguage":"pt-BR","potentialAction":[{"@type":"ReadAction","target":["https:\/\/blogs.funiber.org\/pt\/saude-e-nutricao\/2022\/03\/18\/funiber-analise-dietas-caminhadas-montanha"]}]},{"@type":"BreadcrumbList","@id":"https:\/\/blogs.funiber.org\/pt\/saude-e-nutricao\/2022\/03\/18\/funiber-analise-dietas-caminhadas-montanha#breadcrumb","itemListElement":[{"@type":"ListItem","position":1,"name":"In\u00edcio","item":"https:\/\/blogs.funiber.org\/pt"},{"@type":"ListItem","position":2,"name":"An\u00e1lise das dietas durante caminhadas na montanha"}]},{"@type":"WebSite","@id":"https:\/\/blogs.funiber.org\/pt\/#website","url":"https:\/\/blogs.funiber.org\/pt\/","name":"FuniBlogs - FUNIBER","description":"","publisher":{"@id":"https:\/\/blogs.funiber.org\/pt\/#organization"},"potentialAction":[{"@type":"SearchAction","target":{"@type":"EntryPoint","urlTemplate":"https:\/\/blogs.funiber.org\/pt\/?s={search_term_string}"},"query-input":"required name=search_term_string"}],"inLanguage":"pt-BR"},{"@type":"Organization","@id":"https:\/\/blogs.funiber.org\/pt\/#organization","name":"FuniBlogs - FUNIBER","url":"https:\/\/blogs.funiber.org\/pt\/","logo":{"@type":"ImageObject","inLanguage":"pt-BR","@id":"https:\/\/blogs.funiber.org\/pt\/#\/schema\/logo\/image\/","url":"https:\/\/www.funiber.blog\/pt\/wp-content\/uploads\/2022\/02\/logo-funiber-pt-br-v-dos.svg","contentUrl":"https:\/\/www.funiber.blog\/pt\/wp-content\/uploads\/2022\/02\/logo-funiber-pt-br-v-dos.svg","width":1,"height":1,"caption":"FuniBlogs - FUNIBER"},"image":{"@id":"https:\/\/blogs.funiber.org\/pt\/#\/schema\/logo\/image\/"},"sameAs":["https:\/\/www.facebook.com\/funiber","https:\/\/twitter.com\/FUNIBER","https:\/\/www.instagram.com\/funiber_becas","https:\/\/www.youtube.com\/user\/funiber","https:\/\/www.linkedin.com\/company\/funiber"]},{"@type":"Person","@id":"https:\/\/blogs.funiber.org\/pt\/#\/schema\/person\/d1f71292335f509051d4b7c96f3a388a","name":"Ruth Congregado","image":{"@type":"ImageObject","inLanguage":"pt-BR","@id":"https:\/\/blogs.funiber.org\/pt\/#\/schema\/person\/image\/","url":"https:\/\/secure.gravatar.com\/avatar\/ad1938e89a5f73dc96b83b7d1960a1a1?s=96&d=mm&r=g","contentUrl":"https:\/\/secure.gravatar.com\/avatar\/ad1938e89a5f73dc96b83b7d1960a1a1?s=96&d=mm&r=g","caption":"Ruth Congregado"},"url":"https:\/\/www.funiber.blog\/pt\/author\/ruth-congregado"}]}},"jetpack_featured_media_url":"https:\/\/www.funiber.blog\/pt\/wp-content\/uploads\/2022\/03\/ruben-alfageme.jpeg","jetpack_shortlink":"https:\/\/wp.me\/p7ee1t-6Mk","jetpack_sharing_enabled":true,"_links":{"self":[{"href":"https:\/\/www.funiber.blog\/pt\/wp-json\/wp\/v2\/posts\/26060"}],"collection":[{"href":"https:\/\/www.funiber.blog\/pt\/wp-json\/wp\/v2\/posts"}],"about":[{"href":"https:\/\/www.funiber.blog\/pt\/wp-json\/wp\/v2\/types\/post"}],"author":[{"embeddable":true,"href":"https:\/\/www.funiber.blog\/pt\/wp-json\/wp\/v2\/users\/27"}],"replies":[{"embeddable":true,"href":"https:\/\/www.funiber.blog\/pt\/wp-json\/wp\/v2\/comments?post=26060"}],"version-history":[{"count":1,"href":"https:\/\/www.funiber.blog\/pt\/wp-json\/wp\/v2\/posts\/26060\/revisions"}],"predecessor-version":[{"id":26062,"href":"https:\/\/www.funiber.blog\/pt\/wp-json\/wp\/v2\/posts\/26060\/revisions\/26062"}],"wp:featuredmedia":[{"embeddable":true,"href":"https:\/\/www.funiber.blog\/pt\/wp-json\/wp\/v2\/media\/26061"}],"wp:attachment":[{"href":"https:\/\/www.funiber.blog\/pt\/wp-json\/wp\/v2\/media?parent=26060"}],"wp:term":[{"taxonomy":"category","embeddable":true,"href":"https:\/\/www.funiber.blog\/pt\/wp-json\/wp\/v2\/categories?post=26060"},{"taxonomy":"post_tag","embeddable":true,"href":"https:\/\/www.funiber.blog\/pt\/wp-json\/wp\/v2\/tags?post=26060"}],"curies":[{"name":"wp","href":"https:\/\/api.w.org\/{rel}","templated":true}]}}