{"id":26419,"date":"2022-06-10T06:08:04","date_gmt":"2022-06-10T11:08:04","guid":{"rendered":"https:\/\/blogs.funiber.org\/pt\/?p=26419"},"modified":"2022-06-14T06:11:50","modified_gmt":"2022-06-14T11:11:50","slug":"funiber-recessao-global","status":"publish","type":"post","link":"https:\/\/www.funiber.blog\/pt\/empresas-e-rh\/2022\/06\/10\/funiber-recessao-global","title":{"rendered":"Recess\u00e3o global que se aproxima"},"content":{"rendered":"<h2><b>Considerando a guerra na Ucr\u00e2nia e os efeitos da pandemia na economia global, a grande quest\u00e3o na previs\u00e3o econ\u00f4mica \u00e9 se uma recess\u00e3o global est\u00e1 por vir.\u00a0\u00a0<\/b><\/h2>\n<p><!--more--><\/p>\n<p><span style=\"font-weight: 400;\">Na verdade, foi uma das perguntas mais importantes feitas na reuni\u00e3o anual do\u00a0<\/span><a href=\"https:\/\/www.weforum.org\/events\/world-economic-forum-annual-meeting-2022\/sessions\/global-economic-outlook-b74f6da303\" target=\"_blank\" rel=\"noopener\"><span style=\"font-weight: 400;\">F\u00f3rum Econ\u00f4mico Mundial<\/span><\/a><span style=\"font-weight: 400;\">\u00a0em 23 de maio em Davos, Su\u00ed\u00e7a. A sess\u00e3o come\u00e7ou abordando esta quest\u00e3o.\u00a0<\/span><\/p>\n<p><span style=\"font-weight: 400;\">Kristalina Georgieva, a diretora administrativa do Fundo Monet\u00e1rio Internacional (FMI), explicou que desde as <\/span><a href=\"https:\/\/www.imf.org\/en\/Publications\/WEO#:~:text=Description:%20Global%20growth%20is%20projected%20to%20rise%20from%20an%20estimated,World%20Economic%20Outlook%20(WEO).\" target=\"_blank\" rel=\"noopener\"><span style=\"font-weight: 400;\">\u00faltimas previs\u00f5es do FMI<\/span><\/a><span style=\"font-weight: 400;\">, <\/span><span style=\"font-weight: 400;\">o \u201chorizonte escureceu\u201d.\u00a0<\/span><\/p>\n<p><span style=\"font-weight: 400;\">V\u00e1rios fatores apontam para a desacelera\u00e7\u00e3o da economia global neste ano. Por exemplo, os aumentos na demanda de mat\u00e9rias-primas, apesar do aumento dos pre\u00e7os devido \u00e0 guerra na Ucr\u00e2nia, levaram \u00e0 infla\u00e7\u00e3o em 2022.\u00a0<\/span><\/p>\n<p><span style=\"font-weight: 400;\">O\u00a0<\/span><a href=\"https:\/\/www.imf.org\/en\/Publications\/WEO\/Issues\/2022\/04\/19\/world-economic-outlook-april-2022\" target=\"_blank\" rel=\"noopener\"><span style=\"font-weight: 400;\">World Economic Outlook<\/span><\/a><span style=\"font-weight: 400;\">\u00a0prev\u00ea que o crescimento econ\u00f4mico global desacelerar\u00e1 de 6,1% em 2021 para 3,6% em 2022 e 2023.\u00a0<\/span><\/p>\n<p><span style=\"font-weight: 400;\">Al\u00e9m da invas\u00e3o russa da Ucr\u00e2nia, as consequ\u00eancias da covid-19 se somam \u00e0s preocupa\u00e7\u00f5es de uma recess\u00e3o global. <\/span><span style=\"font-weight: 400;\">Embora muitas partes do mundo estejam saindo da fase cr\u00edtica da pandemia, o fechamento de f\u00e1bricas e centros comerciais na <\/span><a href=\"https:\/\/www.vox.com\/future-perfect\/23057000\/beijing-covid-zero-lockdown-china-pandemic\" target=\"_blank\" rel=\"noopener\"><span style=\"font-weight: 400;\">China <\/span><\/a><span style=\"font-weight: 400;\">pode contribuir para essas interrup\u00e7\u00f5es econ\u00f4micas em outros lugares.<\/span><span style=\"font-weight: 400;\">\u00a0<\/span><\/p>\n<p><span style=\"font-weight: 400;\">Al\u00e9m dos desafios imediatos da guerra e da pandemia, os formuladores de pol\u00edticas n\u00e3o devem perder de vista os objetivos de longo prazo. As interrup\u00e7\u00f5es pand\u00eamicas t\u00eam demonstrado a produtividade de novas formas de lidar com as crises econ\u00f4micas.\u00a0<\/span><\/p>\n<p><span style=\"font-weight: 400;\">A FUNIBER promove estudos na \u00e1rea econ\u00f4mica, tais como os seguintes programas:\u00a0<\/span><\/p>\n<ul>\n<li><a href=\"https:\/\/www.funiber.org.br\/mestrado-gestao-publica-lideranca\" hreflang=\"pt-br\">Mestrado em Gest\u00e3o P\u00fablica e Lideran\u00e7a<\/a><\/li>\n<li><a href=\"https:\/\/www.funiber.org.br\/mestrado-internacional-em-ciencias-politicas\" hreflang=\"pt-br\">Mestrado Internacional em Ci\u00eancias Pol\u00edticas<\/a><\/li>\n<li><a href=\"https:\/\/www.funiber.org.br\/mestrado-em-direito-e-negocios-internacionais\" hreflang=\"pt-br\">Mestrado em Direito e Neg\u00f3cios Internacionais<\/a><\/li>\n<\/ul>\n<p><span style=\"font-weight: 400;\">\u00a0<\/span><\/p>\n<p><span style=\"font-weight: 400;\">Fontes:<\/span><\/p>\n<p><span style=\"font-weight: 400;\">World Economic Outlook:\u00a0<\/span><a href=\"https:\/\/www.weforum.org\/events\/world-economic-forum-annual-meeting-2022\/sessions\/global-economic-outlook-b74f6da303\" target=\"_blank\" rel=\"noopener\"><span style=\"font-weight: 400;\">Global Economic Outlook<\/span><\/a><\/p>\n<p><span style=\"font-weight: 400;\">International Monetary Fund:\u00a0<\/span><a href=\"https:\/\/www.imf.org\/en\/Publications\/WEO#:~:text=Description%3A%20Global%20growth%20is%20projected%20to%20rise%20from%20an%20estimated,World%20Economic%20Outlook%20(WEO)\"><span style=\"font-weight: 400;\">\u201cWorld Economic Outlook\u201d<\/span><\/a><\/p>\n<p><span style=\"font-weight: 400;\">International Monetary Fund:\u00a0<\/span><a href=\"https:\/\/www.imf.org\/en\/Publications\/WEO\/Issues\/2022\/04\/19\/world-economic-outlook-april-2022\" target=\"_blank\" rel=\"noopener\"><span style=\"font-weight: 400;\">\u00a8World Economic Outlook April 2022: War sets back the global recovery\u201d<\/span><\/a><\/p>\n<p><span style=\"font-weight: 400;\">Vox:\u00a0<\/span><a href=\"https:\/\/www.vox.com\/future-perfect\/23057000\/beijing-covid-zero-lockdown-china-pandemic\" target=\"_blank\" rel=\"noopener\"><span style=\"font-weight: 400;\">\u201cThe developing Covid crisis in Beijing, explained\u201d<\/span><\/a><\/p>\n<p><span style=\"font-weight: 400;\">\u00a0<\/span><\/p>\n<p><span style=\"font-weight: 400;\">Fotos: Todos os direitos<\/span><\/p>\n","protected":false},"excerpt":{"rendered":"<p>Considerando a guerra na Ucr\u00e2nia e os efeitos da pandemia na economia global, a grande quest\u00e3o na previs\u00e3o econ\u00f4mica \u00e9 se uma recess\u00e3o global est\u00e1 por vir.\u00a0\u00a0<\/p>\n","protected":false},"author":10,"featured_media":26420,"comment_status":"closed","ping_status":"closed","sticky":false,"template":"","format":"standard","meta":{"jetpack_post_was_ever_published":false,"_jetpack_newsletter_access":"","_jetpack_newsletter_tier_id":0,"footnotes":"","jetpack_publicize_message":"","jetpack_is_tweetstorm":false,"jetpack_publicize_feature_enabled":true,"jetpack_social_post_already_shared":true,"jetpack_social_options":{"image_generator_settings":{"template":"highway","enabled":false}}},"categories":[8],"tags":[1242,855,114,285,408,119,248,911,744,363,671,641,255,6035,266,7853,7851,7852],"jetpack_publicize_connections":[],"yoast_head":"<!-- This site is optimized with the Yoast SEO plugin v21.7 - https:\/\/yoast.com\/wordpress\/plugins\/seo\/ -->\n<title>Recess\u00e3o global que se aproxima<\/title>\n<meta name=\"description\" content=\"Considerando a guerra na Ucr\u00e2nia e os efeitos da pandemia na economia global, a grande quest\u00e3o na previs\u00e3o econ\u00f4mica \u00e9 se uma recess\u00e3o global est\u00e1 por vir.\u00a0\u00a0\" \/>\n<meta name=\"robots\" content=\"index, follow, max-snippet:-1, max-image-preview:large, max-video-preview:-1\" \/>\n<link rel=\"canonical\" href=\"https:\/\/blogs.funiber.org\/pt\/empresas-e-rh\/2022\/06\/10\/funiber-recessao-global\" \/>\n<meta property=\"og:locale\" content=\"pt_BR\" \/>\n<meta property=\"og:type\" content=\"article\" \/>\n<meta property=\"og:title\" content=\"Recess\u00e3o global que se aproxima\" \/>\n<meta property=\"og:description\" content=\"Considerando a guerra na Ucr\u00e2nia e os efeitos da pandemia na economia global, a grande quest\u00e3o na previs\u00e3o econ\u00f4mica \u00e9 se uma recess\u00e3o global est\u00e1 por vir.\u00a0\u00a0\" \/>\n<meta property=\"og:url\" content=\"https:\/\/blogs.funiber.org\/pt\/empresas-e-rh\/2022\/06\/10\/funiber-recessao-global\" \/>\n<meta property=\"og:site_name\" content=\"FuniBlogs - FUNIBER\" \/>\n<meta property=\"article:publisher\" content=\"https:\/\/www.facebook.com\/funiber\" \/>\n<meta property=\"article:published_time\" content=\"2022-06-10T11:08:04+00:00\" \/>\n<meta property=\"article:modified_time\" content=\"2022-06-14T11:11:50+00:00\" \/>\n<meta property=\"og:image\" content=\"https:\/\/blogs.funiber.org\/pt\/wp-content\/uploads\/2022\/06\/funiber-recessao-global.jpg\" \/>\n\t<meta property=\"og:image:width\" content=\"570\" \/>\n\t<meta property=\"og:image:height\" content=\"350\" \/>\n\t<meta property=\"og:image:type\" content=\"image\/jpeg\" \/>\n<meta name=\"author\" content=\"Michelle\" \/>\n<meta name=\"twitter:card\" content=\"summary_large_image\" \/>\n<meta name=\"twitter:creator\" content=\"@FUNIBER\" \/>\n<meta name=\"twitter:site\" content=\"@FUNIBER\" \/>\n<meta name=\"twitter:label1\" content=\"Escrito por\" \/>\n\t<meta name=\"twitter:data1\" content=\"Michelle\" \/>\n\t<meta name=\"twitter:label2\" content=\"Est. tempo de leitura\" \/>\n\t<meta name=\"twitter:data2\" content=\"2 minutos\" \/>\n<script type=\"application\/ld+json\" class=\"yoast-schema-graph\">{\"@context\":\"https:\/\/schema.org\",\"@graph\":[{\"@type\":\"Article\",\"@id\":\"https:\/\/blogs.funiber.org\/pt\/empresas-e-rh\/2022\/06\/10\/funiber-recessao-global#article\",\"isPartOf\":{\"@id\":\"https:\/\/blogs.funiber.org\/pt\/empresas-e-rh\/2022\/06\/10\/funiber-recessao-global\"},\"author\":{\"name\":\"Michelle\",\"@id\":\"https:\/\/blogs.funiber.org\/pt\/#\/schema\/person\/a1eaaa5e57eac866a8c5946946bcf80d\"},\"headline\":\"Recess\u00e3o global que se aproxima\",\"datePublished\":\"2022-06-10T11:08:04+00:00\",\"dateModified\":\"2022-06-14T11:11:50+00:00\",\"mainEntityOfPage\":{\"@id\":\"https:\/\/blogs.funiber.org\/pt\/empresas-e-rh\/2022\/06\/10\/funiber-recessao-global\"},\"wordCount\":327,\"publisher\":{\"@id\":\"https:\/\/blogs.funiber.org\/pt\/#organization\"},\"keywords\":[\"Bolsas\",\"Doutorado\",\"Economia\",\"Educa\u00e7\u00e3o\",\"Educa\u00e7\u00e3o a Dist\u00e2ncia\",\"Estudos\",\"Funiber\",\"FUNIBER Opini\u00f5es\",\"Internacional\",\"Mercado\",\"mestrado\",\"Opini\u00e3o FUNIBER\",\"Opini\u00f5es Funiber\",\"pandemia\",\"Pesquisas\",\"previs\u00e3o econ\u00f4mica\",\"recess\u00e3o\",\"recess\u00e3o global\"],\"articleSection\":[\"Empresas, Dire\u00e7\u00e3o e RH\"],\"inLanguage\":\"pt-BR\"},{\"@type\":\"WebPage\",\"@id\":\"https:\/\/blogs.funiber.org\/pt\/empresas-e-rh\/2022\/06\/10\/funiber-recessao-global\",\"url\":\"https:\/\/blogs.funiber.org\/pt\/empresas-e-rh\/2022\/06\/10\/funiber-recessao-global\",\"name\":\"Recess\u00e3o global que se aproxima\",\"isPartOf\":{\"@id\":\"https:\/\/blogs.funiber.org\/pt\/#website\"},\"datePublished\":\"2022-06-10T11:08:04+00:00\",\"dateModified\":\"2022-06-14T11:11:50+00:00\",\"description\":\"Considerando a guerra na Ucr\u00e2nia e os efeitos da pandemia na economia global, a grande quest\u00e3o na previs\u00e3o econ\u00f4mica \u00e9 se uma recess\u00e3o global est\u00e1 por vir.\u00a0\u00a0\",\"breadcrumb\":{\"@id\":\"https:\/\/blogs.funiber.org\/pt\/empresas-e-rh\/2022\/06\/10\/funiber-recessao-global#breadcrumb\"},\"inLanguage\":\"pt-BR\",\"potentialAction\":[{\"@type\":\"ReadAction\",\"target\":[\"https:\/\/blogs.funiber.org\/pt\/empresas-e-rh\/2022\/06\/10\/funiber-recessao-global\"]}]},{\"@type\":\"BreadcrumbList\",\"@id\":\"https:\/\/blogs.funiber.org\/pt\/empresas-e-rh\/2022\/06\/10\/funiber-recessao-global#breadcrumb\",\"itemListElement\":[{\"@type\":\"ListItem\",\"position\":1,\"name\":\"In\u00edcio\",\"item\":\"https:\/\/blogs.funiber.org\/pt\"},{\"@type\":\"ListItem\",\"position\":2,\"name\":\"Recess\u00e3o global que se aproxima\"}]},{\"@type\":\"WebSite\",\"@id\":\"https:\/\/blogs.funiber.org\/pt\/#website\",\"url\":\"https:\/\/blogs.funiber.org\/pt\/\",\"name\":\"FuniBlogs - FUNIBER\",\"description\":\"\",\"publisher\":{\"@id\":\"https:\/\/blogs.funiber.org\/pt\/#organization\"},\"potentialAction\":[{\"@type\":\"SearchAction\",\"target\":{\"@type\":\"EntryPoint\",\"urlTemplate\":\"https:\/\/blogs.funiber.org\/pt\/?s={search_term_string}\"},\"query-input\":\"required name=search_term_string\"}],\"inLanguage\":\"pt-BR\"},{\"@type\":\"Organization\",\"@id\":\"https:\/\/blogs.funiber.org\/pt\/#organization\",\"name\":\"FuniBlogs - FUNIBER\",\"url\":\"https:\/\/blogs.funiber.org\/pt\/\",\"logo\":{\"@type\":\"ImageObject\",\"inLanguage\":\"pt-BR\",\"@id\":\"https:\/\/blogs.funiber.org\/pt\/#\/schema\/logo\/image\/\",\"url\":\"https:\/\/www.funiber.blog\/pt\/wp-content\/uploads\/2022\/02\/logo-funiber-pt-br-v-dos.svg\",\"contentUrl\":\"https:\/\/www.funiber.blog\/pt\/wp-content\/uploads\/2022\/02\/logo-funiber-pt-br-v-dos.svg\",\"width\":1,\"height\":1,\"caption\":\"FuniBlogs - FUNIBER\"},\"image\":{\"@id\":\"https:\/\/blogs.funiber.org\/pt\/#\/schema\/logo\/image\/\"},\"sameAs\":[\"https:\/\/www.facebook.com\/funiber\",\"https:\/\/twitter.com\/FUNIBER\",\"https:\/\/www.instagram.com\/funiber_becas\",\"https:\/\/www.youtube.com\/user\/funiber\",\"https:\/\/www.linkedin.com\/company\/funiber\"]},{\"@type\":\"Person\",\"@id\":\"https:\/\/blogs.funiber.org\/pt\/#\/schema\/person\/a1eaaa5e57eac866a8c5946946bcf80d\",\"name\":\"Michelle\",\"image\":{\"@type\":\"ImageObject\",\"inLanguage\":\"pt-BR\",\"@id\":\"https:\/\/blogs.funiber.org\/pt\/#\/schema\/person\/image\/\",\"url\":\"https:\/\/secure.gravatar.com\/avatar\/5e87041f7609dc50493cf216754fece1?s=96&d=mm&r=g\",\"contentUrl\":\"https:\/\/secure.gravatar.com\/avatar\/5e87041f7609dc50493cf216754fece1?s=96&d=mm&r=g\",\"caption\":\"Michelle\"},\"url\":\"https:\/\/www.funiber.blog\/pt\/author\/michelle-moreira\"}]}<\/script>\n<!-- \/ Yoast SEO plugin. -->","yoast_head_json":{"title":"Recess\u00e3o global que se aproxima","description":"Considerando a guerra na Ucr\u00e2nia e os efeitos da pandemia na economia global, a grande quest\u00e3o na previs\u00e3o econ\u00f4mica \u00e9 se uma recess\u00e3o global est\u00e1 por vir.\u00a0\u00a0","robots":{"index":"index","follow":"follow","max-snippet":"max-snippet:-1","max-image-preview":"max-image-preview:large","max-video-preview":"max-video-preview:-1"},"canonical":"https:\/\/blogs.funiber.org\/pt\/empresas-e-rh\/2022\/06\/10\/funiber-recessao-global","og_locale":"pt_BR","og_type":"article","og_title":"Recess\u00e3o global que se aproxima","og_description":"Considerando a guerra na Ucr\u00e2nia e os efeitos da pandemia na economia global, a grande quest\u00e3o na previs\u00e3o econ\u00f4mica \u00e9 se uma recess\u00e3o global est\u00e1 por vir.\u00a0\u00a0","og_url":"https:\/\/blogs.funiber.org\/pt\/empresas-e-rh\/2022\/06\/10\/funiber-recessao-global","og_site_name":"FuniBlogs - FUNIBER","article_publisher":"https:\/\/www.facebook.com\/funiber","article_published_time":"2022-06-10T11:08:04+00:00","article_modified_time":"2022-06-14T11:11:50+00:00","og_image":[{"width":570,"height":350,"url":"https:\/\/blogs.funiber.org\/pt\/wp-content\/uploads\/2022\/06\/funiber-recessao-global.jpg","type":"image\/jpeg"}],"author":"Michelle","twitter_card":"summary_large_image","twitter_creator":"@FUNIBER","twitter_site":"@FUNIBER","twitter_misc":{"Escrito por":"Michelle","Est. tempo de leitura":"2 minutos"},"schema":{"@context":"https:\/\/schema.org","@graph":[{"@type":"Article","@id":"https:\/\/blogs.funiber.org\/pt\/empresas-e-rh\/2022\/06\/10\/funiber-recessao-global#article","isPartOf":{"@id":"https:\/\/blogs.funiber.org\/pt\/empresas-e-rh\/2022\/06\/10\/funiber-recessao-global"},"author":{"name":"Michelle","@id":"https:\/\/blogs.funiber.org\/pt\/#\/schema\/person\/a1eaaa5e57eac866a8c5946946bcf80d"},"headline":"Recess\u00e3o global que se aproxima","datePublished":"2022-06-10T11:08:04+00:00","dateModified":"2022-06-14T11:11:50+00:00","mainEntityOfPage":{"@id":"https:\/\/blogs.funiber.org\/pt\/empresas-e-rh\/2022\/06\/10\/funiber-recessao-global"},"wordCount":327,"publisher":{"@id":"https:\/\/blogs.funiber.org\/pt\/#organization"},"keywords":["Bolsas","Doutorado","Economia","Educa\u00e7\u00e3o","Educa\u00e7\u00e3o a Dist\u00e2ncia","Estudos","Funiber","FUNIBER Opini\u00f5es","Internacional","Mercado","mestrado","Opini\u00e3o FUNIBER","Opini\u00f5es Funiber","pandemia","Pesquisas","previs\u00e3o econ\u00f4mica","recess\u00e3o","recess\u00e3o global"],"articleSection":["Empresas, Dire\u00e7\u00e3o e RH"],"inLanguage":"pt-BR"},{"@type":"WebPage","@id":"https:\/\/blogs.funiber.org\/pt\/empresas-e-rh\/2022\/06\/10\/funiber-recessao-global","url":"https:\/\/blogs.funiber.org\/pt\/empresas-e-rh\/2022\/06\/10\/funiber-recessao-global","name":"Recess\u00e3o global que se aproxima","isPartOf":{"@id":"https:\/\/blogs.funiber.org\/pt\/#website"},"datePublished":"2022-06-10T11:08:04+00:00","dateModified":"2022-06-14T11:11:50+00:00","description":"Considerando a guerra na Ucr\u00e2nia e os efeitos da pandemia na economia global, a grande quest\u00e3o na previs\u00e3o econ\u00f4mica \u00e9 se uma recess\u00e3o global est\u00e1 por vir.\u00a0\u00a0","breadcrumb":{"@id":"https:\/\/blogs.funiber.org\/pt\/empresas-e-rh\/2022\/06\/10\/funiber-recessao-global#breadcrumb"},"inLanguage":"pt-BR","potentialAction":[{"@type":"ReadAction","target":["https:\/\/blogs.funiber.org\/pt\/empresas-e-rh\/2022\/06\/10\/funiber-recessao-global"]}]},{"@type":"BreadcrumbList","@id":"https:\/\/blogs.funiber.org\/pt\/empresas-e-rh\/2022\/06\/10\/funiber-recessao-global#breadcrumb","itemListElement":[{"@type":"ListItem","position":1,"name":"In\u00edcio","item":"https:\/\/blogs.funiber.org\/pt"},{"@type":"ListItem","position":2,"name":"Recess\u00e3o global que se aproxima"}]},{"@type":"WebSite","@id":"https:\/\/blogs.funiber.org\/pt\/#website","url":"https:\/\/blogs.funiber.org\/pt\/","name":"FuniBlogs - FUNIBER","description":"","publisher":{"@id":"https:\/\/blogs.funiber.org\/pt\/#organization"},"potentialAction":[{"@type":"SearchAction","target":{"@type":"EntryPoint","urlTemplate":"https:\/\/blogs.funiber.org\/pt\/?s={search_term_string}"},"query-input":"required name=search_term_string"}],"inLanguage":"pt-BR"},{"@type":"Organization","@id":"https:\/\/blogs.funiber.org\/pt\/#organization","name":"FuniBlogs - FUNIBER","url":"https:\/\/blogs.funiber.org\/pt\/","logo":{"@type":"ImageObject","inLanguage":"pt-BR","@id":"https:\/\/blogs.funiber.org\/pt\/#\/schema\/logo\/image\/","url":"https:\/\/www.funiber.blog\/pt\/wp-content\/uploads\/2022\/02\/logo-funiber-pt-br-v-dos.svg","contentUrl":"https:\/\/www.funiber.blog\/pt\/wp-content\/uploads\/2022\/02\/logo-funiber-pt-br-v-dos.svg","width":1,"height":1,"caption":"FuniBlogs - FUNIBER"},"image":{"@id":"https:\/\/blogs.funiber.org\/pt\/#\/schema\/logo\/image\/"},"sameAs":["https:\/\/www.facebook.com\/funiber","https:\/\/twitter.com\/FUNIBER","https:\/\/www.instagram.com\/funiber_becas","https:\/\/www.youtube.com\/user\/funiber","https:\/\/www.linkedin.com\/company\/funiber"]},{"@type":"Person","@id":"https:\/\/blogs.funiber.org\/pt\/#\/schema\/person\/a1eaaa5e57eac866a8c5946946bcf80d","name":"Michelle","image":{"@type":"ImageObject","inLanguage":"pt-BR","@id":"https:\/\/blogs.funiber.org\/pt\/#\/schema\/person\/image\/","url":"https:\/\/secure.gravatar.com\/avatar\/5e87041f7609dc50493cf216754fece1?s=96&d=mm&r=g","contentUrl":"https:\/\/secure.gravatar.com\/avatar\/5e87041f7609dc50493cf216754fece1?s=96&d=mm&r=g","caption":"Michelle"},"url":"https:\/\/www.funiber.blog\/pt\/author\/michelle-moreira"}]}},"jetpack_featured_media_url":"https:\/\/www.funiber.blog\/pt\/wp-content\/uploads\/2022\/06\/funiber-recessao-global.jpg","jetpack_shortlink":"https:\/\/wp.me\/p7ee1t-6S7","jetpack_sharing_enabled":true,"_links":{"self":[{"href":"https:\/\/www.funiber.blog\/pt\/wp-json\/wp\/v2\/posts\/26419"}],"collection":[{"href":"https:\/\/www.funiber.blog\/pt\/wp-json\/wp\/v2\/posts"}],"about":[{"href":"https:\/\/www.funiber.blog\/pt\/wp-json\/wp\/v2\/types\/post"}],"author":[{"embeddable":true,"href":"https:\/\/www.funiber.blog\/pt\/wp-json\/wp\/v2\/users\/10"}],"replies":[{"embeddable":true,"href":"https:\/\/www.funiber.blog\/pt\/wp-json\/wp\/v2\/comments?post=26419"}],"version-history":[{"count":1,"href":"https:\/\/www.funiber.blog\/pt\/wp-json\/wp\/v2\/posts\/26419\/revisions"}],"predecessor-version":[{"id":26421,"href":"https:\/\/www.funiber.blog\/pt\/wp-json\/wp\/v2\/posts\/26419\/revisions\/26421"}],"wp:featuredmedia":[{"embeddable":true,"href":"https:\/\/www.funiber.blog\/pt\/wp-json\/wp\/v2\/media\/26420"}],"wp:attachment":[{"href":"https:\/\/www.funiber.blog\/pt\/wp-json\/wp\/v2\/media?parent=26419"}],"wp:term":[{"taxonomy":"category","embeddable":true,"href":"https:\/\/www.funiber.blog\/pt\/wp-json\/wp\/v2\/categories?post=26419"},{"taxonomy":"post_tag","embeddable":true,"href":"https:\/\/www.funiber.blog\/pt\/wp-json\/wp\/v2\/tags?post=26419"}],"curies":[{"name":"wp","href":"https:\/\/api.w.org\/{rel}","templated":true}]}}