{"id":26543,"date":"2022-07-08T05:00:12","date_gmt":"2022-07-08T10:00:12","guid":{"rendered":"https:\/\/blogs.funiber.org\/pt\/?p=26543"},"modified":"2022-07-11T05:19:38","modified_gmt":"2022-07-11T10:19:38","slug":"funiber-violencia-genero-2","status":"publish","type":"post","link":"https:\/\/www.funiber.blog\/pt\/formacao-professores\/2022\/07\/08\/funiber-violencia-genero-2","title":{"rendered":"Como combater a viol\u00eancia de g\u00eanero em adolescentes?"},"content":{"rendered":"<h2>O problema da viol\u00eancia de g\u00eanero na adolesc\u00eancia \u00e9 apenas o in\u00edcio da viol\u00eancia contra mulheres de todas as idades.<\/h2>\n<p><!--more--><\/p>\n<p><strong>Viol\u00eancia de g\u00eanero: um problema global<\/strong><\/p>\n<p>O problema da viol\u00eancia de g\u00eanero, mais especificamente das mulheres, n\u00e3o \u00e9 um problema de um s\u00f3 lugar. Infelizmente, dados do Escrit\u00f3rio das Na\u00e7\u00f5es Unidas sobre Drogas e Crime mostram que \u201ccerca de 81.000 mulheres e meninas foram assassinadas em 2020, cerca de 47.000 delas (58%), nas m\u00e3os de seus parceiros ou familiares. Isso equivale a uma mulher ou menina morta a cada 11 minutos por conhecidos e, em geral, a uma mulher ou menina morta a cada 6 minutos e meio\u201d (El Pa\u00eds, 2022).<\/p>\n<p><strong>A presen\u00e7a de viol\u00eancia sexista em adolescentes<\/strong><\/p>\n<p>Embora seja claro que a sujei\u00e7\u00e3o das mulheres \u00e0 viol\u00eancia de g\u00eanero n\u00e3o seja nova ou incomum, n\u00e3o deve ser normalizada ou ignorada de forma alguma. Ainda mais agora que o n\u00famero de v\u00edtimas mais jovens est\u00e1 aumentando. De acordo com o artigo \u201cA viol\u00eancia sexista entre adolescentes est\u00e1 aumentando, o que podemos fazer?\u201d 24% das mulheres entre 15 e 19 anos sofreram esse tipo de viol\u00eancia (L\u00f3pez, 2022).<\/p>\n<p>Apesar do aumento de sua preval\u00eancia na adolesc\u00eancia, h\u00e1 tamb\u00e9m uma parcela da juventude que nega sua exist\u00eancia. De acordo com o mesmo artigo, os negadores, que incluem homens e mulheres, acreditam que a viol\u00eancia do parceiro \u00e9 normal e inevit\u00e1vel (L\u00f3pez, 2022).<\/p>\n<p><strong>Como a educa\u00e7\u00e3o pode ser usada para prevenir e combater o problema<\/strong><\/p>\n<p>Como muitas outras quest\u00f5es, a educa\u00e7\u00e3o sobre um t\u00f3pico pode ser usada como uma ferramenta para conscientizar, informar mentes impression\u00e1veis \u200b\u200be, esperan\u00e7osamente, combater ou resolver o problema em si.<\/p>\n<p>Um dos primeiros passos para atingir esses objetivos mencionados \u00e9 a introdu\u00e7\u00e3o de temas sobre g\u00eanero e viol\u00eancia de g\u00eanero nos primeiros anos de escolaridade. No entanto, antes mesmo de fazer isso, os pr\u00f3prios educadores devem ter amplo conhecimento sobre o assunto.<\/p>\n<p>Isabel Tajauerce, m\u00e9dica e professora da Faculdade de Ci\u00eancias da Informa\u00e7\u00e3o da Universidade Complutense de Madrid, afirma que \u201csem forma\u00e7\u00e3o n\u00e3o se pode trabalhar a viol\u00eancia de g\u00e9nero. N\u00e3o basta sensibilidade, \u00e9 preciso conhecimento\u00bb (Educa\u00e7\u00e3o 3.0, 2022).<\/p>\n<p>A <a href=\"http:\/\/www.funiber.org.br\" target=\"_blank\" rel=\"noopener\">FUNIBER<\/a> oferece bolsas de estudo para uma forma\u00e7\u00e3o ampla e atualizada na \u00e1rea da educa\u00e7\u00e3o na <a href=\"https:\/\/www.funiber.org.br\/mestrados-formacao-professores\" target=\"_blank\" rel=\"noopener\">\u00c1rea de Forma\u00e7\u00e3o de Professores<\/a>.<\/p>\n<p>Fontes:<\/p>\n<p><a href=\"https:\/\/www.educaciontrespuntocero.com\/noticias\/violencia-machista-que-hacer\/\" target=\"_blank\" rel=\"noopener\">Aumenta la violencia machista entre los adolescentes, \u00bfqu\u00e9 podemos hacer?<\/a><\/p>\n<p><a href=\"https:\/\/elpais.com\/planeta-futuro\/red-de-expertos\/2022-07-04\/el-clamor-global-de-las-mujeres-queremos-erradicar-la-violencia-de-genero.html?rel=buscador_noticias\" target=\"_blank\" rel=\"noopener\">El clamor global de las mujeres: queremos erradicar la violencia de g\u00e9nero<\/a><\/p>\n<p>Foto: Todos os direitos reservados<\/p>\n","protected":false},"excerpt":{"rendered":"<p>O problema da viol\u00eancia de g\u00eanero na adolesc\u00eancia \u00e9 apenas o in\u00edcio da viol\u00eancia contra mulheres de todas as idades.<\/p>\n","protected":false},"author":10,"featured_media":26544,"comment_status":"closed","ping_status":"closed","sticky":false,"template":"","format":"standard","meta":{"jetpack_post_was_ever_published":false,"_jetpack_newsletter_access":"","_jetpack_newsletter_tier_id":0,"footnotes":"","jetpack_publicize_message":"","jetpack_is_tweetstorm":false,"jetpack_publicize_feature_enabled":true,"jetpack_social_post_already_shared":true,"jetpack_social_options":{"image_generator_settings":{"template":"highway","enabled":false}}},"categories":[5],"tags":[893,1242,855,285,408,131,119,686,248,911,559,671,641,255,132,61,1438],"jetpack_publicize_connections":[],"yoast_head":"<!-- This site is optimized with the Yoast SEO plugin v21.7 - https:\/\/yoast.com\/wordpress\/plugins\/seo\/ -->\n<title>Como combater a viol\u00eancia de g\u00eanero em adolescentes?<\/title>\n<meta name=\"description\" content=\"O problema da viol\u00eancia de g\u00eanero na adolesc\u00eancia \u00e9 apenas o in\u00edcio da viol\u00eancia contra mulheres de todas as idades.\" \/>\n<meta name=\"robots\" content=\"noindex, nofollow\" \/>\n<meta property=\"og:locale\" content=\"pt_BR\" \/>\n<meta property=\"og:type\" content=\"article\" \/>\n<meta property=\"og:title\" content=\"Como combater a viol\u00eancia de g\u00eanero em adolescentes?\" \/>\n<meta property=\"og:description\" content=\"O problema da viol\u00eancia de g\u00eanero na adolesc\u00eancia \u00e9 apenas o in\u00edcio da viol\u00eancia contra mulheres de todas as idades.\" \/>\n<meta property=\"og:url\" content=\"https:\/\/blogs.funiber.org\/pt\/formacao-professores\/2022\/07\/08\/funiber-violencia-genero-2\" \/>\n<meta property=\"og:site_name\" content=\"FuniBlogs - FUNIBER\" \/>\n<meta property=\"article:publisher\" content=\"https:\/\/www.facebook.com\/funiber\" \/>\n<meta property=\"article:published_time\" content=\"2022-07-08T10:00:12+00:00\" \/>\n<meta property=\"article:modified_time\" content=\"2022-07-11T10:19:38+00:00\" \/>\n<meta property=\"og:image\" content=\"https:\/\/blogs.funiber.org\/pt\/wp-content\/uploads\/2022\/07\/funiber-violencia-genero.jpg\" \/>\n\t<meta property=\"og:image:width\" content=\"570\" \/>\n\t<meta property=\"og:image:height\" content=\"350\" \/>\n\t<meta property=\"og:image:type\" content=\"image\/jpeg\" \/>\n<meta name=\"author\" content=\"Michelle\" \/>\n<meta name=\"twitter:card\" content=\"summary_large_image\" \/>\n<meta name=\"twitter:creator\" content=\"@FUNIBER\" \/>\n<meta name=\"twitter:site\" content=\"@FUNIBER\" \/>\n<meta name=\"twitter:label1\" content=\"Escrito por\" \/>\n\t<meta name=\"twitter:data1\" content=\"Michelle\" \/>\n\t<meta name=\"twitter:label2\" content=\"Est. tempo de leitura\" \/>\n\t<meta name=\"twitter:data2\" content=\"2 minutos\" \/>\n<script type=\"application\/ld+json\" class=\"yoast-schema-graph\">{\"@context\":\"https:\/\/schema.org\",\"@graph\":[{\"@type\":\"Article\",\"@id\":\"https:\/\/blogs.funiber.org\/pt\/formacao-professores\/2022\/07\/08\/funiber-violencia-genero-2#article\",\"isPartOf\":{\"@id\":\"https:\/\/blogs.funiber.org\/pt\/formacao-professores\/2022\/07\/08\/funiber-violencia-genero-2\"},\"author\":{\"name\":\"Michelle\",\"@id\":\"https:\/\/blogs.funiber.org\/pt\/#\/schema\/person\/a1eaaa5e57eac866a8c5946946bcf80d\"},\"headline\":\"Como combater a viol\u00eancia de g\u00eanero em adolescentes?\",\"datePublished\":\"2022-07-08T10:00:12+00:00\",\"dateModified\":\"2022-07-11T10:19:38+00:00\",\"mainEntityOfPage\":{\"@id\":\"https:\/\/blogs.funiber.org\/pt\/formacao-professores\/2022\/07\/08\/funiber-violencia-genero-2\"},\"wordCount\":447,\"publisher\":{\"@id\":\"https:\/\/blogs.funiber.org\/pt\/#organization\"},\"keywords\":[\"Adolesc\u00eancia\",\"Bolsas\",\"Doutorado\",\"Educa\u00e7\u00e3o\",\"Educa\u00e7\u00e3o a Dist\u00e2ncia\",\"Ensino\",\"Estudos\",\"Forma\u00e7\u00e3o de Professores\",\"Funiber\",\"FUNIBER Opini\u00f5es\",\"G\u00eanero\",\"mestrado\",\"Opini\u00e3o FUNIBER\",\"Opini\u00f5es Funiber\",\"Preven\u00e7\u00e3o\",\"Redes Sociais\",\"Viol\u00eancia\"],\"articleSection\":[\"Educa\u00e7\u00e3o,\u00a0Forma\u00e7\u00e3o Professores\"],\"inLanguage\":\"pt-BR\"},{\"@type\":\"WebPage\",\"@id\":\"https:\/\/blogs.funiber.org\/pt\/formacao-professores\/2022\/07\/08\/funiber-violencia-genero-2\",\"url\":\"https:\/\/blogs.funiber.org\/pt\/formacao-professores\/2022\/07\/08\/funiber-violencia-genero-2\",\"name\":\"Como combater a viol\u00eancia de g\u00eanero em adolescentes?\",\"isPartOf\":{\"@id\":\"https:\/\/blogs.funiber.org\/pt\/#website\"},\"datePublished\":\"2022-07-08T10:00:12+00:00\",\"dateModified\":\"2022-07-11T10:19:38+00:00\",\"description\":\"O problema da viol\u00eancia de g\u00eanero na adolesc\u00eancia \u00e9 apenas o in\u00edcio da viol\u00eancia contra mulheres de todas as idades.\",\"breadcrumb\":{\"@id\":\"https:\/\/blogs.funiber.org\/pt\/formacao-professores\/2022\/07\/08\/funiber-violencia-genero-2#breadcrumb\"},\"inLanguage\":\"pt-BR\",\"potentialAction\":[{\"@type\":\"ReadAction\",\"target\":[\"https:\/\/blogs.funiber.org\/pt\/formacao-professores\/2022\/07\/08\/funiber-violencia-genero-2\"]}]},{\"@type\":\"BreadcrumbList\",\"@id\":\"https:\/\/blogs.funiber.org\/pt\/formacao-professores\/2022\/07\/08\/funiber-violencia-genero-2#breadcrumb\",\"itemListElement\":[{\"@type\":\"ListItem\",\"position\":1,\"name\":\"In\u00edcio\",\"item\":\"https:\/\/blogs.funiber.org\/pt\"},{\"@type\":\"ListItem\",\"position\":2,\"name\":\"Como combater a viol\u00eancia de g\u00eanero em adolescentes?\"}]},{\"@type\":\"WebSite\",\"@id\":\"https:\/\/blogs.funiber.org\/pt\/#website\",\"url\":\"https:\/\/blogs.funiber.org\/pt\/\",\"name\":\"FuniBlogs - FUNIBER\",\"description\":\"\",\"publisher\":{\"@id\":\"https:\/\/blogs.funiber.org\/pt\/#organization\"},\"potentialAction\":[{\"@type\":\"SearchAction\",\"target\":{\"@type\":\"EntryPoint\",\"urlTemplate\":\"https:\/\/blogs.funiber.org\/pt\/?s={search_term_string}\"},\"query-input\":\"required name=search_term_string\"}],\"inLanguage\":\"pt-BR\"},{\"@type\":\"Organization\",\"@id\":\"https:\/\/blogs.funiber.org\/pt\/#organization\",\"name\":\"FuniBlogs - FUNIBER\",\"url\":\"https:\/\/blogs.funiber.org\/pt\/\",\"logo\":{\"@type\":\"ImageObject\",\"inLanguage\":\"pt-BR\",\"@id\":\"https:\/\/blogs.funiber.org\/pt\/#\/schema\/logo\/image\/\",\"url\":\"https:\/\/www.funiber.blog\/pt\/wp-content\/uploads\/2022\/02\/logo-funiber-pt-br-v-dos.svg\",\"contentUrl\":\"https:\/\/www.funiber.blog\/pt\/wp-content\/uploads\/2022\/02\/logo-funiber-pt-br-v-dos.svg\",\"width\":1,\"height\":1,\"caption\":\"FuniBlogs - FUNIBER\"},\"image\":{\"@id\":\"https:\/\/blogs.funiber.org\/pt\/#\/schema\/logo\/image\/\"},\"sameAs\":[\"https:\/\/www.facebook.com\/funiber\",\"https:\/\/twitter.com\/FUNIBER\",\"https:\/\/www.instagram.com\/funiber_becas\",\"https:\/\/www.youtube.com\/user\/funiber\",\"https:\/\/www.linkedin.com\/company\/funiber\"]},{\"@type\":\"Person\",\"@id\":\"https:\/\/blogs.funiber.org\/pt\/#\/schema\/person\/a1eaaa5e57eac866a8c5946946bcf80d\",\"name\":\"Michelle\",\"image\":{\"@type\":\"ImageObject\",\"inLanguage\":\"pt-BR\",\"@id\":\"https:\/\/blogs.funiber.org\/pt\/#\/schema\/person\/image\/\",\"url\":\"https:\/\/secure.gravatar.com\/avatar\/5e87041f7609dc50493cf216754fece1?s=96&d=mm&r=g\",\"contentUrl\":\"https:\/\/secure.gravatar.com\/avatar\/5e87041f7609dc50493cf216754fece1?s=96&d=mm&r=g\",\"caption\":\"Michelle\"},\"url\":\"https:\/\/www.funiber.blog\/pt\/author\/michelle-moreira\"}]}<\/script>\n<!-- \/ Yoast SEO plugin. -->","yoast_head_json":{"title":"Como combater a viol\u00eancia de g\u00eanero em adolescentes?","description":"O problema da viol\u00eancia de g\u00eanero na adolesc\u00eancia \u00e9 apenas o in\u00edcio da viol\u00eancia contra mulheres de todas as idades.","robots":{"index":"noindex","follow":"nofollow"},"og_locale":"pt_BR","og_type":"article","og_title":"Como combater a viol\u00eancia de g\u00eanero em adolescentes?","og_description":"O problema da viol\u00eancia de g\u00eanero na adolesc\u00eancia \u00e9 apenas o in\u00edcio da viol\u00eancia contra mulheres de todas as idades.","og_url":"https:\/\/blogs.funiber.org\/pt\/formacao-professores\/2022\/07\/08\/funiber-violencia-genero-2","og_site_name":"FuniBlogs - FUNIBER","article_publisher":"https:\/\/www.facebook.com\/funiber","article_published_time":"2022-07-08T10:00:12+00:00","article_modified_time":"2022-07-11T10:19:38+00:00","og_image":[{"width":570,"height":350,"url":"https:\/\/blogs.funiber.org\/pt\/wp-content\/uploads\/2022\/07\/funiber-violencia-genero.jpg","type":"image\/jpeg"}],"author":"Michelle","twitter_card":"summary_large_image","twitter_creator":"@FUNIBER","twitter_site":"@FUNIBER","twitter_misc":{"Escrito por":"Michelle","Est. tempo de leitura":"2 minutos"},"schema":{"@context":"https:\/\/schema.org","@graph":[{"@type":"Article","@id":"https:\/\/blogs.funiber.org\/pt\/formacao-professores\/2022\/07\/08\/funiber-violencia-genero-2#article","isPartOf":{"@id":"https:\/\/blogs.funiber.org\/pt\/formacao-professores\/2022\/07\/08\/funiber-violencia-genero-2"},"author":{"name":"Michelle","@id":"https:\/\/blogs.funiber.org\/pt\/#\/schema\/person\/a1eaaa5e57eac866a8c5946946bcf80d"},"headline":"Como combater a viol\u00eancia de g\u00eanero em adolescentes?","datePublished":"2022-07-08T10:00:12+00:00","dateModified":"2022-07-11T10:19:38+00:00","mainEntityOfPage":{"@id":"https:\/\/blogs.funiber.org\/pt\/formacao-professores\/2022\/07\/08\/funiber-violencia-genero-2"},"wordCount":447,"publisher":{"@id":"https:\/\/blogs.funiber.org\/pt\/#organization"},"keywords":["Adolesc\u00eancia","Bolsas","Doutorado","Educa\u00e7\u00e3o","Educa\u00e7\u00e3o a Dist\u00e2ncia","Ensino","Estudos","Forma\u00e7\u00e3o de Professores","Funiber","FUNIBER Opini\u00f5es","G\u00eanero","mestrado","Opini\u00e3o FUNIBER","Opini\u00f5es Funiber","Preven\u00e7\u00e3o","Redes Sociais","Viol\u00eancia"],"articleSection":["Educa\u00e7\u00e3o,\u00a0Forma\u00e7\u00e3o Professores"],"inLanguage":"pt-BR"},{"@type":"WebPage","@id":"https:\/\/blogs.funiber.org\/pt\/formacao-professores\/2022\/07\/08\/funiber-violencia-genero-2","url":"https:\/\/blogs.funiber.org\/pt\/formacao-professores\/2022\/07\/08\/funiber-violencia-genero-2","name":"Como combater a viol\u00eancia de g\u00eanero em adolescentes?","isPartOf":{"@id":"https:\/\/blogs.funiber.org\/pt\/#website"},"datePublished":"2022-07-08T10:00:12+00:00","dateModified":"2022-07-11T10:19:38+00:00","description":"O problema da viol\u00eancia de g\u00eanero na adolesc\u00eancia \u00e9 apenas o in\u00edcio da viol\u00eancia contra mulheres de todas as idades.","breadcrumb":{"@id":"https:\/\/blogs.funiber.org\/pt\/formacao-professores\/2022\/07\/08\/funiber-violencia-genero-2#breadcrumb"},"inLanguage":"pt-BR","potentialAction":[{"@type":"ReadAction","target":["https:\/\/blogs.funiber.org\/pt\/formacao-professores\/2022\/07\/08\/funiber-violencia-genero-2"]}]},{"@type":"BreadcrumbList","@id":"https:\/\/blogs.funiber.org\/pt\/formacao-professores\/2022\/07\/08\/funiber-violencia-genero-2#breadcrumb","itemListElement":[{"@type":"ListItem","position":1,"name":"In\u00edcio","item":"https:\/\/blogs.funiber.org\/pt"},{"@type":"ListItem","position":2,"name":"Como combater a viol\u00eancia de g\u00eanero em adolescentes?"}]},{"@type":"WebSite","@id":"https:\/\/blogs.funiber.org\/pt\/#website","url":"https:\/\/blogs.funiber.org\/pt\/","name":"FuniBlogs - FUNIBER","description":"","publisher":{"@id":"https:\/\/blogs.funiber.org\/pt\/#organization"},"potentialAction":[{"@type":"SearchAction","target":{"@type":"EntryPoint","urlTemplate":"https:\/\/blogs.funiber.org\/pt\/?s={search_term_string}"},"query-input":"required name=search_term_string"}],"inLanguage":"pt-BR"},{"@type":"Organization","@id":"https:\/\/blogs.funiber.org\/pt\/#organization","name":"FuniBlogs - FUNIBER","url":"https:\/\/blogs.funiber.org\/pt\/","logo":{"@type":"ImageObject","inLanguage":"pt-BR","@id":"https:\/\/blogs.funiber.org\/pt\/#\/schema\/logo\/image\/","url":"https:\/\/www.funiber.blog\/pt\/wp-content\/uploads\/2022\/02\/logo-funiber-pt-br-v-dos.svg","contentUrl":"https:\/\/www.funiber.blog\/pt\/wp-content\/uploads\/2022\/02\/logo-funiber-pt-br-v-dos.svg","width":1,"height":1,"caption":"FuniBlogs - FUNIBER"},"image":{"@id":"https:\/\/blogs.funiber.org\/pt\/#\/schema\/logo\/image\/"},"sameAs":["https:\/\/www.facebook.com\/funiber","https:\/\/twitter.com\/FUNIBER","https:\/\/www.instagram.com\/funiber_becas","https:\/\/www.youtube.com\/user\/funiber","https:\/\/www.linkedin.com\/company\/funiber"]},{"@type":"Person","@id":"https:\/\/blogs.funiber.org\/pt\/#\/schema\/person\/a1eaaa5e57eac866a8c5946946bcf80d","name":"Michelle","image":{"@type":"ImageObject","inLanguage":"pt-BR","@id":"https:\/\/blogs.funiber.org\/pt\/#\/schema\/person\/image\/","url":"https:\/\/secure.gravatar.com\/avatar\/5e87041f7609dc50493cf216754fece1?s=96&d=mm&r=g","contentUrl":"https:\/\/secure.gravatar.com\/avatar\/5e87041f7609dc50493cf216754fece1?s=96&d=mm&r=g","caption":"Michelle"},"url":"https:\/\/www.funiber.blog\/pt\/author\/michelle-moreira"}]}},"jetpack_featured_media_url":"https:\/\/www.funiber.blog\/pt\/wp-content\/uploads\/2022\/07\/funiber-violencia-genero.jpg","jetpack_shortlink":"https:\/\/wp.me\/p7ee1t-6U7","jetpack_sharing_enabled":true,"_links":{"self":[{"href":"https:\/\/www.funiber.blog\/pt\/wp-json\/wp\/v2\/posts\/26543"}],"collection":[{"href":"https:\/\/www.funiber.blog\/pt\/wp-json\/wp\/v2\/posts"}],"about":[{"href":"https:\/\/www.funiber.blog\/pt\/wp-json\/wp\/v2\/types\/post"}],"author":[{"embeddable":true,"href":"https:\/\/www.funiber.blog\/pt\/wp-json\/wp\/v2\/users\/10"}],"replies":[{"embeddable":true,"href":"https:\/\/www.funiber.blog\/pt\/wp-json\/wp\/v2\/comments?post=26543"}],"version-history":[{"count":1,"href":"https:\/\/www.funiber.blog\/pt\/wp-json\/wp\/v2\/posts\/26543\/revisions"}],"predecessor-version":[{"id":26545,"href":"https:\/\/www.funiber.blog\/pt\/wp-json\/wp\/v2\/posts\/26543\/revisions\/26545"}],"wp:featuredmedia":[{"embeddable":true,"href":"https:\/\/www.funiber.blog\/pt\/wp-json\/wp\/v2\/media\/26544"}],"wp:attachment":[{"href":"https:\/\/www.funiber.blog\/pt\/wp-json\/wp\/v2\/media?parent=26543"}],"wp:term":[{"taxonomy":"category","embeddable":true,"href":"https:\/\/www.funiber.blog\/pt\/wp-json\/wp\/v2\/categories?post=26543"},{"taxonomy":"post_tag","embeddable":true,"href":"https:\/\/www.funiber.blog\/pt\/wp-json\/wp\/v2\/tags?post=26543"}],"curies":[{"name":"wp","href":"https:\/\/api.w.org\/{rel}","templated":true}]}}