{"id":2680,"date":"2013-11-04T09:07:51","date_gmt":"2013-11-04T09:07:51","guid":{"rendered":"http:\/\/blogs.funiber.org\/pt\/?p=2680"},"modified":"2013-11-04T09:07:51","modified_gmt":"2013-11-04T09:07:51","slug":"as-redes-sociais-como-um-problema-familiar","status":"publish","type":"post","link":"https:\/\/www.funiber.blog\/pt\/empresas-e-rh\/2013\/11\/04\/as-redes-sociais-como-um-problema-familiar","title":{"rendered":"As redes sociais como um problema familiar"},"content":{"rendered":"<p>As empresas devem se manter alerta sobre a evolu\u00e7\u00e3o das tend\u00eancias de comportamento e prefer\u00eancias dos consumidores. A internet \u00e9 um entorno bastante mut\u00e1vel, e especialmente o das redes sociais. Neste ambiente digital \u00e9 poss\u00edvel ver com clareza o choque de gera\u00e7\u00f5es: os adultos querem estabelecer maior controle, enquanto que os jovens querem maior liberdade e mais dispositivos.<!--more--><\/p>\n<p>Uma pesquisa realizada pelo blog <i>hijosdigitales.es<\/i> sobre a rela\u00e7\u00e3o da \u201cInternet e Fam\u00edlia\u201d revela que 73% das fam\u00edlias consideram que as redes sociais podem causar depend\u00eancia nos menores, porque cada vez passam mais tempo utilizando-as atrav\u00e9s do computador, <i>tablet<\/i> ou <i>smartphone<\/i>.<\/p>\n<p>A pesquisa indica que 56% das fam\u00edlias consideram fundamental que os pais estabele\u00e7am mecanismos para controlar o uso que seus filhos fazem da internet, estabelecendo regras para o uso das redes sociais e dos sites que visitam.<\/p>\n<p>Diante desta necessidade de controle, a tecnologia pode ajudar em certa medida, mas n\u00e3o totalmente, pois os jovens t\u00eam acesso a diversos dispositivos e ferramentas para burlar os mecanismos de controle. 15% dos pesquisados confessaram que n\u00e3o seriam capazes de estabelecer mecanismos de controle porque desconhecem o funcionamento dos em ambientes digitais. Al\u00e9m disso, vale destacar que para que um adulto consiga estabelecer mecanismos de controle, deveria saber administrar plataformas como <i>Windows<\/i>, <i>Android<\/i> e <i>iOS<\/i>.<\/p>\n<p>24% dos pesquisados preferiria restringir o uso das redes sociais at\u00e9 os 13 anos e 18% desejaria limitar o acesso at\u00e9 os 17 anos.<\/p>\n<p>Foto: cortesia de\u00a0<a href=\"http:\/\/www.flickr.com\/photos\/babyben\/\">babyben<\/a>\u00a0en Flickr.<\/p>\n","protected":false},"excerpt":{"rendered":"<p>As empresas devem se manter alerta sobre a evolu\u00e7\u00e3o das tend\u00eancias de comportamento e prefer\u00eancias dos consumidores. A internet \u00e9 um entorno bastante mut\u00e1vel, e especialmente o das redes sociais. Neste ambiente digital \u00e9 poss\u00edvel ver com clareza o choque de gera\u00e7\u00f5es: os adultos querem estabelecer maior controle, enquanto que os jovens querem maior liberdade [&hellip;]<\/p>\n","protected":false},"author":10,"featured_media":2682,"comment_status":"closed","ping_status":"closed","sticky":false,"template":"","format":"standard","meta":{"jetpack_post_was_ever_published":false,"_jetpack_newsletter_access":"","_jetpack_newsletter_tier_id":0,"footnotes":"","jetpack_publicize_message":"","jetpack_is_tweetstorm":false,"jetpack_publicize_feature_enabled":true,"jetpack_social_post_already_shared":false,"jetpack_social_options":{"image_generator_settings":{"template":"highway","enabled":false}}},"categories":[8],"tags":[61],"jetpack_publicize_connections":[],"yoast_head":"<!-- This site is optimized with the Yoast SEO plugin v21.7 - https:\/\/yoast.com\/wordpress\/plugins\/seo\/ -->\n<title>As redes sociais como um problema familiar - FuniBlogs - FUNIBER<\/title>\n<meta name=\"robots\" content=\"noindex, nofollow\" \/>\n<meta property=\"og:locale\" content=\"pt_BR\" \/>\n<meta property=\"og:type\" content=\"article\" \/>\n<meta property=\"og:title\" content=\"As redes sociais como um problema familiar - FuniBlogs - FUNIBER\" \/>\n<meta property=\"og:description\" content=\"As empresas devem se manter alerta sobre a evolu\u00e7\u00e3o das tend\u00eancias de comportamento e prefer\u00eancias dos consumidores. A internet \u00e9 um entorno bastante mut\u00e1vel, e especialmente o das redes sociais. Neste ambiente digital \u00e9 poss\u00edvel ver com clareza o choque de gera\u00e7\u00f5es: os adultos querem estabelecer maior controle, enquanto que os jovens querem maior liberdade [&hellip;]\" \/>\n<meta property=\"og:url\" content=\"https:\/\/blogs.funiber.org\/pt\/empresas-e-rh\/2013\/11\/04\/as-redes-sociais-como-um-problema-familiar\" \/>\n<meta property=\"og:site_name\" content=\"FuniBlogs - FUNIBER\" \/>\n<meta property=\"article:publisher\" content=\"https:\/\/www.facebook.com\/funiber\" \/>\n<meta property=\"article:published_time\" content=\"2013-11-04T09:07:51+00:00\" \/>\n<meta property=\"og:image\" content=\"https:\/\/blogs.funiber.org\/pt\/wp-content\/uploads\/2013\/11\/EMP_Redes_sociales.jpg\" \/>\n\t<meta property=\"og:image:width\" content=\"500\" \/>\n\t<meta property=\"og:image:height\" content=\"375\" \/>\n\t<meta property=\"og:image:type\" content=\"image\/jpeg\" \/>\n<meta name=\"author\" content=\"Michelle\" \/>\n<meta name=\"twitter:card\" content=\"summary_large_image\" \/>\n<meta name=\"twitter:creator\" content=\"@FUNIBER\" \/>\n<meta name=\"twitter:site\" content=\"@FUNIBER\" \/>\n<meta name=\"twitter:label1\" content=\"Escrito por\" \/>\n\t<meta name=\"twitter:data1\" content=\"Michelle\" \/>\n\t<meta name=\"twitter:label2\" content=\"Est. tempo de leitura\" \/>\n\t<meta name=\"twitter:data2\" content=\"1 minuto\" \/>\n<script type=\"application\/ld+json\" class=\"yoast-schema-graph\">{\"@context\":\"https:\/\/schema.org\",\"@graph\":[{\"@type\":\"Article\",\"@id\":\"https:\/\/blogs.funiber.org\/pt\/empresas-e-rh\/2013\/11\/04\/as-redes-sociais-como-um-problema-familiar#article\",\"isPartOf\":{\"@id\":\"https:\/\/blogs.funiber.org\/pt\/empresas-e-rh\/2013\/11\/04\/as-redes-sociais-como-um-problema-familiar\"},\"author\":{\"name\":\"Michelle\",\"@id\":\"https:\/\/blogs.funiber.org\/pt\/#\/schema\/person\/a1eaaa5e57eac866a8c5946946bcf80d\"},\"headline\":\"As redes sociais como um problema familiar\",\"datePublished\":\"2013-11-04T09:07:51+00:00\",\"dateModified\":\"2013-11-04T09:07:51+00:00\",\"mainEntityOfPage\":{\"@id\":\"https:\/\/blogs.funiber.org\/pt\/empresas-e-rh\/2013\/11\/04\/as-redes-sociais-como-um-problema-familiar\"},\"wordCount\":257,\"publisher\":{\"@id\":\"https:\/\/blogs.funiber.org\/pt\/#organization\"},\"keywords\":[\"Redes Sociais\"],\"articleSection\":[\"Empresas, Dire\u00e7\u00e3o e RH\"],\"inLanguage\":\"pt-BR\"},{\"@type\":\"WebPage\",\"@id\":\"https:\/\/blogs.funiber.org\/pt\/empresas-e-rh\/2013\/11\/04\/as-redes-sociais-como-um-problema-familiar\",\"url\":\"https:\/\/blogs.funiber.org\/pt\/empresas-e-rh\/2013\/11\/04\/as-redes-sociais-como-um-problema-familiar\",\"name\":\"As redes sociais como um problema familiar - FuniBlogs - FUNIBER\",\"isPartOf\":{\"@id\":\"https:\/\/blogs.funiber.org\/pt\/#website\"},\"datePublished\":\"2013-11-04T09:07:51+00:00\",\"dateModified\":\"2013-11-04T09:07:51+00:00\",\"breadcrumb\":{\"@id\":\"https:\/\/blogs.funiber.org\/pt\/empresas-e-rh\/2013\/11\/04\/as-redes-sociais-como-um-problema-familiar#breadcrumb\"},\"inLanguage\":\"pt-BR\",\"potentialAction\":[{\"@type\":\"ReadAction\",\"target\":[\"https:\/\/blogs.funiber.org\/pt\/empresas-e-rh\/2013\/11\/04\/as-redes-sociais-como-um-problema-familiar\"]}]},{\"@type\":\"BreadcrumbList\",\"@id\":\"https:\/\/blogs.funiber.org\/pt\/empresas-e-rh\/2013\/11\/04\/as-redes-sociais-como-um-problema-familiar#breadcrumb\",\"itemListElement\":[{\"@type\":\"ListItem\",\"position\":1,\"name\":\"In\u00edcio\",\"item\":\"https:\/\/blogs.funiber.org\/pt\"},{\"@type\":\"ListItem\",\"position\":2,\"name\":\"As redes sociais como um problema familiar\"}]},{\"@type\":\"WebSite\",\"@id\":\"https:\/\/blogs.funiber.org\/pt\/#website\",\"url\":\"https:\/\/blogs.funiber.org\/pt\/\",\"name\":\"FuniBlogs - FUNIBER\",\"description\":\"\",\"publisher\":{\"@id\":\"https:\/\/blogs.funiber.org\/pt\/#organization\"},\"potentialAction\":[{\"@type\":\"SearchAction\",\"target\":{\"@type\":\"EntryPoint\",\"urlTemplate\":\"https:\/\/blogs.funiber.org\/pt\/?s={search_term_string}\"},\"query-input\":\"required name=search_term_string\"}],\"inLanguage\":\"pt-BR\"},{\"@type\":\"Organization\",\"@id\":\"https:\/\/blogs.funiber.org\/pt\/#organization\",\"name\":\"FuniBlogs - FUNIBER\",\"url\":\"https:\/\/blogs.funiber.org\/pt\/\",\"logo\":{\"@type\":\"ImageObject\",\"inLanguage\":\"pt-BR\",\"@id\":\"https:\/\/blogs.funiber.org\/pt\/#\/schema\/logo\/image\/\",\"url\":\"https:\/\/www.funiber.blog\/pt\/wp-content\/uploads\/2022\/02\/logo-funiber-pt-br-v-dos.svg\",\"contentUrl\":\"https:\/\/www.funiber.blog\/pt\/wp-content\/uploads\/2022\/02\/logo-funiber-pt-br-v-dos.svg\",\"width\":1,\"height\":1,\"caption\":\"FuniBlogs - FUNIBER\"},\"image\":{\"@id\":\"https:\/\/blogs.funiber.org\/pt\/#\/schema\/logo\/image\/\"},\"sameAs\":[\"https:\/\/www.facebook.com\/funiber\",\"https:\/\/twitter.com\/FUNIBER\",\"https:\/\/www.instagram.com\/funiber_becas\",\"https:\/\/www.youtube.com\/user\/funiber\",\"https:\/\/www.linkedin.com\/company\/funiber\"]},{\"@type\":\"Person\",\"@id\":\"https:\/\/blogs.funiber.org\/pt\/#\/schema\/person\/a1eaaa5e57eac866a8c5946946bcf80d\",\"name\":\"Michelle\",\"image\":{\"@type\":\"ImageObject\",\"inLanguage\":\"pt-BR\",\"@id\":\"https:\/\/blogs.funiber.org\/pt\/#\/schema\/person\/image\/\",\"url\":\"https:\/\/secure.gravatar.com\/avatar\/5e87041f7609dc50493cf216754fece1?s=96&d=mm&r=g\",\"contentUrl\":\"https:\/\/secure.gravatar.com\/avatar\/5e87041f7609dc50493cf216754fece1?s=96&d=mm&r=g\",\"caption\":\"Michelle\"},\"url\":\"https:\/\/www.funiber.blog\/pt\/author\/michelle-moreira\"}]}<\/script>\n<!-- \/ Yoast SEO plugin. -->","yoast_head_json":{"title":"As redes sociais como um problema familiar - FuniBlogs - FUNIBER","robots":{"index":"noindex","follow":"nofollow"},"og_locale":"pt_BR","og_type":"article","og_title":"As redes sociais como um problema familiar - FuniBlogs - FUNIBER","og_description":"As empresas devem se manter alerta sobre a evolu\u00e7\u00e3o das tend\u00eancias de comportamento e prefer\u00eancias dos consumidores. A internet \u00e9 um entorno bastante mut\u00e1vel, e especialmente o das redes sociais. Neste ambiente digital \u00e9 poss\u00edvel ver com clareza o choque de gera\u00e7\u00f5es: os adultos querem estabelecer maior controle, enquanto que os jovens querem maior liberdade [&hellip;]","og_url":"https:\/\/blogs.funiber.org\/pt\/empresas-e-rh\/2013\/11\/04\/as-redes-sociais-como-um-problema-familiar","og_site_name":"FuniBlogs - FUNIBER","article_publisher":"https:\/\/www.facebook.com\/funiber","article_published_time":"2013-11-04T09:07:51+00:00","og_image":[{"width":500,"height":375,"url":"https:\/\/blogs.funiber.org\/pt\/wp-content\/uploads\/2013\/11\/EMP_Redes_sociales.jpg","type":"image\/jpeg"}],"author":"Michelle","twitter_card":"summary_large_image","twitter_creator":"@FUNIBER","twitter_site":"@FUNIBER","twitter_misc":{"Escrito por":"Michelle","Est. tempo de leitura":"1 minuto"},"schema":{"@context":"https:\/\/schema.org","@graph":[{"@type":"Article","@id":"https:\/\/blogs.funiber.org\/pt\/empresas-e-rh\/2013\/11\/04\/as-redes-sociais-como-um-problema-familiar#article","isPartOf":{"@id":"https:\/\/blogs.funiber.org\/pt\/empresas-e-rh\/2013\/11\/04\/as-redes-sociais-como-um-problema-familiar"},"author":{"name":"Michelle","@id":"https:\/\/blogs.funiber.org\/pt\/#\/schema\/person\/a1eaaa5e57eac866a8c5946946bcf80d"},"headline":"As redes sociais como um problema familiar","datePublished":"2013-11-04T09:07:51+00:00","dateModified":"2013-11-04T09:07:51+00:00","mainEntityOfPage":{"@id":"https:\/\/blogs.funiber.org\/pt\/empresas-e-rh\/2013\/11\/04\/as-redes-sociais-como-um-problema-familiar"},"wordCount":257,"publisher":{"@id":"https:\/\/blogs.funiber.org\/pt\/#organization"},"keywords":["Redes Sociais"],"articleSection":["Empresas, Dire\u00e7\u00e3o e RH"],"inLanguage":"pt-BR"},{"@type":"WebPage","@id":"https:\/\/blogs.funiber.org\/pt\/empresas-e-rh\/2013\/11\/04\/as-redes-sociais-como-um-problema-familiar","url":"https:\/\/blogs.funiber.org\/pt\/empresas-e-rh\/2013\/11\/04\/as-redes-sociais-como-um-problema-familiar","name":"As redes sociais como um problema familiar - FuniBlogs - FUNIBER","isPartOf":{"@id":"https:\/\/blogs.funiber.org\/pt\/#website"},"datePublished":"2013-11-04T09:07:51+00:00","dateModified":"2013-11-04T09:07:51+00:00","breadcrumb":{"@id":"https:\/\/blogs.funiber.org\/pt\/empresas-e-rh\/2013\/11\/04\/as-redes-sociais-como-um-problema-familiar#breadcrumb"},"inLanguage":"pt-BR","potentialAction":[{"@type":"ReadAction","target":["https:\/\/blogs.funiber.org\/pt\/empresas-e-rh\/2013\/11\/04\/as-redes-sociais-como-um-problema-familiar"]}]},{"@type":"BreadcrumbList","@id":"https:\/\/blogs.funiber.org\/pt\/empresas-e-rh\/2013\/11\/04\/as-redes-sociais-como-um-problema-familiar#breadcrumb","itemListElement":[{"@type":"ListItem","position":1,"name":"In\u00edcio","item":"https:\/\/blogs.funiber.org\/pt"},{"@type":"ListItem","position":2,"name":"As redes sociais como um problema familiar"}]},{"@type":"WebSite","@id":"https:\/\/blogs.funiber.org\/pt\/#website","url":"https:\/\/blogs.funiber.org\/pt\/","name":"FuniBlogs - FUNIBER","description":"","publisher":{"@id":"https:\/\/blogs.funiber.org\/pt\/#organization"},"potentialAction":[{"@type":"SearchAction","target":{"@type":"EntryPoint","urlTemplate":"https:\/\/blogs.funiber.org\/pt\/?s={search_term_string}"},"query-input":"required name=search_term_string"}],"inLanguage":"pt-BR"},{"@type":"Organization","@id":"https:\/\/blogs.funiber.org\/pt\/#organization","name":"FuniBlogs - FUNIBER","url":"https:\/\/blogs.funiber.org\/pt\/","logo":{"@type":"ImageObject","inLanguage":"pt-BR","@id":"https:\/\/blogs.funiber.org\/pt\/#\/schema\/logo\/image\/","url":"https:\/\/www.funiber.blog\/pt\/wp-content\/uploads\/2022\/02\/logo-funiber-pt-br-v-dos.svg","contentUrl":"https:\/\/www.funiber.blog\/pt\/wp-content\/uploads\/2022\/02\/logo-funiber-pt-br-v-dos.svg","width":1,"height":1,"caption":"FuniBlogs - FUNIBER"},"image":{"@id":"https:\/\/blogs.funiber.org\/pt\/#\/schema\/logo\/image\/"},"sameAs":["https:\/\/www.facebook.com\/funiber","https:\/\/twitter.com\/FUNIBER","https:\/\/www.instagram.com\/funiber_becas","https:\/\/www.youtube.com\/user\/funiber","https:\/\/www.linkedin.com\/company\/funiber"]},{"@type":"Person","@id":"https:\/\/blogs.funiber.org\/pt\/#\/schema\/person\/a1eaaa5e57eac866a8c5946946bcf80d","name":"Michelle","image":{"@type":"ImageObject","inLanguage":"pt-BR","@id":"https:\/\/blogs.funiber.org\/pt\/#\/schema\/person\/image\/","url":"https:\/\/secure.gravatar.com\/avatar\/5e87041f7609dc50493cf216754fece1?s=96&d=mm&r=g","contentUrl":"https:\/\/secure.gravatar.com\/avatar\/5e87041f7609dc50493cf216754fece1?s=96&d=mm&r=g","caption":"Michelle"},"url":"https:\/\/www.funiber.blog\/pt\/author\/michelle-moreira"}]}},"jetpack_featured_media_url":"https:\/\/www.funiber.blog\/pt\/wp-content\/uploads\/2013\/11\/EMP_Redes_sociales.jpg","jetpack_shortlink":"https:\/\/wp.me\/p7ee1t-He","jetpack_sharing_enabled":true,"_links":{"self":[{"href":"https:\/\/www.funiber.blog\/pt\/wp-json\/wp\/v2\/posts\/2680"}],"collection":[{"href":"https:\/\/www.funiber.blog\/pt\/wp-json\/wp\/v2\/posts"}],"about":[{"href":"https:\/\/www.funiber.blog\/pt\/wp-json\/wp\/v2\/types\/post"}],"author":[{"embeddable":true,"href":"https:\/\/www.funiber.blog\/pt\/wp-json\/wp\/v2\/users\/10"}],"replies":[{"embeddable":true,"href":"https:\/\/www.funiber.blog\/pt\/wp-json\/wp\/v2\/comments?post=2680"}],"version-history":[{"count":4,"href":"https:\/\/www.funiber.blog\/pt\/wp-json\/wp\/v2\/posts\/2680\/revisions"}],"predecessor-version":[{"id":2687,"href":"https:\/\/www.funiber.blog\/pt\/wp-json\/wp\/v2\/posts\/2680\/revisions\/2687"}],"wp:featuredmedia":[{"embeddable":true,"href":"https:\/\/www.funiber.blog\/pt\/wp-json\/wp\/v2\/media\/2682"}],"wp:attachment":[{"href":"https:\/\/www.funiber.blog\/pt\/wp-json\/wp\/v2\/media?parent=2680"}],"wp:term":[{"taxonomy":"category","embeddable":true,"href":"https:\/\/www.funiber.blog\/pt\/wp-json\/wp\/v2\/categories?post=2680"},{"taxonomy":"post_tag","embeddable":true,"href":"https:\/\/www.funiber.blog\/pt\/wp-json\/wp\/v2\/tags?post=2680"}],"curies":[{"name":"wp","href":"https:\/\/api.w.org\/{rel}","templated":true}]}}