{"id":2736,"date":"2013-11-07T10:21:29","date_gmt":"2013-11-07T10:21:29","guid":{"rendered":"http:\/\/blogs.funiber.org\/pt\/?p=2736"},"modified":"2013-11-07T10:21:48","modified_gmt":"2013-11-07T10:21:48","slug":"criar-uma-marca-pessoal-na-internet","status":"publish","type":"post","link":"https:\/\/www.funiber.blog\/pt\/empresas-e-rh\/2013\/11\/07\/criar-uma-marca-pessoal-na-internet","title":{"rendered":"Criar uma marca pessoal na Internet"},"content":{"rendered":"<p>Com o explosivo crescimento da Internet se multiplicaram as plataformas para promover e gerar uma marca pessoal s\u00f3lida. Atualmente, os profissionais t\u00eam muitas ferramentas para apresentar suas conquistas e consolidar sua imagem, mas \u00e9 necess\u00e1rio elaborar uma estrat\u00e9gia para conseguir desenvolver a lideran\u00e7a em um segmento. Blogs, Linkedin, Facebook e Twitter s\u00e3o ferramentas que n\u00e3o devemos ignorar.<!--more--><\/p>\n<p>O primeiro que se deve fazer \u00e9 tra\u00e7ar uma estrat\u00e9gia de marca pessoal, estabelecer um objetivo e planejar as a\u00e7\u00f5es para alcan\u00e7\u00e1-lo. Ampliar conhecimentos, fortalecer a rede de contatos, medir as for\u00e7as para continuar e programar algumas paradas no caminho para recarregar as energias. \u00c9 muito importante reconhecer nossos pontos fortes, e identificar as caracter\u00edsticas que nos tornam \u00fanicos. Temos que deixar rastros para que sejamos lembrados. \u00c9 necess\u00e1rio, portanto, desenvolver uma fase de autoconhecimento, definir objetivos e definir a marca pessoal que se deseja transmitir.<\/p>\n<p>Uma das primeiras ferramentas que se pode utilizar para fortalecer a imagem profissional \u00e9 um blog. Procure criar publica\u00e7\u00f5es quase diariamente e opine sobre temas que voc\u00ea domine, isso lhe permitir\u00e1 ganhar reconhecimento localmente, e talvez globalmente. Tenha paci\u00eancia, um blog pode lhe proporcionar muita visibilidade, mas ganhar reconhecimento na Internet pode levar alguns meses. Certamente devem ser aplicadas estrat\u00e9gias para promover suas publica\u00e7\u00f5es em redes sociais como Facebook e Twitter.<\/p>\n<p>Participe de atividades de seu setor profissional, comente, crie publica\u00e7\u00f5es sobre assuntos relacionados \u00e0 sua \u00e1rea profissional. Fa\u00e7a um esfor\u00e7o para se destacar, contribua com valor nas discuss\u00f5es sobre temas t\u00e9cnicos. Procure que pessoas reconhecidas comentem suas publica\u00e7\u00f5es e ofere\u00e7a conte\u00fado aos meios tradicionais como jornais ou revistas digitais que aceitem seus artigos.<\/p>\n<p>Gere contatos nas redes virtuais, Facebook, Twitter e LinkedIn s\u00e3o muito \u00fateis, mas lembre de tamb\u00e9m estabelecer la\u00e7os com pessoas na vida real, n\u00e3o apenas no ambiente digital. Criar uma marca pessoal exige um grande dinamismo, tanto em n\u00edvel on-line quanto na vida real, com paci\u00eancia, perseveran\u00e7a e um bom plano de marketing pessoal \u00e9 poss\u00edvel alcan\u00e7ar a meta.<\/p>\n<p>Com informa\u00e7\u00e3o de:<\/p>\n<p>http:\/\/www.puromarketing.com\/29\/16471\/branding-dejas-huella-esperes-demas-recuerden.html<\/p>\n","protected":false},"excerpt":{"rendered":"<p>Com o explosivo crescimento da Internet se multiplicaram as plataformas para promover e gerar uma marca pessoal s\u00f3lida. Atualmente, os profissionais t\u00eam muitas ferramentas para apresentar suas conquistas e consolidar sua imagem, mas \u00e9 necess\u00e1rio elaborar uma estrat\u00e9gia para conseguir desenvolver a lideran\u00e7a em um segmento. Blogs, Linkedin, Facebook e Twitter s\u00e3o ferramentas que n\u00e3o [&hellip;]<\/p>\n","protected":false},"author":10,"featured_media":2740,"comment_status":"closed","ping_status":"closed","sticky":false,"template":"","format":"standard","meta":{"jetpack_post_was_ever_published":false,"_jetpack_newsletter_access":"","_jetpack_newsletter_tier_id":0,"footnotes":"","jetpack_publicize_message":"","jetpack_is_tweetstorm":false,"jetpack_publicize_feature_enabled":true,"jetpack_social_post_already_shared":false,"jetpack_social_options":{"image_generator_settings":{"template":"highway","enabled":false}}},"categories":[8],"tags":[87],"jetpack_publicize_connections":[],"yoast_head":"<!-- This site is optimized with the Yoast SEO plugin v21.7 - https:\/\/yoast.com\/wordpress\/plugins\/seo\/ -->\n<title>Criar uma marca pessoal na Internet - FuniBlogs - FUNIBER<\/title>\n<meta name=\"robots\" content=\"index, follow, max-snippet:-1, max-image-preview:large, max-video-preview:-1\" \/>\n<link rel=\"canonical\" href=\"https:\/\/blogs.funiber.org\/pt\/empresas-e-rh\/2013\/11\/07\/criar-uma-marca-pessoal-na-internet\" \/>\n<meta property=\"og:locale\" content=\"pt_BR\" \/>\n<meta property=\"og:type\" content=\"article\" \/>\n<meta property=\"og:title\" content=\"Criar uma marca pessoal na Internet - FuniBlogs - FUNIBER\" \/>\n<meta property=\"og:description\" content=\"Com o explosivo crescimento da Internet se multiplicaram as plataformas para promover e gerar uma marca pessoal s\u00f3lida. Atualmente, os profissionais t\u00eam muitas ferramentas para apresentar suas conquistas e consolidar sua imagem, mas \u00e9 necess\u00e1rio elaborar uma estrat\u00e9gia para conseguir desenvolver a lideran\u00e7a em um segmento. Blogs, Linkedin, Facebook e Twitter s\u00e3o ferramentas que n\u00e3o [&hellip;]\" \/>\n<meta property=\"og:url\" content=\"https:\/\/blogs.funiber.org\/pt\/empresas-e-rh\/2013\/11\/07\/criar-uma-marca-pessoal-na-internet\" \/>\n<meta property=\"og:site_name\" content=\"FuniBlogs - FUNIBER\" \/>\n<meta property=\"article:publisher\" content=\"https:\/\/www.facebook.com\/funiber\" \/>\n<meta property=\"article:published_time\" content=\"2013-11-07T10:21:29+00:00\" \/>\n<meta property=\"article:modified_time\" content=\"2013-11-07T10:21:48+00:00\" \/>\n<meta property=\"og:image\" content=\"https:\/\/blogs.funiber.org\/pt\/wp-content\/uploads\/2013\/11\/EMP_Linkedin.jpg\" \/>\n\t<meta property=\"og:image:width\" content=\"570\" \/>\n\t<meta property=\"og:image:height\" content=\"369\" \/>\n\t<meta property=\"og:image:type\" content=\"image\/jpeg\" \/>\n<meta name=\"author\" content=\"Michelle\" \/>\n<meta name=\"twitter:card\" content=\"summary_large_image\" \/>\n<meta name=\"twitter:creator\" content=\"@FUNIBER\" \/>\n<meta name=\"twitter:site\" content=\"@FUNIBER\" \/>\n<meta name=\"twitter:label1\" content=\"Escrito por\" \/>\n\t<meta name=\"twitter:data1\" content=\"Michelle\" \/>\n\t<meta name=\"twitter:label2\" content=\"Est. tempo de leitura\" \/>\n\t<meta name=\"twitter:data2\" content=\"2 minutos\" \/>\n<script type=\"application\/ld+json\" class=\"yoast-schema-graph\">{\"@context\":\"https:\/\/schema.org\",\"@graph\":[{\"@type\":\"Article\",\"@id\":\"https:\/\/blogs.funiber.org\/pt\/empresas-e-rh\/2013\/11\/07\/criar-uma-marca-pessoal-na-internet#article\",\"isPartOf\":{\"@id\":\"https:\/\/blogs.funiber.org\/pt\/empresas-e-rh\/2013\/11\/07\/criar-uma-marca-pessoal-na-internet\"},\"author\":{\"name\":\"Michelle\",\"@id\":\"https:\/\/blogs.funiber.org\/pt\/#\/schema\/person\/a1eaaa5e57eac866a8c5946946bcf80d\"},\"headline\":\"Criar uma marca pessoal na Internet\",\"datePublished\":\"2013-11-07T10:21:29+00:00\",\"dateModified\":\"2013-11-07T10:21:48+00:00\",\"mainEntityOfPage\":{\"@id\":\"https:\/\/blogs.funiber.org\/pt\/empresas-e-rh\/2013\/11\/07\/criar-uma-marca-pessoal-na-internet\"},\"wordCount\":370,\"publisher\":{\"@id\":\"https:\/\/blogs.funiber.org\/pt\/#organization\"},\"keywords\":[\"Marketing\"],\"articleSection\":[\"Empresas, Dire\u00e7\u00e3o e RH\"],\"inLanguage\":\"pt-BR\"},{\"@type\":\"WebPage\",\"@id\":\"https:\/\/blogs.funiber.org\/pt\/empresas-e-rh\/2013\/11\/07\/criar-uma-marca-pessoal-na-internet\",\"url\":\"https:\/\/blogs.funiber.org\/pt\/empresas-e-rh\/2013\/11\/07\/criar-uma-marca-pessoal-na-internet\",\"name\":\"Criar uma marca pessoal na Internet - FuniBlogs - FUNIBER\",\"isPartOf\":{\"@id\":\"https:\/\/blogs.funiber.org\/pt\/#website\"},\"datePublished\":\"2013-11-07T10:21:29+00:00\",\"dateModified\":\"2013-11-07T10:21:48+00:00\",\"breadcrumb\":{\"@id\":\"https:\/\/blogs.funiber.org\/pt\/empresas-e-rh\/2013\/11\/07\/criar-uma-marca-pessoal-na-internet#breadcrumb\"},\"inLanguage\":\"pt-BR\",\"potentialAction\":[{\"@type\":\"ReadAction\",\"target\":[\"https:\/\/blogs.funiber.org\/pt\/empresas-e-rh\/2013\/11\/07\/criar-uma-marca-pessoal-na-internet\"]}]},{\"@type\":\"BreadcrumbList\",\"@id\":\"https:\/\/blogs.funiber.org\/pt\/empresas-e-rh\/2013\/11\/07\/criar-uma-marca-pessoal-na-internet#breadcrumb\",\"itemListElement\":[{\"@type\":\"ListItem\",\"position\":1,\"name\":\"In\u00edcio\",\"item\":\"https:\/\/blogs.funiber.org\/pt\"},{\"@type\":\"ListItem\",\"position\":2,\"name\":\"Criar uma marca pessoal na Internet\"}]},{\"@type\":\"WebSite\",\"@id\":\"https:\/\/blogs.funiber.org\/pt\/#website\",\"url\":\"https:\/\/blogs.funiber.org\/pt\/\",\"name\":\"FuniBlogs - FUNIBER\",\"description\":\"\",\"publisher\":{\"@id\":\"https:\/\/blogs.funiber.org\/pt\/#organization\"},\"potentialAction\":[{\"@type\":\"SearchAction\",\"target\":{\"@type\":\"EntryPoint\",\"urlTemplate\":\"https:\/\/blogs.funiber.org\/pt\/?s={search_term_string}\"},\"query-input\":\"required name=search_term_string\"}],\"inLanguage\":\"pt-BR\"},{\"@type\":\"Organization\",\"@id\":\"https:\/\/blogs.funiber.org\/pt\/#organization\",\"name\":\"FuniBlogs - FUNIBER\",\"url\":\"https:\/\/blogs.funiber.org\/pt\/\",\"logo\":{\"@type\":\"ImageObject\",\"inLanguage\":\"pt-BR\",\"@id\":\"https:\/\/blogs.funiber.org\/pt\/#\/schema\/logo\/image\/\",\"url\":\"https:\/\/www.funiber.blog\/pt\/wp-content\/uploads\/2022\/02\/logo-funiber-pt-br-v-dos.svg\",\"contentUrl\":\"https:\/\/www.funiber.blog\/pt\/wp-content\/uploads\/2022\/02\/logo-funiber-pt-br-v-dos.svg\",\"width\":1,\"height\":1,\"caption\":\"FuniBlogs - FUNIBER\"},\"image\":{\"@id\":\"https:\/\/blogs.funiber.org\/pt\/#\/schema\/logo\/image\/\"},\"sameAs\":[\"https:\/\/www.facebook.com\/funiber\",\"https:\/\/twitter.com\/FUNIBER\",\"https:\/\/www.instagram.com\/funiber_becas\",\"https:\/\/www.youtube.com\/user\/funiber\",\"https:\/\/www.linkedin.com\/company\/funiber\"]},{\"@type\":\"Person\",\"@id\":\"https:\/\/blogs.funiber.org\/pt\/#\/schema\/person\/a1eaaa5e57eac866a8c5946946bcf80d\",\"name\":\"Michelle\",\"image\":{\"@type\":\"ImageObject\",\"inLanguage\":\"pt-BR\",\"@id\":\"https:\/\/blogs.funiber.org\/pt\/#\/schema\/person\/image\/\",\"url\":\"https:\/\/secure.gravatar.com\/avatar\/5e87041f7609dc50493cf216754fece1?s=96&d=mm&r=g\",\"contentUrl\":\"https:\/\/secure.gravatar.com\/avatar\/5e87041f7609dc50493cf216754fece1?s=96&d=mm&r=g\",\"caption\":\"Michelle\"},\"url\":\"https:\/\/www.funiber.blog\/pt\/author\/michelle-moreira\"}]}<\/script>\n<!-- \/ Yoast SEO plugin. -->","yoast_head_json":{"title":"Criar uma marca pessoal na Internet - FuniBlogs - FUNIBER","robots":{"index":"index","follow":"follow","max-snippet":"max-snippet:-1","max-image-preview":"max-image-preview:large","max-video-preview":"max-video-preview:-1"},"canonical":"https:\/\/blogs.funiber.org\/pt\/empresas-e-rh\/2013\/11\/07\/criar-uma-marca-pessoal-na-internet","og_locale":"pt_BR","og_type":"article","og_title":"Criar uma marca pessoal na Internet - FuniBlogs - FUNIBER","og_description":"Com o explosivo crescimento da Internet se multiplicaram as plataformas para promover e gerar uma marca pessoal s\u00f3lida. Atualmente, os profissionais t\u00eam muitas ferramentas para apresentar suas conquistas e consolidar sua imagem, mas \u00e9 necess\u00e1rio elaborar uma estrat\u00e9gia para conseguir desenvolver a lideran\u00e7a em um segmento. Blogs, Linkedin, Facebook e Twitter s\u00e3o ferramentas que n\u00e3o [&hellip;]","og_url":"https:\/\/blogs.funiber.org\/pt\/empresas-e-rh\/2013\/11\/07\/criar-uma-marca-pessoal-na-internet","og_site_name":"FuniBlogs - FUNIBER","article_publisher":"https:\/\/www.facebook.com\/funiber","article_published_time":"2013-11-07T10:21:29+00:00","article_modified_time":"2013-11-07T10:21:48+00:00","og_image":[{"width":570,"height":369,"url":"https:\/\/blogs.funiber.org\/pt\/wp-content\/uploads\/2013\/11\/EMP_Linkedin.jpg","type":"image\/jpeg"}],"author":"Michelle","twitter_card":"summary_large_image","twitter_creator":"@FUNIBER","twitter_site":"@FUNIBER","twitter_misc":{"Escrito por":"Michelle","Est. tempo de leitura":"2 minutos"},"schema":{"@context":"https:\/\/schema.org","@graph":[{"@type":"Article","@id":"https:\/\/blogs.funiber.org\/pt\/empresas-e-rh\/2013\/11\/07\/criar-uma-marca-pessoal-na-internet#article","isPartOf":{"@id":"https:\/\/blogs.funiber.org\/pt\/empresas-e-rh\/2013\/11\/07\/criar-uma-marca-pessoal-na-internet"},"author":{"name":"Michelle","@id":"https:\/\/blogs.funiber.org\/pt\/#\/schema\/person\/a1eaaa5e57eac866a8c5946946bcf80d"},"headline":"Criar uma marca pessoal na Internet","datePublished":"2013-11-07T10:21:29+00:00","dateModified":"2013-11-07T10:21:48+00:00","mainEntityOfPage":{"@id":"https:\/\/blogs.funiber.org\/pt\/empresas-e-rh\/2013\/11\/07\/criar-uma-marca-pessoal-na-internet"},"wordCount":370,"publisher":{"@id":"https:\/\/blogs.funiber.org\/pt\/#organization"},"keywords":["Marketing"],"articleSection":["Empresas, Dire\u00e7\u00e3o e RH"],"inLanguage":"pt-BR"},{"@type":"WebPage","@id":"https:\/\/blogs.funiber.org\/pt\/empresas-e-rh\/2013\/11\/07\/criar-uma-marca-pessoal-na-internet","url":"https:\/\/blogs.funiber.org\/pt\/empresas-e-rh\/2013\/11\/07\/criar-uma-marca-pessoal-na-internet","name":"Criar uma marca pessoal na Internet - FuniBlogs - FUNIBER","isPartOf":{"@id":"https:\/\/blogs.funiber.org\/pt\/#website"},"datePublished":"2013-11-07T10:21:29+00:00","dateModified":"2013-11-07T10:21:48+00:00","breadcrumb":{"@id":"https:\/\/blogs.funiber.org\/pt\/empresas-e-rh\/2013\/11\/07\/criar-uma-marca-pessoal-na-internet#breadcrumb"},"inLanguage":"pt-BR","potentialAction":[{"@type":"ReadAction","target":["https:\/\/blogs.funiber.org\/pt\/empresas-e-rh\/2013\/11\/07\/criar-uma-marca-pessoal-na-internet"]}]},{"@type":"BreadcrumbList","@id":"https:\/\/blogs.funiber.org\/pt\/empresas-e-rh\/2013\/11\/07\/criar-uma-marca-pessoal-na-internet#breadcrumb","itemListElement":[{"@type":"ListItem","position":1,"name":"In\u00edcio","item":"https:\/\/blogs.funiber.org\/pt"},{"@type":"ListItem","position":2,"name":"Criar uma marca pessoal na Internet"}]},{"@type":"WebSite","@id":"https:\/\/blogs.funiber.org\/pt\/#website","url":"https:\/\/blogs.funiber.org\/pt\/","name":"FuniBlogs - FUNIBER","description":"","publisher":{"@id":"https:\/\/blogs.funiber.org\/pt\/#organization"},"potentialAction":[{"@type":"SearchAction","target":{"@type":"EntryPoint","urlTemplate":"https:\/\/blogs.funiber.org\/pt\/?s={search_term_string}"},"query-input":"required name=search_term_string"}],"inLanguage":"pt-BR"},{"@type":"Organization","@id":"https:\/\/blogs.funiber.org\/pt\/#organization","name":"FuniBlogs - FUNIBER","url":"https:\/\/blogs.funiber.org\/pt\/","logo":{"@type":"ImageObject","inLanguage":"pt-BR","@id":"https:\/\/blogs.funiber.org\/pt\/#\/schema\/logo\/image\/","url":"https:\/\/www.funiber.blog\/pt\/wp-content\/uploads\/2022\/02\/logo-funiber-pt-br-v-dos.svg","contentUrl":"https:\/\/www.funiber.blog\/pt\/wp-content\/uploads\/2022\/02\/logo-funiber-pt-br-v-dos.svg","width":1,"height":1,"caption":"FuniBlogs - FUNIBER"},"image":{"@id":"https:\/\/blogs.funiber.org\/pt\/#\/schema\/logo\/image\/"},"sameAs":["https:\/\/www.facebook.com\/funiber","https:\/\/twitter.com\/FUNIBER","https:\/\/www.instagram.com\/funiber_becas","https:\/\/www.youtube.com\/user\/funiber","https:\/\/www.linkedin.com\/company\/funiber"]},{"@type":"Person","@id":"https:\/\/blogs.funiber.org\/pt\/#\/schema\/person\/a1eaaa5e57eac866a8c5946946bcf80d","name":"Michelle","image":{"@type":"ImageObject","inLanguage":"pt-BR","@id":"https:\/\/blogs.funiber.org\/pt\/#\/schema\/person\/image\/","url":"https:\/\/secure.gravatar.com\/avatar\/5e87041f7609dc50493cf216754fece1?s=96&d=mm&r=g","contentUrl":"https:\/\/secure.gravatar.com\/avatar\/5e87041f7609dc50493cf216754fece1?s=96&d=mm&r=g","caption":"Michelle"},"url":"https:\/\/www.funiber.blog\/pt\/author\/michelle-moreira"}]}},"jetpack_featured_media_url":"https:\/\/www.funiber.blog\/pt\/wp-content\/uploads\/2013\/11\/EMP_Linkedin.jpg","jetpack_shortlink":"https:\/\/wp.me\/p7ee1t-I8","jetpack_sharing_enabled":true,"_links":{"self":[{"href":"https:\/\/www.funiber.blog\/pt\/wp-json\/wp\/v2\/posts\/2736"}],"collection":[{"href":"https:\/\/www.funiber.blog\/pt\/wp-json\/wp\/v2\/posts"}],"about":[{"href":"https:\/\/www.funiber.blog\/pt\/wp-json\/wp\/v2\/types\/post"}],"author":[{"embeddable":true,"href":"https:\/\/www.funiber.blog\/pt\/wp-json\/wp\/v2\/users\/10"}],"replies":[{"embeddable":true,"href":"https:\/\/www.funiber.blog\/pt\/wp-json\/wp\/v2\/comments?post=2736"}],"version-history":[{"count":5,"href":"https:\/\/www.funiber.blog\/pt\/wp-json\/wp\/v2\/posts\/2736\/revisions"}],"predecessor-version":[{"id":2743,"href":"https:\/\/www.funiber.blog\/pt\/wp-json\/wp\/v2\/posts\/2736\/revisions\/2743"}],"wp:featuredmedia":[{"embeddable":true,"href":"https:\/\/www.funiber.blog\/pt\/wp-json\/wp\/v2\/media\/2740"}],"wp:attachment":[{"href":"https:\/\/www.funiber.blog\/pt\/wp-json\/wp\/v2\/media?parent=2736"}],"wp:term":[{"taxonomy":"category","embeddable":true,"href":"https:\/\/www.funiber.blog\/pt\/wp-json\/wp\/v2\/categories?post=2736"},{"taxonomy":"post_tag","embeddable":true,"href":"https:\/\/www.funiber.blog\/pt\/wp-json\/wp\/v2\/tags?post=2736"}],"curies":[{"name":"wp","href":"https:\/\/api.w.org\/{rel}","templated":true}]}}