{"id":27894,"date":"2023-05-30T06:50:05","date_gmt":"2023-05-30T11:50:05","guid":{"rendered":"https:\/\/blogs.funiber.org\/pt\/?p=27894"},"modified":"2023-05-30T06:50:09","modified_gmt":"2023-05-30T11:50:09","slug":"funiber-empresas-inflacao","status":"publish","type":"post","link":"https:\/\/www.funiber.blog\/pt\/empresas-e-rh\/2023\/05\/30\/funiber-empresas-inflacao","title":{"rendered":"A crescente preocupa\u00e7\u00e3o das empresas com a infla\u00e7\u00e3o"},"content":{"rendered":"\n<p>A infla\u00e7\u00e3o \u00e9 o processo pelo qual o valor de uma moeda diminui. O que traz consequ\u00eancias para o mercado como o aumento dos pre\u00e7os de bens e servi\u00e7os e tamb\u00e9m diminui o seu valor de aquisi\u00e7\u00e3o.<br>Esse processo econ\u00f4mico ocorre devido ao desequil\u00edbrio existente entre oferta e demanda, o que provoca uma eleva\u00e7\u00e3o cada vez maior dos pre\u00e7os da maioria dos produtos e servi\u00e7os, gerando diminui\u00e7\u00e3o do poder aquisitivo das pessoas.<\/p>\n\n\n\n<p>Tem havido uma preocupa\u00e7\u00e3o crescente por parte do setor empresarial uma vez que se estima que para os pr\u00f3ximos 6 meses o principal entrave ao crescimento econ\u00f3mico das empresas se deva \u00e0 infla\u00e7\u00e3o. Pa\u00edses como o M\u00e9xico s\u00e3o um exemplo disso, pois h\u00e1 relatos sobre a preocupa\u00e7\u00e3o dos empres\u00e1rios com a infla\u00e7\u00e3o e os n\u00fameros tiveram um aumento acentuado nos \u00faltimos per\u00edodos.<\/p>\n\n\n\n<p>Como posso amortecer o impacto da infla\u00e7\u00e3o no meu neg\u00f3cio?<br>Quando a infla\u00e7\u00e3o atinge n\u00edveis elevados, ela tende a produzir efeitos negativos nas empresas, pois o fato de isso ocorrer produz um aumento no custo de produ\u00e7\u00e3o. Isso acontece desde as mat\u00e9rias-primas, at\u00e9 os pre\u00e7os finais dos produtos ou servi\u00e7os que vendem.<\/p>\n\n\n\n<p>Algumas medidas a serem tomadas de acordo com a orienta\u00e7\u00e3o da consultoria de Organiza\u00e7\u00e3o Empresarial Estrat\u00e9gica do CEDEC s\u00e3o as seguintes:<\/p>\n\n\n\n<ul>\n<li>Reformular a estrat\u00e9gia de pre\u00e7os<\/li>\n\n\n\n<li>Procurar produtos financeiros protegidos da infla\u00e7\u00e3o<\/li>\n\n\n\n<li>Analisar cuidadosamente a lucratividade do neg\u00f3cio<\/li>\n\n\n\n<li>Fazer uma gest\u00e3o financeira adequada<\/li>\n<\/ul>\n\n\n\n<p><\/p>\n\n\n\n<p>A FUNIBER patrocina in\u00fameros cursos na \u00e1rea empresarial com o objetivo de formar profissionais. Alguns desses programas s\u00e3o:<\/p>\n\n\n\n<ul>\n<li><a href=\"https:\/\/www.funiber.org.br\/mestrado-internacional-em-auditoria-e-gestao-empresarial\">Mestrado Internacional em Auditoria e Gest\u00e3o Empresarial<\/a><\/li>\n\n\n\n<li><a href=\"https:\/\/www.funiber.org.br\/mestrado-em-consultoria-e-desenvolvimento-organizacional\">Mestrado em Consultoria e Desenvolvimento Organizacional<\/a><\/li>\n\n\n\n<li><a href=\"https:\/\/www.funiber.org.br\/mestrado-em-direcao-estrategica\">Mestrado em Dire\u00e7\u00e3o Estrat\u00e9gica<\/a><\/li>\n<\/ul>\n\n\n\n<p>Fonte: <a href=\"https:\/\/www.msn.com\/es-mx\/noticias\/mexico\/inflaci%C3%B3n-principal-preocupaci%C3%B3n-de-empresas-para-la-actividad-econ%C3%B3mica\/ar-AA18CIaV\" target=\"_blank\" rel=\"noreferrer noopener\">Inflaci\u00f3n, principal preocupaci\u00f3n de empresas para la actividad econ\u00f3mica<\/a><\/p>\n\n\n\n<p>Foto: Todos os direitos reservados<\/p>\n","protected":false},"excerpt":{"rendered":"<p>A infla\u00e7\u00e3o \u00e9 o processo pelo qual o valor de uma moeda diminui. O que traz consequ\u00eancias para o mercado como o aumento dos pre\u00e7os de bens e servi\u00e7os e tamb\u00e9m diminui o seu valor de aquisi\u00e7\u00e3o.Esse processo econ\u00f4mico ocorre devido ao desequil\u00edbrio existente entre oferta e demanda, o que provoca uma eleva\u00e7\u00e3o cada vez [&hellip;]<\/p>\n","protected":false},"author":10,"featured_media":27895,"comment_status":"closed","ping_status":"closed","sticky":false,"template":"","format":"standard","meta":{"jetpack_post_was_ever_published":false,"_jetpack_newsletter_access":"","_jetpack_newsletter_tier_id":0,"footnotes":"","jetpack_publicize_message":"","jetpack_is_tweetstorm":false,"jetpack_publicize_feature_enabled":true,"jetpack_social_post_already_shared":true,"jetpack_social_options":{"image_generator_settings":{"template":"highway","enabled":false}}},"categories":[8],"tags":[1242,855,285,408,172,119,248,911,7948,671,641,255],"jetpack_publicize_connections":[],"yoast_head":"<!-- This site is optimized with the Yoast SEO plugin v21.7 - https:\/\/yoast.com\/wordpress\/plugins\/seo\/ -->\n<title>A crescente preocupa\u00e7\u00e3o das empresas com a infla\u00e7\u00e3o<\/title>\n<meta name=\"description\" content=\"A infla\u00e7\u00e3o \u00e9 o processo pelo qual o valor de uma moeda diminui. O que traz consequ\u00eancias para o mercado como o aumento dos pre\u00e7os de bens e servi\u00e7os e tamb\u00e9m diminui o seu valor de aquisi\u00e7\u00e3o.\" \/>\n<meta name=\"robots\" content=\"noindex, nofollow\" \/>\n<meta property=\"og:locale\" content=\"pt_BR\" \/>\n<meta property=\"og:type\" content=\"article\" \/>\n<meta property=\"og:title\" content=\"A crescente preocupa\u00e7\u00e3o das empresas com a infla\u00e7\u00e3o\" \/>\n<meta property=\"og:description\" content=\"A infla\u00e7\u00e3o \u00e9 o processo pelo qual o valor de uma moeda diminui. O que traz consequ\u00eancias para o mercado como o aumento dos pre\u00e7os de bens e servi\u00e7os e tamb\u00e9m diminui o seu valor de aquisi\u00e7\u00e3o.\" \/>\n<meta property=\"og:url\" content=\"https:\/\/blogs.funiber.org\/pt\/empresas-e-rh\/2023\/05\/30\/funiber-empresas-inflacao\" \/>\n<meta property=\"og:site_name\" content=\"FuniBlogs - FUNIBER\" \/>\n<meta property=\"article:publisher\" content=\"https:\/\/www.facebook.com\/funiber\" \/>\n<meta property=\"article:published_time\" content=\"2023-05-30T11:50:05+00:00\" \/>\n<meta property=\"article:modified_time\" content=\"2023-05-30T11:50:09+00:00\" \/>\n<meta property=\"og:image\" content=\"https:\/\/blogs.funiber.org\/pt\/wp-content\/uploads\/2023\/05\/funiber-inflacao-preocupacao.jpg\" \/>\n\t<meta property=\"og:image:width\" content=\"570\" \/>\n\t<meta property=\"og:image:height\" content=\"350\" \/>\n\t<meta property=\"og:image:type\" content=\"image\/jpeg\" \/>\n<meta name=\"author\" content=\"Michelle\" \/>\n<meta name=\"twitter:card\" content=\"summary_large_image\" \/>\n<meta name=\"twitter:creator\" content=\"@FUNIBER\" \/>\n<meta name=\"twitter:site\" content=\"@FUNIBER\" \/>\n<meta name=\"twitter:label1\" content=\"Escrito por\" \/>\n\t<meta name=\"twitter:data1\" content=\"Michelle\" \/>\n\t<meta name=\"twitter:label2\" content=\"Est. tempo de leitura\" \/>\n\t<meta name=\"twitter:data2\" content=\"2 minutos\" \/>\n<script type=\"application\/ld+json\" class=\"yoast-schema-graph\">{\"@context\":\"https:\/\/schema.org\",\"@graph\":[{\"@type\":\"Article\",\"@id\":\"https:\/\/blogs.funiber.org\/pt\/empresas-e-rh\/2023\/05\/30\/funiber-empresas-inflacao#article\",\"isPartOf\":{\"@id\":\"https:\/\/blogs.funiber.org\/pt\/empresas-e-rh\/2023\/05\/30\/funiber-empresas-inflacao\"},\"author\":{\"name\":\"Michelle\",\"@id\":\"https:\/\/blogs.funiber.org\/pt\/#\/schema\/person\/a1eaaa5e57eac866a8c5946946bcf80d\"},\"headline\":\"A crescente preocupa\u00e7\u00e3o das empresas com a infla\u00e7\u00e3o\",\"datePublished\":\"2023-05-30T11:50:05+00:00\",\"dateModified\":\"2023-05-30T11:50:09+00:00\",\"mainEntityOfPage\":{\"@id\":\"https:\/\/blogs.funiber.org\/pt\/empresas-e-rh\/2023\/05\/30\/funiber-empresas-inflacao\"},\"wordCount\":335,\"publisher\":{\"@id\":\"https:\/\/blogs.funiber.org\/pt\/#organization\"},\"keywords\":[\"Bolsas\",\"Doutorado\",\"Educa\u00e7\u00e3o\",\"Educa\u00e7\u00e3o a Dist\u00e2ncia\",\"Empresas\",\"Estudos\",\"Funiber\",\"FUNIBER Opini\u00f5es\",\"infla\u00e7\u00e3o\",\"mestrado\",\"Opini\u00e3o FUNIBER\",\"Opini\u00f5es Funiber\"],\"articleSection\":[\"Empresas, Dire\u00e7\u00e3o e RH\"],\"inLanguage\":\"pt-BR\"},{\"@type\":\"WebPage\",\"@id\":\"https:\/\/blogs.funiber.org\/pt\/empresas-e-rh\/2023\/05\/30\/funiber-empresas-inflacao\",\"url\":\"https:\/\/blogs.funiber.org\/pt\/empresas-e-rh\/2023\/05\/30\/funiber-empresas-inflacao\",\"name\":\"A crescente preocupa\u00e7\u00e3o das empresas com a infla\u00e7\u00e3o\",\"isPartOf\":{\"@id\":\"https:\/\/blogs.funiber.org\/pt\/#website\"},\"datePublished\":\"2023-05-30T11:50:05+00:00\",\"dateModified\":\"2023-05-30T11:50:09+00:00\",\"description\":\"A infla\u00e7\u00e3o \u00e9 o processo pelo qual o valor de uma moeda diminui. O que traz consequ\u00eancias para o mercado como o aumento dos pre\u00e7os de bens e servi\u00e7os e tamb\u00e9m diminui o seu valor de aquisi\u00e7\u00e3o.\",\"breadcrumb\":{\"@id\":\"https:\/\/blogs.funiber.org\/pt\/empresas-e-rh\/2023\/05\/30\/funiber-empresas-inflacao#breadcrumb\"},\"inLanguage\":\"pt-BR\",\"potentialAction\":[{\"@type\":\"ReadAction\",\"target\":[\"https:\/\/blogs.funiber.org\/pt\/empresas-e-rh\/2023\/05\/30\/funiber-empresas-inflacao\"]}]},{\"@type\":\"BreadcrumbList\",\"@id\":\"https:\/\/blogs.funiber.org\/pt\/empresas-e-rh\/2023\/05\/30\/funiber-empresas-inflacao#breadcrumb\",\"itemListElement\":[{\"@type\":\"ListItem\",\"position\":1,\"name\":\"In\u00edcio\",\"item\":\"https:\/\/blogs.funiber.org\/pt\"},{\"@type\":\"ListItem\",\"position\":2,\"name\":\"A crescente preocupa\u00e7\u00e3o das empresas com a infla\u00e7\u00e3o\"}]},{\"@type\":\"WebSite\",\"@id\":\"https:\/\/blogs.funiber.org\/pt\/#website\",\"url\":\"https:\/\/blogs.funiber.org\/pt\/\",\"name\":\"FuniBlogs - FUNIBER\",\"description\":\"\",\"publisher\":{\"@id\":\"https:\/\/blogs.funiber.org\/pt\/#organization\"},\"potentialAction\":[{\"@type\":\"SearchAction\",\"target\":{\"@type\":\"EntryPoint\",\"urlTemplate\":\"https:\/\/blogs.funiber.org\/pt\/?s={search_term_string}\"},\"query-input\":\"required name=search_term_string\"}],\"inLanguage\":\"pt-BR\"},{\"@type\":\"Organization\",\"@id\":\"https:\/\/blogs.funiber.org\/pt\/#organization\",\"name\":\"FuniBlogs - FUNIBER\",\"url\":\"https:\/\/blogs.funiber.org\/pt\/\",\"logo\":{\"@type\":\"ImageObject\",\"inLanguage\":\"pt-BR\",\"@id\":\"https:\/\/blogs.funiber.org\/pt\/#\/schema\/logo\/image\/\",\"url\":\"https:\/\/www.funiber.blog\/pt\/wp-content\/uploads\/2022\/02\/logo-funiber-pt-br-v-dos.svg\",\"contentUrl\":\"https:\/\/www.funiber.blog\/pt\/wp-content\/uploads\/2022\/02\/logo-funiber-pt-br-v-dos.svg\",\"width\":1,\"height\":1,\"caption\":\"FuniBlogs - FUNIBER\"},\"image\":{\"@id\":\"https:\/\/blogs.funiber.org\/pt\/#\/schema\/logo\/image\/\"},\"sameAs\":[\"https:\/\/www.facebook.com\/funiber\",\"https:\/\/twitter.com\/FUNIBER\",\"https:\/\/www.instagram.com\/funiber_becas\",\"https:\/\/www.youtube.com\/user\/funiber\",\"https:\/\/www.linkedin.com\/company\/funiber\"]},{\"@type\":\"Person\",\"@id\":\"https:\/\/blogs.funiber.org\/pt\/#\/schema\/person\/a1eaaa5e57eac866a8c5946946bcf80d\",\"name\":\"Michelle\",\"image\":{\"@type\":\"ImageObject\",\"inLanguage\":\"pt-BR\",\"@id\":\"https:\/\/blogs.funiber.org\/pt\/#\/schema\/person\/image\/\",\"url\":\"https:\/\/secure.gravatar.com\/avatar\/5e87041f7609dc50493cf216754fece1?s=96&d=mm&r=g\",\"contentUrl\":\"https:\/\/secure.gravatar.com\/avatar\/5e87041f7609dc50493cf216754fece1?s=96&d=mm&r=g\",\"caption\":\"Michelle\"},\"url\":\"https:\/\/www.funiber.blog\/pt\/author\/michelle-moreira\"}]}<\/script>\n<!-- \/ Yoast SEO plugin. -->","yoast_head_json":{"title":"A crescente preocupa\u00e7\u00e3o das empresas com a infla\u00e7\u00e3o","description":"A infla\u00e7\u00e3o \u00e9 o processo pelo qual o valor de uma moeda diminui. O que traz consequ\u00eancias para o mercado como o aumento dos pre\u00e7os de bens e servi\u00e7os e tamb\u00e9m diminui o seu valor de aquisi\u00e7\u00e3o.","robots":{"index":"noindex","follow":"nofollow"},"og_locale":"pt_BR","og_type":"article","og_title":"A crescente preocupa\u00e7\u00e3o das empresas com a infla\u00e7\u00e3o","og_description":"A infla\u00e7\u00e3o \u00e9 o processo pelo qual o valor de uma moeda diminui. O que traz consequ\u00eancias para o mercado como o aumento dos pre\u00e7os de bens e servi\u00e7os e tamb\u00e9m diminui o seu valor de aquisi\u00e7\u00e3o.","og_url":"https:\/\/blogs.funiber.org\/pt\/empresas-e-rh\/2023\/05\/30\/funiber-empresas-inflacao","og_site_name":"FuniBlogs - FUNIBER","article_publisher":"https:\/\/www.facebook.com\/funiber","article_published_time":"2023-05-30T11:50:05+00:00","article_modified_time":"2023-05-30T11:50:09+00:00","og_image":[{"width":570,"height":350,"url":"https:\/\/blogs.funiber.org\/pt\/wp-content\/uploads\/2023\/05\/funiber-inflacao-preocupacao.jpg","type":"image\/jpeg"}],"author":"Michelle","twitter_card":"summary_large_image","twitter_creator":"@FUNIBER","twitter_site":"@FUNIBER","twitter_misc":{"Escrito por":"Michelle","Est. tempo de leitura":"2 minutos"},"schema":{"@context":"https:\/\/schema.org","@graph":[{"@type":"Article","@id":"https:\/\/blogs.funiber.org\/pt\/empresas-e-rh\/2023\/05\/30\/funiber-empresas-inflacao#article","isPartOf":{"@id":"https:\/\/blogs.funiber.org\/pt\/empresas-e-rh\/2023\/05\/30\/funiber-empresas-inflacao"},"author":{"name":"Michelle","@id":"https:\/\/blogs.funiber.org\/pt\/#\/schema\/person\/a1eaaa5e57eac866a8c5946946bcf80d"},"headline":"A crescente preocupa\u00e7\u00e3o das empresas com a infla\u00e7\u00e3o","datePublished":"2023-05-30T11:50:05+00:00","dateModified":"2023-05-30T11:50:09+00:00","mainEntityOfPage":{"@id":"https:\/\/blogs.funiber.org\/pt\/empresas-e-rh\/2023\/05\/30\/funiber-empresas-inflacao"},"wordCount":335,"publisher":{"@id":"https:\/\/blogs.funiber.org\/pt\/#organization"},"keywords":["Bolsas","Doutorado","Educa\u00e7\u00e3o","Educa\u00e7\u00e3o a Dist\u00e2ncia","Empresas","Estudos","Funiber","FUNIBER Opini\u00f5es","infla\u00e7\u00e3o","mestrado","Opini\u00e3o FUNIBER","Opini\u00f5es Funiber"],"articleSection":["Empresas, Dire\u00e7\u00e3o e RH"],"inLanguage":"pt-BR"},{"@type":"WebPage","@id":"https:\/\/blogs.funiber.org\/pt\/empresas-e-rh\/2023\/05\/30\/funiber-empresas-inflacao","url":"https:\/\/blogs.funiber.org\/pt\/empresas-e-rh\/2023\/05\/30\/funiber-empresas-inflacao","name":"A crescente preocupa\u00e7\u00e3o das empresas com a infla\u00e7\u00e3o","isPartOf":{"@id":"https:\/\/blogs.funiber.org\/pt\/#website"},"datePublished":"2023-05-30T11:50:05+00:00","dateModified":"2023-05-30T11:50:09+00:00","description":"A infla\u00e7\u00e3o \u00e9 o processo pelo qual o valor de uma moeda diminui. O que traz consequ\u00eancias para o mercado como o aumento dos pre\u00e7os de bens e servi\u00e7os e tamb\u00e9m diminui o seu valor de aquisi\u00e7\u00e3o.","breadcrumb":{"@id":"https:\/\/blogs.funiber.org\/pt\/empresas-e-rh\/2023\/05\/30\/funiber-empresas-inflacao#breadcrumb"},"inLanguage":"pt-BR","potentialAction":[{"@type":"ReadAction","target":["https:\/\/blogs.funiber.org\/pt\/empresas-e-rh\/2023\/05\/30\/funiber-empresas-inflacao"]}]},{"@type":"BreadcrumbList","@id":"https:\/\/blogs.funiber.org\/pt\/empresas-e-rh\/2023\/05\/30\/funiber-empresas-inflacao#breadcrumb","itemListElement":[{"@type":"ListItem","position":1,"name":"In\u00edcio","item":"https:\/\/blogs.funiber.org\/pt"},{"@type":"ListItem","position":2,"name":"A crescente preocupa\u00e7\u00e3o das empresas com a infla\u00e7\u00e3o"}]},{"@type":"WebSite","@id":"https:\/\/blogs.funiber.org\/pt\/#website","url":"https:\/\/blogs.funiber.org\/pt\/","name":"FuniBlogs - FUNIBER","description":"","publisher":{"@id":"https:\/\/blogs.funiber.org\/pt\/#organization"},"potentialAction":[{"@type":"SearchAction","target":{"@type":"EntryPoint","urlTemplate":"https:\/\/blogs.funiber.org\/pt\/?s={search_term_string}"},"query-input":"required name=search_term_string"}],"inLanguage":"pt-BR"},{"@type":"Organization","@id":"https:\/\/blogs.funiber.org\/pt\/#organization","name":"FuniBlogs - FUNIBER","url":"https:\/\/blogs.funiber.org\/pt\/","logo":{"@type":"ImageObject","inLanguage":"pt-BR","@id":"https:\/\/blogs.funiber.org\/pt\/#\/schema\/logo\/image\/","url":"https:\/\/www.funiber.blog\/pt\/wp-content\/uploads\/2022\/02\/logo-funiber-pt-br-v-dos.svg","contentUrl":"https:\/\/www.funiber.blog\/pt\/wp-content\/uploads\/2022\/02\/logo-funiber-pt-br-v-dos.svg","width":1,"height":1,"caption":"FuniBlogs - FUNIBER"},"image":{"@id":"https:\/\/blogs.funiber.org\/pt\/#\/schema\/logo\/image\/"},"sameAs":["https:\/\/www.facebook.com\/funiber","https:\/\/twitter.com\/FUNIBER","https:\/\/www.instagram.com\/funiber_becas","https:\/\/www.youtube.com\/user\/funiber","https:\/\/www.linkedin.com\/company\/funiber"]},{"@type":"Person","@id":"https:\/\/blogs.funiber.org\/pt\/#\/schema\/person\/a1eaaa5e57eac866a8c5946946bcf80d","name":"Michelle","image":{"@type":"ImageObject","inLanguage":"pt-BR","@id":"https:\/\/blogs.funiber.org\/pt\/#\/schema\/person\/image\/","url":"https:\/\/secure.gravatar.com\/avatar\/5e87041f7609dc50493cf216754fece1?s=96&d=mm&r=g","contentUrl":"https:\/\/secure.gravatar.com\/avatar\/5e87041f7609dc50493cf216754fece1?s=96&d=mm&r=g","caption":"Michelle"},"url":"https:\/\/www.funiber.blog\/pt\/author\/michelle-moreira"}]}},"jetpack_featured_media_url":"https:\/\/www.funiber.blog\/pt\/wp-content\/uploads\/2023\/05\/funiber-inflacao-preocupacao.jpg","jetpack_shortlink":"https:\/\/wp.me\/p7ee1t-7fU","jetpack_sharing_enabled":true,"_links":{"self":[{"href":"https:\/\/www.funiber.blog\/pt\/wp-json\/wp\/v2\/posts\/27894"}],"collection":[{"href":"https:\/\/www.funiber.blog\/pt\/wp-json\/wp\/v2\/posts"}],"about":[{"href":"https:\/\/www.funiber.blog\/pt\/wp-json\/wp\/v2\/types\/post"}],"author":[{"embeddable":true,"href":"https:\/\/www.funiber.blog\/pt\/wp-json\/wp\/v2\/users\/10"}],"replies":[{"embeddable":true,"href":"https:\/\/www.funiber.blog\/pt\/wp-json\/wp\/v2\/comments?post=27894"}],"version-history":[{"count":1,"href":"https:\/\/www.funiber.blog\/pt\/wp-json\/wp\/v2\/posts\/27894\/revisions"}],"predecessor-version":[{"id":27896,"href":"https:\/\/www.funiber.blog\/pt\/wp-json\/wp\/v2\/posts\/27894\/revisions\/27896"}],"wp:featuredmedia":[{"embeddable":true,"href":"https:\/\/www.funiber.blog\/pt\/wp-json\/wp\/v2\/media\/27895"}],"wp:attachment":[{"href":"https:\/\/www.funiber.blog\/pt\/wp-json\/wp\/v2\/media?parent=27894"}],"wp:term":[{"taxonomy":"category","embeddable":true,"href":"https:\/\/www.funiber.blog\/pt\/wp-json\/wp\/v2\/categories?post=27894"},{"taxonomy":"post_tag","embeddable":true,"href":"https:\/\/www.funiber.blog\/pt\/wp-json\/wp\/v2\/tags?post=27894"}],"curies":[{"name":"wp","href":"https:\/\/api.w.org\/{rel}","templated":true}]}}