{"id":27940,"date":"2023-06-02T06:39:45","date_gmt":"2023-06-02T11:39:45","guid":{"rendered":"https:\/\/blogs.funiber.org\/pt\/?p=27940"},"modified":"2023-06-02T06:40:53","modified_gmt":"2023-06-02T11:40:53","slug":"pensamento-convergente-e-divergente-em-criancas","status":"publish","type":"post","link":"https:\/\/www.funiber.blog\/pt\/formacao-professores\/2023\/06\/02\/pensamento-convergente-e-divergente-em-criancas","title":{"rendered":"Pensamento convergente e divergente em crian\u00e7as"},"content":{"rendered":"\n<p>O pensamento convergente e divergente nas crian\u00e7as s\u00e3o habilidades que permitem desenvolver a criatividade, resolu\u00e7\u00e3o de problemas e tomada de decis\u00f5es.<br><\/p>\n\n\n\n<p>De acordo com um estudo realizado na Espanha, mais de 60% dos pais e professores consideram que essas habilidades s\u00e3o essenciais para o desenvolvimento das crian\u00e7as; entretanto, apenas 30% sabem em que consistem e como desenvolv\u00ea-los.<\/p>\n\n\n\n<p><strong>O que \u00e9 pensamento convergente e o que o caracteriza?<br><\/strong>Esse tipo de pensamento \u00e9 a capacidade de resolver problemas estabelecidos, usando racioc\u00ednio e l\u00f3gica.<\/p>\n\n\n\n<p><strong>Como se caracteriza?<\/strong><\/p>\n\n\n\n<ul>\n<li>Focado em uma \u00fanica solu\u00e7\u00e3o correta<\/li>\n\n\n\n<li>Use as informa\u00e7\u00f5es dispon\u00edveis para chegar \u00e0 resposta correta.<\/li>\n\n\n\n<li>Implica a aplica\u00e7\u00e3o de regras e procedimentos estabelecidos<\/li>\n\n\n\n<li>Requer racioc\u00ednio l\u00f3gico e ordenado<\/li>\n<\/ul>\n\n\n\n<p><strong>O que \u00e9 pensamento divergente e o que o caracteriza?<br><\/strong>O pensamento divergente, por outro lado, \u00e9 a capacidade de criar diferentes maneiras de resolver um problema e, ao mesmo tempo, explorar diferentes alternativas.<\/p>\n\n\n\n<p><strong>Como se caracteriza?<\/strong><\/p>\n\n\n\n<ul>\n<li>Gera v\u00e1rias ideias ou solu\u00e7\u00f5es poss\u00edveis<\/li>\n\n\n\n<li>Usa a imagina\u00e7\u00e3o e a criatividade para encontrar novas solu\u00e7\u00f5es<\/li>\n\n\n\n<li>N\u00e3o est\u00e1 vinculado a regras e procedimentos estabelecidos<\/li>\n\n\n\n<li>Requer uma mente aberta e curiosa<\/li>\n<\/ul>\n\n\n\n<p><strong>Como esses dois pensamentos podem se desenvolver nas crian\u00e7as?<br><\/strong>Existem muitas maneiras de despertar o pensamento cognitivo e divergente nas crian\u00e7as, como apoiar o desenvolvimento de sua criatividade, permitir que elas resolvam problemas por conta pr\u00f3pria e tomem suas pr\u00f3prias decis\u00f5es, ensinando-as a questionar as normas estabelecidas e incentivando-as a olhar para diferentes perspectivas e solu\u00e7\u00f5es para um problema.<\/p>\n\n\n\n<p>O pensamento convergente e divergente s\u00e3o dois tipos de habilidades complementares e fundamentais na aprendizagem e desempenho de meninas e meninos. \u00c9 importante estimular este tipo de compet\u00eancias, pois a cognitiva ajuda-os a tomar decis\u00f5es e a resolver problemas e a divergente serve para criar novas ideias e despertar a originalidade.<\/p>\n\n\n\n<p><\/p>\n\n\n\n<p><\/p>\n\n\n\n<p>A FUNIBER promove a forma\u00e7\u00e3o de professores, com alguns programas como:<\/p>\n\n\n\n<ul>\n<li><a href=\"https:\/\/www.funiber.org.br\/mestrado-em-educacao\">Mestrado em Educa\u00e7\u00e3o<\/a><\/li>\n\n\n\n<li><a href=\"https:\/\/www.funiber.org.br\/mestrado-em-educacao-com-especialidade-em-TIC-na-educacao\">Mestrado em Educa\u00e7\u00e3o com especialidade em TIC na Educa\u00e7\u00e3o<\/a><\/li>\n\n\n\n<li><a href=\"https:\/\/www.funiber.org.br\/mestrado-em-educacao-com-especializacao-em-organizacao-e-gestao-de-centros-educativos\">Mestrado em Educa\u00e7\u00e3o com especializa\u00e7\u00e3o em Organiza\u00e7\u00e3o e Gest\u00e3o de Centros Educativos<\/a><\/li>\n<\/ul>\n\n\n\n<p><\/p>\n\n\n\n<p>Fonte:<a href=\"https:\/\/educayaprende.com\/pensamiento-convergente-divergente-ninos\/#:~:text=El%20pensamiento%20convergente%20y%20divergente%20son%20habilidades%20complementarias%20y%20necesarias,de%20ideas%20nuevas%20y%20originales.\" target=\"_blank\" rel=\"noreferrer noopener\"><strong>C\u00f3mo Fomentar el Pensamiento Convergente y Divergente en Ni\u00f1os<\/strong><\/a><\/p>\n\n\n\n<p>Foto: Todos os direitos reservados<\/p>\n","protected":false},"excerpt":{"rendered":"<p>O pensamento convergente e divergente nas crian\u00e7as s\u00e3o habilidades que permitem desenvolver a criatividade, resolu\u00e7\u00e3o de problemas e tomada de decis\u00f5es. De acordo com um estudo realizado na Espanha, mais de 60% dos pais e professores consideram que essas habilidades s\u00e3o essenciais para o desenvolvimento das crian\u00e7as; entretanto, apenas 30% sabem em que consistem e [&hellip;]<\/p>\n","protected":false},"author":10,"featured_media":27943,"comment_status":"closed","ping_status":"closed","sticky":false,"template":"","format":"standard","meta":{"jetpack_post_was_ever_published":false,"_jetpack_newsletter_access":"","_jetpack_newsletter_tier_id":0,"footnotes":"","jetpack_publicize_message":"","jetpack_is_tweetstorm":false,"jetpack_publicize_feature_enabled":true,"jetpack_social_post_already_shared":true,"jetpack_social_options":{"image_generator_settings":{"template":"highway","enabled":false}}},"categories":[5],"tags":[],"jetpack_publicize_connections":[],"yoast_head":"<!-- This site is optimized with the Yoast SEO plugin v21.7 - https:\/\/yoast.com\/wordpress\/plugins\/seo\/ -->\n<title>Pensamento convergente e divergente em crian\u00e7as - FuniBlogs - FUNIBER<\/title>\n<meta name=\"robots\" content=\"index, follow, max-snippet:-1, max-image-preview:large, max-video-preview:-1\" \/>\n<link rel=\"canonical\" href=\"https:\/\/blogs.funiber.org\/pt\/formacao-professores\/2023\/06\/02\/pensamento-convergente-e-divergente-em-criancas\" \/>\n<meta property=\"og:locale\" content=\"pt_BR\" \/>\n<meta property=\"og:type\" content=\"article\" \/>\n<meta property=\"og:title\" content=\"Pensamento convergente e divergente em crian\u00e7as - FuniBlogs - FUNIBER\" \/>\n<meta property=\"og:description\" content=\"O pensamento convergente e divergente nas crian\u00e7as s\u00e3o habilidades que permitem desenvolver a criatividade, resolu\u00e7\u00e3o de problemas e tomada de decis\u00f5es. De acordo com um estudo realizado na Espanha, mais de 60% dos pais e professores consideram que essas habilidades s\u00e3o essenciais para o desenvolvimento das crian\u00e7as; entretanto, apenas 30% sabem em que consistem e [&hellip;]\" \/>\n<meta property=\"og:url\" content=\"https:\/\/blogs.funiber.org\/pt\/formacao-professores\/2023\/06\/02\/pensamento-convergente-e-divergente-em-criancas\" \/>\n<meta property=\"og:site_name\" content=\"FuniBlogs - FUNIBER\" \/>\n<meta property=\"article:publisher\" content=\"https:\/\/www.facebook.com\/funiber\" \/>\n<meta property=\"article:published_time\" content=\"2023-06-02T11:39:45+00:00\" \/>\n<meta property=\"article:modified_time\" content=\"2023-06-02T11:40:53+00:00\" \/>\n<meta property=\"og:image\" content=\"https:\/\/blogs.funiber.org\/pt\/wp-content\/uploads\/2023\/06\/funiber-pensamento-convergente-1.jpg\" \/>\n\t<meta property=\"og:image:width\" content=\"570\" \/>\n\t<meta property=\"og:image:height\" content=\"350\" \/>\n\t<meta property=\"og:image:type\" content=\"image\/jpeg\" \/>\n<meta name=\"author\" content=\"Michelle\" \/>\n<meta name=\"twitter:card\" content=\"summary_large_image\" \/>\n<meta name=\"twitter:creator\" content=\"@FUNIBER\" \/>\n<meta name=\"twitter:site\" content=\"@FUNIBER\" \/>\n<meta name=\"twitter:label1\" content=\"Escrito por\" \/>\n\t<meta name=\"twitter:data1\" content=\"Michelle\" \/>\n\t<meta name=\"twitter:label2\" content=\"Est. tempo de leitura\" \/>\n\t<meta name=\"twitter:data2\" content=\"2 minutos\" \/>\n<script type=\"application\/ld+json\" class=\"yoast-schema-graph\">{\"@context\":\"https:\/\/schema.org\",\"@graph\":[{\"@type\":\"Article\",\"@id\":\"https:\/\/blogs.funiber.org\/pt\/formacao-professores\/2023\/06\/02\/pensamento-convergente-e-divergente-em-criancas#article\",\"isPartOf\":{\"@id\":\"https:\/\/blogs.funiber.org\/pt\/formacao-professores\/2023\/06\/02\/pensamento-convergente-e-divergente-em-criancas\"},\"author\":{\"name\":\"Michelle\",\"@id\":\"https:\/\/blogs.funiber.org\/pt\/#\/schema\/person\/a1eaaa5e57eac866a8c5946946bcf80d\"},\"headline\":\"Pensamento convergente e divergente em crian\u00e7as\",\"datePublished\":\"2023-06-02T11:39:45+00:00\",\"dateModified\":\"2023-06-02T11:40:53+00:00\",\"mainEntityOfPage\":{\"@id\":\"https:\/\/blogs.funiber.org\/pt\/formacao-professores\/2023\/06\/02\/pensamento-convergente-e-divergente-em-criancas\"},\"wordCount\":379,\"publisher\":{\"@id\":\"https:\/\/blogs.funiber.org\/pt\/#organization\"},\"articleSection\":[\"Educa\u00e7\u00e3o,\u00a0Forma\u00e7\u00e3o Professores\"],\"inLanguage\":\"pt-BR\"},{\"@type\":\"WebPage\",\"@id\":\"https:\/\/blogs.funiber.org\/pt\/formacao-professores\/2023\/06\/02\/pensamento-convergente-e-divergente-em-criancas\",\"url\":\"https:\/\/blogs.funiber.org\/pt\/formacao-professores\/2023\/06\/02\/pensamento-convergente-e-divergente-em-criancas\",\"name\":\"Pensamento convergente e divergente em crian\u00e7as - FuniBlogs - FUNIBER\",\"isPartOf\":{\"@id\":\"https:\/\/blogs.funiber.org\/pt\/#website\"},\"datePublished\":\"2023-06-02T11:39:45+00:00\",\"dateModified\":\"2023-06-02T11:40:53+00:00\",\"breadcrumb\":{\"@id\":\"https:\/\/blogs.funiber.org\/pt\/formacao-professores\/2023\/06\/02\/pensamento-convergente-e-divergente-em-criancas#breadcrumb\"},\"inLanguage\":\"pt-BR\",\"potentialAction\":[{\"@type\":\"ReadAction\",\"target\":[\"https:\/\/blogs.funiber.org\/pt\/formacao-professores\/2023\/06\/02\/pensamento-convergente-e-divergente-em-criancas\"]}]},{\"@type\":\"BreadcrumbList\",\"@id\":\"https:\/\/blogs.funiber.org\/pt\/formacao-professores\/2023\/06\/02\/pensamento-convergente-e-divergente-em-criancas#breadcrumb\",\"itemListElement\":[{\"@type\":\"ListItem\",\"position\":1,\"name\":\"In\u00edcio\",\"item\":\"https:\/\/blogs.funiber.org\/pt\"},{\"@type\":\"ListItem\",\"position\":2,\"name\":\"Pensamento convergente e divergente em crian\u00e7as\"}]},{\"@type\":\"WebSite\",\"@id\":\"https:\/\/blogs.funiber.org\/pt\/#website\",\"url\":\"https:\/\/blogs.funiber.org\/pt\/\",\"name\":\"FuniBlogs - FUNIBER\",\"description\":\"\",\"publisher\":{\"@id\":\"https:\/\/blogs.funiber.org\/pt\/#organization\"},\"potentialAction\":[{\"@type\":\"SearchAction\",\"target\":{\"@type\":\"EntryPoint\",\"urlTemplate\":\"https:\/\/blogs.funiber.org\/pt\/?s={search_term_string}\"},\"query-input\":\"required name=search_term_string\"}],\"inLanguage\":\"pt-BR\"},{\"@type\":\"Organization\",\"@id\":\"https:\/\/blogs.funiber.org\/pt\/#organization\",\"name\":\"FuniBlogs - FUNIBER\",\"url\":\"https:\/\/blogs.funiber.org\/pt\/\",\"logo\":{\"@type\":\"ImageObject\",\"inLanguage\":\"pt-BR\",\"@id\":\"https:\/\/blogs.funiber.org\/pt\/#\/schema\/logo\/image\/\",\"url\":\"https:\/\/www.funiber.blog\/pt\/wp-content\/uploads\/2022\/02\/logo-funiber-pt-br-v-dos.svg\",\"contentUrl\":\"https:\/\/www.funiber.blog\/pt\/wp-content\/uploads\/2022\/02\/logo-funiber-pt-br-v-dos.svg\",\"width\":1,\"height\":1,\"caption\":\"FuniBlogs - FUNIBER\"},\"image\":{\"@id\":\"https:\/\/blogs.funiber.org\/pt\/#\/schema\/logo\/image\/\"},\"sameAs\":[\"https:\/\/www.facebook.com\/funiber\",\"https:\/\/twitter.com\/FUNIBER\",\"https:\/\/www.instagram.com\/funiber_becas\",\"https:\/\/www.youtube.com\/user\/funiber\",\"https:\/\/www.linkedin.com\/company\/funiber\"]},{\"@type\":\"Person\",\"@id\":\"https:\/\/blogs.funiber.org\/pt\/#\/schema\/person\/a1eaaa5e57eac866a8c5946946bcf80d\",\"name\":\"Michelle\",\"image\":{\"@type\":\"ImageObject\",\"inLanguage\":\"pt-BR\",\"@id\":\"https:\/\/blogs.funiber.org\/pt\/#\/schema\/person\/image\/\",\"url\":\"https:\/\/secure.gravatar.com\/avatar\/5e87041f7609dc50493cf216754fece1?s=96&d=mm&r=g\",\"contentUrl\":\"https:\/\/secure.gravatar.com\/avatar\/5e87041f7609dc50493cf216754fece1?s=96&d=mm&r=g\",\"caption\":\"Michelle\"},\"url\":\"https:\/\/www.funiber.blog\/pt\/author\/michelle-moreira\"}]}<\/script>\n<!-- \/ Yoast SEO plugin. -->","yoast_head_json":{"title":"Pensamento convergente e divergente em crian\u00e7as - FuniBlogs - FUNIBER","robots":{"index":"index","follow":"follow","max-snippet":"max-snippet:-1","max-image-preview":"max-image-preview:large","max-video-preview":"max-video-preview:-1"},"canonical":"https:\/\/blogs.funiber.org\/pt\/formacao-professores\/2023\/06\/02\/pensamento-convergente-e-divergente-em-criancas","og_locale":"pt_BR","og_type":"article","og_title":"Pensamento convergente e divergente em crian\u00e7as - FuniBlogs - FUNIBER","og_description":"O pensamento convergente e divergente nas crian\u00e7as s\u00e3o habilidades que permitem desenvolver a criatividade, resolu\u00e7\u00e3o de problemas e tomada de decis\u00f5es. De acordo com um estudo realizado na Espanha, mais de 60% dos pais e professores consideram que essas habilidades s\u00e3o essenciais para o desenvolvimento das crian\u00e7as; entretanto, apenas 30% sabem em que consistem e [&hellip;]","og_url":"https:\/\/blogs.funiber.org\/pt\/formacao-professores\/2023\/06\/02\/pensamento-convergente-e-divergente-em-criancas","og_site_name":"FuniBlogs - FUNIBER","article_publisher":"https:\/\/www.facebook.com\/funiber","article_published_time":"2023-06-02T11:39:45+00:00","article_modified_time":"2023-06-02T11:40:53+00:00","og_image":[{"width":570,"height":350,"url":"https:\/\/blogs.funiber.org\/pt\/wp-content\/uploads\/2023\/06\/funiber-pensamento-convergente-1.jpg","type":"image\/jpeg"}],"author":"Michelle","twitter_card":"summary_large_image","twitter_creator":"@FUNIBER","twitter_site":"@FUNIBER","twitter_misc":{"Escrito por":"Michelle","Est. tempo de leitura":"2 minutos"},"schema":{"@context":"https:\/\/schema.org","@graph":[{"@type":"Article","@id":"https:\/\/blogs.funiber.org\/pt\/formacao-professores\/2023\/06\/02\/pensamento-convergente-e-divergente-em-criancas#article","isPartOf":{"@id":"https:\/\/blogs.funiber.org\/pt\/formacao-professores\/2023\/06\/02\/pensamento-convergente-e-divergente-em-criancas"},"author":{"name":"Michelle","@id":"https:\/\/blogs.funiber.org\/pt\/#\/schema\/person\/a1eaaa5e57eac866a8c5946946bcf80d"},"headline":"Pensamento convergente e divergente em crian\u00e7as","datePublished":"2023-06-02T11:39:45+00:00","dateModified":"2023-06-02T11:40:53+00:00","mainEntityOfPage":{"@id":"https:\/\/blogs.funiber.org\/pt\/formacao-professores\/2023\/06\/02\/pensamento-convergente-e-divergente-em-criancas"},"wordCount":379,"publisher":{"@id":"https:\/\/blogs.funiber.org\/pt\/#organization"},"articleSection":["Educa\u00e7\u00e3o,\u00a0Forma\u00e7\u00e3o Professores"],"inLanguage":"pt-BR"},{"@type":"WebPage","@id":"https:\/\/blogs.funiber.org\/pt\/formacao-professores\/2023\/06\/02\/pensamento-convergente-e-divergente-em-criancas","url":"https:\/\/blogs.funiber.org\/pt\/formacao-professores\/2023\/06\/02\/pensamento-convergente-e-divergente-em-criancas","name":"Pensamento convergente e divergente em crian\u00e7as - FuniBlogs - FUNIBER","isPartOf":{"@id":"https:\/\/blogs.funiber.org\/pt\/#website"},"datePublished":"2023-06-02T11:39:45+00:00","dateModified":"2023-06-02T11:40:53+00:00","breadcrumb":{"@id":"https:\/\/blogs.funiber.org\/pt\/formacao-professores\/2023\/06\/02\/pensamento-convergente-e-divergente-em-criancas#breadcrumb"},"inLanguage":"pt-BR","potentialAction":[{"@type":"ReadAction","target":["https:\/\/blogs.funiber.org\/pt\/formacao-professores\/2023\/06\/02\/pensamento-convergente-e-divergente-em-criancas"]}]},{"@type":"BreadcrumbList","@id":"https:\/\/blogs.funiber.org\/pt\/formacao-professores\/2023\/06\/02\/pensamento-convergente-e-divergente-em-criancas#breadcrumb","itemListElement":[{"@type":"ListItem","position":1,"name":"In\u00edcio","item":"https:\/\/blogs.funiber.org\/pt"},{"@type":"ListItem","position":2,"name":"Pensamento convergente e divergente em crian\u00e7as"}]},{"@type":"WebSite","@id":"https:\/\/blogs.funiber.org\/pt\/#website","url":"https:\/\/blogs.funiber.org\/pt\/","name":"FuniBlogs - FUNIBER","description":"","publisher":{"@id":"https:\/\/blogs.funiber.org\/pt\/#organization"},"potentialAction":[{"@type":"SearchAction","target":{"@type":"EntryPoint","urlTemplate":"https:\/\/blogs.funiber.org\/pt\/?s={search_term_string}"},"query-input":"required name=search_term_string"}],"inLanguage":"pt-BR"},{"@type":"Organization","@id":"https:\/\/blogs.funiber.org\/pt\/#organization","name":"FuniBlogs - FUNIBER","url":"https:\/\/blogs.funiber.org\/pt\/","logo":{"@type":"ImageObject","inLanguage":"pt-BR","@id":"https:\/\/blogs.funiber.org\/pt\/#\/schema\/logo\/image\/","url":"https:\/\/www.funiber.blog\/pt\/wp-content\/uploads\/2022\/02\/logo-funiber-pt-br-v-dos.svg","contentUrl":"https:\/\/www.funiber.blog\/pt\/wp-content\/uploads\/2022\/02\/logo-funiber-pt-br-v-dos.svg","width":1,"height":1,"caption":"FuniBlogs - FUNIBER"},"image":{"@id":"https:\/\/blogs.funiber.org\/pt\/#\/schema\/logo\/image\/"},"sameAs":["https:\/\/www.facebook.com\/funiber","https:\/\/twitter.com\/FUNIBER","https:\/\/www.instagram.com\/funiber_becas","https:\/\/www.youtube.com\/user\/funiber","https:\/\/www.linkedin.com\/company\/funiber"]},{"@type":"Person","@id":"https:\/\/blogs.funiber.org\/pt\/#\/schema\/person\/a1eaaa5e57eac866a8c5946946bcf80d","name":"Michelle","image":{"@type":"ImageObject","inLanguage":"pt-BR","@id":"https:\/\/blogs.funiber.org\/pt\/#\/schema\/person\/image\/","url":"https:\/\/secure.gravatar.com\/avatar\/5e87041f7609dc50493cf216754fece1?s=96&d=mm&r=g","contentUrl":"https:\/\/secure.gravatar.com\/avatar\/5e87041f7609dc50493cf216754fece1?s=96&d=mm&r=g","caption":"Michelle"},"url":"https:\/\/www.funiber.blog\/pt\/author\/michelle-moreira"}]}},"jetpack_featured_media_url":"https:\/\/www.funiber.blog\/pt\/wp-content\/uploads\/2023\/06\/funiber-pensamento-convergente-1.jpg","jetpack_shortlink":"https:\/\/wp.me\/p7ee1t-7gE","jetpack_sharing_enabled":true,"_links":{"self":[{"href":"https:\/\/www.funiber.blog\/pt\/wp-json\/wp\/v2\/posts\/27940"}],"collection":[{"href":"https:\/\/www.funiber.blog\/pt\/wp-json\/wp\/v2\/posts"}],"about":[{"href":"https:\/\/www.funiber.blog\/pt\/wp-json\/wp\/v2\/types\/post"}],"author":[{"embeddable":true,"href":"https:\/\/www.funiber.blog\/pt\/wp-json\/wp\/v2\/users\/10"}],"replies":[{"embeddable":true,"href":"https:\/\/www.funiber.blog\/pt\/wp-json\/wp\/v2\/comments?post=27940"}],"version-history":[{"count":1,"href":"https:\/\/www.funiber.blog\/pt\/wp-json\/wp\/v2\/posts\/27940\/revisions"}],"predecessor-version":[{"id":27942,"href":"https:\/\/www.funiber.blog\/pt\/wp-json\/wp\/v2\/posts\/27940\/revisions\/27942"}],"wp:featuredmedia":[{"embeddable":true,"href":"https:\/\/www.funiber.blog\/pt\/wp-json\/wp\/v2\/media\/27943"}],"wp:attachment":[{"href":"https:\/\/www.funiber.blog\/pt\/wp-json\/wp\/v2\/media?parent=27940"}],"wp:term":[{"taxonomy":"category","embeddable":true,"href":"https:\/\/www.funiber.blog\/pt\/wp-json\/wp\/v2\/categories?post=27940"},{"taxonomy":"post_tag","embeddable":true,"href":"https:\/\/www.funiber.blog\/pt\/wp-json\/wp\/v2\/tags?post=27940"}],"curies":[{"name":"wp","href":"https:\/\/api.w.org\/{rel}","templated":true}]}}