{"id":27963,"date":"2023-06-08T04:36:10","date_gmt":"2023-06-08T09:36:10","guid":{"rendered":"https:\/\/blogs.funiber.org\/pt\/?p=27963"},"modified":"2023-06-08T04:36:13","modified_gmt":"2023-06-08T09:36:13","slug":"funiber-usina-eolica","status":"publish","type":"post","link":"https:\/\/www.funiber.blog\/pt\/meio-ambiente\/2023\/06\/08\/funiber-usina-eolica","title":{"rendered":"Constroem usina e\u00f3lica na Ucr\u00e2nia"},"content":{"rendered":"\n<p>O Grupo DTEK est\u00e1 concluindo a constru\u00e7\u00e3o da primeira fase da usina e\u00f3lica de Tyligulska, localizada na regi\u00e3o de Mykolaiv (Ucr\u00e2nia).<\/p>\n\n\n\n<p>A capacidade declarada da usina \u00e9 de 500 MW, dos quais a primeira fase representa 114 MW. A DTEK espera que 19 turbinas e\u00f3licas comecem a gerar eletricidade na primavera de 2023 para apoiar o equil\u00edbrio energ\u00e9tico do pa\u00eds. O lan\u00e7amento do projeto \u00e9 mais um passo para a realiza\u00e7\u00e3o da iniciativa &#8220;30 at\u00e9 2030&#8221;, que visa atingir 30 GW de capacidade instalada de energia renov\u00e1vel na Ucr\u00e2nia at\u00e9 2030.<\/p>\n\n\n\n<p><strong>Avan\u00e7o na constru\u00e7\u00e3o do parque e\u00f3lico<br><\/strong>O parque e\u00f3lico est\u00e1 programado para ser conclu\u00eddo para atingir sua capacidade projetada de 500 MW. Para isso, a empresa busca alternativas para dar continuidade ao projeto. O CEO da DTEK, Maxim Timchenko, expressou sua gratid\u00e3o aos profissionais de energia que trabalharam bravamente para continuar a constru\u00e7\u00e3o de Tyligulska WPP, bem como a todos os parceiros que forneceram seu apoio e assist\u00eancia.<\/p>\n\n\n\n<p><strong>Qual \u00e9 o seu objetivo?<br><\/strong>O objetivo da iniciativa 30 to 2030 \u00e9 aumentar a capacidade instalada de energia renov\u00e1vel para 30 GW at\u00e9 2030. Atualmente, a capacidade instalada de energia renov\u00e1vel mal chega a 10 GW. Um aumento na gera\u00e7\u00e3o de energia verde de at\u00e9 30 GW significaria que as energias renov\u00e1veis \u200b\u200bseriam respons\u00e1veis \u200b\u200bpor 50% de toda a gera\u00e7\u00e3o de eletricidade. A constru\u00e7\u00e3o da Usina E\u00f3lica de Tyligulska \u00e9 um passo importante para atingir esse objetivo e reduzir a depend\u00eancia da Ucr\u00e2nia de combust\u00edveis f\u00f3sseis.<\/p>\n\n\n\n<p><strong>Mensagem de esperan\u00e7a<br><\/strong>Timchenko destacou a import\u00e2ncia da constru\u00e7\u00e3o de novas instala\u00e7\u00f5es energ\u00e9ticas na Ucr\u00e2nia, como um sinal aos parceiros internacionais de que \u00e9 poss\u00edvel investir hoje no pa\u00eds sem esperar pelo fim da guerra. Apesar dos desafios, a DTEK j\u00e1 construiu 114 MW adicionais de gera\u00e7\u00e3o de energia verde.<\/p>\n\n\n\n<p><\/p>\n\n\n\n<p><\/p>\n\n\n\n<p>A FUNIBER patrocina diversas oportunidades de cursos de capacita\u00e7\u00e3o na \u00e1rea de Projetos, Engenharia e Meio Ambiente, como o <a href=\"https:\/\/www.funiber.org.br\/mestrado-em-infraestrutura-e-engenharia-civil\">Mestrado em Infraestrutura e Engenharia Civil<\/a>, o <a href=\"https:\/\/www.funiber.org.br\/mestrado-em-energias-renovaveis\">Mestrado em Energias Renov\u00e1veis<\/a>, o <a href=\"https:\/\/www.funiber.org.br\/mestrado-em-engenharia-e-tecnologia-ambiental\">Mestrado em Engenharia e Tecnologia Ambiental<\/a> e o <a href=\"https:\/\/www.funiber.org.br\/mestrado-em-projetos-gestao-ambiental\">Mestrado em Projetos de Gest\u00e3o Ambiental<\/a>.<\/p>\n\n\n\n<p>Fonte:<a href=\"https:\/\/elperiodicodelaenergia.com\/construyen-en-plena-guerra-la-primera-fase-de-un-proyecto-eolico-de-500-mw-en-ucrania\/\" target=\"_blank\" rel=\"noreferrer noopener\"><strong>Construyen en plena guerra la primera fase de un proyecto e\u00f3lico de 500 MW en Ucrania<\/strong><\/a><\/p>\n\n\n\n<p>Foto: Todos os direitos reservados<\/p>\n","protected":false},"excerpt":{"rendered":"<p>O Grupo DTEK est\u00e1 concluindo a constru\u00e7\u00e3o da primeira fase da usina e\u00f3lica de Tyligulska, localizada na regi\u00e3o de Mykolaiv (Ucr\u00e2nia). A capacidade declarada da usina \u00e9 de 500 MW, dos quais a primeira fase representa 114 MW. A DTEK espera que 19 turbinas e\u00f3licas comecem a gerar eletricidade na primavera de 2023 para apoiar [&hellip;]<\/p>\n","protected":false},"author":17,"featured_media":27964,"comment_status":"closed","ping_status":"closed","sticky":false,"template":"","format":"standard","meta":{"jetpack_post_was_ever_published":false,"_jetpack_newsletter_access":"","_jetpack_newsletter_tier_id":0,"footnotes":"","jetpack_publicize_message":"","jetpack_is_tweetstorm":false,"jetpack_publicize_feature_enabled":true,"jetpack_social_post_already_shared":true,"jetpack_social_options":{"image_generator_settings":{"template":"highway","enabled":false}}},"categories":[2,7],"tags":[1242,855,285,408,69,5486,119,248,911,671,641,255],"jetpack_publicize_connections":[],"yoast_head":"<!-- This site is optimized with the Yoast SEO plugin v21.7 - https:\/\/yoast.com\/wordpress\/plugins\/seo\/ -->\n<title>Constroem usina e\u00f3lica na Ucr\u00e2nia<\/title>\n<meta name=\"description\" content=\"O Grupo DTEK est\u00e1 concluindo a constru\u00e7\u00e3o da primeira fase da usina e\u00f3lica de Tyligulska, localizada na regi\u00e3o de Mykolaiv (Ucr\u00e2nia).\" \/>\n<meta name=\"robots\" content=\"index, follow, max-snippet:-1, max-image-preview:large, max-video-preview:-1\" \/>\n<link rel=\"canonical\" href=\"https:\/\/blogs.funiber.org\/pt\/meio-ambiente\/2023\/06\/08\/funiber-usina-eolica\" \/>\n<meta property=\"og:locale\" content=\"pt_BR\" \/>\n<meta property=\"og:type\" content=\"article\" \/>\n<meta property=\"og:title\" content=\"Constroem usina e\u00f3lica na Ucr\u00e2nia\" \/>\n<meta property=\"og:description\" content=\"O Grupo DTEK est\u00e1 concluindo a constru\u00e7\u00e3o da primeira fase da usina e\u00f3lica de Tyligulska, localizada na regi\u00e3o de Mykolaiv (Ucr\u00e2nia).\" \/>\n<meta property=\"og:url\" content=\"https:\/\/blogs.funiber.org\/pt\/meio-ambiente\/2023\/06\/08\/funiber-usina-eolica\" \/>\n<meta property=\"og:site_name\" content=\"FuniBlogs - FUNIBER\" \/>\n<meta property=\"article:publisher\" content=\"https:\/\/www.facebook.com\/funiber\" \/>\n<meta property=\"article:published_time\" content=\"2023-06-08T09:36:10+00:00\" \/>\n<meta property=\"article:modified_time\" content=\"2023-06-08T09:36:13+00:00\" \/>\n<meta property=\"og:image\" content=\"https:\/\/blogs.funiber.org\/pt\/wp-content\/uploads\/2023\/06\/funiber-energia-eolica.jpg\" \/>\n\t<meta property=\"og:image:width\" content=\"570\" \/>\n\t<meta property=\"og:image:height\" content=\"350\" \/>\n\t<meta property=\"og:image:type\" content=\"image\/jpeg\" \/>\n<meta name=\"author\" content=\"Webmaster Funiber\" \/>\n<meta name=\"twitter:card\" content=\"summary_large_image\" \/>\n<meta name=\"twitter:creator\" content=\"@FUNIBER\" \/>\n<meta name=\"twitter:site\" content=\"@FUNIBER\" \/>\n<meta name=\"twitter:label1\" content=\"Escrito por\" \/>\n\t<meta name=\"twitter:data1\" content=\"Webmaster Funiber\" \/>\n\t<meta name=\"twitter:label2\" content=\"Est. tempo de leitura\" \/>\n\t<meta name=\"twitter:data2\" content=\"3 minutos\" \/>\n<script type=\"application\/ld+json\" class=\"yoast-schema-graph\">{\"@context\":\"https:\/\/schema.org\",\"@graph\":[{\"@type\":\"Article\",\"@id\":\"https:\/\/blogs.funiber.org\/pt\/meio-ambiente\/2023\/06\/08\/funiber-usina-eolica#article\",\"isPartOf\":{\"@id\":\"https:\/\/blogs.funiber.org\/pt\/meio-ambiente\/2023\/06\/08\/funiber-usina-eolica\"},\"author\":{\"name\":\"Webmaster Funiber\",\"@id\":\"https:\/\/blogs.funiber.org\/pt\/#\/schema\/person\/eb4749ef6db9f852341800f85cc11249\"},\"headline\":\"Constroem usina e\u00f3lica na Ucr\u00e2nia\",\"datePublished\":\"2023-06-08T09:36:10+00:00\",\"dateModified\":\"2023-06-08T09:36:13+00:00\",\"mainEntityOfPage\":{\"@id\":\"https:\/\/blogs.funiber.org\/pt\/meio-ambiente\/2023\/06\/08\/funiber-usina-eolica\"},\"wordCount\":391,\"publisher\":{\"@id\":\"https:\/\/blogs.funiber.org\/pt\/#organization\"},\"keywords\":[\"Bolsas\",\"Doutorado\",\"Educa\u00e7\u00e3o\",\"Educa\u00e7\u00e3o a Dist\u00e2ncia\",\"Energia Renov\u00e1vel\",\"energia verde\",\"Estudos\",\"Funiber\",\"FUNIBER Opini\u00f5es\",\"mestrado\",\"Opini\u00e3o FUNIBER\",\"Opini\u00f5es Funiber\"],\"articleSection\":[\"Meio Ambiente\",\"Projetos\"],\"inLanguage\":\"pt-BR\"},{\"@type\":\"WebPage\",\"@id\":\"https:\/\/blogs.funiber.org\/pt\/meio-ambiente\/2023\/06\/08\/funiber-usina-eolica\",\"url\":\"https:\/\/blogs.funiber.org\/pt\/meio-ambiente\/2023\/06\/08\/funiber-usina-eolica\",\"name\":\"Constroem usina e\u00f3lica na Ucr\u00e2nia\",\"isPartOf\":{\"@id\":\"https:\/\/blogs.funiber.org\/pt\/#website\"},\"datePublished\":\"2023-06-08T09:36:10+00:00\",\"dateModified\":\"2023-06-08T09:36:13+00:00\",\"description\":\"O Grupo DTEK est\u00e1 concluindo a constru\u00e7\u00e3o da primeira fase da usina e\u00f3lica de Tyligulska, localizada na regi\u00e3o de Mykolaiv (Ucr\u00e2nia).\",\"breadcrumb\":{\"@id\":\"https:\/\/blogs.funiber.org\/pt\/meio-ambiente\/2023\/06\/08\/funiber-usina-eolica#breadcrumb\"},\"inLanguage\":\"pt-BR\",\"potentialAction\":[{\"@type\":\"ReadAction\",\"target\":[\"https:\/\/blogs.funiber.org\/pt\/meio-ambiente\/2023\/06\/08\/funiber-usina-eolica\"]}]},{\"@type\":\"BreadcrumbList\",\"@id\":\"https:\/\/blogs.funiber.org\/pt\/meio-ambiente\/2023\/06\/08\/funiber-usina-eolica#breadcrumb\",\"itemListElement\":[{\"@type\":\"ListItem\",\"position\":1,\"name\":\"In\u00edcio\",\"item\":\"https:\/\/blogs.funiber.org\/pt\"},{\"@type\":\"ListItem\",\"position\":2,\"name\":\"Constroem usina e\u00f3lica na Ucr\u00e2nia\"}]},{\"@type\":\"WebSite\",\"@id\":\"https:\/\/blogs.funiber.org\/pt\/#website\",\"url\":\"https:\/\/blogs.funiber.org\/pt\/\",\"name\":\"FuniBlogs - FUNIBER\",\"description\":\"\",\"publisher\":{\"@id\":\"https:\/\/blogs.funiber.org\/pt\/#organization\"},\"potentialAction\":[{\"@type\":\"SearchAction\",\"target\":{\"@type\":\"EntryPoint\",\"urlTemplate\":\"https:\/\/blogs.funiber.org\/pt\/?s={search_term_string}\"},\"query-input\":\"required name=search_term_string\"}],\"inLanguage\":\"pt-BR\"},{\"@type\":\"Organization\",\"@id\":\"https:\/\/blogs.funiber.org\/pt\/#organization\",\"name\":\"FuniBlogs - FUNIBER\",\"url\":\"https:\/\/blogs.funiber.org\/pt\/\",\"logo\":{\"@type\":\"ImageObject\",\"inLanguage\":\"pt-BR\",\"@id\":\"https:\/\/blogs.funiber.org\/pt\/#\/schema\/logo\/image\/\",\"url\":\"https:\/\/www.funiber.blog\/pt\/wp-content\/uploads\/2022\/02\/logo-funiber-pt-br-v-dos.svg\",\"contentUrl\":\"https:\/\/www.funiber.blog\/pt\/wp-content\/uploads\/2022\/02\/logo-funiber-pt-br-v-dos.svg\",\"width\":1,\"height\":1,\"caption\":\"FuniBlogs - FUNIBER\"},\"image\":{\"@id\":\"https:\/\/blogs.funiber.org\/pt\/#\/schema\/logo\/image\/\"},\"sameAs\":[\"https:\/\/www.facebook.com\/funiber\",\"https:\/\/twitter.com\/FUNIBER\",\"https:\/\/www.instagram.com\/funiber_becas\",\"https:\/\/www.youtube.com\/user\/funiber\",\"https:\/\/www.linkedin.com\/company\/funiber\"]},{\"@type\":\"Person\",\"@id\":\"https:\/\/blogs.funiber.org\/pt\/#\/schema\/person\/eb4749ef6db9f852341800f85cc11249\",\"name\":\"Webmaster Funiber\",\"image\":{\"@type\":\"ImageObject\",\"inLanguage\":\"pt-BR\",\"@id\":\"https:\/\/blogs.funiber.org\/pt\/#\/schema\/person\/image\/\",\"url\":\"https:\/\/secure.gravatar.com\/avatar\/cc061b88500c575e8de20ab7e5d37f8c?s=96&d=mm&r=g\",\"contentUrl\":\"https:\/\/secure.gravatar.com\/avatar\/cc061b88500c575e8de20ab7e5d37f8c?s=96&d=mm&r=g\",\"caption\":\"Webmaster Funiber\"},\"url\":\"https:\/\/www.funiber.blog\/pt\/author\/webmaster\"}]}<\/script>\n<!-- \/ Yoast SEO plugin. -->","yoast_head_json":{"title":"Constroem usina e\u00f3lica na Ucr\u00e2nia","description":"O Grupo DTEK est\u00e1 concluindo a constru\u00e7\u00e3o da primeira fase da usina e\u00f3lica de Tyligulska, localizada na regi\u00e3o de Mykolaiv (Ucr\u00e2nia).","robots":{"index":"index","follow":"follow","max-snippet":"max-snippet:-1","max-image-preview":"max-image-preview:large","max-video-preview":"max-video-preview:-1"},"canonical":"https:\/\/blogs.funiber.org\/pt\/meio-ambiente\/2023\/06\/08\/funiber-usina-eolica","og_locale":"pt_BR","og_type":"article","og_title":"Constroem usina e\u00f3lica na Ucr\u00e2nia","og_description":"O Grupo DTEK est\u00e1 concluindo a constru\u00e7\u00e3o da primeira fase da usina e\u00f3lica de Tyligulska, localizada na regi\u00e3o de Mykolaiv (Ucr\u00e2nia).","og_url":"https:\/\/blogs.funiber.org\/pt\/meio-ambiente\/2023\/06\/08\/funiber-usina-eolica","og_site_name":"FuniBlogs - FUNIBER","article_publisher":"https:\/\/www.facebook.com\/funiber","article_published_time":"2023-06-08T09:36:10+00:00","article_modified_time":"2023-06-08T09:36:13+00:00","og_image":[{"width":570,"height":350,"url":"https:\/\/blogs.funiber.org\/pt\/wp-content\/uploads\/2023\/06\/funiber-energia-eolica.jpg","type":"image\/jpeg"}],"author":"Webmaster Funiber","twitter_card":"summary_large_image","twitter_creator":"@FUNIBER","twitter_site":"@FUNIBER","twitter_misc":{"Escrito por":"Webmaster Funiber","Est. tempo de leitura":"3 minutos"},"schema":{"@context":"https:\/\/schema.org","@graph":[{"@type":"Article","@id":"https:\/\/blogs.funiber.org\/pt\/meio-ambiente\/2023\/06\/08\/funiber-usina-eolica#article","isPartOf":{"@id":"https:\/\/blogs.funiber.org\/pt\/meio-ambiente\/2023\/06\/08\/funiber-usina-eolica"},"author":{"name":"Webmaster Funiber","@id":"https:\/\/blogs.funiber.org\/pt\/#\/schema\/person\/eb4749ef6db9f852341800f85cc11249"},"headline":"Constroem usina e\u00f3lica na Ucr\u00e2nia","datePublished":"2023-06-08T09:36:10+00:00","dateModified":"2023-06-08T09:36:13+00:00","mainEntityOfPage":{"@id":"https:\/\/blogs.funiber.org\/pt\/meio-ambiente\/2023\/06\/08\/funiber-usina-eolica"},"wordCount":391,"publisher":{"@id":"https:\/\/blogs.funiber.org\/pt\/#organization"},"keywords":["Bolsas","Doutorado","Educa\u00e7\u00e3o","Educa\u00e7\u00e3o a Dist\u00e2ncia","Energia Renov\u00e1vel","energia verde","Estudos","Funiber","FUNIBER Opini\u00f5es","mestrado","Opini\u00e3o FUNIBER","Opini\u00f5es Funiber"],"articleSection":["Meio Ambiente","Projetos"],"inLanguage":"pt-BR"},{"@type":"WebPage","@id":"https:\/\/blogs.funiber.org\/pt\/meio-ambiente\/2023\/06\/08\/funiber-usina-eolica","url":"https:\/\/blogs.funiber.org\/pt\/meio-ambiente\/2023\/06\/08\/funiber-usina-eolica","name":"Constroem usina e\u00f3lica na Ucr\u00e2nia","isPartOf":{"@id":"https:\/\/blogs.funiber.org\/pt\/#website"},"datePublished":"2023-06-08T09:36:10+00:00","dateModified":"2023-06-08T09:36:13+00:00","description":"O Grupo DTEK est\u00e1 concluindo a constru\u00e7\u00e3o da primeira fase da usina e\u00f3lica de Tyligulska, localizada na regi\u00e3o de Mykolaiv (Ucr\u00e2nia).","breadcrumb":{"@id":"https:\/\/blogs.funiber.org\/pt\/meio-ambiente\/2023\/06\/08\/funiber-usina-eolica#breadcrumb"},"inLanguage":"pt-BR","potentialAction":[{"@type":"ReadAction","target":["https:\/\/blogs.funiber.org\/pt\/meio-ambiente\/2023\/06\/08\/funiber-usina-eolica"]}]},{"@type":"BreadcrumbList","@id":"https:\/\/blogs.funiber.org\/pt\/meio-ambiente\/2023\/06\/08\/funiber-usina-eolica#breadcrumb","itemListElement":[{"@type":"ListItem","position":1,"name":"In\u00edcio","item":"https:\/\/blogs.funiber.org\/pt"},{"@type":"ListItem","position":2,"name":"Constroem usina e\u00f3lica na Ucr\u00e2nia"}]},{"@type":"WebSite","@id":"https:\/\/blogs.funiber.org\/pt\/#website","url":"https:\/\/blogs.funiber.org\/pt\/","name":"FuniBlogs - FUNIBER","description":"","publisher":{"@id":"https:\/\/blogs.funiber.org\/pt\/#organization"},"potentialAction":[{"@type":"SearchAction","target":{"@type":"EntryPoint","urlTemplate":"https:\/\/blogs.funiber.org\/pt\/?s={search_term_string}"},"query-input":"required name=search_term_string"}],"inLanguage":"pt-BR"},{"@type":"Organization","@id":"https:\/\/blogs.funiber.org\/pt\/#organization","name":"FuniBlogs - FUNIBER","url":"https:\/\/blogs.funiber.org\/pt\/","logo":{"@type":"ImageObject","inLanguage":"pt-BR","@id":"https:\/\/blogs.funiber.org\/pt\/#\/schema\/logo\/image\/","url":"https:\/\/www.funiber.blog\/pt\/wp-content\/uploads\/2022\/02\/logo-funiber-pt-br-v-dos.svg","contentUrl":"https:\/\/www.funiber.blog\/pt\/wp-content\/uploads\/2022\/02\/logo-funiber-pt-br-v-dos.svg","width":1,"height":1,"caption":"FuniBlogs - FUNIBER"},"image":{"@id":"https:\/\/blogs.funiber.org\/pt\/#\/schema\/logo\/image\/"},"sameAs":["https:\/\/www.facebook.com\/funiber","https:\/\/twitter.com\/FUNIBER","https:\/\/www.instagram.com\/funiber_becas","https:\/\/www.youtube.com\/user\/funiber","https:\/\/www.linkedin.com\/company\/funiber"]},{"@type":"Person","@id":"https:\/\/blogs.funiber.org\/pt\/#\/schema\/person\/eb4749ef6db9f852341800f85cc11249","name":"Webmaster Funiber","image":{"@type":"ImageObject","inLanguage":"pt-BR","@id":"https:\/\/blogs.funiber.org\/pt\/#\/schema\/person\/image\/","url":"https:\/\/secure.gravatar.com\/avatar\/cc061b88500c575e8de20ab7e5d37f8c?s=96&d=mm&r=g","contentUrl":"https:\/\/secure.gravatar.com\/avatar\/cc061b88500c575e8de20ab7e5d37f8c?s=96&d=mm&r=g","caption":"Webmaster Funiber"},"url":"https:\/\/www.funiber.blog\/pt\/author\/webmaster"}]}},"jetpack_featured_media_url":"https:\/\/www.funiber.blog\/pt\/wp-content\/uploads\/2023\/06\/funiber-energia-eolica.jpg","jetpack_shortlink":"https:\/\/wp.me\/p7ee1t-7h1","jetpack_sharing_enabled":true,"_links":{"self":[{"href":"https:\/\/www.funiber.blog\/pt\/wp-json\/wp\/v2\/posts\/27963"}],"collection":[{"href":"https:\/\/www.funiber.blog\/pt\/wp-json\/wp\/v2\/posts"}],"about":[{"href":"https:\/\/www.funiber.blog\/pt\/wp-json\/wp\/v2\/types\/post"}],"author":[{"embeddable":true,"href":"https:\/\/www.funiber.blog\/pt\/wp-json\/wp\/v2\/users\/17"}],"replies":[{"embeddable":true,"href":"https:\/\/www.funiber.blog\/pt\/wp-json\/wp\/v2\/comments?post=27963"}],"version-history":[{"count":1,"href":"https:\/\/www.funiber.blog\/pt\/wp-json\/wp\/v2\/posts\/27963\/revisions"}],"predecessor-version":[{"id":27965,"href":"https:\/\/www.funiber.blog\/pt\/wp-json\/wp\/v2\/posts\/27963\/revisions\/27965"}],"wp:featuredmedia":[{"embeddable":true,"href":"https:\/\/www.funiber.blog\/pt\/wp-json\/wp\/v2\/media\/27964"}],"wp:attachment":[{"href":"https:\/\/www.funiber.blog\/pt\/wp-json\/wp\/v2\/media?parent=27963"}],"wp:term":[{"taxonomy":"category","embeddable":true,"href":"https:\/\/www.funiber.blog\/pt\/wp-json\/wp\/v2\/categories?post=27963"},{"taxonomy":"post_tag","embeddable":true,"href":"https:\/\/www.funiber.blog\/pt\/wp-json\/wp\/v2\/tags?post=27963"}],"curies":[{"name":"wp","href":"https:\/\/api.w.org\/{rel}","templated":true}]}}