{"id":27977,"date":"2023-06-12T05:22:24","date_gmt":"2023-06-12T10:22:24","guid":{"rendered":"https:\/\/blogs.funiber.org\/pt\/?p=27977"},"modified":"2023-06-12T05:22:27","modified_gmt":"2023-06-12T10:22:27","slug":"funiber-aquecimento-vinhos","status":"publish","type":"post","link":"https:\/\/www.funiber.blog\/pt\/meio-ambiente\/2023\/06\/12\/funiber-aquecimento-vinhos","title":{"rendered":"Aquecimento global pode prejudicar a produ\u00e7\u00e3o de vinhos de Jerez"},"content":{"rendered":"\n<p>De acordo com um estudo realizado pela Universidade Polit\u00e9cnica de Madrid (UPM), o aumento da temperatura que se estima ocorrer em meados do s\u00e9culo pode prejudicar o envelhecimento biol\u00f3gico do vinho de Jerez.<br>A equipe de investiga\u00e7\u00e3o da UPM chegou a esta conclus\u00e3o ao analisar o impacto produzido pelas altera\u00e7\u00f5es clim\u00e1ticas no envelhecimento biol\u00f3gico do vinho de Jerez. Primeiro, eles monitoraram o comportamento t\u00e9rmico de uma adega por v\u00e1rios anos. Em seguida, eles constru\u00edram um modelo de computador na simula\u00e7\u00e3o de energia para isso. Por fim, tomaram esse modelo como exemplo para realizar simula\u00e7\u00f5es variando as condi\u00e7\u00f5es meteorol\u00f3gicas, testando diferentes cen\u00e1rios futuros.<\/p>\n\n\n\n<p>Estima-se que a temperatura m\u00e9dia externa na \u00e1rea de Jerez aumentar\u00e1 cerca de 2,3 \u00b0C at\u00e9 meados do s\u00e9culo. Al\u00e9m disso, no ver\u00e3o, observa-se um aumento de 4 \u00b0C. Isso afetar\u00e1 a produ\u00e7\u00e3o de vinho nesta \u00e1rea, pois o aumento da temperatura danifica os microorganismos que realizam o envelhecimento do vinho.<\/p>\n\n\n\n<p>Para sua cria\u00e7\u00e3o \u00e9 necess\u00e1rio que esteja em condi\u00e7\u00f5es ambientais muito espec\u00edficas. Isso \u00e9 alcan\u00e7ado principalmente em vin\u00edcolas chamadas &#8220;Cathedral Wineries&#8221;, esses locais s\u00e3o respons\u00e1veis \u200b\u200b\u200b\u200bpor fornecer condi\u00e7\u00f5es ecol\u00f3gicas sem a necessidade de usar mecanismos adicionais de ar condicionado. A crescente preocupa\u00e7\u00e3o surge porque o aquecimento global pode afetar o funcionamento da Bodegas Catedral. Desta forma, prejudicaria o envelhecimento do vinho de Jerez.<\/p>\n\n\n\n<p>O estudo realizado pela UPM destaca a import\u00e2ncia da cria\u00e7\u00e3o de um plano de adapta\u00e7\u00e3o e resili\u00eancia para realizar a produ\u00e7\u00e3o destes vinhos. Para isso, o modelo de simula\u00e7\u00e3o desenvolvido facilitar\u00e1 a an\u00e1lise da efic\u00e1cia no que diz respeito \u00e0 cria\u00e7\u00e3o de novas estrat\u00e9gias de adapta\u00e7\u00e3o da infraestrutura \u00e0s mudan\u00e7as clim\u00e1ticas futuras.<\/p>\n\n\n\n<p><\/p>\n\n\n\n<p>A FUNIBER promove estudos universit\u00e1rios na \u00e1rea de meio ambiente, conhe\u00e7a alguns:<\/p>\n\n\n\n<ul>\n<li><a href=\"https:\/\/www.funiber.org.br\/mestrado-em-projetos-gestao-ambiental\">Mestrado em Projetos de Gest\u00e3o Ambiental<\/a><\/li>\n\n\n\n<li><a href=\"https:\/\/www.funiber.org.br\/mestrado-em-mudancas-climaticas\">Mestrado em Mudan\u00e7as Clim\u00e1ticas<\/a><\/li>\n\n\n\n<li><a href=\"https:\/\/www.funiber.org.br\/mestrado-em-engenharia-e-tecnologia-ambiental\">Mestrado em Engenharia e Tecnologia Ambiental<\/a><\/li>\n<\/ul>\n\n\n\n<p><\/p>\n\n\n\n<p>Fonte: <strong><a href=\"https:\/\/www.vinetur.com\/2023041372921\/el-calentamiento-global-pone-en-jaque-a-los-vinos-de-jerez.html\" target=\"_blank\" rel=\"noreferrer noopener\">El calentamiento global pone en jaque a los vinos de Jerez<\/a><\/strong><br>Foto: Todos os direitos reservados<\/p>\n\n\n\n<p><\/p>\n","protected":false},"excerpt":{"rendered":"<p>De acordo com um estudo realizado pela Universidade Polit\u00e9cnica de Madrid (UPM), o aumento da temperatura que se estima ocorrer em meados do s\u00e9culo pode prejudicar o envelhecimento biol\u00f3gico do vinho de Jerez.A equipe de investiga\u00e7\u00e3o da UPM chegou a esta conclus\u00e3o ao analisar o impacto produzido pelas altera\u00e7\u00f5es clim\u00e1ticas no envelhecimento biol\u00f3gico do vinho [&hellip;]<\/p>\n","protected":false},"author":17,"featured_media":27978,"comment_status":"closed","ping_status":"closed","sticky":false,"template":"","format":"standard","meta":{"jetpack_post_was_ever_published":false,"_jetpack_newsletter_access":"","_jetpack_newsletter_tier_id":0,"footnotes":"","jetpack_publicize_message":"","jetpack_is_tweetstorm":false,"jetpack_publicize_feature_enabled":true,"jetpack_social_post_already_shared":true,"jetpack_social_options":{"image_generator_settings":{"template":"highway","enabled":false}}},"categories":[2],"tags":[1242,855,285,408,119,248,911,671,641,255],"jetpack_publicize_connections":[],"yoast_head":"<!-- This site is optimized with the Yoast SEO plugin v21.7 - https:\/\/yoast.com\/wordpress\/plugins\/seo\/ -->\n<title>Aquecimento global pode prejudicar a produ\u00e7\u00e3o de vinhos de Jerez<\/title>\n<meta name=\"description\" content=\"De acordo com um estudo realizado pela Universidade Polit\u00e9cnica de Madrid (UPM), o aumento da temperatura que se estima ocorrer em meados do s\u00e9culo pode prejudicar o envelhecimento biol\u00f3gico do vinho de Jerez.\" \/>\n<meta name=\"robots\" content=\"index, follow, max-snippet:-1, max-image-preview:large, max-video-preview:-1\" \/>\n<link rel=\"canonical\" href=\"https:\/\/blogs.funiber.org\/pt\/meio-ambiente\/2023\/06\/12\/funiber-aquecimento-vinhos\" \/>\n<meta property=\"og:locale\" content=\"pt_BR\" \/>\n<meta property=\"og:type\" content=\"article\" \/>\n<meta property=\"og:title\" content=\"Aquecimento global pode prejudicar a produ\u00e7\u00e3o de vinhos de Jerez\" \/>\n<meta property=\"og:description\" content=\"De acordo com um estudo realizado pela Universidade Polit\u00e9cnica de Madrid (UPM), o aumento da temperatura que se estima ocorrer em meados do s\u00e9culo pode prejudicar o envelhecimento biol\u00f3gico do vinho de Jerez.\" \/>\n<meta property=\"og:url\" content=\"https:\/\/blogs.funiber.org\/pt\/meio-ambiente\/2023\/06\/12\/funiber-aquecimento-vinhos\" \/>\n<meta property=\"og:site_name\" content=\"FuniBlogs - FUNIBER\" \/>\n<meta property=\"article:publisher\" content=\"https:\/\/www.facebook.com\/funiber\" \/>\n<meta property=\"article:published_time\" content=\"2023-06-12T10:22:24+00:00\" \/>\n<meta property=\"article:modified_time\" content=\"2023-06-12T10:22:27+00:00\" \/>\n<meta property=\"og:image\" content=\"https:\/\/blogs.funiber.org\/pt\/wp-content\/uploads\/2023\/06\/funiber-aquecimento-vinhos.jpg\" \/>\n\t<meta property=\"og:image:width\" content=\"570\" \/>\n\t<meta property=\"og:image:height\" content=\"350\" \/>\n\t<meta property=\"og:image:type\" content=\"image\/jpeg\" \/>\n<meta name=\"author\" content=\"Webmaster Funiber\" \/>\n<meta name=\"twitter:card\" content=\"summary_large_image\" \/>\n<meta name=\"twitter:creator\" content=\"@FUNIBER\" \/>\n<meta name=\"twitter:site\" content=\"@FUNIBER\" \/>\n<meta name=\"twitter:label1\" content=\"Escrito por\" \/>\n\t<meta name=\"twitter:data1\" content=\"Webmaster Funiber\" \/>\n\t<meta name=\"twitter:label2\" content=\"Est. tempo de leitura\" \/>\n\t<meta name=\"twitter:data2\" content=\"2 minutos\" \/>\n<script type=\"application\/ld+json\" class=\"yoast-schema-graph\">{\"@context\":\"https:\/\/schema.org\",\"@graph\":[{\"@type\":\"Article\",\"@id\":\"https:\/\/blogs.funiber.org\/pt\/meio-ambiente\/2023\/06\/12\/funiber-aquecimento-vinhos#article\",\"isPartOf\":{\"@id\":\"https:\/\/blogs.funiber.org\/pt\/meio-ambiente\/2023\/06\/12\/funiber-aquecimento-vinhos\"},\"author\":{\"name\":\"Webmaster Funiber\",\"@id\":\"https:\/\/blogs.funiber.org\/pt\/#\/schema\/person\/eb4749ef6db9f852341800f85cc11249\"},\"headline\":\"Aquecimento global pode prejudicar a produ\u00e7\u00e3o de vinhos de Jerez\",\"datePublished\":\"2023-06-12T10:22:24+00:00\",\"dateModified\":\"2023-06-12T10:22:27+00:00\",\"mainEntityOfPage\":{\"@id\":\"https:\/\/blogs.funiber.org\/pt\/meio-ambiente\/2023\/06\/12\/funiber-aquecimento-vinhos\"},\"wordCount\":369,\"publisher\":{\"@id\":\"https:\/\/blogs.funiber.org\/pt\/#organization\"},\"keywords\":[\"Bolsas\",\"Doutorado\",\"Educa\u00e7\u00e3o\",\"Educa\u00e7\u00e3o a Dist\u00e2ncia\",\"Estudos\",\"Funiber\",\"FUNIBER Opini\u00f5es\",\"mestrado\",\"Opini\u00e3o FUNIBER\",\"Opini\u00f5es Funiber\"],\"articleSection\":[\"Meio Ambiente\"],\"inLanguage\":\"pt-BR\"},{\"@type\":\"WebPage\",\"@id\":\"https:\/\/blogs.funiber.org\/pt\/meio-ambiente\/2023\/06\/12\/funiber-aquecimento-vinhos\",\"url\":\"https:\/\/blogs.funiber.org\/pt\/meio-ambiente\/2023\/06\/12\/funiber-aquecimento-vinhos\",\"name\":\"Aquecimento global pode prejudicar a produ\u00e7\u00e3o de vinhos de Jerez\",\"isPartOf\":{\"@id\":\"https:\/\/blogs.funiber.org\/pt\/#website\"},\"datePublished\":\"2023-06-12T10:22:24+00:00\",\"dateModified\":\"2023-06-12T10:22:27+00:00\",\"description\":\"De acordo com um estudo realizado pela Universidade Polit\u00e9cnica de Madrid (UPM), o aumento da temperatura que se estima ocorrer em meados do s\u00e9culo pode prejudicar o envelhecimento biol\u00f3gico do vinho de Jerez.\",\"breadcrumb\":{\"@id\":\"https:\/\/blogs.funiber.org\/pt\/meio-ambiente\/2023\/06\/12\/funiber-aquecimento-vinhos#breadcrumb\"},\"inLanguage\":\"pt-BR\",\"potentialAction\":[{\"@type\":\"ReadAction\",\"target\":[\"https:\/\/blogs.funiber.org\/pt\/meio-ambiente\/2023\/06\/12\/funiber-aquecimento-vinhos\"]}]},{\"@type\":\"BreadcrumbList\",\"@id\":\"https:\/\/blogs.funiber.org\/pt\/meio-ambiente\/2023\/06\/12\/funiber-aquecimento-vinhos#breadcrumb\",\"itemListElement\":[{\"@type\":\"ListItem\",\"position\":1,\"name\":\"In\u00edcio\",\"item\":\"https:\/\/blogs.funiber.org\/pt\"},{\"@type\":\"ListItem\",\"position\":2,\"name\":\"Aquecimento global pode prejudicar a produ\u00e7\u00e3o de vinhos de Jerez\"}]},{\"@type\":\"WebSite\",\"@id\":\"https:\/\/blogs.funiber.org\/pt\/#website\",\"url\":\"https:\/\/blogs.funiber.org\/pt\/\",\"name\":\"FuniBlogs - FUNIBER\",\"description\":\"\",\"publisher\":{\"@id\":\"https:\/\/blogs.funiber.org\/pt\/#organization\"},\"potentialAction\":[{\"@type\":\"SearchAction\",\"target\":{\"@type\":\"EntryPoint\",\"urlTemplate\":\"https:\/\/blogs.funiber.org\/pt\/?s={search_term_string}\"},\"query-input\":\"required name=search_term_string\"}],\"inLanguage\":\"pt-BR\"},{\"@type\":\"Organization\",\"@id\":\"https:\/\/blogs.funiber.org\/pt\/#organization\",\"name\":\"FuniBlogs - FUNIBER\",\"url\":\"https:\/\/blogs.funiber.org\/pt\/\",\"logo\":{\"@type\":\"ImageObject\",\"inLanguage\":\"pt-BR\",\"@id\":\"https:\/\/blogs.funiber.org\/pt\/#\/schema\/logo\/image\/\",\"url\":\"https:\/\/www.funiber.blog\/pt\/wp-content\/uploads\/2022\/02\/logo-funiber-pt-br-v-dos.svg\",\"contentUrl\":\"https:\/\/www.funiber.blog\/pt\/wp-content\/uploads\/2022\/02\/logo-funiber-pt-br-v-dos.svg\",\"width\":1,\"height\":1,\"caption\":\"FuniBlogs - FUNIBER\"},\"image\":{\"@id\":\"https:\/\/blogs.funiber.org\/pt\/#\/schema\/logo\/image\/\"},\"sameAs\":[\"https:\/\/www.facebook.com\/funiber\",\"https:\/\/twitter.com\/FUNIBER\",\"https:\/\/www.instagram.com\/funiber_becas\",\"https:\/\/www.youtube.com\/user\/funiber\",\"https:\/\/www.linkedin.com\/company\/funiber\"]},{\"@type\":\"Person\",\"@id\":\"https:\/\/blogs.funiber.org\/pt\/#\/schema\/person\/eb4749ef6db9f852341800f85cc11249\",\"name\":\"Webmaster Funiber\",\"image\":{\"@type\":\"ImageObject\",\"inLanguage\":\"pt-BR\",\"@id\":\"https:\/\/blogs.funiber.org\/pt\/#\/schema\/person\/image\/\",\"url\":\"https:\/\/secure.gravatar.com\/avatar\/cc061b88500c575e8de20ab7e5d37f8c?s=96&d=mm&r=g\",\"contentUrl\":\"https:\/\/secure.gravatar.com\/avatar\/cc061b88500c575e8de20ab7e5d37f8c?s=96&d=mm&r=g\",\"caption\":\"Webmaster Funiber\"},\"url\":\"https:\/\/www.funiber.blog\/pt\/author\/webmaster\"}]}<\/script>\n<!-- \/ Yoast SEO plugin. -->","yoast_head_json":{"title":"Aquecimento global pode prejudicar a produ\u00e7\u00e3o de vinhos de Jerez","description":"De acordo com um estudo realizado pela Universidade Polit\u00e9cnica de Madrid (UPM), o aumento da temperatura que se estima ocorrer em meados do s\u00e9culo pode prejudicar o envelhecimento biol\u00f3gico do vinho de Jerez.","robots":{"index":"index","follow":"follow","max-snippet":"max-snippet:-1","max-image-preview":"max-image-preview:large","max-video-preview":"max-video-preview:-1"},"canonical":"https:\/\/blogs.funiber.org\/pt\/meio-ambiente\/2023\/06\/12\/funiber-aquecimento-vinhos","og_locale":"pt_BR","og_type":"article","og_title":"Aquecimento global pode prejudicar a produ\u00e7\u00e3o de vinhos de Jerez","og_description":"De acordo com um estudo realizado pela Universidade Polit\u00e9cnica de Madrid (UPM), o aumento da temperatura que se estima ocorrer em meados do s\u00e9culo pode prejudicar o envelhecimento biol\u00f3gico do vinho de Jerez.","og_url":"https:\/\/blogs.funiber.org\/pt\/meio-ambiente\/2023\/06\/12\/funiber-aquecimento-vinhos","og_site_name":"FuniBlogs - FUNIBER","article_publisher":"https:\/\/www.facebook.com\/funiber","article_published_time":"2023-06-12T10:22:24+00:00","article_modified_time":"2023-06-12T10:22:27+00:00","og_image":[{"width":570,"height":350,"url":"https:\/\/blogs.funiber.org\/pt\/wp-content\/uploads\/2023\/06\/funiber-aquecimento-vinhos.jpg","type":"image\/jpeg"}],"author":"Webmaster Funiber","twitter_card":"summary_large_image","twitter_creator":"@FUNIBER","twitter_site":"@FUNIBER","twitter_misc":{"Escrito por":"Webmaster Funiber","Est. tempo de leitura":"2 minutos"},"schema":{"@context":"https:\/\/schema.org","@graph":[{"@type":"Article","@id":"https:\/\/blogs.funiber.org\/pt\/meio-ambiente\/2023\/06\/12\/funiber-aquecimento-vinhos#article","isPartOf":{"@id":"https:\/\/blogs.funiber.org\/pt\/meio-ambiente\/2023\/06\/12\/funiber-aquecimento-vinhos"},"author":{"name":"Webmaster Funiber","@id":"https:\/\/blogs.funiber.org\/pt\/#\/schema\/person\/eb4749ef6db9f852341800f85cc11249"},"headline":"Aquecimento global pode prejudicar a produ\u00e7\u00e3o de vinhos de Jerez","datePublished":"2023-06-12T10:22:24+00:00","dateModified":"2023-06-12T10:22:27+00:00","mainEntityOfPage":{"@id":"https:\/\/blogs.funiber.org\/pt\/meio-ambiente\/2023\/06\/12\/funiber-aquecimento-vinhos"},"wordCount":369,"publisher":{"@id":"https:\/\/blogs.funiber.org\/pt\/#organization"},"keywords":["Bolsas","Doutorado","Educa\u00e7\u00e3o","Educa\u00e7\u00e3o a Dist\u00e2ncia","Estudos","Funiber","FUNIBER Opini\u00f5es","mestrado","Opini\u00e3o FUNIBER","Opini\u00f5es Funiber"],"articleSection":["Meio Ambiente"],"inLanguage":"pt-BR"},{"@type":"WebPage","@id":"https:\/\/blogs.funiber.org\/pt\/meio-ambiente\/2023\/06\/12\/funiber-aquecimento-vinhos","url":"https:\/\/blogs.funiber.org\/pt\/meio-ambiente\/2023\/06\/12\/funiber-aquecimento-vinhos","name":"Aquecimento global pode prejudicar a produ\u00e7\u00e3o de vinhos de Jerez","isPartOf":{"@id":"https:\/\/blogs.funiber.org\/pt\/#website"},"datePublished":"2023-06-12T10:22:24+00:00","dateModified":"2023-06-12T10:22:27+00:00","description":"De acordo com um estudo realizado pela Universidade Polit\u00e9cnica de Madrid (UPM), o aumento da temperatura que se estima ocorrer em meados do s\u00e9culo pode prejudicar o envelhecimento biol\u00f3gico do vinho de Jerez.","breadcrumb":{"@id":"https:\/\/blogs.funiber.org\/pt\/meio-ambiente\/2023\/06\/12\/funiber-aquecimento-vinhos#breadcrumb"},"inLanguage":"pt-BR","potentialAction":[{"@type":"ReadAction","target":["https:\/\/blogs.funiber.org\/pt\/meio-ambiente\/2023\/06\/12\/funiber-aquecimento-vinhos"]}]},{"@type":"BreadcrumbList","@id":"https:\/\/blogs.funiber.org\/pt\/meio-ambiente\/2023\/06\/12\/funiber-aquecimento-vinhos#breadcrumb","itemListElement":[{"@type":"ListItem","position":1,"name":"In\u00edcio","item":"https:\/\/blogs.funiber.org\/pt"},{"@type":"ListItem","position":2,"name":"Aquecimento global pode prejudicar a produ\u00e7\u00e3o de vinhos de Jerez"}]},{"@type":"WebSite","@id":"https:\/\/blogs.funiber.org\/pt\/#website","url":"https:\/\/blogs.funiber.org\/pt\/","name":"FuniBlogs - FUNIBER","description":"","publisher":{"@id":"https:\/\/blogs.funiber.org\/pt\/#organization"},"potentialAction":[{"@type":"SearchAction","target":{"@type":"EntryPoint","urlTemplate":"https:\/\/blogs.funiber.org\/pt\/?s={search_term_string}"},"query-input":"required name=search_term_string"}],"inLanguage":"pt-BR"},{"@type":"Organization","@id":"https:\/\/blogs.funiber.org\/pt\/#organization","name":"FuniBlogs - FUNIBER","url":"https:\/\/blogs.funiber.org\/pt\/","logo":{"@type":"ImageObject","inLanguage":"pt-BR","@id":"https:\/\/blogs.funiber.org\/pt\/#\/schema\/logo\/image\/","url":"https:\/\/www.funiber.blog\/pt\/wp-content\/uploads\/2022\/02\/logo-funiber-pt-br-v-dos.svg","contentUrl":"https:\/\/www.funiber.blog\/pt\/wp-content\/uploads\/2022\/02\/logo-funiber-pt-br-v-dos.svg","width":1,"height":1,"caption":"FuniBlogs - FUNIBER"},"image":{"@id":"https:\/\/blogs.funiber.org\/pt\/#\/schema\/logo\/image\/"},"sameAs":["https:\/\/www.facebook.com\/funiber","https:\/\/twitter.com\/FUNIBER","https:\/\/www.instagram.com\/funiber_becas","https:\/\/www.youtube.com\/user\/funiber","https:\/\/www.linkedin.com\/company\/funiber"]},{"@type":"Person","@id":"https:\/\/blogs.funiber.org\/pt\/#\/schema\/person\/eb4749ef6db9f852341800f85cc11249","name":"Webmaster Funiber","image":{"@type":"ImageObject","inLanguage":"pt-BR","@id":"https:\/\/blogs.funiber.org\/pt\/#\/schema\/person\/image\/","url":"https:\/\/secure.gravatar.com\/avatar\/cc061b88500c575e8de20ab7e5d37f8c?s=96&d=mm&r=g","contentUrl":"https:\/\/secure.gravatar.com\/avatar\/cc061b88500c575e8de20ab7e5d37f8c?s=96&d=mm&r=g","caption":"Webmaster Funiber"},"url":"https:\/\/www.funiber.blog\/pt\/author\/webmaster"}]}},"jetpack_featured_media_url":"https:\/\/www.funiber.blog\/pt\/wp-content\/uploads\/2023\/06\/funiber-aquecimento-vinhos.jpg","jetpack_shortlink":"https:\/\/wp.me\/p7ee1t-7hf","jetpack_sharing_enabled":true,"_links":{"self":[{"href":"https:\/\/www.funiber.blog\/pt\/wp-json\/wp\/v2\/posts\/27977"}],"collection":[{"href":"https:\/\/www.funiber.blog\/pt\/wp-json\/wp\/v2\/posts"}],"about":[{"href":"https:\/\/www.funiber.blog\/pt\/wp-json\/wp\/v2\/types\/post"}],"author":[{"embeddable":true,"href":"https:\/\/www.funiber.blog\/pt\/wp-json\/wp\/v2\/users\/17"}],"replies":[{"embeddable":true,"href":"https:\/\/www.funiber.blog\/pt\/wp-json\/wp\/v2\/comments?post=27977"}],"version-history":[{"count":1,"href":"https:\/\/www.funiber.blog\/pt\/wp-json\/wp\/v2\/posts\/27977\/revisions"}],"predecessor-version":[{"id":27979,"href":"https:\/\/www.funiber.blog\/pt\/wp-json\/wp\/v2\/posts\/27977\/revisions\/27979"}],"wp:featuredmedia":[{"embeddable":true,"href":"https:\/\/www.funiber.blog\/pt\/wp-json\/wp\/v2\/media\/27978"}],"wp:attachment":[{"href":"https:\/\/www.funiber.blog\/pt\/wp-json\/wp\/v2\/media?parent=27977"}],"wp:term":[{"taxonomy":"category","embeddable":true,"href":"https:\/\/www.funiber.blog\/pt\/wp-json\/wp\/v2\/categories?post=27977"},{"taxonomy":"post_tag","embeddable":true,"href":"https:\/\/www.funiber.blog\/pt\/wp-json\/wp\/v2\/tags?post=27977"}],"curies":[{"name":"wp","href":"https:\/\/api.w.org\/{rel}","templated":true}]}}