{"id":28395,"date":"2023-07-04T08:52:36","date_gmt":"2023-07-04T13:52:36","guid":{"rendered":"https:\/\/blogs.funiber.org\/pt\/?p=28395"},"modified":"2023-07-04T08:52:39","modified_gmt":"2023-07-04T13:52:39","slug":"melhorando-o-desenvolvimento-profissional-educacional-por-meio-de-plataformas-digitais","status":"publish","type":"post","link":"https:\/\/www.funiber.blog\/pt\/formacao-professores\/2023\/07\/04\/melhorando-o-desenvolvimento-profissional-educacional-por-meio-de-plataformas-digitais","title":{"rendered":"Melhorando o desenvolvimento profissional educacional por meio de plataformas digitais"},"content":{"rendered":"\n<p>\u00c0 medida que o uso global da tecnologia continua a aumentar, a integra\u00e7\u00e3o da aprendizagem digital na educa\u00e7\u00e3o continua sendo vital para preparar alunos e professores para um futuro de sucesso. A compet\u00eancia digital continua a ser uma preocupa\u00e7\u00e3o para a Uni\u00e3o Europeia, com o Eurostat a afirmar que pouco mais de metade dos cidad\u00e3os da UE com idades compreendidas entre os 16 e os 74 anos \u201ctinha pelo menos compet\u00eancias digitais gerais b\u00e1sicas\u201d em 2021. Num esfor\u00e7o para melhorar os recursos tecnol\u00f3gicos no meio acad\u00e9mico, a Comiss\u00e3o Europeia fez parceria com profissionais de pesquisa e educa\u00e7\u00e3o da <em>European Training Foundation<\/em>, do <em>European Centre for the Development of Vocational Training<\/em> e do <em>Institute for the Use of Information Technologies, Information in Education<\/em> da Unesco para criar a ferramenta <em><a href=\"https:\/\/education.ec.europa.eu\/es\/selfie\">SELFIE<\/a><\/em>.<\/p>\n\n\n\n<p>Esta plataforma online gratuita avalia o ambiente tecnol\u00f3gico nas escolas de acordo com a abordagem da Comiss\u00e3o Europeia para &#8220;promover a aprendizagem na era digital nas organiza\u00e7\u00f5es educativas&#8221;. O <em>SELFIE<\/em> incorpora o feedback de toda a escola por meio de um question\u00e1rio personaliz\u00e1vel que analisa a metodologia de ensino, o conte\u00fado do curso, as experi\u00eancias dos alunos, as estrat\u00e9gias de ensino e os recursos dispon\u00edveis relacionados \u00e0 tecnologia escolar. Os professores podem criar o question\u00e1rio usando as perguntas oferecidas pelo <em>SELFIE<\/em>, bem como criar novas perguntas espec\u00edficas para a escola e declara\u00e7\u00f5es de avalia\u00e7\u00e3o. Por meio deste question\u00e1rio an\u00f4nimo, professores, alunos e administradores podem compartilhar sua perspectiva sobre o uso da tecnologia em sua institui\u00e7\u00e3o.<\/p>\n\n\n\n<p>O <em>SELFIE<\/em> cria um relat\u00f3rio com base nesse feedback integral, destacando os principais pontos fortes, fracos e melhorias em rela\u00e7\u00e3o \u00e0 educa\u00e7\u00e3o digital. Esta vis\u00e3o geral permite uma a\u00e7\u00e3o colaborativa entre professores e diretores de escola para melhorar o design tecnol\u00f3gico existente nas escolas. Al\u00e9m da tomada de decis\u00f5es educacionais, o <em>SELFIE<\/em> \u00e9 um recurso para o desenvolvimento cont\u00ednuo. Os professores podem modificar o question\u00e1rio para medir os impactos das novas mudan\u00e7as tecnol\u00f3gicas, permitindo que as escolas acompanhem seu progresso ao longo do tempo. Educadores e administradores podem formar novas estrat\u00e9gias para otimizar a tecnologia para ensino e aprendizagem.<\/p>\n\n\n\n<p>Com um objetivo semelhante, a Funda\u00e7\u00e3o Universit\u00e1ria Iberoamericana (FUNIBER) participa do projeto <a href=\"https:\/\/digitalta.eu\/?pk_vid=639c1ca4f186848b168847854302f2cd\">Erasmus Plus DigitalTA,<\/a> que visa melhorar a forma\u00e7\u00e3o pr\u00e1tica de professores antes e durante o exerc\u00edcio de sua profiss\u00e3o nos pa\u00edses da Uni\u00e3o Europ\u00e9ia e, assim, reduzir as formas profissionais abandono. Institui\u00e7\u00f5es educacionais da B\u00e9lgica, Irlanda, Rep\u00fablica Tcheca, Espanha e Pol\u00f4nia participam deste projeto.<\/p>\n\n\n\n<p>Como resultado, o projeto aplicar\u00e1 uma &#8220;metodologia de processo reflexivo&#8221; para iniciar conversas entre professores e formadores educacionais sobre desafios comuns enfrentados na sala de aula. Assim que seu desenvolvimento estiver conclu\u00eddo, em 2025, a plataforma permitir\u00e1 que professores em exerc\u00edcio e em forma\u00e7\u00e3o compartilhem seus desafios, reflitam sobre suas pr\u00e1ticas de ensino, acessem tutoria, explorem estudos de caso e participem de uma vibrante comunidade de aprendizagem. Com sua interface f\u00e1cil de usar e rico conjunto de recursos, a plataforma visa promover a colabora\u00e7\u00e3o, o crescimento profissional e o compartilhamento de conhecimento entre educadores de diferentes n\u00edveis educacionais.<\/p>\n\n\n\n<p>Durante a \u00faltima reuni\u00e3o do projeto em Limerick (Irlanda), em junho, os parceiros discutiram os pr\u00f3ximos passos para a plataforma online e o planejamento avan\u00e7ado para o primeiro teste piloto. Al\u00e9m disso, durante o encontro transnacional foram apresentadas v\u00e1rias plataformas \u00fateis no campo educacional, entre as quais o SELFIE, devido \u00e0 sua relev\u00e2ncia e semelhante processo de aprendizagem reflexiva.<\/p>\n\n\n\n<p><\/p>\n\n\n\n<p>Fontes:<\/p>\n\n\n\n<p><a href=\"https:\/\/ec.europa.eu\/eurostat\/web\/products-eurostat-news\/-\/ddn-20220330-1\" target=\"_blank\" rel=\"noreferrer noopener\">How many citizens had basi<\/a><a href=\"https:\/\/ec.europa.eu\/eurostat\/web\/products-eurostat-news\/-\/ddn-20220330-1\">c digital skills in 2021?<\/a>&nbsp;&nbsp;<\/p>\n\n\n\n<p><a href=\"https:\/\/education.ec.europa.eu\/selfie\/about-selfie\" target=\"_blank\" rel=\"noreferrer noopener\">About SELFIE<\/a><\/p>\n\n\n\n<p><a href=\"https:\/\/education.ec.europa.eu\/selfie\" target=\"_blank\" rel=\"noreferrer noopener\">SELFIE<\/a><\/p>\n\n\n\n<p><a href=\"https:\/\/education.ec.europa.eu\/selfie\/how-it-works\" target=\"_blank\" rel=\"noreferrer noopener\">How SELFIE works<\/a><\/p>\n\n\n\n<p><a href=\"https:\/\/education.ec.europa.eu\/selfie\/selfie-for-work-based-learning\" target=\"_blank\" rel=\"noreferrer noopener\">SELFIE for work-based learning<\/a><\/p>\n\n\n\n<p><a href=\"https:\/\/digitalta.eu\/projects-aims\/\" target=\"_blank\" rel=\"noreferrer noopener\">Project\u2019s aims<\/a><\/p>\n\n\n\n<p><a href=\"https:\/\/news.funiber.us\/2023\/06\/16\/funiber-digitalta-project-partners-among-which-is-funiber-participate-in-a-webinar-to-analyze-the-first-results-2\" target=\"_blank\" rel=\"noreferrer noopener\">DigitalTA project partners make progress in the development of the first digital platform pilot test<\/a><\/p>\n","protected":false},"excerpt":{"rendered":"<p>\u00c0 medida que o uso global da tecnologia continua a aumentar, a integra\u00e7\u00e3o da aprendizagem digital na educa\u00e7\u00e3o continua sendo vital para preparar alunos e professores para um futuro de sucesso. A compet\u00eancia digital continua a ser uma preocupa\u00e7\u00e3o para a Uni\u00e3o Europeia, com o Eurostat a afirmar que pouco mais de metade dos cidad\u00e3os [&hellip;]<\/p>\n","protected":false},"author":10,"featured_media":28396,"comment_status":"closed","ping_status":"closed","sticky":false,"template":"","format":"standard","meta":{"jetpack_post_was_ever_published":false,"_jetpack_newsletter_access":"","_jetpack_newsletter_tier_id":0,"footnotes":"","jetpack_publicize_message":"","jetpack_is_tweetstorm":false,"jetpack_publicize_feature_enabled":true,"jetpack_social_post_already_shared":true,"jetpack_social_options":{"image_generator_settings":{"template":"highway","enabled":false}}},"categories":[5],"tags":[466,1242,855,285,408,131,653,119,686,248,911,671,641,255,1482],"jetpack_publicize_connections":[],"yoast_head":"<!-- This site is optimized with the Yoast SEO plugin v21.7 - https:\/\/yoast.com\/wordpress\/plugins\/seo\/ -->\n<title>Melhorando o desenvolvimento profissional educacional por meio de plataformas digitais - FuniBlogs - FUNIBER<\/title>\n<meta name=\"robots\" content=\"noindex, nofollow\" \/>\n<meta property=\"og:locale\" content=\"pt_BR\" \/>\n<meta property=\"og:type\" content=\"article\" \/>\n<meta property=\"og:title\" content=\"Melhorando o desenvolvimento profissional educacional por meio de plataformas digitais - FuniBlogs - FUNIBER\" \/>\n<meta property=\"og:description\" content=\"\u00c0 medida que o uso global da tecnologia continua a aumentar, a integra\u00e7\u00e3o da aprendizagem digital na educa\u00e7\u00e3o continua sendo vital para preparar alunos e professores para um futuro de sucesso. A compet\u00eancia digital continua a ser uma preocupa\u00e7\u00e3o para a Uni\u00e3o Europeia, com o Eurostat a afirmar que pouco mais de metade dos cidad\u00e3os [&hellip;]\" \/>\n<meta property=\"og:url\" content=\"https:\/\/blogs.funiber.org\/pt\/formacao-professores\/2023\/07\/04\/melhorando-o-desenvolvimento-profissional-educacional-por-meio-de-plataformas-digitais\" \/>\n<meta property=\"og:site_name\" content=\"FuniBlogs - FUNIBER\" \/>\n<meta property=\"article:publisher\" content=\"https:\/\/www.facebook.com\/funiber\" \/>\n<meta property=\"article:published_time\" content=\"2023-07-04T13:52:36+00:00\" \/>\n<meta property=\"article:modified_time\" content=\"2023-07-04T13:52:39+00:00\" \/>\n<meta property=\"og:image\" content=\"https:\/\/blogs.funiber.org\/pt\/wp-content\/uploads\/2023\/07\/funiber-selfie-plataforma.jpg\" \/>\n\t<meta property=\"og:image:width\" content=\"570\" \/>\n\t<meta property=\"og:image:height\" content=\"350\" \/>\n\t<meta property=\"og:image:type\" content=\"image\/jpeg\" \/>\n<meta name=\"author\" content=\"Michelle\" \/>\n<meta name=\"twitter:card\" content=\"summary_large_image\" \/>\n<meta name=\"twitter:creator\" content=\"@FUNIBER\" \/>\n<meta name=\"twitter:site\" content=\"@FUNIBER\" \/>\n<meta name=\"twitter:label1\" content=\"Escrito por\" \/>\n\t<meta name=\"twitter:data1\" content=\"Michelle\" \/>\n\t<meta name=\"twitter:label2\" content=\"Est. tempo de leitura\" \/>\n\t<meta name=\"twitter:data2\" content=\"4 minutos\" \/>\n<script type=\"application\/ld+json\" class=\"yoast-schema-graph\">{\"@context\":\"https:\/\/schema.org\",\"@graph\":[{\"@type\":\"Article\",\"@id\":\"https:\/\/blogs.funiber.org\/pt\/formacao-professores\/2023\/07\/04\/melhorando-o-desenvolvimento-profissional-educacional-por-meio-de-plataformas-digitais#article\",\"isPartOf\":{\"@id\":\"https:\/\/blogs.funiber.org\/pt\/formacao-professores\/2023\/07\/04\/melhorando-o-desenvolvimento-profissional-educacional-por-meio-de-plataformas-digitais\"},\"author\":{\"name\":\"Michelle\",\"@id\":\"https:\/\/blogs.funiber.org\/pt\/#\/schema\/person\/a1eaaa5e57eac866a8c5946946bcf80d\"},\"headline\":\"Melhorando o desenvolvimento profissional educacional por meio de plataformas digitais\",\"datePublished\":\"2023-07-04T13:52:36+00:00\",\"dateModified\":\"2023-07-04T13:52:39+00:00\",\"mainEntityOfPage\":{\"@id\":\"https:\/\/blogs.funiber.org\/pt\/formacao-professores\/2023\/07\/04\/melhorando-o-desenvolvimento-profissional-educacional-por-meio-de-plataformas-digitais\"},\"wordCount\":665,\"publisher\":{\"@id\":\"https:\/\/blogs.funiber.org\/pt\/#organization\"},\"keywords\":[\"Aprendizagem\",\"Bolsas\",\"Doutorado\",\"Educa\u00e7\u00e3o\",\"Educa\u00e7\u00e3o a Dist\u00e2ncia\",\"Ensino\",\"Escolas\",\"Estudos\",\"Forma\u00e7\u00e3o de Professores\",\"Funiber\",\"FUNIBER Opini\u00f5es\",\"mestrado\",\"Opini\u00e3o FUNIBER\",\"Opini\u00f5es Funiber\",\"Plataforma\"],\"articleSection\":[\"Educa\u00e7\u00e3o,\u00a0Forma\u00e7\u00e3o Professores\"],\"inLanguage\":\"pt-BR\"},{\"@type\":\"WebPage\",\"@id\":\"https:\/\/blogs.funiber.org\/pt\/formacao-professores\/2023\/07\/04\/melhorando-o-desenvolvimento-profissional-educacional-por-meio-de-plataformas-digitais\",\"url\":\"https:\/\/blogs.funiber.org\/pt\/formacao-professores\/2023\/07\/04\/melhorando-o-desenvolvimento-profissional-educacional-por-meio-de-plataformas-digitais\",\"name\":\"Melhorando o desenvolvimento profissional educacional por meio de plataformas digitais - FuniBlogs - FUNIBER\",\"isPartOf\":{\"@id\":\"https:\/\/blogs.funiber.org\/pt\/#website\"},\"datePublished\":\"2023-07-04T13:52:36+00:00\",\"dateModified\":\"2023-07-04T13:52:39+00:00\",\"breadcrumb\":{\"@id\":\"https:\/\/blogs.funiber.org\/pt\/formacao-professores\/2023\/07\/04\/melhorando-o-desenvolvimento-profissional-educacional-por-meio-de-plataformas-digitais#breadcrumb\"},\"inLanguage\":\"pt-BR\",\"potentialAction\":[{\"@type\":\"ReadAction\",\"target\":[\"https:\/\/blogs.funiber.org\/pt\/formacao-professores\/2023\/07\/04\/melhorando-o-desenvolvimento-profissional-educacional-por-meio-de-plataformas-digitais\"]}]},{\"@type\":\"BreadcrumbList\",\"@id\":\"https:\/\/blogs.funiber.org\/pt\/formacao-professores\/2023\/07\/04\/melhorando-o-desenvolvimento-profissional-educacional-por-meio-de-plataformas-digitais#breadcrumb\",\"itemListElement\":[{\"@type\":\"ListItem\",\"position\":1,\"name\":\"In\u00edcio\",\"item\":\"https:\/\/blogs.funiber.org\/pt\"},{\"@type\":\"ListItem\",\"position\":2,\"name\":\"Melhorando o desenvolvimento profissional educacional por meio de plataformas digitais\"}]},{\"@type\":\"WebSite\",\"@id\":\"https:\/\/blogs.funiber.org\/pt\/#website\",\"url\":\"https:\/\/blogs.funiber.org\/pt\/\",\"name\":\"FuniBlogs - FUNIBER\",\"description\":\"\",\"publisher\":{\"@id\":\"https:\/\/blogs.funiber.org\/pt\/#organization\"},\"potentialAction\":[{\"@type\":\"SearchAction\",\"target\":{\"@type\":\"EntryPoint\",\"urlTemplate\":\"https:\/\/blogs.funiber.org\/pt\/?s={search_term_string}\"},\"query-input\":\"required name=search_term_string\"}],\"inLanguage\":\"pt-BR\"},{\"@type\":\"Organization\",\"@id\":\"https:\/\/blogs.funiber.org\/pt\/#organization\",\"name\":\"FuniBlogs - FUNIBER\",\"url\":\"https:\/\/blogs.funiber.org\/pt\/\",\"logo\":{\"@type\":\"ImageObject\",\"inLanguage\":\"pt-BR\",\"@id\":\"https:\/\/blogs.funiber.org\/pt\/#\/schema\/logo\/image\/\",\"url\":\"https:\/\/www.funiber.blog\/pt\/wp-content\/uploads\/2022\/02\/logo-funiber-pt-br-v-dos.svg\",\"contentUrl\":\"https:\/\/www.funiber.blog\/pt\/wp-content\/uploads\/2022\/02\/logo-funiber-pt-br-v-dos.svg\",\"width\":1,\"height\":1,\"caption\":\"FuniBlogs - FUNIBER\"},\"image\":{\"@id\":\"https:\/\/blogs.funiber.org\/pt\/#\/schema\/logo\/image\/\"},\"sameAs\":[\"https:\/\/www.facebook.com\/funiber\",\"https:\/\/twitter.com\/FUNIBER\",\"https:\/\/www.instagram.com\/funiber_becas\",\"https:\/\/www.youtube.com\/user\/funiber\",\"https:\/\/www.linkedin.com\/company\/funiber\"]},{\"@type\":\"Person\",\"@id\":\"https:\/\/blogs.funiber.org\/pt\/#\/schema\/person\/a1eaaa5e57eac866a8c5946946bcf80d\",\"name\":\"Michelle\",\"image\":{\"@type\":\"ImageObject\",\"inLanguage\":\"pt-BR\",\"@id\":\"https:\/\/blogs.funiber.org\/pt\/#\/schema\/person\/image\/\",\"url\":\"https:\/\/secure.gravatar.com\/avatar\/5e87041f7609dc50493cf216754fece1?s=96&d=mm&r=g\",\"contentUrl\":\"https:\/\/secure.gravatar.com\/avatar\/5e87041f7609dc50493cf216754fece1?s=96&d=mm&r=g\",\"caption\":\"Michelle\"},\"url\":\"https:\/\/www.funiber.blog\/pt\/author\/michelle-moreira\"}]}<\/script>\n<!-- \/ Yoast SEO plugin. -->","yoast_head_json":{"title":"Melhorando o desenvolvimento profissional educacional por meio de plataformas digitais - FuniBlogs - FUNIBER","robots":{"index":"noindex","follow":"nofollow"},"og_locale":"pt_BR","og_type":"article","og_title":"Melhorando o desenvolvimento profissional educacional por meio de plataformas digitais - FuniBlogs - FUNIBER","og_description":"\u00c0 medida que o uso global da tecnologia continua a aumentar, a integra\u00e7\u00e3o da aprendizagem digital na educa\u00e7\u00e3o continua sendo vital para preparar alunos e professores para um futuro de sucesso. A compet\u00eancia digital continua a ser uma preocupa\u00e7\u00e3o para a Uni\u00e3o Europeia, com o Eurostat a afirmar que pouco mais de metade dos cidad\u00e3os [&hellip;]","og_url":"https:\/\/blogs.funiber.org\/pt\/formacao-professores\/2023\/07\/04\/melhorando-o-desenvolvimento-profissional-educacional-por-meio-de-plataformas-digitais","og_site_name":"FuniBlogs - FUNIBER","article_publisher":"https:\/\/www.facebook.com\/funiber","article_published_time":"2023-07-04T13:52:36+00:00","article_modified_time":"2023-07-04T13:52:39+00:00","og_image":[{"width":570,"height":350,"url":"https:\/\/blogs.funiber.org\/pt\/wp-content\/uploads\/2023\/07\/funiber-selfie-plataforma.jpg","type":"image\/jpeg"}],"author":"Michelle","twitter_card":"summary_large_image","twitter_creator":"@FUNIBER","twitter_site":"@FUNIBER","twitter_misc":{"Escrito por":"Michelle","Est. tempo de leitura":"4 minutos"},"schema":{"@context":"https:\/\/schema.org","@graph":[{"@type":"Article","@id":"https:\/\/blogs.funiber.org\/pt\/formacao-professores\/2023\/07\/04\/melhorando-o-desenvolvimento-profissional-educacional-por-meio-de-plataformas-digitais#article","isPartOf":{"@id":"https:\/\/blogs.funiber.org\/pt\/formacao-professores\/2023\/07\/04\/melhorando-o-desenvolvimento-profissional-educacional-por-meio-de-plataformas-digitais"},"author":{"name":"Michelle","@id":"https:\/\/blogs.funiber.org\/pt\/#\/schema\/person\/a1eaaa5e57eac866a8c5946946bcf80d"},"headline":"Melhorando o desenvolvimento profissional educacional por meio de plataformas digitais","datePublished":"2023-07-04T13:52:36+00:00","dateModified":"2023-07-04T13:52:39+00:00","mainEntityOfPage":{"@id":"https:\/\/blogs.funiber.org\/pt\/formacao-professores\/2023\/07\/04\/melhorando-o-desenvolvimento-profissional-educacional-por-meio-de-plataformas-digitais"},"wordCount":665,"publisher":{"@id":"https:\/\/blogs.funiber.org\/pt\/#organization"},"keywords":["Aprendizagem","Bolsas","Doutorado","Educa\u00e7\u00e3o","Educa\u00e7\u00e3o a Dist\u00e2ncia","Ensino","Escolas","Estudos","Forma\u00e7\u00e3o de Professores","Funiber","FUNIBER Opini\u00f5es","mestrado","Opini\u00e3o FUNIBER","Opini\u00f5es Funiber","Plataforma"],"articleSection":["Educa\u00e7\u00e3o,\u00a0Forma\u00e7\u00e3o Professores"],"inLanguage":"pt-BR"},{"@type":"WebPage","@id":"https:\/\/blogs.funiber.org\/pt\/formacao-professores\/2023\/07\/04\/melhorando-o-desenvolvimento-profissional-educacional-por-meio-de-plataformas-digitais","url":"https:\/\/blogs.funiber.org\/pt\/formacao-professores\/2023\/07\/04\/melhorando-o-desenvolvimento-profissional-educacional-por-meio-de-plataformas-digitais","name":"Melhorando o desenvolvimento profissional educacional por meio de plataformas digitais - FuniBlogs - FUNIBER","isPartOf":{"@id":"https:\/\/blogs.funiber.org\/pt\/#website"},"datePublished":"2023-07-04T13:52:36+00:00","dateModified":"2023-07-04T13:52:39+00:00","breadcrumb":{"@id":"https:\/\/blogs.funiber.org\/pt\/formacao-professores\/2023\/07\/04\/melhorando-o-desenvolvimento-profissional-educacional-por-meio-de-plataformas-digitais#breadcrumb"},"inLanguage":"pt-BR","potentialAction":[{"@type":"ReadAction","target":["https:\/\/blogs.funiber.org\/pt\/formacao-professores\/2023\/07\/04\/melhorando-o-desenvolvimento-profissional-educacional-por-meio-de-plataformas-digitais"]}]},{"@type":"BreadcrumbList","@id":"https:\/\/blogs.funiber.org\/pt\/formacao-professores\/2023\/07\/04\/melhorando-o-desenvolvimento-profissional-educacional-por-meio-de-plataformas-digitais#breadcrumb","itemListElement":[{"@type":"ListItem","position":1,"name":"In\u00edcio","item":"https:\/\/blogs.funiber.org\/pt"},{"@type":"ListItem","position":2,"name":"Melhorando o desenvolvimento profissional educacional por meio de plataformas digitais"}]},{"@type":"WebSite","@id":"https:\/\/blogs.funiber.org\/pt\/#website","url":"https:\/\/blogs.funiber.org\/pt\/","name":"FuniBlogs - FUNIBER","description":"","publisher":{"@id":"https:\/\/blogs.funiber.org\/pt\/#organization"},"potentialAction":[{"@type":"SearchAction","target":{"@type":"EntryPoint","urlTemplate":"https:\/\/blogs.funiber.org\/pt\/?s={search_term_string}"},"query-input":"required name=search_term_string"}],"inLanguage":"pt-BR"},{"@type":"Organization","@id":"https:\/\/blogs.funiber.org\/pt\/#organization","name":"FuniBlogs - FUNIBER","url":"https:\/\/blogs.funiber.org\/pt\/","logo":{"@type":"ImageObject","inLanguage":"pt-BR","@id":"https:\/\/blogs.funiber.org\/pt\/#\/schema\/logo\/image\/","url":"https:\/\/www.funiber.blog\/pt\/wp-content\/uploads\/2022\/02\/logo-funiber-pt-br-v-dos.svg","contentUrl":"https:\/\/www.funiber.blog\/pt\/wp-content\/uploads\/2022\/02\/logo-funiber-pt-br-v-dos.svg","width":1,"height":1,"caption":"FuniBlogs - FUNIBER"},"image":{"@id":"https:\/\/blogs.funiber.org\/pt\/#\/schema\/logo\/image\/"},"sameAs":["https:\/\/www.facebook.com\/funiber","https:\/\/twitter.com\/FUNIBER","https:\/\/www.instagram.com\/funiber_becas","https:\/\/www.youtube.com\/user\/funiber","https:\/\/www.linkedin.com\/company\/funiber"]},{"@type":"Person","@id":"https:\/\/blogs.funiber.org\/pt\/#\/schema\/person\/a1eaaa5e57eac866a8c5946946bcf80d","name":"Michelle","image":{"@type":"ImageObject","inLanguage":"pt-BR","@id":"https:\/\/blogs.funiber.org\/pt\/#\/schema\/person\/image\/","url":"https:\/\/secure.gravatar.com\/avatar\/5e87041f7609dc50493cf216754fece1?s=96&d=mm&r=g","contentUrl":"https:\/\/secure.gravatar.com\/avatar\/5e87041f7609dc50493cf216754fece1?s=96&d=mm&r=g","caption":"Michelle"},"url":"https:\/\/www.funiber.blog\/pt\/author\/michelle-moreira"}]}},"jetpack_featured_media_url":"https:\/\/www.funiber.blog\/pt\/wp-content\/uploads\/2023\/07\/funiber-selfie-plataforma.jpg","jetpack_shortlink":"https:\/\/wp.me\/p7ee1t-7nZ","jetpack_sharing_enabled":true,"_links":{"self":[{"href":"https:\/\/www.funiber.blog\/pt\/wp-json\/wp\/v2\/posts\/28395"}],"collection":[{"href":"https:\/\/www.funiber.blog\/pt\/wp-json\/wp\/v2\/posts"}],"about":[{"href":"https:\/\/www.funiber.blog\/pt\/wp-json\/wp\/v2\/types\/post"}],"author":[{"embeddable":true,"href":"https:\/\/www.funiber.blog\/pt\/wp-json\/wp\/v2\/users\/10"}],"replies":[{"embeddable":true,"href":"https:\/\/www.funiber.blog\/pt\/wp-json\/wp\/v2\/comments?post=28395"}],"version-history":[{"count":1,"href":"https:\/\/www.funiber.blog\/pt\/wp-json\/wp\/v2\/posts\/28395\/revisions"}],"predecessor-version":[{"id":28397,"href":"https:\/\/www.funiber.blog\/pt\/wp-json\/wp\/v2\/posts\/28395\/revisions\/28397"}],"wp:featuredmedia":[{"embeddable":true,"href":"https:\/\/www.funiber.blog\/pt\/wp-json\/wp\/v2\/media\/28396"}],"wp:attachment":[{"href":"https:\/\/www.funiber.blog\/pt\/wp-json\/wp\/v2\/media?parent=28395"}],"wp:term":[{"taxonomy":"category","embeddable":true,"href":"https:\/\/www.funiber.blog\/pt\/wp-json\/wp\/v2\/categories?post=28395"},{"taxonomy":"post_tag","embeddable":true,"href":"https:\/\/www.funiber.blog\/pt\/wp-json\/wp\/v2\/tags?post=28395"}],"curies":[{"name":"wp","href":"https:\/\/api.w.org\/{rel}","templated":true}]}}