{"id":28714,"date":"2023-09-20T04:09:23","date_gmt":"2023-09-20T09:09:23","guid":{"rendered":"https:\/\/blogs.funiber.org\/pt\/?p=28714"},"modified":"2023-09-21T04:46:01","modified_gmt":"2023-09-21T09:46:01","slug":"funiber-transformar-educacao","status":"publish","type":"post","link":"https:\/\/www.funiber.blog\/pt\/formacao-professores\/2023\/09\/20\/funiber-transformar-educacao","title":{"rendered":"Transformar a educa\u00e7\u00e3o?"},"content":{"rendered":"\n<p>Ao discutir o estado da educa\u00e7\u00e3o, \u00e9 comum considerar as causas desse estado e, como resultado, culpar ou fazer recomenda\u00e7\u00f5es de mudan\u00e7a, seja a um ou mais atores ou \u00e0s institui\u00e7\u00f5es ligadas \u00e0 educa\u00e7\u00e3o (governo, fam\u00edlia e escola, para um ou mais destes).<\/p>\n\n\n\n<p>Num sector crucial como a educa\u00e7\u00e3o, devem ser investidos mais fundos e o governo deve garantir que estes sejam utilizados de forma sensata. Da mesma forma, a fam\u00edlia deve cuidar dos alunos para que possam terminar os trabalhos de casa e dar \u00e0 crian\u00e7a a confian\u00e7a que necessita. Por outro lado, a escola precisa focar no ensino e no seu avan\u00e7o, os professores devem se modernizar e os administradores devem implementar uma estrat\u00e9gia de gest\u00e3o educacional que resulte em professores motivados e, portanto, em alunos bem-sucedidos.<\/p>\n\n\n\n<p>A import\u00e2ncia de mudan\u00e7as nesta \u00e1rea \u00e9 grande, e se constitui como um desafio oper\u00e1-las e garantir uma const\u00e2ncia que seja capaz de acompanhar as mudan\u00e7as sociais. Nesse sentido, a composi\u00e7\u00e3o dos gastos p\u00fablicos com educa\u00e7\u00e3o depende da classe pol\u00edtica, da classe dominante, dos atuais benefici\u00e1rios dos gastos deficientes, dos empres\u00e1rios e sobretudo, hoje, da for\u00e7a da sociedade para obrigar esses dois primeiros grupos para mudar a forma como o or\u00e7amento p\u00fablico \u00e9 distribu\u00eddo.<\/p>\n\n\n\n<p>\u00c9 uma superestima\u00e7\u00e3o do poder desse grupo presumir que os educadores ser\u00e3o os \u00fanicos transformadores. Cada membro da sociedade tem um papel a desempenhar na educa\u00e7\u00e3o do pa\u00eds, incluindo a todos, sem distin\u00e7\u00e3o.<\/p>\n\n\n\n<p>Por todas estas raz\u00f5es, \u00e9 necess\u00e1rio falar sobre como vamos transformar a educa\u00e7\u00e3o agora, e n\u00e3o sobre o futuro. Quando todos na sociedade ordenarem e continuarem a ordenar, isso ser\u00e1 poss\u00edvel.<\/p>\n\n\n\n<p>A FUNIBER promove estudos na \u00e1rea de Forma\u00e7\u00e3o de Professorado, com programas como <a href=\"https:\/\/www.funiber.org.br\/mestrado-em-educacao\">Mestrado em Educa\u00e7\u00e3o<\/a>, o <a href=\"https:\/\/www.funiber.org.br\/mestrado-em-educacao-com-especializacao-em-organizacao-e-gestao-de-centros-educativos\">Mestrado em Educa\u00e7\u00e3o com especializa\u00e7\u00e3o em Organiza\u00e7\u00e3o e Gest\u00e3o de Centros Educativos<\/a> e o <a href=\"https:\/\/www.funiber.org.br\/mestrado-em-intervencao-psicologica-no-desenvolvimento-e-na-educacao\">Mestrado em Interven\u00e7\u00e3o Psicol\u00f3gica no Desenvolvimento e na Educa\u00e7\u00e3o<\/a>.<\/p>\n\n\n\n<p>Fonte: <a href=\"https:\/\/www.milenio.com\/opinion\/miguel-bazdresch-parada\/columna-miguel-bazdresch-parada\/transformar-la-educacion\">Transformar la educaci\u00f3n<\/a><\/p>\n\n\n\n<p>Foto: Todos os direitos reservados.<\/p>\n","protected":false},"excerpt":{"rendered":"<p>Ao discutir o estado da educa\u00e7\u00e3o, \u00e9 comum considerar as causas desse estado e, como resultado, culpar ou fazer recomenda\u00e7\u00f5es de mudan\u00e7a, seja a um ou mais atores ou \u00e0s institui\u00e7\u00f5es ligadas \u00e0 educa\u00e7\u00e3o (governo, fam\u00edlia e escola, para um ou mais destes). Num sector crucial como a educa\u00e7\u00e3o, devem ser investidos mais fundos e [&hellip;]<\/p>\n","protected":false},"author":10,"featured_media":28726,"comment_status":"closed","ping_status":"closed","sticky":false,"template":"","format":"standard","meta":{"jetpack_post_was_ever_published":false,"_jetpack_newsletter_access":"","_jetpack_newsletter_tier_id":0,"footnotes":"","jetpack_publicize_message":"","jetpack_is_tweetstorm":false,"jetpack_publicize_feature_enabled":true,"jetpack_social_post_already_shared":true,"jetpack_social_options":{"image_generator_settings":{"template":"highway","enabled":false}}},"categories":[5],"tags":[855,285,408,131,653,119,248,911,671,641,255,1727,642,8555],"jetpack_publicize_connections":[],"yoast_head":"<!-- This site is optimized with the Yoast SEO plugin v21.7 - https:\/\/yoast.com\/wordpress\/plugins\/seo\/ -->\n<title>Transformar a educa\u00e7\u00e3o?<\/title>\n<meta name=\"description\" content=\"Ao discutir o estado da educa\u00e7\u00e3o, \u00e9 comum considerar as causas desse estado e, como resultado, culpar ou fazer recomenda\u00e7\u00f5es de mudan\u00e7a, seja a um ou mais atores ou \u00e0s institui\u00e7\u00f5es ligadas \u00e0 educa\u00e7\u00e3o (governo, fam\u00edlia e escola, para um ou mais destes).\" \/>\n<meta name=\"robots\" content=\"noindex, nofollow\" \/>\n<meta property=\"og:locale\" content=\"pt_BR\" \/>\n<meta property=\"og:type\" content=\"article\" \/>\n<meta property=\"og:title\" content=\"Transformar a educa\u00e7\u00e3o?\" \/>\n<meta property=\"og:description\" content=\"Ao discutir o estado da educa\u00e7\u00e3o, \u00e9 comum considerar as causas desse estado e, como resultado, culpar ou fazer recomenda\u00e7\u00f5es de mudan\u00e7a, seja a um ou mais atores ou \u00e0s institui\u00e7\u00f5es ligadas \u00e0 educa\u00e7\u00e3o (governo, fam\u00edlia e escola, para um ou mais destes).\" \/>\n<meta property=\"og:url\" content=\"https:\/\/blogs.funiber.org\/pt\/formacao-professores\/2023\/09\/20\/funiber-transformar-educacao\" \/>\n<meta property=\"og:site_name\" content=\"FuniBlogs - FUNIBER\" \/>\n<meta property=\"article:publisher\" content=\"https:\/\/www.facebook.com\/funiber\" \/>\n<meta property=\"article:published_time\" content=\"2023-09-20T09:09:23+00:00\" \/>\n<meta property=\"article:modified_time\" content=\"2023-09-21T09:46:01+00:00\" \/>\n<meta property=\"og:image\" content=\"https:\/\/blogs.funiber.org\/pt\/wp-content\/uploads\/2023\/09\/funiber-transformar-educacao.jpg\" \/>\n\t<meta property=\"og:image:width\" content=\"570\" \/>\n\t<meta property=\"og:image:height\" content=\"350\" \/>\n\t<meta property=\"og:image:type\" content=\"image\/jpeg\" \/>\n<meta name=\"author\" content=\"Michelle\" \/>\n<meta name=\"twitter:card\" content=\"summary_large_image\" \/>\n<meta name=\"twitter:creator\" content=\"@FUNIBER\" \/>\n<meta name=\"twitter:site\" content=\"@FUNIBER\" \/>\n<meta name=\"twitter:label1\" content=\"Escrito por\" \/>\n\t<meta name=\"twitter:data1\" content=\"Michelle\" \/>\n\t<meta name=\"twitter:label2\" content=\"Est. tempo de leitura\" \/>\n\t<meta name=\"twitter:data2\" content=\"2 minutos\" \/>\n<script type=\"application\/ld+json\" class=\"yoast-schema-graph\">{\"@context\":\"https:\/\/schema.org\",\"@graph\":[{\"@type\":\"Article\",\"@id\":\"https:\/\/blogs.funiber.org\/pt\/formacao-professores\/2023\/09\/20\/funiber-transformar-educacao#article\",\"isPartOf\":{\"@id\":\"https:\/\/blogs.funiber.org\/pt\/formacao-professores\/2023\/09\/20\/funiber-transformar-educacao\"},\"author\":{\"name\":\"Michelle\",\"@id\":\"https:\/\/blogs.funiber.org\/pt\/#\/schema\/person\/a1eaaa5e57eac866a8c5946946bcf80d\"},\"headline\":\"Transformar a educa\u00e7\u00e3o?\",\"datePublished\":\"2023-09-20T09:09:23+00:00\",\"dateModified\":\"2023-09-21T09:46:01+00:00\",\"mainEntityOfPage\":{\"@id\":\"https:\/\/blogs.funiber.org\/pt\/formacao-professores\/2023\/09\/20\/funiber-transformar-educacao\"},\"wordCount\":361,\"publisher\":{\"@id\":\"https:\/\/blogs.funiber.org\/pt\/#organization\"},\"keywords\":[\"Doutorado\",\"Educa\u00e7\u00e3o\",\"Educa\u00e7\u00e3o a Dist\u00e2ncia\",\"Ensino\",\"Escolas\",\"Estudos\",\"Funiber\",\"FUNIBER Opini\u00f5es\",\"mestrado\",\"Opini\u00e3o FUNIBER\",\"Opini\u00f5es Funiber\",\"Professorado\",\"Professores\",\"transformar\"],\"articleSection\":[\"Educa\u00e7\u00e3o,\u00a0Forma\u00e7\u00e3o Professores\"],\"inLanguage\":\"pt-BR\"},{\"@type\":\"WebPage\",\"@id\":\"https:\/\/blogs.funiber.org\/pt\/formacao-professores\/2023\/09\/20\/funiber-transformar-educacao\",\"url\":\"https:\/\/blogs.funiber.org\/pt\/formacao-professores\/2023\/09\/20\/funiber-transformar-educacao\",\"name\":\"Transformar a educa\u00e7\u00e3o?\",\"isPartOf\":{\"@id\":\"https:\/\/blogs.funiber.org\/pt\/#website\"},\"datePublished\":\"2023-09-20T09:09:23+00:00\",\"dateModified\":\"2023-09-21T09:46:01+00:00\",\"description\":\"Ao discutir o estado da educa\u00e7\u00e3o, \u00e9 comum considerar as causas desse estado e, como resultado, culpar ou fazer recomenda\u00e7\u00f5es de mudan\u00e7a, seja a um ou mais atores ou \u00e0s institui\u00e7\u00f5es ligadas \u00e0 educa\u00e7\u00e3o (governo, fam\u00edlia e escola, para um ou mais destes).\",\"breadcrumb\":{\"@id\":\"https:\/\/blogs.funiber.org\/pt\/formacao-professores\/2023\/09\/20\/funiber-transformar-educacao#breadcrumb\"},\"inLanguage\":\"pt-BR\",\"potentialAction\":[{\"@type\":\"ReadAction\",\"target\":[\"https:\/\/blogs.funiber.org\/pt\/formacao-professores\/2023\/09\/20\/funiber-transformar-educacao\"]}]},{\"@type\":\"BreadcrumbList\",\"@id\":\"https:\/\/blogs.funiber.org\/pt\/formacao-professores\/2023\/09\/20\/funiber-transformar-educacao#breadcrumb\",\"itemListElement\":[{\"@type\":\"ListItem\",\"position\":1,\"name\":\"In\u00edcio\",\"item\":\"https:\/\/blogs.funiber.org\/pt\"},{\"@type\":\"ListItem\",\"position\":2,\"name\":\"Transformar a educa\u00e7\u00e3o?\"}]},{\"@type\":\"WebSite\",\"@id\":\"https:\/\/blogs.funiber.org\/pt\/#website\",\"url\":\"https:\/\/blogs.funiber.org\/pt\/\",\"name\":\"FuniBlogs - FUNIBER\",\"description\":\"\",\"publisher\":{\"@id\":\"https:\/\/blogs.funiber.org\/pt\/#organization\"},\"potentialAction\":[{\"@type\":\"SearchAction\",\"target\":{\"@type\":\"EntryPoint\",\"urlTemplate\":\"https:\/\/blogs.funiber.org\/pt\/?s={search_term_string}\"},\"query-input\":\"required name=search_term_string\"}],\"inLanguage\":\"pt-BR\"},{\"@type\":\"Organization\",\"@id\":\"https:\/\/blogs.funiber.org\/pt\/#organization\",\"name\":\"FuniBlogs - FUNIBER\",\"url\":\"https:\/\/blogs.funiber.org\/pt\/\",\"logo\":{\"@type\":\"ImageObject\",\"inLanguage\":\"pt-BR\",\"@id\":\"https:\/\/blogs.funiber.org\/pt\/#\/schema\/logo\/image\/\",\"url\":\"https:\/\/www.funiber.blog\/pt\/wp-content\/uploads\/2022\/02\/logo-funiber-pt-br-v-dos.svg\",\"contentUrl\":\"https:\/\/www.funiber.blog\/pt\/wp-content\/uploads\/2022\/02\/logo-funiber-pt-br-v-dos.svg\",\"width\":1,\"height\":1,\"caption\":\"FuniBlogs - FUNIBER\"},\"image\":{\"@id\":\"https:\/\/blogs.funiber.org\/pt\/#\/schema\/logo\/image\/\"},\"sameAs\":[\"https:\/\/www.facebook.com\/funiber\",\"https:\/\/twitter.com\/FUNIBER\",\"https:\/\/www.instagram.com\/funiber_becas\",\"https:\/\/www.youtube.com\/user\/funiber\",\"https:\/\/www.linkedin.com\/company\/funiber\"]},{\"@type\":\"Person\",\"@id\":\"https:\/\/blogs.funiber.org\/pt\/#\/schema\/person\/a1eaaa5e57eac866a8c5946946bcf80d\",\"name\":\"Michelle\",\"image\":{\"@type\":\"ImageObject\",\"inLanguage\":\"pt-BR\",\"@id\":\"https:\/\/blogs.funiber.org\/pt\/#\/schema\/person\/image\/\",\"url\":\"https:\/\/secure.gravatar.com\/avatar\/5e87041f7609dc50493cf216754fece1?s=96&d=mm&r=g\",\"contentUrl\":\"https:\/\/secure.gravatar.com\/avatar\/5e87041f7609dc50493cf216754fece1?s=96&d=mm&r=g\",\"caption\":\"Michelle\"},\"url\":\"https:\/\/www.funiber.blog\/pt\/author\/michelle-moreira\"}]}<\/script>\n<!-- \/ Yoast SEO plugin. -->","yoast_head_json":{"title":"Transformar a educa\u00e7\u00e3o?","description":"Ao discutir o estado da educa\u00e7\u00e3o, \u00e9 comum considerar as causas desse estado e, como resultado, culpar ou fazer recomenda\u00e7\u00f5es de mudan\u00e7a, seja a um ou mais atores ou \u00e0s institui\u00e7\u00f5es ligadas \u00e0 educa\u00e7\u00e3o (governo, fam\u00edlia e escola, para um ou mais destes).","robots":{"index":"noindex","follow":"nofollow"},"og_locale":"pt_BR","og_type":"article","og_title":"Transformar a educa\u00e7\u00e3o?","og_description":"Ao discutir o estado da educa\u00e7\u00e3o, \u00e9 comum considerar as causas desse estado e, como resultado, culpar ou fazer recomenda\u00e7\u00f5es de mudan\u00e7a, seja a um ou mais atores ou \u00e0s institui\u00e7\u00f5es ligadas \u00e0 educa\u00e7\u00e3o (governo, fam\u00edlia e escola, para um ou mais destes).","og_url":"https:\/\/blogs.funiber.org\/pt\/formacao-professores\/2023\/09\/20\/funiber-transformar-educacao","og_site_name":"FuniBlogs - FUNIBER","article_publisher":"https:\/\/www.facebook.com\/funiber","article_published_time":"2023-09-20T09:09:23+00:00","article_modified_time":"2023-09-21T09:46:01+00:00","og_image":[{"width":570,"height":350,"url":"https:\/\/blogs.funiber.org\/pt\/wp-content\/uploads\/2023\/09\/funiber-transformar-educacao.jpg","type":"image\/jpeg"}],"author":"Michelle","twitter_card":"summary_large_image","twitter_creator":"@FUNIBER","twitter_site":"@FUNIBER","twitter_misc":{"Escrito por":"Michelle","Est. tempo de leitura":"2 minutos"},"schema":{"@context":"https:\/\/schema.org","@graph":[{"@type":"Article","@id":"https:\/\/blogs.funiber.org\/pt\/formacao-professores\/2023\/09\/20\/funiber-transformar-educacao#article","isPartOf":{"@id":"https:\/\/blogs.funiber.org\/pt\/formacao-professores\/2023\/09\/20\/funiber-transformar-educacao"},"author":{"name":"Michelle","@id":"https:\/\/blogs.funiber.org\/pt\/#\/schema\/person\/a1eaaa5e57eac866a8c5946946bcf80d"},"headline":"Transformar a educa\u00e7\u00e3o?","datePublished":"2023-09-20T09:09:23+00:00","dateModified":"2023-09-21T09:46:01+00:00","mainEntityOfPage":{"@id":"https:\/\/blogs.funiber.org\/pt\/formacao-professores\/2023\/09\/20\/funiber-transformar-educacao"},"wordCount":361,"publisher":{"@id":"https:\/\/blogs.funiber.org\/pt\/#organization"},"keywords":["Doutorado","Educa\u00e7\u00e3o","Educa\u00e7\u00e3o a Dist\u00e2ncia","Ensino","Escolas","Estudos","Funiber","FUNIBER Opini\u00f5es","mestrado","Opini\u00e3o FUNIBER","Opini\u00f5es Funiber","Professorado","Professores","transformar"],"articleSection":["Educa\u00e7\u00e3o,\u00a0Forma\u00e7\u00e3o Professores"],"inLanguage":"pt-BR"},{"@type":"WebPage","@id":"https:\/\/blogs.funiber.org\/pt\/formacao-professores\/2023\/09\/20\/funiber-transformar-educacao","url":"https:\/\/blogs.funiber.org\/pt\/formacao-professores\/2023\/09\/20\/funiber-transformar-educacao","name":"Transformar a educa\u00e7\u00e3o?","isPartOf":{"@id":"https:\/\/blogs.funiber.org\/pt\/#website"},"datePublished":"2023-09-20T09:09:23+00:00","dateModified":"2023-09-21T09:46:01+00:00","description":"Ao discutir o estado da educa\u00e7\u00e3o, \u00e9 comum considerar as causas desse estado e, como resultado, culpar ou fazer recomenda\u00e7\u00f5es de mudan\u00e7a, seja a um ou mais atores ou \u00e0s institui\u00e7\u00f5es ligadas \u00e0 educa\u00e7\u00e3o (governo, fam\u00edlia e escola, para um ou mais destes).","breadcrumb":{"@id":"https:\/\/blogs.funiber.org\/pt\/formacao-professores\/2023\/09\/20\/funiber-transformar-educacao#breadcrumb"},"inLanguage":"pt-BR","potentialAction":[{"@type":"ReadAction","target":["https:\/\/blogs.funiber.org\/pt\/formacao-professores\/2023\/09\/20\/funiber-transformar-educacao"]}]},{"@type":"BreadcrumbList","@id":"https:\/\/blogs.funiber.org\/pt\/formacao-professores\/2023\/09\/20\/funiber-transformar-educacao#breadcrumb","itemListElement":[{"@type":"ListItem","position":1,"name":"In\u00edcio","item":"https:\/\/blogs.funiber.org\/pt"},{"@type":"ListItem","position":2,"name":"Transformar a educa\u00e7\u00e3o?"}]},{"@type":"WebSite","@id":"https:\/\/blogs.funiber.org\/pt\/#website","url":"https:\/\/blogs.funiber.org\/pt\/","name":"FuniBlogs - FUNIBER","description":"","publisher":{"@id":"https:\/\/blogs.funiber.org\/pt\/#organization"},"potentialAction":[{"@type":"SearchAction","target":{"@type":"EntryPoint","urlTemplate":"https:\/\/blogs.funiber.org\/pt\/?s={search_term_string}"},"query-input":"required name=search_term_string"}],"inLanguage":"pt-BR"},{"@type":"Organization","@id":"https:\/\/blogs.funiber.org\/pt\/#organization","name":"FuniBlogs - FUNIBER","url":"https:\/\/blogs.funiber.org\/pt\/","logo":{"@type":"ImageObject","inLanguage":"pt-BR","@id":"https:\/\/blogs.funiber.org\/pt\/#\/schema\/logo\/image\/","url":"https:\/\/www.funiber.blog\/pt\/wp-content\/uploads\/2022\/02\/logo-funiber-pt-br-v-dos.svg","contentUrl":"https:\/\/www.funiber.blog\/pt\/wp-content\/uploads\/2022\/02\/logo-funiber-pt-br-v-dos.svg","width":1,"height":1,"caption":"FuniBlogs - FUNIBER"},"image":{"@id":"https:\/\/blogs.funiber.org\/pt\/#\/schema\/logo\/image\/"},"sameAs":["https:\/\/www.facebook.com\/funiber","https:\/\/twitter.com\/FUNIBER","https:\/\/www.instagram.com\/funiber_becas","https:\/\/www.youtube.com\/user\/funiber","https:\/\/www.linkedin.com\/company\/funiber"]},{"@type":"Person","@id":"https:\/\/blogs.funiber.org\/pt\/#\/schema\/person\/a1eaaa5e57eac866a8c5946946bcf80d","name":"Michelle","image":{"@type":"ImageObject","inLanguage":"pt-BR","@id":"https:\/\/blogs.funiber.org\/pt\/#\/schema\/person\/image\/","url":"https:\/\/secure.gravatar.com\/avatar\/5e87041f7609dc50493cf216754fece1?s=96&d=mm&r=g","contentUrl":"https:\/\/secure.gravatar.com\/avatar\/5e87041f7609dc50493cf216754fece1?s=96&d=mm&r=g","caption":"Michelle"},"url":"https:\/\/www.funiber.blog\/pt\/author\/michelle-moreira"}]}},"jetpack_featured_media_url":"https:\/\/www.funiber.blog\/pt\/wp-content\/uploads\/2023\/09\/funiber-transformar-educacao.jpg","jetpack_shortlink":"https:\/\/wp.me\/p7ee1t-7t8","jetpack_sharing_enabled":true,"_links":{"self":[{"href":"https:\/\/www.funiber.blog\/pt\/wp-json\/wp\/v2\/posts\/28714"}],"collection":[{"href":"https:\/\/www.funiber.blog\/pt\/wp-json\/wp\/v2\/posts"}],"about":[{"href":"https:\/\/www.funiber.blog\/pt\/wp-json\/wp\/v2\/types\/post"}],"author":[{"embeddable":true,"href":"https:\/\/www.funiber.blog\/pt\/wp-json\/wp\/v2\/users\/10"}],"replies":[{"embeddable":true,"href":"https:\/\/www.funiber.blog\/pt\/wp-json\/wp\/v2\/comments?post=28714"}],"version-history":[{"count":1,"href":"https:\/\/www.funiber.blog\/pt\/wp-json\/wp\/v2\/posts\/28714\/revisions"}],"predecessor-version":[{"id":28715,"href":"https:\/\/www.funiber.blog\/pt\/wp-json\/wp\/v2\/posts\/28714\/revisions\/28715"}],"wp:featuredmedia":[{"embeddable":true,"href":"https:\/\/www.funiber.blog\/pt\/wp-json\/wp\/v2\/media\/28726"}],"wp:attachment":[{"href":"https:\/\/www.funiber.blog\/pt\/wp-json\/wp\/v2\/media?parent=28714"}],"wp:term":[{"taxonomy":"category","embeddable":true,"href":"https:\/\/www.funiber.blog\/pt\/wp-json\/wp\/v2\/categories?post=28714"},{"taxonomy":"post_tag","embeddable":true,"href":"https:\/\/www.funiber.blog\/pt\/wp-json\/wp\/v2\/tags?post=28714"}],"curies":[{"name":"wp","href":"https:\/\/api.w.org\/{rel}","templated":true}]}}