{"id":28717,"date":"2023-09-19T08:59:02","date_gmt":"2023-09-19T13:59:02","guid":{"rendered":"https:\/\/blogs.funiber.org\/pt\/?p=28717"},"modified":"2023-09-20T09:01:27","modified_gmt":"2023-09-20T14:01:27","slug":"funiber-economia-circular-3","status":"publish","type":"post","link":"https:\/\/www.funiber.blog\/pt\/meio-ambiente\/2023\/09\/19\/funiber-economia-circular-3","title":{"rendered":"O que s\u00e3o a economia circular e a cadeia de abastecimento sustent\u00e1vel?"},"content":{"rendered":"\n<p>A economia circular \u00e9 uma solu\u00e7\u00e3o para enfrentar os desafios globais, incluindo as altera\u00e7\u00f5es clim\u00e1ticas, a perda de biodiversidade e a polui\u00e7\u00e3o.<\/p>\n\n\n\n<p>O interesse global na prote\u00e7\u00e3o ambiental tem registado um aumento constante nos \u00faltimos anos e esta din\u00e2mica parece estar a consolidar-se ainda mais em 2023, especialmente gra\u00e7as aos resultados positivos observados durante a pandemia. Uma das principais estrat\u00e9gias para avan\u00e7ar nesta dire\u00e7\u00e3o passa pela implementa\u00e7\u00e3o da economia circular, tanto nas fam\u00edlias como nas empresas ao longo das suas cadeias de abastecimento.<\/p>\n\n\n\n<p>O relat\u00f3rio \u201cAs 10 Tend\u00eancias Globais de Consumo em 2023\u201d, elaborado pela Euromonitor International, revela que as organiza\u00e7\u00f5es est\u00e3o a tomar medidas para ajudar os consumidores ambientalmente conscientes a poupar dinheiro, ao mesmo tempo que ajudam a resgatar o planeta.<\/p>\n\n\n\n<p>Dois dados relevantes destacam-se no estudo realizado entre profissionais de neg\u00f3cios: 45% deles afirmaram que investir em iniciativas de sustentabilidade \u00e9 uma prioridade estrat\u00e9gica para as suas empresas nos pr\u00f3ximos cinco anos, enquanto 41% consideraram que o maior desafio est\u00e1 na relut\u00e2ncia dos consumidores pagar mais por produtos sustent\u00e1veis.<\/p>\n\n\n\n<p><strong>A Economia Circular<br><\/strong>A economia circular est\u00e1 a emergir como uma abordagem sist\u00e9mica para resolver problemas globais como as altera\u00e7\u00f5es clim\u00e1ticas, a perda de biodiversidade, a produ\u00e7\u00e3o de res\u00edduos e a polui\u00e7\u00e3o. Segundo a Funda\u00e7\u00e3o Ellen MacArthur, trata-se de desligar a actividade econ\u00f3mica do esgotamento de recursos finitos e de eliminar desperd\u00edcios desde a fase de concep\u00e7\u00e3o.<\/p>\n\n\n\n<p>Esta abordagem baseia-se em tr\u00eas princ\u00edpios fundamentais: eliminar res\u00edduos e polui\u00e7\u00e3o, manter os produtos e materiais em circula\u00e7\u00e3o no seu valor m\u00e1ximo e regenerar a natureza. O principal objetivo da economia circular \u00e9 preservar o valor dos materiais e produtos durante o maior tempo poss\u00edvel, evitando que uma grande quantidade de res\u00edduos retorne \u00e0 natureza e promovendo a sua reintegra\u00e7\u00e3o no processo produtivo para reutiliza\u00e7\u00e3o.<\/p>\n\n\n\n<p><strong>Cadeia de Fornecimento Sustent\u00e1vel<br><\/strong>Para avan\u00e7ar em dire\u00e7\u00e3o a uma economia mais sustent\u00e1vel, \u00e9 essencial que as cadeias de abastecimento adotem pr\u00e1ticas ambientalmente corretas e socialmente respons\u00e1veis. Isto envolve minimizar os impactos negativos no ambiente e na sociedade, tais como o consumo de \u00e1gua e energia, a polui\u00e7\u00e3o, as condi\u00e7\u00f5es de trabalho dos funcion\u00e1rios, a biodiversidade e a utiliza\u00e7\u00e3o do solo.<\/p>\n\n\n\n<p>O relat\u00f3rio \u201cO Caminho para uma Cultura de Circularidade na Am\u00e9rica Latina: Regenera\u00e7\u00e3o da Cadeia de Abastecimento at\u00e9 ao Lar\u201d, elaborado pela CHEP, destaca cinco aspectos cruciais para uma cadeia de abastecimento sustent\u00e1vel: a redu\u00e7\u00e3o das emiss\u00f5es de carbono que contribuem para a mudan\u00e7a clim\u00e1tica, a efici\u00eancia gest\u00e3o de energia, promo\u00e7\u00e3o da diversidade e inclus\u00e3o nos fornecedores, melhor gest\u00e3o de res\u00edduos e fim de vida dos produtos e fortalecimento das rela\u00e7\u00f5es comunit\u00e1rias.<\/p>\n\n\n\n<p>Apesar dos progressos na ado\u00e7\u00e3o de pr\u00e1ticas mais sustent\u00e1veis, um dos principais desafios continua a ser o custo dos produtos sustent\u00e1veis. De acordo com o estudo da Euromonitor, os retalhistas e os fabricantes ter\u00e3o de ajustar os seus pre\u00e7os para os aproximar dos das marcas convencionais e incentivar uma maior ado\u00e7\u00e3o por parte dos consumidores.<\/p>\n\n\n\n<p><\/p>\n\n\n\n<p><a href=\"https:\/\/thelogisticsworld.com\/planeacion-estrategica\/economia-circular-y-cadena-de-suministro-sostenible-estrategias-a-favor-del-medio-ambiente\/\" target=\"_blank\" rel=\"noreferrer noopener\">Fonte: <strong>Econom\u00eda circular y cadena de suministro sostenible, estrategias a favor del medio ambiente<\/strong><\/a><\/p>\n\n\n\n<p>Foto: Todos os direitos reservados.<\/p>\n","protected":false},"excerpt":{"rendered":"<p>A economia circular \u00e9 uma solu\u00e7\u00e3o para enfrentar os desafios globais, incluindo as altera\u00e7\u00f5es clim\u00e1ticas, a perda de biodiversidade e a polui\u00e7\u00e3o. O interesse global na prote\u00e7\u00e3o ambiental tem registado um aumento constante nos \u00faltimos anos e esta din\u00e2mica parece estar a consolidar-se ainda mais em 2023, especialmente gra\u00e7as aos resultados positivos observados durante a [&hellip;]<\/p>\n","protected":false},"author":10,"featured_media":28718,"comment_status":"closed","ping_status":"closed","sticky":false,"template":"","format":"standard","meta":{"jetpack_post_was_ever_published":false,"_jetpack_newsletter_access":"","_jetpack_newsletter_tier_id":0,"footnotes":"","jetpack_publicize_message":"","jetpack_is_tweetstorm":false,"jetpack_publicize_feature_enabled":true,"jetpack_social_post_already_shared":true,"jetpack_social_options":{"image_generator_settings":{"template":"highway","enabled":false}}},"categories":[2,7],"tags":[1242,855,3833,285,408,119,248,911,671,641,255],"jetpack_publicize_connections":[],"yoast_head":"<!-- This site is optimized with the Yoast SEO plugin v21.7 - https:\/\/yoast.com\/wordpress\/plugins\/seo\/ -->\n<title>O que s\u00e3o a economia circular e a cadeia de abastecimento sustent\u00e1vel?<\/title>\n<meta name=\"description\" content=\"A economia circular \u00e9 uma solu\u00e7\u00e3o para enfrentar os desafios globais, incluindo as altera\u00e7\u00f5es clim\u00e1ticas, a perda de biodiversidade e a polui\u00e7\u00e3o.\" \/>\n<meta name=\"robots\" content=\"noindex, nofollow\" \/>\n<meta property=\"og:locale\" content=\"pt_BR\" \/>\n<meta property=\"og:type\" content=\"article\" \/>\n<meta property=\"og:title\" content=\"O que s\u00e3o a economia circular e a cadeia de abastecimento sustent\u00e1vel?\" \/>\n<meta property=\"og:description\" content=\"A economia circular \u00e9 uma solu\u00e7\u00e3o para enfrentar os desafios globais, incluindo as altera\u00e7\u00f5es clim\u00e1ticas, a perda de biodiversidade e a polui\u00e7\u00e3o.\" \/>\n<meta property=\"og:url\" content=\"https:\/\/blogs.funiber.org\/pt\/meio-ambiente\/2023\/09\/19\/funiber-economia-circular-3\" \/>\n<meta property=\"og:site_name\" content=\"FuniBlogs - FUNIBER\" \/>\n<meta property=\"article:publisher\" content=\"https:\/\/www.facebook.com\/funiber\" \/>\n<meta property=\"article:published_time\" content=\"2023-09-19T13:59:02+00:00\" \/>\n<meta property=\"article:modified_time\" content=\"2023-09-20T14:01:27+00:00\" \/>\n<meta property=\"og:image\" content=\"https:\/\/blogs.funiber.org\/pt\/wp-content\/uploads\/2023\/09\/funiber-economia-circular.jpg\" \/>\n\t<meta property=\"og:image:width\" content=\"570\" \/>\n\t<meta property=\"og:image:height\" content=\"350\" \/>\n\t<meta property=\"og:image:type\" content=\"image\/jpeg\" \/>\n<meta name=\"author\" content=\"Michelle\" \/>\n<meta name=\"twitter:card\" content=\"summary_large_image\" \/>\n<meta name=\"twitter:creator\" content=\"@FUNIBER\" \/>\n<meta name=\"twitter:site\" content=\"@FUNIBER\" \/>\n<meta name=\"twitter:label1\" content=\"Escrito por\" \/>\n\t<meta name=\"twitter:data1\" content=\"Michelle\" \/>\n\t<meta name=\"twitter:label2\" content=\"Est. tempo de leitura\" \/>\n\t<meta name=\"twitter:data2\" content=\"3 minutos\" \/>\n<script type=\"application\/ld+json\" class=\"yoast-schema-graph\">{\"@context\":\"https:\/\/schema.org\",\"@graph\":[{\"@type\":\"Article\",\"@id\":\"https:\/\/blogs.funiber.org\/pt\/meio-ambiente\/2023\/09\/19\/funiber-economia-circular-3#article\",\"isPartOf\":{\"@id\":\"https:\/\/blogs.funiber.org\/pt\/meio-ambiente\/2023\/09\/19\/funiber-economia-circular-3\"},\"author\":{\"name\":\"Michelle\",\"@id\":\"https:\/\/blogs.funiber.org\/pt\/#\/schema\/person\/a1eaaa5e57eac866a8c5946946bcf80d\"},\"headline\":\"O que s\u00e3o a economia circular e a cadeia de abastecimento sustent\u00e1vel?\",\"datePublished\":\"2023-09-19T13:59:02+00:00\",\"dateModified\":\"2023-09-20T14:01:27+00:00\",\"mainEntityOfPage\":{\"@id\":\"https:\/\/blogs.funiber.org\/pt\/meio-ambiente\/2023\/09\/19\/funiber-economia-circular-3\"},\"wordCount\":580,\"publisher\":{\"@id\":\"https:\/\/blogs.funiber.org\/pt\/#organization\"},\"keywords\":[\"Bolsas\",\"Doutorado\",\"economia circular\",\"Educa\u00e7\u00e3o\",\"Educa\u00e7\u00e3o a Dist\u00e2ncia\",\"Estudos\",\"Funiber\",\"FUNIBER Opini\u00f5es\",\"mestrado\",\"Opini\u00e3o FUNIBER\",\"Opini\u00f5es Funiber\"],\"articleSection\":[\"Meio Ambiente\",\"Projetos\"],\"inLanguage\":\"pt-BR\"},{\"@type\":\"WebPage\",\"@id\":\"https:\/\/blogs.funiber.org\/pt\/meio-ambiente\/2023\/09\/19\/funiber-economia-circular-3\",\"url\":\"https:\/\/blogs.funiber.org\/pt\/meio-ambiente\/2023\/09\/19\/funiber-economia-circular-3\",\"name\":\"O que s\u00e3o a economia circular e a cadeia de abastecimento sustent\u00e1vel?\",\"isPartOf\":{\"@id\":\"https:\/\/blogs.funiber.org\/pt\/#website\"},\"datePublished\":\"2023-09-19T13:59:02+00:00\",\"dateModified\":\"2023-09-20T14:01:27+00:00\",\"description\":\"A economia circular \u00e9 uma solu\u00e7\u00e3o para enfrentar os desafios globais, incluindo as altera\u00e7\u00f5es clim\u00e1ticas, a perda de biodiversidade e a polui\u00e7\u00e3o.\",\"breadcrumb\":{\"@id\":\"https:\/\/blogs.funiber.org\/pt\/meio-ambiente\/2023\/09\/19\/funiber-economia-circular-3#breadcrumb\"},\"inLanguage\":\"pt-BR\",\"potentialAction\":[{\"@type\":\"ReadAction\",\"target\":[\"https:\/\/blogs.funiber.org\/pt\/meio-ambiente\/2023\/09\/19\/funiber-economia-circular-3\"]}]},{\"@type\":\"BreadcrumbList\",\"@id\":\"https:\/\/blogs.funiber.org\/pt\/meio-ambiente\/2023\/09\/19\/funiber-economia-circular-3#breadcrumb\",\"itemListElement\":[{\"@type\":\"ListItem\",\"position\":1,\"name\":\"In\u00edcio\",\"item\":\"https:\/\/blogs.funiber.org\/pt\"},{\"@type\":\"ListItem\",\"position\":2,\"name\":\"O que s\u00e3o a economia circular e a cadeia de abastecimento sustent\u00e1vel?\"}]},{\"@type\":\"WebSite\",\"@id\":\"https:\/\/blogs.funiber.org\/pt\/#website\",\"url\":\"https:\/\/blogs.funiber.org\/pt\/\",\"name\":\"FuniBlogs - FUNIBER\",\"description\":\"\",\"publisher\":{\"@id\":\"https:\/\/blogs.funiber.org\/pt\/#organization\"},\"potentialAction\":[{\"@type\":\"SearchAction\",\"target\":{\"@type\":\"EntryPoint\",\"urlTemplate\":\"https:\/\/blogs.funiber.org\/pt\/?s={search_term_string}\"},\"query-input\":\"required name=search_term_string\"}],\"inLanguage\":\"pt-BR\"},{\"@type\":\"Organization\",\"@id\":\"https:\/\/blogs.funiber.org\/pt\/#organization\",\"name\":\"FuniBlogs - FUNIBER\",\"url\":\"https:\/\/blogs.funiber.org\/pt\/\",\"logo\":{\"@type\":\"ImageObject\",\"inLanguage\":\"pt-BR\",\"@id\":\"https:\/\/blogs.funiber.org\/pt\/#\/schema\/logo\/image\/\",\"url\":\"https:\/\/www.funiber.blog\/pt\/wp-content\/uploads\/2022\/02\/logo-funiber-pt-br-v-dos.svg\",\"contentUrl\":\"https:\/\/www.funiber.blog\/pt\/wp-content\/uploads\/2022\/02\/logo-funiber-pt-br-v-dos.svg\",\"width\":1,\"height\":1,\"caption\":\"FuniBlogs - FUNIBER\"},\"image\":{\"@id\":\"https:\/\/blogs.funiber.org\/pt\/#\/schema\/logo\/image\/\"},\"sameAs\":[\"https:\/\/www.facebook.com\/funiber\",\"https:\/\/twitter.com\/FUNIBER\",\"https:\/\/www.instagram.com\/funiber_becas\",\"https:\/\/www.youtube.com\/user\/funiber\",\"https:\/\/www.linkedin.com\/company\/funiber\"]},{\"@type\":\"Person\",\"@id\":\"https:\/\/blogs.funiber.org\/pt\/#\/schema\/person\/a1eaaa5e57eac866a8c5946946bcf80d\",\"name\":\"Michelle\",\"image\":{\"@type\":\"ImageObject\",\"inLanguage\":\"pt-BR\",\"@id\":\"https:\/\/blogs.funiber.org\/pt\/#\/schema\/person\/image\/\",\"url\":\"https:\/\/secure.gravatar.com\/avatar\/5e87041f7609dc50493cf216754fece1?s=96&d=mm&r=g\",\"contentUrl\":\"https:\/\/secure.gravatar.com\/avatar\/5e87041f7609dc50493cf216754fece1?s=96&d=mm&r=g\",\"caption\":\"Michelle\"},\"url\":\"https:\/\/www.funiber.blog\/pt\/author\/michelle-moreira\"}]}<\/script>\n<!-- \/ Yoast SEO plugin. -->","yoast_head_json":{"title":"O que s\u00e3o a economia circular e a cadeia de abastecimento sustent\u00e1vel?","description":"A economia circular \u00e9 uma solu\u00e7\u00e3o para enfrentar os desafios globais, incluindo as altera\u00e7\u00f5es clim\u00e1ticas, a perda de biodiversidade e a polui\u00e7\u00e3o.","robots":{"index":"noindex","follow":"nofollow"},"og_locale":"pt_BR","og_type":"article","og_title":"O que s\u00e3o a economia circular e a cadeia de abastecimento sustent\u00e1vel?","og_description":"A economia circular \u00e9 uma solu\u00e7\u00e3o para enfrentar os desafios globais, incluindo as altera\u00e7\u00f5es clim\u00e1ticas, a perda de biodiversidade e a polui\u00e7\u00e3o.","og_url":"https:\/\/blogs.funiber.org\/pt\/meio-ambiente\/2023\/09\/19\/funiber-economia-circular-3","og_site_name":"FuniBlogs - FUNIBER","article_publisher":"https:\/\/www.facebook.com\/funiber","article_published_time":"2023-09-19T13:59:02+00:00","article_modified_time":"2023-09-20T14:01:27+00:00","og_image":[{"width":570,"height":350,"url":"https:\/\/blogs.funiber.org\/pt\/wp-content\/uploads\/2023\/09\/funiber-economia-circular.jpg","type":"image\/jpeg"}],"author":"Michelle","twitter_card":"summary_large_image","twitter_creator":"@FUNIBER","twitter_site":"@FUNIBER","twitter_misc":{"Escrito por":"Michelle","Est. tempo de leitura":"3 minutos"},"schema":{"@context":"https:\/\/schema.org","@graph":[{"@type":"Article","@id":"https:\/\/blogs.funiber.org\/pt\/meio-ambiente\/2023\/09\/19\/funiber-economia-circular-3#article","isPartOf":{"@id":"https:\/\/blogs.funiber.org\/pt\/meio-ambiente\/2023\/09\/19\/funiber-economia-circular-3"},"author":{"name":"Michelle","@id":"https:\/\/blogs.funiber.org\/pt\/#\/schema\/person\/a1eaaa5e57eac866a8c5946946bcf80d"},"headline":"O que s\u00e3o a economia circular e a cadeia de abastecimento sustent\u00e1vel?","datePublished":"2023-09-19T13:59:02+00:00","dateModified":"2023-09-20T14:01:27+00:00","mainEntityOfPage":{"@id":"https:\/\/blogs.funiber.org\/pt\/meio-ambiente\/2023\/09\/19\/funiber-economia-circular-3"},"wordCount":580,"publisher":{"@id":"https:\/\/blogs.funiber.org\/pt\/#organization"},"keywords":["Bolsas","Doutorado","economia circular","Educa\u00e7\u00e3o","Educa\u00e7\u00e3o a Dist\u00e2ncia","Estudos","Funiber","FUNIBER Opini\u00f5es","mestrado","Opini\u00e3o FUNIBER","Opini\u00f5es Funiber"],"articleSection":["Meio Ambiente","Projetos"],"inLanguage":"pt-BR"},{"@type":"WebPage","@id":"https:\/\/blogs.funiber.org\/pt\/meio-ambiente\/2023\/09\/19\/funiber-economia-circular-3","url":"https:\/\/blogs.funiber.org\/pt\/meio-ambiente\/2023\/09\/19\/funiber-economia-circular-3","name":"O que s\u00e3o a economia circular e a cadeia de abastecimento sustent\u00e1vel?","isPartOf":{"@id":"https:\/\/blogs.funiber.org\/pt\/#website"},"datePublished":"2023-09-19T13:59:02+00:00","dateModified":"2023-09-20T14:01:27+00:00","description":"A economia circular \u00e9 uma solu\u00e7\u00e3o para enfrentar os desafios globais, incluindo as altera\u00e7\u00f5es clim\u00e1ticas, a perda de biodiversidade e a polui\u00e7\u00e3o.","breadcrumb":{"@id":"https:\/\/blogs.funiber.org\/pt\/meio-ambiente\/2023\/09\/19\/funiber-economia-circular-3#breadcrumb"},"inLanguage":"pt-BR","potentialAction":[{"@type":"ReadAction","target":["https:\/\/blogs.funiber.org\/pt\/meio-ambiente\/2023\/09\/19\/funiber-economia-circular-3"]}]},{"@type":"BreadcrumbList","@id":"https:\/\/blogs.funiber.org\/pt\/meio-ambiente\/2023\/09\/19\/funiber-economia-circular-3#breadcrumb","itemListElement":[{"@type":"ListItem","position":1,"name":"In\u00edcio","item":"https:\/\/blogs.funiber.org\/pt"},{"@type":"ListItem","position":2,"name":"O que s\u00e3o a economia circular e a cadeia de abastecimento sustent\u00e1vel?"}]},{"@type":"WebSite","@id":"https:\/\/blogs.funiber.org\/pt\/#website","url":"https:\/\/blogs.funiber.org\/pt\/","name":"FuniBlogs - FUNIBER","description":"","publisher":{"@id":"https:\/\/blogs.funiber.org\/pt\/#organization"},"potentialAction":[{"@type":"SearchAction","target":{"@type":"EntryPoint","urlTemplate":"https:\/\/blogs.funiber.org\/pt\/?s={search_term_string}"},"query-input":"required name=search_term_string"}],"inLanguage":"pt-BR"},{"@type":"Organization","@id":"https:\/\/blogs.funiber.org\/pt\/#organization","name":"FuniBlogs - FUNIBER","url":"https:\/\/blogs.funiber.org\/pt\/","logo":{"@type":"ImageObject","inLanguage":"pt-BR","@id":"https:\/\/blogs.funiber.org\/pt\/#\/schema\/logo\/image\/","url":"https:\/\/www.funiber.blog\/pt\/wp-content\/uploads\/2022\/02\/logo-funiber-pt-br-v-dos.svg","contentUrl":"https:\/\/www.funiber.blog\/pt\/wp-content\/uploads\/2022\/02\/logo-funiber-pt-br-v-dos.svg","width":1,"height":1,"caption":"FuniBlogs - FUNIBER"},"image":{"@id":"https:\/\/blogs.funiber.org\/pt\/#\/schema\/logo\/image\/"},"sameAs":["https:\/\/www.facebook.com\/funiber","https:\/\/twitter.com\/FUNIBER","https:\/\/www.instagram.com\/funiber_becas","https:\/\/www.youtube.com\/user\/funiber","https:\/\/www.linkedin.com\/company\/funiber"]},{"@type":"Person","@id":"https:\/\/blogs.funiber.org\/pt\/#\/schema\/person\/a1eaaa5e57eac866a8c5946946bcf80d","name":"Michelle","image":{"@type":"ImageObject","inLanguage":"pt-BR","@id":"https:\/\/blogs.funiber.org\/pt\/#\/schema\/person\/image\/","url":"https:\/\/secure.gravatar.com\/avatar\/5e87041f7609dc50493cf216754fece1?s=96&d=mm&r=g","contentUrl":"https:\/\/secure.gravatar.com\/avatar\/5e87041f7609dc50493cf216754fece1?s=96&d=mm&r=g","caption":"Michelle"},"url":"https:\/\/www.funiber.blog\/pt\/author\/michelle-moreira"}]}},"jetpack_featured_media_url":"https:\/\/www.funiber.blog\/pt\/wp-content\/uploads\/2023\/09\/funiber-economia-circular.jpg","jetpack_shortlink":"https:\/\/wp.me\/p7ee1t-7tb","jetpack_sharing_enabled":true,"_links":{"self":[{"href":"https:\/\/www.funiber.blog\/pt\/wp-json\/wp\/v2\/posts\/28717"}],"collection":[{"href":"https:\/\/www.funiber.blog\/pt\/wp-json\/wp\/v2\/posts"}],"about":[{"href":"https:\/\/www.funiber.blog\/pt\/wp-json\/wp\/v2\/types\/post"}],"author":[{"embeddable":true,"href":"https:\/\/www.funiber.blog\/pt\/wp-json\/wp\/v2\/users\/10"}],"replies":[{"embeddable":true,"href":"https:\/\/www.funiber.blog\/pt\/wp-json\/wp\/v2\/comments?post=28717"}],"version-history":[{"count":1,"href":"https:\/\/www.funiber.blog\/pt\/wp-json\/wp\/v2\/posts\/28717\/revisions"}],"predecessor-version":[{"id":28719,"href":"https:\/\/www.funiber.blog\/pt\/wp-json\/wp\/v2\/posts\/28717\/revisions\/28719"}],"wp:featuredmedia":[{"embeddable":true,"href":"https:\/\/www.funiber.blog\/pt\/wp-json\/wp\/v2\/media\/28718"}],"wp:attachment":[{"href":"https:\/\/www.funiber.blog\/pt\/wp-json\/wp\/v2\/media?parent=28717"}],"wp:term":[{"taxonomy":"category","embeddable":true,"href":"https:\/\/www.funiber.blog\/pt\/wp-json\/wp\/v2\/categories?post=28717"},{"taxonomy":"post_tag","embeddable":true,"href":"https:\/\/www.funiber.blog\/pt\/wp-json\/wp\/v2\/tags?post=28717"}],"curies":[{"name":"wp","href":"https:\/\/api.w.org\/{rel}","templated":true}]}}