{"id":28933,"date":"2023-11-14T10:03:28","date_gmt":"2023-11-14T15:03:28","guid":{"rendered":"https:\/\/blogs.funiber.org\/pt\/?p=28933"},"modified":"2023-11-15T10:14:23","modified_gmt":"2023-11-15T15:14:23","slug":"funiber-diabetes-doenca","status":"publish","type":"post","link":"https:\/\/www.funiber.blog\/pt\/saude-e-nutricao\/2023\/11\/14\/funiber-diabetes-doenca","title":{"rendered":"Dia Mundial do Diabetes: conhe\u00e7a e cuide da doen\u00e7a"},"content":{"rendered":"\n<p>Hoje, no Dia Mundial da Diabetes, destacamos a educa\u00e7\u00e3o sobre a diabetes, essencial para ajudar a compreender, prevenir e gerir a diabetes, beneficiando milh\u00f5es de pessoas em todo o mundo.<\/p>\n\n\n\n<p>Segundo dados da <a href=\"https:\/\/worlddiabetesday.org\/es\/sobre\/entendiendo-la-diabetes\/\" target=\"_blank\" rel=\"noreferrer noopener\">Federa\u00e7\u00e3o Internacional de Diabetes<\/a>, \u201c1 em cada 10 adultos em todo o mundo vive com diabetes. Mais de 90% t\u00eam diabetes tipo 2. Cerca de metade deles n\u00e3o s\u00e3o diagnosticados. Em muitos casos, a diabetes tipo 2 e as suas complica\u00e7\u00f5es podem ser retardadas ou prevenidas atrav\u00e9s da ado\u00e7\u00e3o e manuten\u00e7\u00e3o de h\u00e1bitos saud\u00e1veis. Conhecer o seu risco e os passos a seguir \u00e9 importante para melhorar a preven\u00e7\u00e3o, o diagn\u00f3stico precoce e o tratamento oportuno.\u201d<\/p>\n\n\n\n<p><strong>Diagn\u00f3stico<\/strong><\/p>\n\n\n\n<p>A educa\u00e7\u00e3o sobre diabetes ajuda a identificar os sintomas iniciais do diabetes, que incluem sede constante, fadiga, perda de peso inexplic\u00e1vel e aumento da frequ\u00eancia urin\u00e1ria. A consci\u00eancia destes sinais pode levar ao diagn\u00f3stico precoce, o que \u00e9 crucial, pois a quanto antes detectamos a doen\u00e7a maior ser\u00e1 a possibilidade de minimizar o impacto desta sobre a sa\u00fade. Consultar um especialista deve ser a primeira medida a ser tomada para que o diagn\u00f3stico seja seguido de forma adequada.<\/p>\n\n\n\n<p><strong>H\u00e1bitos saudaveis<\/strong><\/p>\n\n\n\n<p>Outro aspecto importante que a educa\u00e7\u00e3o em diabetes abrange \u00e9 o tratamento correto da doen\u00e7a por permite que as pessoas com diabetes saibam como monitorar e controlar os n\u00edveis de a\u00e7\u00facar no sangue. Tamb\u00e9m destaca a import\u00e2ncia de manter uma alimenta\u00e7\u00e3o equilibrada, praticar exerc\u00edcios regularmente e tomar os medicamentos prescritos de forma adequada. Tudo isso pode ajudar a manter a doen\u00e7a sob controle e prevenir ou retardar poss\u00edveis complica\u00e7\u00f5es associadas.<\/p>\n\n\n\n<p><strong>Controle e acompanhamento<\/strong><\/p>\n\n\n\n<p>A educa\u00e7\u00e3o sobre diabetes tamb\u00e9m destaca a import\u00e2ncia da realiza\u00e7\u00e3o de exames regulares para verificar o bom funcionamento de \u00f3rg\u00e3os vitais que podem ser afetados pelo diabetes, como os rins e os olhos.<\/p>\n\n\n\n<p>Al\u00e9m disso, a educa\u00e7\u00e3o sobre diabetes pode fornecer apoio psicol\u00f3gico essencial. Gerenciar o diabetes pode ser dif\u00edcil e estressante, mas com o apoio certo, voc\u00ea pode aprender a conviver bem com o diabetes.<\/p>\n\n\n\n<p>A educa\u00e7\u00e3o sobre diabetes tamb\u00e9m n\u00e3o s\u00f3 ajuda as pessoas a viverem de forma mais saud\u00e1vel e segura, mas tamb\u00e9m previne mortes precoces.<\/p>\n\n\n\n<p>Fonte:&nbsp;<a href=\"https:\/\/worlddiabetesday.org\/es\/sobre\/entendiendo-la-diabetes\/\">Federaci\u00f3n Internacional de Diabetes<\/a><\/p>\n\n\n\n<p>Foto: Todos os direitos reservados<\/p>\n","protected":false},"excerpt":{"rendered":"<p>Hoje, no Dia Mundial da Diabetes, destacamos a educa\u00e7\u00e3o sobre a diabetes, essencial para ajudar a compreender, prevenir e gerir a diabetes, beneficiando milh\u00f5es de pessoas em todo o mundo. Segundo dados da Federa\u00e7\u00e3o Internacional de Diabetes, \u201c1 em cada 10 adultos em todo o mundo vive com diabetes. Mais de 90% t\u00eam diabetes tipo [&hellip;]<\/p>\n","protected":false},"author":10,"featured_media":28934,"comment_status":"closed","ping_status":"closed","sticky":false,"template":"","format":"standard","meta":{"jetpack_post_was_ever_published":false,"_jetpack_newsletter_access":"","_jetpack_newsletter_tier_id":0,"footnotes":"","jetpack_publicize_message":"","jetpack_is_tweetstorm":false,"jetpack_publicize_feature_enabled":true,"jetpack_social_post_already_shared":true,"jetpack_social_options":{"image_generator_settings":{"template":"highway","enabled":false}}},"categories":[3],"tags":[384,1242,2372,121,855,119,911,671,113],"jetpack_publicize_connections":[],"yoast_head":"<!-- This site is optimized with the Yoast SEO plugin v21.7 - https:\/\/yoast.com\/wordpress\/plugins\/seo\/ -->\n<title>Dia Mundial do Diabetes: conhe\u00e7a e cuide da doen\u00e7a<\/title>\n<meta name=\"description\" content=\"Hoje, no Dia Mundial da Diabetes, destacamos a educa\u00e7\u00e3o sobre a diabetes, essencial para ajudar a compreender, prevenir e gerir a diabetes, beneficiando milh\u00f5es de pessoas em todo o mundo.\" \/>\n<meta name=\"robots\" content=\"noindex, nofollow\" \/>\n<meta property=\"og:locale\" content=\"pt_BR\" \/>\n<meta property=\"og:type\" content=\"article\" \/>\n<meta property=\"og:title\" content=\"Dia Mundial do Diabetes: conhe\u00e7a e cuide da doen\u00e7a\" \/>\n<meta property=\"og:description\" content=\"Hoje, no Dia Mundial da Diabetes, destacamos a educa\u00e7\u00e3o sobre a diabetes, essencial para ajudar a compreender, prevenir e gerir a diabetes, beneficiando milh\u00f5es de pessoas em todo o mundo.\" \/>\n<meta property=\"og:url\" content=\"https:\/\/blogs.funiber.org\/pt\/saude-e-nutricao\/2023\/11\/14\/funiber-diabetes-doenca\" \/>\n<meta property=\"og:site_name\" content=\"FuniBlogs - FUNIBER\" \/>\n<meta property=\"article:publisher\" content=\"https:\/\/www.facebook.com\/funiber\" \/>\n<meta property=\"article:published_time\" content=\"2023-11-14T15:03:28+00:00\" \/>\n<meta property=\"article:modified_time\" content=\"2023-11-15T15:14:23+00:00\" \/>\n<meta property=\"og:image\" content=\"https:\/\/blogs.funiber.org\/pt\/wp-content\/uploads\/2023\/11\/diabetes-dia-mundial.jpg\" \/>\n\t<meta property=\"og:image:width\" content=\"900\" \/>\n\t<meta property=\"og:image:height\" content=\"675\" \/>\n\t<meta property=\"og:image:type\" content=\"image\/jpeg\" \/>\n<meta name=\"author\" content=\"Michelle\" \/>\n<meta name=\"twitter:card\" content=\"summary_large_image\" \/>\n<meta name=\"twitter:creator\" content=\"@FUNIBER\" \/>\n<meta name=\"twitter:site\" content=\"@FUNIBER\" \/>\n<meta name=\"twitter:label1\" content=\"Escrito por\" \/>\n\t<meta name=\"twitter:data1\" content=\"Michelle\" \/>\n\t<meta name=\"twitter:label2\" content=\"Est. tempo de leitura\" \/>\n\t<meta name=\"twitter:data2\" content=\"2 minutos\" \/>\n<script type=\"application\/ld+json\" class=\"yoast-schema-graph\">{\"@context\":\"https:\/\/schema.org\",\"@graph\":[{\"@type\":\"Article\",\"@id\":\"https:\/\/blogs.funiber.org\/pt\/saude-e-nutricao\/2023\/11\/14\/funiber-diabetes-doenca#article\",\"isPartOf\":{\"@id\":\"https:\/\/blogs.funiber.org\/pt\/saude-e-nutricao\/2023\/11\/14\/funiber-diabetes-doenca\"},\"author\":{\"name\":\"Michelle\",\"@id\":\"https:\/\/blogs.funiber.org\/pt\/#\/schema\/person\/a1eaaa5e57eac866a8c5946946bcf80d\"},\"headline\":\"Dia Mundial do Diabetes: conhe\u00e7a e cuide da doen\u00e7a\",\"datePublished\":\"2023-11-14T15:03:28+00:00\",\"dateModified\":\"2023-11-15T15:14:23+00:00\",\"mainEntityOfPage\":{\"@id\":\"https:\/\/blogs.funiber.org\/pt\/saude-e-nutricao\/2023\/11\/14\/funiber-diabetes-doenca\"},\"wordCount\":417,\"publisher\":{\"@id\":\"https:\/\/blogs.funiber.org\/pt\/#organization\"},\"keywords\":[\"Alimentos\",\"Bolsas\",\"Dia Mundial\",\"Diabetes\",\"Doutorado\",\"Estudos\",\"FUNIBER Opini\u00f5es\",\"mestrado\",\"Sa\u00fade\"],\"articleSection\":[\"Sa\u00fade e Nutri\u00e7\u00e3o\"],\"inLanguage\":\"pt-BR\"},{\"@type\":\"WebPage\",\"@id\":\"https:\/\/blogs.funiber.org\/pt\/saude-e-nutricao\/2023\/11\/14\/funiber-diabetes-doenca\",\"url\":\"https:\/\/blogs.funiber.org\/pt\/saude-e-nutricao\/2023\/11\/14\/funiber-diabetes-doenca\",\"name\":\"Dia Mundial do Diabetes: conhe\u00e7a e cuide da doen\u00e7a\",\"isPartOf\":{\"@id\":\"https:\/\/blogs.funiber.org\/pt\/#website\"},\"datePublished\":\"2023-11-14T15:03:28+00:00\",\"dateModified\":\"2023-11-15T15:14:23+00:00\",\"description\":\"Hoje, no Dia Mundial da Diabetes, destacamos a educa\u00e7\u00e3o sobre a diabetes, essencial para ajudar a compreender, prevenir e gerir a diabetes, beneficiando milh\u00f5es de pessoas em todo o mundo.\",\"breadcrumb\":{\"@id\":\"https:\/\/blogs.funiber.org\/pt\/saude-e-nutricao\/2023\/11\/14\/funiber-diabetes-doenca#breadcrumb\"},\"inLanguage\":\"pt-BR\",\"potentialAction\":[{\"@type\":\"ReadAction\",\"target\":[\"https:\/\/blogs.funiber.org\/pt\/saude-e-nutricao\/2023\/11\/14\/funiber-diabetes-doenca\"]}]},{\"@type\":\"BreadcrumbList\",\"@id\":\"https:\/\/blogs.funiber.org\/pt\/saude-e-nutricao\/2023\/11\/14\/funiber-diabetes-doenca#breadcrumb\",\"itemListElement\":[{\"@type\":\"ListItem\",\"position\":1,\"name\":\"In\u00edcio\",\"item\":\"https:\/\/blogs.funiber.org\/pt\"},{\"@type\":\"ListItem\",\"position\":2,\"name\":\"Dia Mundial do Diabetes: conhe\u00e7a e cuide da doen\u00e7a\"}]},{\"@type\":\"WebSite\",\"@id\":\"https:\/\/blogs.funiber.org\/pt\/#website\",\"url\":\"https:\/\/blogs.funiber.org\/pt\/\",\"name\":\"FuniBlogs - FUNIBER\",\"description\":\"\",\"publisher\":{\"@id\":\"https:\/\/blogs.funiber.org\/pt\/#organization\"},\"potentialAction\":[{\"@type\":\"SearchAction\",\"target\":{\"@type\":\"EntryPoint\",\"urlTemplate\":\"https:\/\/blogs.funiber.org\/pt\/?s={search_term_string}\"},\"query-input\":\"required name=search_term_string\"}],\"inLanguage\":\"pt-BR\"},{\"@type\":\"Organization\",\"@id\":\"https:\/\/blogs.funiber.org\/pt\/#organization\",\"name\":\"FuniBlogs - FUNIBER\",\"url\":\"https:\/\/blogs.funiber.org\/pt\/\",\"logo\":{\"@type\":\"ImageObject\",\"inLanguage\":\"pt-BR\",\"@id\":\"https:\/\/blogs.funiber.org\/pt\/#\/schema\/logo\/image\/\",\"url\":\"https:\/\/www.funiber.blog\/pt\/wp-content\/uploads\/2022\/02\/logo-funiber-pt-br-v-dos.svg\",\"contentUrl\":\"https:\/\/www.funiber.blog\/pt\/wp-content\/uploads\/2022\/02\/logo-funiber-pt-br-v-dos.svg\",\"width\":1,\"height\":1,\"caption\":\"FuniBlogs - FUNIBER\"},\"image\":{\"@id\":\"https:\/\/blogs.funiber.org\/pt\/#\/schema\/logo\/image\/\"},\"sameAs\":[\"https:\/\/www.facebook.com\/funiber\",\"https:\/\/twitter.com\/FUNIBER\",\"https:\/\/www.instagram.com\/funiber_becas\",\"https:\/\/www.youtube.com\/user\/funiber\",\"https:\/\/www.linkedin.com\/company\/funiber\"]},{\"@type\":\"Person\",\"@id\":\"https:\/\/blogs.funiber.org\/pt\/#\/schema\/person\/a1eaaa5e57eac866a8c5946946bcf80d\",\"name\":\"Michelle\",\"image\":{\"@type\":\"ImageObject\",\"inLanguage\":\"pt-BR\",\"@id\":\"https:\/\/blogs.funiber.org\/pt\/#\/schema\/person\/image\/\",\"url\":\"https:\/\/secure.gravatar.com\/avatar\/5e87041f7609dc50493cf216754fece1?s=96&d=mm&r=g\",\"contentUrl\":\"https:\/\/secure.gravatar.com\/avatar\/5e87041f7609dc50493cf216754fece1?s=96&d=mm&r=g\",\"caption\":\"Michelle\"},\"url\":\"https:\/\/www.funiber.blog\/pt\/author\/michelle-moreira\"}]}<\/script>\n<!-- \/ Yoast SEO plugin. -->","yoast_head_json":{"title":"Dia Mundial do Diabetes: conhe\u00e7a e cuide da doen\u00e7a","description":"Hoje, no Dia Mundial da Diabetes, destacamos a educa\u00e7\u00e3o sobre a diabetes, essencial para ajudar a compreender, prevenir e gerir a diabetes, beneficiando milh\u00f5es de pessoas em todo o mundo.","robots":{"index":"noindex","follow":"nofollow"},"og_locale":"pt_BR","og_type":"article","og_title":"Dia Mundial do Diabetes: conhe\u00e7a e cuide da doen\u00e7a","og_description":"Hoje, no Dia Mundial da Diabetes, destacamos a educa\u00e7\u00e3o sobre a diabetes, essencial para ajudar a compreender, prevenir e gerir a diabetes, beneficiando milh\u00f5es de pessoas em todo o mundo.","og_url":"https:\/\/blogs.funiber.org\/pt\/saude-e-nutricao\/2023\/11\/14\/funiber-diabetes-doenca","og_site_name":"FuniBlogs - FUNIBER","article_publisher":"https:\/\/www.facebook.com\/funiber","article_published_time":"2023-11-14T15:03:28+00:00","article_modified_time":"2023-11-15T15:14:23+00:00","og_image":[{"width":900,"height":675,"url":"https:\/\/blogs.funiber.org\/pt\/wp-content\/uploads\/2023\/11\/diabetes-dia-mundial.jpg","type":"image\/jpeg"}],"author":"Michelle","twitter_card":"summary_large_image","twitter_creator":"@FUNIBER","twitter_site":"@FUNIBER","twitter_misc":{"Escrito por":"Michelle","Est. tempo de leitura":"2 minutos"},"schema":{"@context":"https:\/\/schema.org","@graph":[{"@type":"Article","@id":"https:\/\/blogs.funiber.org\/pt\/saude-e-nutricao\/2023\/11\/14\/funiber-diabetes-doenca#article","isPartOf":{"@id":"https:\/\/blogs.funiber.org\/pt\/saude-e-nutricao\/2023\/11\/14\/funiber-diabetes-doenca"},"author":{"name":"Michelle","@id":"https:\/\/blogs.funiber.org\/pt\/#\/schema\/person\/a1eaaa5e57eac866a8c5946946bcf80d"},"headline":"Dia Mundial do Diabetes: conhe\u00e7a e cuide da doen\u00e7a","datePublished":"2023-11-14T15:03:28+00:00","dateModified":"2023-11-15T15:14:23+00:00","mainEntityOfPage":{"@id":"https:\/\/blogs.funiber.org\/pt\/saude-e-nutricao\/2023\/11\/14\/funiber-diabetes-doenca"},"wordCount":417,"publisher":{"@id":"https:\/\/blogs.funiber.org\/pt\/#organization"},"keywords":["Alimentos","Bolsas","Dia Mundial","Diabetes","Doutorado","Estudos","FUNIBER Opini\u00f5es","mestrado","Sa\u00fade"],"articleSection":["Sa\u00fade e Nutri\u00e7\u00e3o"],"inLanguage":"pt-BR"},{"@type":"WebPage","@id":"https:\/\/blogs.funiber.org\/pt\/saude-e-nutricao\/2023\/11\/14\/funiber-diabetes-doenca","url":"https:\/\/blogs.funiber.org\/pt\/saude-e-nutricao\/2023\/11\/14\/funiber-diabetes-doenca","name":"Dia Mundial do Diabetes: conhe\u00e7a e cuide da doen\u00e7a","isPartOf":{"@id":"https:\/\/blogs.funiber.org\/pt\/#website"},"datePublished":"2023-11-14T15:03:28+00:00","dateModified":"2023-11-15T15:14:23+00:00","description":"Hoje, no Dia Mundial da Diabetes, destacamos a educa\u00e7\u00e3o sobre a diabetes, essencial para ajudar a compreender, prevenir e gerir a diabetes, beneficiando milh\u00f5es de pessoas em todo o mundo.","breadcrumb":{"@id":"https:\/\/blogs.funiber.org\/pt\/saude-e-nutricao\/2023\/11\/14\/funiber-diabetes-doenca#breadcrumb"},"inLanguage":"pt-BR","potentialAction":[{"@type":"ReadAction","target":["https:\/\/blogs.funiber.org\/pt\/saude-e-nutricao\/2023\/11\/14\/funiber-diabetes-doenca"]}]},{"@type":"BreadcrumbList","@id":"https:\/\/blogs.funiber.org\/pt\/saude-e-nutricao\/2023\/11\/14\/funiber-diabetes-doenca#breadcrumb","itemListElement":[{"@type":"ListItem","position":1,"name":"In\u00edcio","item":"https:\/\/blogs.funiber.org\/pt"},{"@type":"ListItem","position":2,"name":"Dia Mundial do Diabetes: conhe\u00e7a e cuide da doen\u00e7a"}]},{"@type":"WebSite","@id":"https:\/\/blogs.funiber.org\/pt\/#website","url":"https:\/\/blogs.funiber.org\/pt\/","name":"FuniBlogs - FUNIBER","description":"","publisher":{"@id":"https:\/\/blogs.funiber.org\/pt\/#organization"},"potentialAction":[{"@type":"SearchAction","target":{"@type":"EntryPoint","urlTemplate":"https:\/\/blogs.funiber.org\/pt\/?s={search_term_string}"},"query-input":"required name=search_term_string"}],"inLanguage":"pt-BR"},{"@type":"Organization","@id":"https:\/\/blogs.funiber.org\/pt\/#organization","name":"FuniBlogs - FUNIBER","url":"https:\/\/blogs.funiber.org\/pt\/","logo":{"@type":"ImageObject","inLanguage":"pt-BR","@id":"https:\/\/blogs.funiber.org\/pt\/#\/schema\/logo\/image\/","url":"https:\/\/www.funiber.blog\/pt\/wp-content\/uploads\/2022\/02\/logo-funiber-pt-br-v-dos.svg","contentUrl":"https:\/\/www.funiber.blog\/pt\/wp-content\/uploads\/2022\/02\/logo-funiber-pt-br-v-dos.svg","width":1,"height":1,"caption":"FuniBlogs - FUNIBER"},"image":{"@id":"https:\/\/blogs.funiber.org\/pt\/#\/schema\/logo\/image\/"},"sameAs":["https:\/\/www.facebook.com\/funiber","https:\/\/twitter.com\/FUNIBER","https:\/\/www.instagram.com\/funiber_becas","https:\/\/www.youtube.com\/user\/funiber","https:\/\/www.linkedin.com\/company\/funiber"]},{"@type":"Person","@id":"https:\/\/blogs.funiber.org\/pt\/#\/schema\/person\/a1eaaa5e57eac866a8c5946946bcf80d","name":"Michelle","image":{"@type":"ImageObject","inLanguage":"pt-BR","@id":"https:\/\/blogs.funiber.org\/pt\/#\/schema\/person\/image\/","url":"https:\/\/secure.gravatar.com\/avatar\/5e87041f7609dc50493cf216754fece1?s=96&d=mm&r=g","contentUrl":"https:\/\/secure.gravatar.com\/avatar\/5e87041f7609dc50493cf216754fece1?s=96&d=mm&r=g","caption":"Michelle"},"url":"https:\/\/www.funiber.blog\/pt\/author\/michelle-moreira"}]}},"jetpack_featured_media_url":"https:\/\/www.funiber.blog\/pt\/wp-content\/uploads\/2023\/11\/diabetes-dia-mundial.jpg","jetpack_shortlink":"https:\/\/wp.me\/p7ee1t-7wF","jetpack_sharing_enabled":true,"_links":{"self":[{"href":"https:\/\/www.funiber.blog\/pt\/wp-json\/wp\/v2\/posts\/28933"}],"collection":[{"href":"https:\/\/www.funiber.blog\/pt\/wp-json\/wp\/v2\/posts"}],"about":[{"href":"https:\/\/www.funiber.blog\/pt\/wp-json\/wp\/v2\/types\/post"}],"author":[{"embeddable":true,"href":"https:\/\/www.funiber.blog\/pt\/wp-json\/wp\/v2\/users\/10"}],"replies":[{"embeddable":true,"href":"https:\/\/www.funiber.blog\/pt\/wp-json\/wp\/v2\/comments?post=28933"}],"version-history":[{"count":1,"href":"https:\/\/www.funiber.blog\/pt\/wp-json\/wp\/v2\/posts\/28933\/revisions"}],"predecessor-version":[{"id":28935,"href":"https:\/\/www.funiber.blog\/pt\/wp-json\/wp\/v2\/posts\/28933\/revisions\/28935"}],"wp:featuredmedia":[{"embeddable":true,"href":"https:\/\/www.funiber.blog\/pt\/wp-json\/wp\/v2\/media\/28934"}],"wp:attachment":[{"href":"https:\/\/www.funiber.blog\/pt\/wp-json\/wp\/v2\/media?parent=28933"}],"wp:term":[{"taxonomy":"category","embeddable":true,"href":"https:\/\/www.funiber.blog\/pt\/wp-json\/wp\/v2\/categories?post=28933"},{"taxonomy":"post_tag","embeddable":true,"href":"https:\/\/www.funiber.blog\/pt\/wp-json\/wp\/v2\/tags?post=28933"}],"curies":[{"name":"wp","href":"https:\/\/api.w.org\/{rel}","templated":true}]}}