{"id":2900,"date":"2013-11-21T12:46:50","date_gmt":"2013-11-21T12:46:50","guid":{"rendered":"http:\/\/blogs.funiber.org\/pt\/?p=2900"},"modified":"2013-11-21T12:46:50","modified_gmt":"2013-11-21T12:46:50","slug":"biocultura-uma-tendencia-de-negocios-que-cresce-apesar-da-crise","status":"publish","type":"post","link":"https:\/\/www.funiber.blog\/pt\/empresas-e-rh\/2013\/11\/21\/biocultura-uma-tendencia-de-negocios-que-cresce-apesar-da-crise","title":{"rendered":"Biocultura: uma tend\u00eancia de neg\u00f3cios que cresce apesar da crise"},"content":{"rendered":"<p>No final do m\u00eas de fevereiro deste ano foi realizada, em Val\u00eancia, a feira de produtos ecol\u00f3gicos \u201cM\u00e3e Terra\u201d, um encontro que reuniu mais de 200 expositores, com itens t\u00e3o distintos como sementes, carnes, queijos, terapias, artesanato, tecidos, produtos de padaria e, inclusive, ofertas culturais e educativas voltadas \u00e0s crian\u00e7as. Todos estes produtos s\u00e3o de origem ecol\u00f3gica e abrangem muito mais do que apenas a alimenta\u00e7\u00e3o, envolvendo todos os aspectos do estilo de vida do consumidor e configurando uma nova tend\u00eancia no mercado: a Biocultura.<!--more--><\/p>\n<p>O movimento de produtos org\u00e2nicos e ecol\u00f3gicos marcou uma tend\u00eancia na qual as pessoas buscavam cuidar de sua sa\u00fade e, ao mesmo tempo, proteger o ambiente. Com o tempo, esta cultura espalhou-se para produtos que pouco ou nada t\u00eam a ver com a alimenta\u00e7\u00e3o, incorporando desde tecidos at\u00e9 terapias alternativas, nas quais se busca utilizar somente produtos naturais para curar doen\u00e7as.<\/p>\n<p>Desde ent\u00e3o, o item mais importante deste novo mercado \u00e9 o da alimenta\u00e7\u00e3o, que n\u00e3o se restringe apenas \u00e0 produ\u00e7\u00e3o de frutas e verduras. Dezenas de empres\u00e1rios t\u00eam apostado na produ\u00e7\u00e3o de bebidas, queijos, carnes e outros produtos que atendam \u00e0s demandas do mercado ecol\u00f3gico.<\/p>\n<p>Nesta feira foram oferecidos aos visitantes produtos derivados do coco como leite, manteiga ou azeite, elaborados pela empresa alem\u00e3 Dr. Groeg. Por sua vez, a empresa Andorrana ofereceu caramelos, sab\u00e3o e um vinagre \u00e0 base de abacaxi.<\/p>\n<p>Tamb\u00e9m puderam ser observadas propostas inovadoras, como a oferta da associa\u00e7\u00e3o <i>Reforesta<\/i> que promove a gest\u00e3o de hortas compartilhadas e conecta as pessoas que querem cultivar suas hortas com aquelas que possuem terras e desejam ced\u00ea-las temporariamente em troca de uma parte da colheita.<\/p>\n<p>A empresa M\u00e3e Terra tamb\u00e9m esteve presente com uma oferta de 125 sementes ecol\u00f3gicas, permitindo que as pessoas se envolvam no processo de produ\u00e7\u00e3o de alimentos.<\/p>\n<p>A oferta cresce a cada dia, e a preocupa\u00e7\u00e3o dos cidad\u00e3os pelo cuidado com a sa\u00fade e com o ambiente permite que as empresas deste setor continuem comercializando seus produtos apesar da crise.<\/p>\n<p>Fotos:<a id=\"yui_3_11_0_3_1385037860516_903\" href=\"http:\/\/www.flickr.com\/photos\/yukino\/\" data-track=\"photoAttributionNameClick\" data-rapid_p=\"3\">Yukino Miyazawa<\/a>\/Flickr<\/p>\n<p>Fonte:<br \/>\nhttp:\/\/actualidad.orange.es\/cultura\/biocultura-una-alternativa-alimentacion-y-una-oportunidad-negocio.html<\/p>\n","protected":false},"excerpt":{"rendered":"<p>No final do m\u00eas de fevereiro deste ano foi realizada, em Val\u00eancia, a feira de produtos ecol\u00f3gicos \u201cM\u00e3e Terra\u201d, um encontro que reuniu mais de 200 expositores, com itens t\u00e3o distintos como sementes, carnes, queijos, terapias, artesanato, tecidos, produtos de padaria e, inclusive, ofertas culturais e educativas voltadas \u00e0s crian\u00e7as. Todos estes produtos s\u00e3o de [&hellip;]<\/p>\n","protected":false},"author":10,"featured_media":2901,"comment_status":"closed","ping_status":"closed","sticky":false,"template":"","format":"standard","meta":{"jetpack_post_was_ever_published":false,"_jetpack_newsletter_access":"","_jetpack_newsletter_tier_id":0,"footnotes":"","jetpack_publicize_message":"","jetpack_is_tweetstorm":false,"jetpack_publicize_feature_enabled":true,"jetpack_social_post_already_shared":false,"jetpack_social_options":{"image_generator_settings":{"template":"highway","enabled":false}}},"categories":[8],"tags":[111],"jetpack_publicize_connections":[],"yoast_head":"<!-- This site is optimized with the Yoast SEO plugin v21.7 - https:\/\/yoast.com\/wordpress\/plugins\/seo\/ -->\n<title>Biocultura: uma tend\u00eancia de neg\u00f3cios que cresce apesar da crise - FuniBlogs - FUNIBER<\/title>\n<meta name=\"robots\" content=\"noindex, nofollow\" \/>\n<meta property=\"og:locale\" content=\"pt_BR\" \/>\n<meta property=\"og:type\" content=\"article\" \/>\n<meta property=\"og:title\" content=\"Biocultura: uma tend\u00eancia de neg\u00f3cios que cresce apesar da crise - FuniBlogs - FUNIBER\" \/>\n<meta property=\"og:description\" content=\"No final do m\u00eas de fevereiro deste ano foi realizada, em Val\u00eancia, a feira de produtos ecol\u00f3gicos \u201cM\u00e3e Terra\u201d, um encontro que reuniu mais de 200 expositores, com itens t\u00e3o distintos como sementes, carnes, queijos, terapias, artesanato, tecidos, produtos de padaria e, inclusive, ofertas culturais e educativas voltadas \u00e0s crian\u00e7as. Todos estes produtos s\u00e3o de [&hellip;]\" \/>\n<meta property=\"og:url\" content=\"https:\/\/blogs.funiber.org\/pt\/empresas-e-rh\/2013\/11\/21\/biocultura-uma-tendencia-de-negocios-que-cresce-apesar-da-crise\" \/>\n<meta property=\"og:site_name\" content=\"FuniBlogs - FUNIBER\" \/>\n<meta property=\"article:publisher\" content=\"https:\/\/www.facebook.com\/funiber\" \/>\n<meta property=\"article:published_time\" content=\"2013-11-21T12:46:50+00:00\" \/>\n<meta property=\"og:image\" content=\"https:\/\/blogs.funiber.org\/pt\/wp-content\/uploads\/2013\/11\/EMP_Bio_Cultura.jpg\" \/>\n\t<meta property=\"og:image:width\" content=\"640\" \/>\n\t<meta property=\"og:image:height\" content=\"360\" \/>\n\t<meta property=\"og:image:type\" content=\"image\/jpeg\" \/>\n<meta name=\"author\" content=\"Michelle\" \/>\n<meta name=\"twitter:card\" content=\"summary_large_image\" \/>\n<meta name=\"twitter:creator\" content=\"@FUNIBER\" \/>\n<meta name=\"twitter:site\" content=\"@FUNIBER\" \/>\n<meta name=\"twitter:label1\" content=\"Escrito por\" \/>\n\t<meta name=\"twitter:data1\" content=\"Michelle\" \/>\n\t<meta name=\"twitter:label2\" content=\"Est. tempo de leitura\" \/>\n\t<meta name=\"twitter:data2\" content=\"2 minutos\" \/>\n<script type=\"application\/ld+json\" class=\"yoast-schema-graph\">{\"@context\":\"https:\/\/schema.org\",\"@graph\":[{\"@type\":\"Article\",\"@id\":\"https:\/\/blogs.funiber.org\/pt\/empresas-e-rh\/2013\/11\/21\/biocultura-uma-tendencia-de-negocios-que-cresce-apesar-da-crise#article\",\"isPartOf\":{\"@id\":\"https:\/\/blogs.funiber.org\/pt\/empresas-e-rh\/2013\/11\/21\/biocultura-uma-tendencia-de-negocios-que-cresce-apesar-da-crise\"},\"author\":{\"name\":\"Michelle\",\"@id\":\"https:\/\/blogs.funiber.org\/pt\/#\/schema\/person\/a1eaaa5e57eac866a8c5946946bcf80d\"},\"headline\":\"Biocultura: uma tend\u00eancia de neg\u00f3cios que cresce apesar da crise\",\"datePublished\":\"2013-11-21T12:46:50+00:00\",\"dateModified\":\"2013-11-21T12:46:50+00:00\",\"mainEntityOfPage\":{\"@id\":\"https:\/\/blogs.funiber.org\/pt\/empresas-e-rh\/2013\/11\/21\/biocultura-uma-tendencia-de-negocios-que-cresce-apesar-da-crise\"},\"wordCount\":387,\"publisher\":{\"@id\":\"https:\/\/blogs.funiber.org\/pt\/#organization\"},\"keywords\":[\"Tend\u00eancias\"],\"articleSection\":[\"Empresas, Dire\u00e7\u00e3o e RH\"],\"inLanguage\":\"pt-BR\"},{\"@type\":\"WebPage\",\"@id\":\"https:\/\/blogs.funiber.org\/pt\/empresas-e-rh\/2013\/11\/21\/biocultura-uma-tendencia-de-negocios-que-cresce-apesar-da-crise\",\"url\":\"https:\/\/blogs.funiber.org\/pt\/empresas-e-rh\/2013\/11\/21\/biocultura-uma-tendencia-de-negocios-que-cresce-apesar-da-crise\",\"name\":\"Biocultura: uma tend\u00eancia de neg\u00f3cios que cresce apesar da crise - FuniBlogs - FUNIBER\",\"isPartOf\":{\"@id\":\"https:\/\/blogs.funiber.org\/pt\/#website\"},\"datePublished\":\"2013-11-21T12:46:50+00:00\",\"dateModified\":\"2013-11-21T12:46:50+00:00\",\"breadcrumb\":{\"@id\":\"https:\/\/blogs.funiber.org\/pt\/empresas-e-rh\/2013\/11\/21\/biocultura-uma-tendencia-de-negocios-que-cresce-apesar-da-crise#breadcrumb\"},\"inLanguage\":\"pt-BR\",\"potentialAction\":[{\"@type\":\"ReadAction\",\"target\":[\"https:\/\/blogs.funiber.org\/pt\/empresas-e-rh\/2013\/11\/21\/biocultura-uma-tendencia-de-negocios-que-cresce-apesar-da-crise\"]}]},{\"@type\":\"BreadcrumbList\",\"@id\":\"https:\/\/blogs.funiber.org\/pt\/empresas-e-rh\/2013\/11\/21\/biocultura-uma-tendencia-de-negocios-que-cresce-apesar-da-crise#breadcrumb\",\"itemListElement\":[{\"@type\":\"ListItem\",\"position\":1,\"name\":\"In\u00edcio\",\"item\":\"https:\/\/blogs.funiber.org\/pt\"},{\"@type\":\"ListItem\",\"position\":2,\"name\":\"Biocultura: uma tend\u00eancia de neg\u00f3cios que cresce apesar da crise\"}]},{\"@type\":\"WebSite\",\"@id\":\"https:\/\/blogs.funiber.org\/pt\/#website\",\"url\":\"https:\/\/blogs.funiber.org\/pt\/\",\"name\":\"FuniBlogs - FUNIBER\",\"description\":\"\",\"publisher\":{\"@id\":\"https:\/\/blogs.funiber.org\/pt\/#organization\"},\"potentialAction\":[{\"@type\":\"SearchAction\",\"target\":{\"@type\":\"EntryPoint\",\"urlTemplate\":\"https:\/\/blogs.funiber.org\/pt\/?s={search_term_string}\"},\"query-input\":\"required name=search_term_string\"}],\"inLanguage\":\"pt-BR\"},{\"@type\":\"Organization\",\"@id\":\"https:\/\/blogs.funiber.org\/pt\/#organization\",\"name\":\"FuniBlogs - FUNIBER\",\"url\":\"https:\/\/blogs.funiber.org\/pt\/\",\"logo\":{\"@type\":\"ImageObject\",\"inLanguage\":\"pt-BR\",\"@id\":\"https:\/\/blogs.funiber.org\/pt\/#\/schema\/logo\/image\/\",\"url\":\"https:\/\/www.funiber.blog\/pt\/wp-content\/uploads\/2022\/02\/logo-funiber-pt-br-v-dos.svg\",\"contentUrl\":\"https:\/\/www.funiber.blog\/pt\/wp-content\/uploads\/2022\/02\/logo-funiber-pt-br-v-dos.svg\",\"width\":1,\"height\":1,\"caption\":\"FuniBlogs - FUNIBER\"},\"image\":{\"@id\":\"https:\/\/blogs.funiber.org\/pt\/#\/schema\/logo\/image\/\"},\"sameAs\":[\"https:\/\/www.facebook.com\/funiber\",\"https:\/\/twitter.com\/FUNIBER\",\"https:\/\/www.instagram.com\/funiber_becas\",\"https:\/\/www.youtube.com\/user\/funiber\",\"https:\/\/www.linkedin.com\/company\/funiber\"]},{\"@type\":\"Person\",\"@id\":\"https:\/\/blogs.funiber.org\/pt\/#\/schema\/person\/a1eaaa5e57eac866a8c5946946bcf80d\",\"name\":\"Michelle\",\"image\":{\"@type\":\"ImageObject\",\"inLanguage\":\"pt-BR\",\"@id\":\"https:\/\/blogs.funiber.org\/pt\/#\/schema\/person\/image\/\",\"url\":\"https:\/\/secure.gravatar.com\/avatar\/5e87041f7609dc50493cf216754fece1?s=96&d=mm&r=g\",\"contentUrl\":\"https:\/\/secure.gravatar.com\/avatar\/5e87041f7609dc50493cf216754fece1?s=96&d=mm&r=g\",\"caption\":\"Michelle\"},\"url\":\"https:\/\/www.funiber.blog\/pt\/author\/michelle-moreira\"}]}<\/script>\n<!-- \/ Yoast SEO plugin. -->","yoast_head_json":{"title":"Biocultura: uma tend\u00eancia de neg\u00f3cios que cresce apesar da crise - FuniBlogs - FUNIBER","robots":{"index":"noindex","follow":"nofollow"},"og_locale":"pt_BR","og_type":"article","og_title":"Biocultura: uma tend\u00eancia de neg\u00f3cios que cresce apesar da crise - FuniBlogs - FUNIBER","og_description":"No final do m\u00eas de fevereiro deste ano foi realizada, em Val\u00eancia, a feira de produtos ecol\u00f3gicos \u201cM\u00e3e Terra\u201d, um encontro que reuniu mais de 200 expositores, com itens t\u00e3o distintos como sementes, carnes, queijos, terapias, artesanato, tecidos, produtos de padaria e, inclusive, ofertas culturais e educativas voltadas \u00e0s crian\u00e7as. Todos estes produtos s\u00e3o de [&hellip;]","og_url":"https:\/\/blogs.funiber.org\/pt\/empresas-e-rh\/2013\/11\/21\/biocultura-uma-tendencia-de-negocios-que-cresce-apesar-da-crise","og_site_name":"FuniBlogs - FUNIBER","article_publisher":"https:\/\/www.facebook.com\/funiber","article_published_time":"2013-11-21T12:46:50+00:00","og_image":[{"width":640,"height":360,"url":"https:\/\/blogs.funiber.org\/pt\/wp-content\/uploads\/2013\/11\/EMP_Bio_Cultura.jpg","type":"image\/jpeg"}],"author":"Michelle","twitter_card":"summary_large_image","twitter_creator":"@FUNIBER","twitter_site":"@FUNIBER","twitter_misc":{"Escrito por":"Michelle","Est. tempo de leitura":"2 minutos"},"schema":{"@context":"https:\/\/schema.org","@graph":[{"@type":"Article","@id":"https:\/\/blogs.funiber.org\/pt\/empresas-e-rh\/2013\/11\/21\/biocultura-uma-tendencia-de-negocios-que-cresce-apesar-da-crise#article","isPartOf":{"@id":"https:\/\/blogs.funiber.org\/pt\/empresas-e-rh\/2013\/11\/21\/biocultura-uma-tendencia-de-negocios-que-cresce-apesar-da-crise"},"author":{"name":"Michelle","@id":"https:\/\/blogs.funiber.org\/pt\/#\/schema\/person\/a1eaaa5e57eac866a8c5946946bcf80d"},"headline":"Biocultura: uma tend\u00eancia de neg\u00f3cios que cresce apesar da crise","datePublished":"2013-11-21T12:46:50+00:00","dateModified":"2013-11-21T12:46:50+00:00","mainEntityOfPage":{"@id":"https:\/\/blogs.funiber.org\/pt\/empresas-e-rh\/2013\/11\/21\/biocultura-uma-tendencia-de-negocios-que-cresce-apesar-da-crise"},"wordCount":387,"publisher":{"@id":"https:\/\/blogs.funiber.org\/pt\/#organization"},"keywords":["Tend\u00eancias"],"articleSection":["Empresas, Dire\u00e7\u00e3o e RH"],"inLanguage":"pt-BR"},{"@type":"WebPage","@id":"https:\/\/blogs.funiber.org\/pt\/empresas-e-rh\/2013\/11\/21\/biocultura-uma-tendencia-de-negocios-que-cresce-apesar-da-crise","url":"https:\/\/blogs.funiber.org\/pt\/empresas-e-rh\/2013\/11\/21\/biocultura-uma-tendencia-de-negocios-que-cresce-apesar-da-crise","name":"Biocultura: uma tend\u00eancia de neg\u00f3cios que cresce apesar da crise - FuniBlogs - FUNIBER","isPartOf":{"@id":"https:\/\/blogs.funiber.org\/pt\/#website"},"datePublished":"2013-11-21T12:46:50+00:00","dateModified":"2013-11-21T12:46:50+00:00","breadcrumb":{"@id":"https:\/\/blogs.funiber.org\/pt\/empresas-e-rh\/2013\/11\/21\/biocultura-uma-tendencia-de-negocios-que-cresce-apesar-da-crise#breadcrumb"},"inLanguage":"pt-BR","potentialAction":[{"@type":"ReadAction","target":["https:\/\/blogs.funiber.org\/pt\/empresas-e-rh\/2013\/11\/21\/biocultura-uma-tendencia-de-negocios-que-cresce-apesar-da-crise"]}]},{"@type":"BreadcrumbList","@id":"https:\/\/blogs.funiber.org\/pt\/empresas-e-rh\/2013\/11\/21\/biocultura-uma-tendencia-de-negocios-que-cresce-apesar-da-crise#breadcrumb","itemListElement":[{"@type":"ListItem","position":1,"name":"In\u00edcio","item":"https:\/\/blogs.funiber.org\/pt"},{"@type":"ListItem","position":2,"name":"Biocultura: uma tend\u00eancia de neg\u00f3cios que cresce apesar da crise"}]},{"@type":"WebSite","@id":"https:\/\/blogs.funiber.org\/pt\/#website","url":"https:\/\/blogs.funiber.org\/pt\/","name":"FuniBlogs - FUNIBER","description":"","publisher":{"@id":"https:\/\/blogs.funiber.org\/pt\/#organization"},"potentialAction":[{"@type":"SearchAction","target":{"@type":"EntryPoint","urlTemplate":"https:\/\/blogs.funiber.org\/pt\/?s={search_term_string}"},"query-input":"required name=search_term_string"}],"inLanguage":"pt-BR"},{"@type":"Organization","@id":"https:\/\/blogs.funiber.org\/pt\/#organization","name":"FuniBlogs - FUNIBER","url":"https:\/\/blogs.funiber.org\/pt\/","logo":{"@type":"ImageObject","inLanguage":"pt-BR","@id":"https:\/\/blogs.funiber.org\/pt\/#\/schema\/logo\/image\/","url":"https:\/\/www.funiber.blog\/pt\/wp-content\/uploads\/2022\/02\/logo-funiber-pt-br-v-dos.svg","contentUrl":"https:\/\/www.funiber.blog\/pt\/wp-content\/uploads\/2022\/02\/logo-funiber-pt-br-v-dos.svg","width":1,"height":1,"caption":"FuniBlogs - FUNIBER"},"image":{"@id":"https:\/\/blogs.funiber.org\/pt\/#\/schema\/logo\/image\/"},"sameAs":["https:\/\/www.facebook.com\/funiber","https:\/\/twitter.com\/FUNIBER","https:\/\/www.instagram.com\/funiber_becas","https:\/\/www.youtube.com\/user\/funiber","https:\/\/www.linkedin.com\/company\/funiber"]},{"@type":"Person","@id":"https:\/\/blogs.funiber.org\/pt\/#\/schema\/person\/a1eaaa5e57eac866a8c5946946bcf80d","name":"Michelle","image":{"@type":"ImageObject","inLanguage":"pt-BR","@id":"https:\/\/blogs.funiber.org\/pt\/#\/schema\/person\/image\/","url":"https:\/\/secure.gravatar.com\/avatar\/5e87041f7609dc50493cf216754fece1?s=96&d=mm&r=g","contentUrl":"https:\/\/secure.gravatar.com\/avatar\/5e87041f7609dc50493cf216754fece1?s=96&d=mm&r=g","caption":"Michelle"},"url":"https:\/\/www.funiber.blog\/pt\/author\/michelle-moreira"}]}},"jetpack_featured_media_url":"https:\/\/www.funiber.blog\/pt\/wp-content\/uploads\/2013\/11\/EMP_Bio_Cultura.jpg","jetpack_shortlink":"https:\/\/wp.me\/p7ee1t-KM","jetpack_sharing_enabled":true,"_links":{"self":[{"href":"https:\/\/www.funiber.blog\/pt\/wp-json\/wp\/v2\/posts\/2900"}],"collection":[{"href":"https:\/\/www.funiber.blog\/pt\/wp-json\/wp\/v2\/posts"}],"about":[{"href":"https:\/\/www.funiber.blog\/pt\/wp-json\/wp\/v2\/types\/post"}],"author":[{"embeddable":true,"href":"https:\/\/www.funiber.blog\/pt\/wp-json\/wp\/v2\/users\/10"}],"replies":[{"embeddable":true,"href":"https:\/\/www.funiber.blog\/pt\/wp-json\/wp\/v2\/comments?post=2900"}],"version-history":[{"count":3,"href":"https:\/\/www.funiber.blog\/pt\/wp-json\/wp\/v2\/posts\/2900\/revisions"}],"predecessor-version":[{"id":2904,"href":"https:\/\/www.funiber.blog\/pt\/wp-json\/wp\/v2\/posts\/2900\/revisions\/2904"}],"wp:featuredmedia":[{"embeddable":true,"href":"https:\/\/www.funiber.blog\/pt\/wp-json\/wp\/v2\/media\/2901"}],"wp:attachment":[{"href":"https:\/\/www.funiber.blog\/pt\/wp-json\/wp\/v2\/media?parent=2900"}],"wp:term":[{"taxonomy":"category","embeddable":true,"href":"https:\/\/www.funiber.blog\/pt\/wp-json\/wp\/v2\/categories?post=2900"},{"taxonomy":"post_tag","embeddable":true,"href":"https:\/\/www.funiber.blog\/pt\/wp-json\/wp\/v2\/tags?post=2900"}],"curies":[{"name":"wp","href":"https:\/\/api.w.org\/{rel}","templated":true}]}}