{"id":29162,"date":"2023-11-23T12:57:05","date_gmt":"2023-11-23T17:57:05","guid":{"rendered":"https:\/\/blogs.funiber.org\/pt\/?p=29162"},"modified":"2023-12-20T13:05:22","modified_gmt":"2023-12-20T18:05:22","slug":"reflexoes-sobre-paulo-freire-impacto-educacao","status":"publish","type":"post","link":"https:\/\/www.funiber.blog\/pt\/formacao-professores\/2023\/11\/23\/reflexoes-sobre-paulo-freire-impacto-educacao","title":{"rendered":"Reflex\u00f5es sobre Paulo Freire e seu impacto na educa\u00e7\u00e3o"},"content":{"rendered":"\n<h2 class=\"wp-block-heading\"><strong>Pense na \u00faltima vez em que aprendeu algo. Foi um processo que atendeu a seus interesses e necessidades ou foi simplesmente uma informa\u00e7\u00e3o imposta que voc\u00ea teve de memorizar? Se estiver inclinado para a primeira op\u00e7\u00e3o, voc\u00ea est\u00e1 experimentando uma metodologia educacional que Paulo Freire ajudou a criar.<\/strong>&nbsp;<\/h2>\n\n\n\n<p>Este artigo o levar\u00e1 a descobrir o influente educador brasileiro Paulo Freire e como suas teorias revolucionaram a abordagem da <a href=\"https:\/\/blogs.funiber.org\/formacion-profesorado\" target=\"_blank\" rel=\"noreferrer noopener\">educa\u00e7\u00e3o<\/a>.<\/p>\n\n\n\n<h2 class=\"wp-block-heading\"><strong>Qual \u00e9 a teoria de Paulo Freire?<\/strong><\/h2>\n\n\n\n<p>Segundo Freire, a educa\u00e7\u00e3o deve ser um processo em que tanto o educador quanto o aluno tenham o mesmo direito e responsabilidade de contribuir para o ensino do conte\u00fado curricular. Essa teoria centrada no di\u00e1logo sustenta que cada indiv\u00edduo deve ter a liberdade de decidir o que, quando e como aprender, com base em sua realidade, experi\u00eancias, necessidades e interesses espec\u00edficos.<\/p>\n\n\n\n<h2 class=\"wp-block-heading\"><strong>Qual \u00e9 a contribui\u00e7\u00e3o de Paulo Freire para a educa\u00e7\u00e3o?<\/strong><\/h2>\n\n\n\n<p>Freire introduz a ideia de &#8220;conscientiza\u00e7\u00e3o&#8221;, um processo pelo qual a curiosidade e a cr\u00edtica s\u00e3o desenvolvidas nos alunos, permitindo que eles assumam suas pr\u00f3prias convic\u00e7\u00f5es sem ter que esperar que outros interpretem os fatos a partir de uma posi\u00e7\u00e3o passiva. Sua proposta nos desafia a ver a educa\u00e7\u00e3o como um ato human\u00edstico e cient\u00edfico, o que nos for\u00e7a a questionar as pr\u00e1ticas pedag\u00f3gicas convencionais.<\/p>\n\n\n\n<h2 class=\"wp-block-heading\"><strong>Como as crian\u00e7as aprendem segundo Paulo Freire?<\/strong><\/h2>\n\n\n\n<p>Na perspectiva de Freire, as crian\u00e7as aprendem por meio da intera\u00e7\u00e3o com seu ambiente, analisando e interpretando ativamente sua realidade. Seguindo seu m\u00e9todo, as crian\u00e7as s\u00e3o capazes de fazer conex\u00f5es entre os problemas e seu contexto, o que lhes permite descobrir a verdadeira natureza de sua realidade por si mesmas.<\/p>\n\n\n<div class=\"wp-block-image\">\n<figure class=\"aligncenter size-full\"><img loading=\"lazy\" decoding=\"async\" width=\"600\" height=\"400\" data-attachment-id=\"29163\" data-permalink=\"https:\/\/www.funiber.blog\/pt\/formacao-professores\/2023\/11\/23\/reflexoes-sobre-paulo-freire-impacto-educacao\/attachment\/interior-of-classroom-in-elementary-school\" data-orig-file=\"https:\/\/www.funiber.blog\/pt\/wp-content\/uploads\/2023\/12\/educacion-uno.jpg\" data-orig-size=\"600,400\" data-comments-opened=\"0\" data-image-meta=\"{&quot;aperture&quot;:&quot;5&quot;,&quot;credit&quot;:&quot;Getty Images&quot;,&quot;camera&quot;:&quot;ILCE-7RM3&quot;,&quot;caption&quot;:&quot;Interior of classroom in elementary school. Row of empty desks are in illuminated room.&quot;,&quot;created_timestamp&quot;:&quot;1557503784&quot;,&quot;copyright&quot;:&quot;Duncan Longden&quot;,&quot;focal_length&quot;:&quot;16&quot;,&quot;iso&quot;:&quot;400&quot;,&quot;shutter_speed&quot;:&quot;0.033333333333333&quot;,&quot;title&quot;:&quot;Interior of classroom in elementary school&quot;,&quot;orientation&quot;:&quot;1&quot;}\" data-image-title=\"interior-of-classroom-in-elementary-school\" data-image-description=\"&lt;p&gt;interior-of-classroom-in-elementary-school&lt;\/p&gt;\n\" data-image-caption=\"&lt;p&gt;interior-of-classroom-in-elementary-school&lt;\/p&gt;\n\" data-medium-file=\"https:\/\/www.funiber.blog\/pt\/wp-content\/uploads\/2023\/12\/educacion-uno-400x267.jpg\" data-large-file=\"https:\/\/www.funiber.blog\/pt\/wp-content\/uploads\/2023\/12\/educacion-uno-400x267.jpg\" src=\"https:\/\/www.funiber.blog\/pt\/wp-content\/uploads\/2023\/12\/educacion-uno.jpg\" alt=\"interior-of-classroom-in-elementary-school\" class=\"wp-image-29163\" srcset=\"https:\/\/www.funiber.blog\/pt\/wp-content\/uploads\/2023\/12\/educacion-uno.jpg 600w, https:\/\/www.funiber.blog\/pt\/wp-content\/uploads\/2023\/12\/educacion-uno-400x267.jpg 400w, https:\/\/www.funiber.blog\/pt\/wp-content\/uploads\/2023\/12\/educacion-uno-300x200.jpg 300w, https:\/\/www.funiber.blog\/pt\/wp-content\/uploads\/2023\/12\/educacion-uno-450x300.jpg 450w\" sizes=\"(max-width: 600px) 100vw, 600px\" \/><\/figure><\/div>\n\n\n<h2 class=\"wp-block-heading\"><strong>Quais s\u00e3o as 5 Pedagogias de Paulo Freire?<\/strong><\/h2>\n\n\n\n<p>As cinco Pedagogias de Paulo s\u00e3o denominadas da seguinte forma: do oprimido, da esperan\u00e7a, da autonomia, da indigna\u00e7\u00e3o e da toler\u00e2ncia. Explorando a perspectiva cr\u00edtica e human\u00edstica de ensino de um dos pedagogos mais importantes do s\u00e9culo XX, Paulo Freire, cujas ideias continuam a desafiar e remodelar o caminho em dire\u00e7\u00e3o a uma educa\u00e7\u00e3o mais inclusiva e hol\u00edstica. A verdadeira educa\u00e7\u00e3o, como Freire nos ensina, n\u00e3o se trata de preencher o vazio, mas da cr\u00edtica.<\/p>\n\n\n\n<h2 class=\"wp-block-heading\"><strong>Descubra seu potencial<\/strong><\/h2>\n\n\n\n<p>Seguindo a linha de Paulo Freire, \u00e9 imperativo que o ensino seja projetado para despertar a curiosidade, incentivar a cr\u00edtica e apoiar a autonomia do aluno. Entretanto, \u00e9 essencial que os professores tamb\u00e9m aprendam e que estejam dispostos a entender e se adaptar aos desenvolvimentos no ensino e na aprendizagem. Se essa resson\u00e2ncia com Freire e a busca pela excel\u00eancia acad\u00eamica o motivam, voc\u00ea vai querer saber mais sobre o <a href=\"https:\/\/www.funiber.org\/maestria-en-intervencion-psicologica-en-el-desarrollo-y-la-educacion\" target=\"_blank\" rel=\"noreferrer noopener\"><strong>Mestrado em Interven\u00e7\u00e3o Psicol\u00f3gica no Desenvolvimento e na Educa\u00e7\u00e3o<\/strong><\/a>.<\/p>\n\n\n\n<p>Esse mestrado tamb\u00e9m promove uma compreens\u00e3o profunda do comportamento humano em contextos educacionais e de desenvolvimento. N\u00e3o apenas o prepara para identificar e atender \u00e0s necessidades educacionais e de desenvolvimento, tanto individual quanto coletivamente, mas tamb\u00e9m o equipa com as habilidades para avaliar com efic\u00e1cia os contextos e as situa\u00e7\u00f5es educacionais. Este programa o ajudar\u00e1 a desenvolver a capacidade de transferir o conhecimento acad\u00eamico para situa\u00e7\u00f5es reais e de intervir de forma reflexiva e cr\u00edtica.<\/p>\n\n\n<div class=\"wp-block-image\">\n<figure class=\"aligncenter size-full\"><img loading=\"lazy\" decoding=\"async\" width=\"600\" height=\"400\" data-attachment-id=\"29164\" data-permalink=\"https:\/\/www.funiber.blog\/pt\/formacao-professores\/2023\/11\/23\/reflexoes-sobre-paulo-freire-impacto-educacao\/attachment\/busy-high-school-corridor-during-recess-with-blurred-students-and-staff-2\" data-orig-file=\"https:\/\/www.funiber.blog\/pt\/wp-content\/uploads\/2023\/12\/educacion-dos.jpg\" data-orig-size=\"600,400\" data-comments-opened=\"0\" data-image-meta=\"{&quot;aperture&quot;:&quot;20&quot;,&quot;credit&quot;:&quot;Getty Images\\\/iStockphoto&quot;,&quot;camera&quot;:&quot;Canon EOS-1D X Mark II&quot;,&quot;caption&quot;:&quot;Busy High School Corridor During Recess With Blurred Students And Staff&quot;,&quot;created_timestamp&quot;:&quot;1524913674&quot;,&quot;copyright&quot;:&quot;&quot;,&quot;focal_length&quot;:&quot;31&quot;,&quot;iso&quot;:&quot;100&quot;,&quot;shutter_speed&quot;:&quot;0.4&quot;,&quot;title&quot;:&quot;Busy High School Corridor During Recess With Blurred Students And Staff&quot;,&quot;orientation&quot;:&quot;1&quot;}\" data-image-title=\"busy-high-school-corridor-during-recess-with-blurred-students-and-staff\" data-image-description=\"&lt;p&gt;busy-high-school-corridor-during-recess-with-blurred-students-and-staff&lt;\/p&gt;\n\" data-image-caption=\"&lt;p&gt;busy-high-school-corridor-during-recess-with-blurred-students-and-staff&lt;\/p&gt;\n\" data-medium-file=\"https:\/\/www.funiber.blog\/pt\/wp-content\/uploads\/2023\/12\/educacion-dos-400x267.jpg\" data-large-file=\"https:\/\/www.funiber.blog\/pt\/wp-content\/uploads\/2023\/12\/educacion-dos-400x267.jpg\" src=\"https:\/\/www.funiber.blog\/pt\/wp-content\/uploads\/2023\/12\/educacion-dos.jpg\" alt=\"busy-high-school-corridor-during-recess-with-blurred-students-and-staff\" class=\"wp-image-29164\" srcset=\"https:\/\/www.funiber.blog\/pt\/wp-content\/uploads\/2023\/12\/educacion-dos.jpg 600w, https:\/\/www.funiber.blog\/pt\/wp-content\/uploads\/2023\/12\/educacion-dos-400x267.jpg 400w, https:\/\/www.funiber.blog\/pt\/wp-content\/uploads\/2023\/12\/educacion-dos-300x200.jpg 300w, https:\/\/www.funiber.blog\/pt\/wp-content\/uploads\/2023\/12\/educacion-dos-450x300.jpg 450w\" sizes=\"(max-width: 600px) 100vw, 600px\" \/><\/figure><\/div>\n\n\n<p>Se voc\u00ea deseja elevar seu perfil profissional em desenvolvimento e educa\u00e7\u00e3o, ver\u00e1 que esse programa treina especialistas em um dos perfis mais procurados no mercado de trabalho. \u00c9 uma ferramenta particularmente \u00fatil na especializa\u00e7\u00e3o de profissionais e \u00e9 ideal tanto para aqueles com interesses claros em \u00e1reas espec\u00edficas de trabalho educacional e de desenvolvimento quanto para rec\u00e9m-formados que desejam come\u00e7ar em uma dessas \u00e1reas.<\/p>\n\n\n\n<p>Convidamos voc\u00ea a explorar essa oportunidade e embarcar em uma jornada que n\u00e3o apenas o beneficiar\u00e1 pessoalmente, mas tamb\u00e9m expandir\u00e1 sua capacidade de fazer uma diferen\u00e7a positiva na vida de seus alunos, assim como Paulo Freire. Com o ensino baseado em di\u00e1logo e a pedagogia cr\u00edtica de Freire como nossos guias, juntos podemos revolucionar a educa\u00e7\u00e3o e desenvolver l\u00edderes prontos para enfrentar os desafios do s\u00e9culo XXI.<\/p>\n\n\n\n<h4 class=\"wp-block-heading\">Fontes:<\/h4>\n\n\n\n<p><a href=\"https:\/\/ve.scielo.org\/scielo.php?script=sci_arttext&amp;pid=S1316-49102005000200003#:~:text=El%20principio%20que%20orienta%20la,de%20acuerdo%20con%20su%20realidad%2C\" target=\"_blank\" rel=\"noreferrer noopener\"><strong>Perspectiva cr\u00edtica de Paulo Freire y su contribuci\u00f3n a la teor\u00eda del curr\u00edculo<\/strong><\/a><\/p>\n\n\n\n<p><a href=\"https:\/\/www.redalyc.org\/articulo.oa?id=71590112#:~:text=Las%20cuatro%20etapas%20de%20Paulo,indignaci%C3%B3n%20y%20de%20la%20tolerancia\" target=\"_blank\" rel=\"noreferrer noopener\"><strong>Las cuatro etapas de Paulo Freire en sus cinco pedagog\u00edas: del oprimido, de la esperanza, de la autonom\u00eda, de la indignaci\u00f3n y de la tolerancia<\/strong><\/a><\/p>\n\n\n\n<p>Foto: Todos os direitos reservados.<\/p>\n","protected":false},"excerpt":{"rendered":"<p>Pense na \u00faltima vez em que aprendeu algo. Foi um processo que atendeu a seus interesses e necessidades ou foi simplesmente uma informa\u00e7\u00e3o imposta que voc\u00ea teve de memorizar? Se estiver inclinado para a primeira op\u00e7\u00e3o, voc\u00ea est\u00e1 experimentando uma metodologia educacional que Paulo Freire ajudou a criar.&nbsp; Este artigo o levar\u00e1 a descobrir o [&hellip;]<\/p>\n","protected":false},"author":33,"featured_media":29165,"comment_status":"closed","ping_status":"closed","sticky":false,"template":"","format":"standard","meta":{"jetpack_post_was_ever_published":false,"_jetpack_newsletter_access":"","_jetpack_newsletter_tier_id":0,"footnotes":"","jetpack_publicize_message":"","jetpack_is_tweetstorm":false,"jetpack_publicize_feature_enabled":true,"jetpack_social_post_already_shared":true,"jetpack_social_options":{"image_generator_settings":{"template":"highway","enabled":false}}},"categories":[5],"tags":[663,285,8803,8802,679,248,8811,1727],"jetpack_publicize_connections":[],"yoast_head":"<!-- This site is optimized with the Yoast SEO plugin v21.7 - https:\/\/yoast.com\/wordpress\/plugins\/seo\/ -->\n<title>Reflex\u00f5es sobre Paulo Freire e seu impacto na educa\u00e7\u00e3o<\/title>\n<meta name=\"description\" content=\"Segundo Freire, a educa\u00e7\u00e3o deve ser um processo em que tanto o educador quanto o aluno tenham o mesmo direito e responsabilidade de contribuir para o ensino do conte\u00fado curricular.\" \/>\n<meta name=\"robots\" content=\"noindex, nofollow\" \/>\n<meta property=\"og:locale\" content=\"pt_BR\" \/>\n<meta property=\"og:type\" content=\"article\" \/>\n<meta property=\"og:title\" content=\"Reflex\u00f5es sobre Paulo Freire e seu impacto na educa\u00e7\u00e3o\" \/>\n<meta property=\"og:description\" content=\"Segundo Freire, a educa\u00e7\u00e3o deve ser um processo em que tanto o educador quanto o aluno tenham o mesmo direito e responsabilidade de contribuir para o ensino do conte\u00fado curricular.\" \/>\n<meta property=\"og:url\" content=\"https:\/\/blogs.funiber.org\/pt\/formacao-professores\/2023\/11\/23\/reflexoes-sobre-paulo-freire-impacto-educacao\" \/>\n<meta property=\"og:site_name\" content=\"FuniBlogs - FUNIBER\" \/>\n<meta property=\"article:publisher\" content=\"https:\/\/www.facebook.com\/funiber\" \/>\n<meta property=\"article:published_time\" content=\"2023-11-23T17:57:05+00:00\" \/>\n<meta property=\"article:modified_time\" content=\"2023-12-20T18:05:22+00:00\" \/>\n<meta property=\"og:image\" content=\"https:\/\/blogs.funiber.org\/pt\/wp-content\/uploads\/2023\/12\/educacion-negative-cero.jpg\" \/>\n\t<meta property=\"og:image:width\" content=\"570\" \/>\n\t<meta property=\"og:image:height\" content=\"350\" \/>\n\t<meta property=\"og:image:type\" content=\"image\/jpeg\" \/>\n<meta name=\"author\" content=\"Contenido GT2\" \/>\n<meta name=\"twitter:card\" content=\"summary_large_image\" \/>\n<meta name=\"twitter:creator\" content=\"@FUNIBER\" \/>\n<meta name=\"twitter:site\" content=\"@FUNIBER\" \/>\n<meta name=\"twitter:label1\" content=\"Escrito por\" \/>\n\t<meta name=\"twitter:data1\" content=\"Contenido GT2\" \/>\n\t<meta name=\"twitter:label2\" content=\"Est. tempo de leitura\" \/>\n\t<meta name=\"twitter:data2\" content=\"5 minutos\" \/>\n<script type=\"application\/ld+json\" class=\"yoast-schema-graph\">{\"@context\":\"https:\/\/schema.org\",\"@graph\":[{\"@type\":\"Article\",\"@id\":\"https:\/\/blogs.funiber.org\/pt\/formacao-professores\/2023\/11\/23\/reflexoes-sobre-paulo-freire-impacto-educacao#article\",\"isPartOf\":{\"@id\":\"https:\/\/blogs.funiber.org\/pt\/formacao-professores\/2023\/11\/23\/reflexoes-sobre-paulo-freire-impacto-educacao\"},\"author\":{\"name\":\"Contenido GT2\",\"@id\":\"https:\/\/blogs.funiber.org\/pt\/#\/schema\/person\/b677abb5cf2a95713b98e17c31742c09\"},\"headline\":\"Reflex\u00f5es sobre Paulo Freire e seu impacto na educa\u00e7\u00e3o\",\"datePublished\":\"2023-11-23T17:57:05+00:00\",\"dateModified\":\"2023-12-20T18:05:22+00:00\",\"mainEntityOfPage\":{\"@id\":\"https:\/\/blogs.funiber.org\/pt\/formacao-professores\/2023\/11\/23\/reflexoes-sobre-paulo-freire-impacto-educacao\"},\"wordCount\":770,\"publisher\":{\"@id\":\"https:\/\/blogs.funiber.org\/pt\/#organization\"},\"keywords\":[\"Alunos FUNIBER\",\"Educa\u00e7\u00e3o\",\"educa\u00e7\u00e3o \u00e0 dist\u00e2ncia\",\"especializa\u00e7\u00e3o \u00e0 dist\u00e2ncia\",\"forma\u00e7\u00e3o \u00e0 dist\u00e2ncia\",\"Funiber\",\"Paulo Freire\",\"Professorado\"],\"articleSection\":[\"Educa\u00e7\u00e3o,\u00a0Forma\u00e7\u00e3o Professores\"],\"inLanguage\":\"pt-BR\"},{\"@type\":\"WebPage\",\"@id\":\"https:\/\/blogs.funiber.org\/pt\/formacao-professores\/2023\/11\/23\/reflexoes-sobre-paulo-freire-impacto-educacao\",\"url\":\"https:\/\/blogs.funiber.org\/pt\/formacao-professores\/2023\/11\/23\/reflexoes-sobre-paulo-freire-impacto-educacao\",\"name\":\"Reflex\u00f5es sobre Paulo Freire e seu impacto na educa\u00e7\u00e3o\",\"isPartOf\":{\"@id\":\"https:\/\/blogs.funiber.org\/pt\/#website\"},\"datePublished\":\"2023-11-23T17:57:05+00:00\",\"dateModified\":\"2023-12-20T18:05:22+00:00\",\"description\":\"Segundo Freire, a educa\u00e7\u00e3o deve ser um processo em que tanto o educador quanto o aluno tenham o mesmo direito e responsabilidade de contribuir para o ensino do conte\u00fado curricular.\",\"breadcrumb\":{\"@id\":\"https:\/\/blogs.funiber.org\/pt\/formacao-professores\/2023\/11\/23\/reflexoes-sobre-paulo-freire-impacto-educacao#breadcrumb\"},\"inLanguage\":\"pt-BR\",\"potentialAction\":[{\"@type\":\"ReadAction\",\"target\":[\"https:\/\/blogs.funiber.org\/pt\/formacao-professores\/2023\/11\/23\/reflexoes-sobre-paulo-freire-impacto-educacao\"]}]},{\"@type\":\"BreadcrumbList\",\"@id\":\"https:\/\/blogs.funiber.org\/pt\/formacao-professores\/2023\/11\/23\/reflexoes-sobre-paulo-freire-impacto-educacao#breadcrumb\",\"itemListElement\":[{\"@type\":\"ListItem\",\"position\":1,\"name\":\"In\u00edcio\",\"item\":\"https:\/\/blogs.funiber.org\/pt\"},{\"@type\":\"ListItem\",\"position\":2,\"name\":\"Reflex\u00f5es sobre Paulo Freire e seu impacto na educa\u00e7\u00e3o\"}]},{\"@type\":\"WebSite\",\"@id\":\"https:\/\/blogs.funiber.org\/pt\/#website\",\"url\":\"https:\/\/blogs.funiber.org\/pt\/\",\"name\":\"FuniBlogs - FUNIBER\",\"description\":\"\",\"publisher\":{\"@id\":\"https:\/\/blogs.funiber.org\/pt\/#organization\"},\"potentialAction\":[{\"@type\":\"SearchAction\",\"target\":{\"@type\":\"EntryPoint\",\"urlTemplate\":\"https:\/\/blogs.funiber.org\/pt\/?s={search_term_string}\"},\"query-input\":\"required name=search_term_string\"}],\"inLanguage\":\"pt-BR\"},{\"@type\":\"Organization\",\"@id\":\"https:\/\/blogs.funiber.org\/pt\/#organization\",\"name\":\"FuniBlogs - FUNIBER\",\"url\":\"https:\/\/blogs.funiber.org\/pt\/\",\"logo\":{\"@type\":\"ImageObject\",\"inLanguage\":\"pt-BR\",\"@id\":\"https:\/\/blogs.funiber.org\/pt\/#\/schema\/logo\/image\/\",\"url\":\"https:\/\/www.funiber.blog\/pt\/wp-content\/uploads\/2022\/02\/logo-funiber-pt-br-v-dos.svg\",\"contentUrl\":\"https:\/\/www.funiber.blog\/pt\/wp-content\/uploads\/2022\/02\/logo-funiber-pt-br-v-dos.svg\",\"width\":1,\"height\":1,\"caption\":\"FuniBlogs - FUNIBER\"},\"image\":{\"@id\":\"https:\/\/blogs.funiber.org\/pt\/#\/schema\/logo\/image\/\"},\"sameAs\":[\"https:\/\/www.facebook.com\/funiber\",\"https:\/\/twitter.com\/FUNIBER\",\"https:\/\/www.instagram.com\/funiber_becas\",\"https:\/\/www.youtube.com\/user\/funiber\",\"https:\/\/www.linkedin.com\/company\/funiber\"]},{\"@type\":\"Person\",\"@id\":\"https:\/\/blogs.funiber.org\/pt\/#\/schema\/person\/b677abb5cf2a95713b98e17c31742c09\",\"name\":\"Contenido GT2\",\"image\":{\"@type\":\"ImageObject\",\"inLanguage\":\"pt-BR\",\"@id\":\"https:\/\/blogs.funiber.org\/pt\/#\/schema\/person\/image\/\",\"url\":\"https:\/\/secure.gravatar.com\/avatar\/b5a02967a8912eb95241dfff01da0fab?s=96&d=mm&r=g\",\"contentUrl\":\"https:\/\/secure.gravatar.com\/avatar\/b5a02967a8912eb95241dfff01da0fab?s=96&d=mm&r=g\",\"caption\":\"Contenido GT2\"},\"url\":\"https:\/\/www.funiber.blog\/pt\/author\/contenido-gt2\"}]}<\/script>\n<!-- \/ Yoast SEO plugin. -->","yoast_head_json":{"title":"Reflex\u00f5es sobre Paulo Freire e seu impacto na educa\u00e7\u00e3o","description":"Segundo Freire, a educa\u00e7\u00e3o deve ser um processo em que tanto o educador quanto o aluno tenham o mesmo direito e responsabilidade de contribuir para o ensino do conte\u00fado curricular.","robots":{"index":"noindex","follow":"nofollow"},"og_locale":"pt_BR","og_type":"article","og_title":"Reflex\u00f5es sobre Paulo Freire e seu impacto na educa\u00e7\u00e3o","og_description":"Segundo Freire, a educa\u00e7\u00e3o deve ser um processo em que tanto o educador quanto o aluno tenham o mesmo direito e responsabilidade de contribuir para o ensino do conte\u00fado curricular.","og_url":"https:\/\/blogs.funiber.org\/pt\/formacao-professores\/2023\/11\/23\/reflexoes-sobre-paulo-freire-impacto-educacao","og_site_name":"FuniBlogs - FUNIBER","article_publisher":"https:\/\/www.facebook.com\/funiber","article_published_time":"2023-11-23T17:57:05+00:00","article_modified_time":"2023-12-20T18:05:22+00:00","og_image":[{"width":570,"height":350,"url":"https:\/\/blogs.funiber.org\/pt\/wp-content\/uploads\/2023\/12\/educacion-negative-cero.jpg","type":"image\/jpeg"}],"author":"Contenido GT2","twitter_card":"summary_large_image","twitter_creator":"@FUNIBER","twitter_site":"@FUNIBER","twitter_misc":{"Escrito por":"Contenido GT2","Est. tempo de leitura":"5 minutos"},"schema":{"@context":"https:\/\/schema.org","@graph":[{"@type":"Article","@id":"https:\/\/blogs.funiber.org\/pt\/formacao-professores\/2023\/11\/23\/reflexoes-sobre-paulo-freire-impacto-educacao#article","isPartOf":{"@id":"https:\/\/blogs.funiber.org\/pt\/formacao-professores\/2023\/11\/23\/reflexoes-sobre-paulo-freire-impacto-educacao"},"author":{"name":"Contenido GT2","@id":"https:\/\/blogs.funiber.org\/pt\/#\/schema\/person\/b677abb5cf2a95713b98e17c31742c09"},"headline":"Reflex\u00f5es sobre Paulo Freire e seu impacto na educa\u00e7\u00e3o","datePublished":"2023-11-23T17:57:05+00:00","dateModified":"2023-12-20T18:05:22+00:00","mainEntityOfPage":{"@id":"https:\/\/blogs.funiber.org\/pt\/formacao-professores\/2023\/11\/23\/reflexoes-sobre-paulo-freire-impacto-educacao"},"wordCount":770,"publisher":{"@id":"https:\/\/blogs.funiber.org\/pt\/#organization"},"keywords":["Alunos FUNIBER","Educa\u00e7\u00e3o","educa\u00e7\u00e3o \u00e0 dist\u00e2ncia","especializa\u00e7\u00e3o \u00e0 dist\u00e2ncia","forma\u00e7\u00e3o \u00e0 dist\u00e2ncia","Funiber","Paulo Freire","Professorado"],"articleSection":["Educa\u00e7\u00e3o,\u00a0Forma\u00e7\u00e3o Professores"],"inLanguage":"pt-BR"},{"@type":"WebPage","@id":"https:\/\/blogs.funiber.org\/pt\/formacao-professores\/2023\/11\/23\/reflexoes-sobre-paulo-freire-impacto-educacao","url":"https:\/\/blogs.funiber.org\/pt\/formacao-professores\/2023\/11\/23\/reflexoes-sobre-paulo-freire-impacto-educacao","name":"Reflex\u00f5es sobre Paulo Freire e seu impacto na educa\u00e7\u00e3o","isPartOf":{"@id":"https:\/\/blogs.funiber.org\/pt\/#website"},"datePublished":"2023-11-23T17:57:05+00:00","dateModified":"2023-12-20T18:05:22+00:00","description":"Segundo Freire, a educa\u00e7\u00e3o deve ser um processo em que tanto o educador quanto o aluno tenham o mesmo direito e responsabilidade de contribuir para o ensino do conte\u00fado curricular.","breadcrumb":{"@id":"https:\/\/blogs.funiber.org\/pt\/formacao-professores\/2023\/11\/23\/reflexoes-sobre-paulo-freire-impacto-educacao#breadcrumb"},"inLanguage":"pt-BR","potentialAction":[{"@type":"ReadAction","target":["https:\/\/blogs.funiber.org\/pt\/formacao-professores\/2023\/11\/23\/reflexoes-sobre-paulo-freire-impacto-educacao"]}]},{"@type":"BreadcrumbList","@id":"https:\/\/blogs.funiber.org\/pt\/formacao-professores\/2023\/11\/23\/reflexoes-sobre-paulo-freire-impacto-educacao#breadcrumb","itemListElement":[{"@type":"ListItem","position":1,"name":"In\u00edcio","item":"https:\/\/blogs.funiber.org\/pt"},{"@type":"ListItem","position":2,"name":"Reflex\u00f5es sobre Paulo Freire e seu impacto na educa\u00e7\u00e3o"}]},{"@type":"WebSite","@id":"https:\/\/blogs.funiber.org\/pt\/#website","url":"https:\/\/blogs.funiber.org\/pt\/","name":"FuniBlogs - FUNIBER","description":"","publisher":{"@id":"https:\/\/blogs.funiber.org\/pt\/#organization"},"potentialAction":[{"@type":"SearchAction","target":{"@type":"EntryPoint","urlTemplate":"https:\/\/blogs.funiber.org\/pt\/?s={search_term_string}"},"query-input":"required name=search_term_string"}],"inLanguage":"pt-BR"},{"@type":"Organization","@id":"https:\/\/blogs.funiber.org\/pt\/#organization","name":"FuniBlogs - FUNIBER","url":"https:\/\/blogs.funiber.org\/pt\/","logo":{"@type":"ImageObject","inLanguage":"pt-BR","@id":"https:\/\/blogs.funiber.org\/pt\/#\/schema\/logo\/image\/","url":"https:\/\/www.funiber.blog\/pt\/wp-content\/uploads\/2022\/02\/logo-funiber-pt-br-v-dos.svg","contentUrl":"https:\/\/www.funiber.blog\/pt\/wp-content\/uploads\/2022\/02\/logo-funiber-pt-br-v-dos.svg","width":1,"height":1,"caption":"FuniBlogs - FUNIBER"},"image":{"@id":"https:\/\/blogs.funiber.org\/pt\/#\/schema\/logo\/image\/"},"sameAs":["https:\/\/www.facebook.com\/funiber","https:\/\/twitter.com\/FUNIBER","https:\/\/www.instagram.com\/funiber_becas","https:\/\/www.youtube.com\/user\/funiber","https:\/\/www.linkedin.com\/company\/funiber"]},{"@type":"Person","@id":"https:\/\/blogs.funiber.org\/pt\/#\/schema\/person\/b677abb5cf2a95713b98e17c31742c09","name":"Contenido GT2","image":{"@type":"ImageObject","inLanguage":"pt-BR","@id":"https:\/\/blogs.funiber.org\/pt\/#\/schema\/person\/image\/","url":"https:\/\/secure.gravatar.com\/avatar\/b5a02967a8912eb95241dfff01da0fab?s=96&d=mm&r=g","contentUrl":"https:\/\/secure.gravatar.com\/avatar\/b5a02967a8912eb95241dfff01da0fab?s=96&d=mm&r=g","caption":"Contenido GT2"},"url":"https:\/\/www.funiber.blog\/pt\/author\/contenido-gt2"}]}},"jetpack_featured_media_url":"https:\/\/www.funiber.blog\/pt\/wp-content\/uploads\/2023\/12\/educacion-negative-cero.jpg","jetpack_shortlink":"https:\/\/wp.me\/p7ee1t-7Am","jetpack_sharing_enabled":true,"_links":{"self":[{"href":"https:\/\/www.funiber.blog\/pt\/wp-json\/wp\/v2\/posts\/29162"}],"collection":[{"href":"https:\/\/www.funiber.blog\/pt\/wp-json\/wp\/v2\/posts"}],"about":[{"href":"https:\/\/www.funiber.blog\/pt\/wp-json\/wp\/v2\/types\/post"}],"author":[{"embeddable":true,"href":"https:\/\/www.funiber.blog\/pt\/wp-json\/wp\/v2\/users\/33"}],"replies":[{"embeddable":true,"href":"https:\/\/www.funiber.blog\/pt\/wp-json\/wp\/v2\/comments?post=29162"}],"version-history":[{"count":1,"href":"https:\/\/www.funiber.blog\/pt\/wp-json\/wp\/v2\/posts\/29162\/revisions"}],"predecessor-version":[{"id":29166,"href":"https:\/\/www.funiber.blog\/pt\/wp-json\/wp\/v2\/posts\/29162\/revisions\/29166"}],"wp:featuredmedia":[{"embeddable":true,"href":"https:\/\/www.funiber.blog\/pt\/wp-json\/wp\/v2\/media\/29165"}],"wp:attachment":[{"href":"https:\/\/www.funiber.blog\/pt\/wp-json\/wp\/v2\/media?parent=29162"}],"wp:term":[{"taxonomy":"category","embeddable":true,"href":"https:\/\/www.funiber.blog\/pt\/wp-json\/wp\/v2\/categories?post=29162"},{"taxonomy":"post_tag","embeddable":true,"href":"https:\/\/www.funiber.blog\/pt\/wp-json\/wp\/v2\/tags?post=29162"}],"curies":[{"name":"wp","href":"https:\/\/api.w.org\/{rel}","templated":true}]}}