{"id":29172,"date":"2023-10-12T13:10:13","date_gmt":"2023-10-12T18:10:13","guid":{"rendered":"https:\/\/blogs.funiber.org\/pt\/?p=29172"},"modified":"2023-12-20T13:17:53","modified_gmt":"2023-12-20T18:17:53","slug":"cor-oceano-mudando-devido-mudancas-climaticas","status":"publish","type":"post","link":"https:\/\/www.funiber.blog\/pt\/meio-ambiente\/2023\/10\/12\/cor-oceano-mudando-devido-mudancas-climaticas","title":{"rendered":"A cor do oceano est\u00e1 mudando devido \u00e0s mudan\u00e7as clim\u00e1ticas"},"content":{"rendered":"\n<h2 class=\"wp-block-heading\"><strong>O oceano, vasto e misterioso, \u00e9 o lar de uma grande diversidade de vida e nos oferece in\u00fameras paisagens surpreendentes. Mas voc\u00ea j\u00e1 se perguntou qual \u00e9 a cor do oceano?<\/strong>\u00a0<\/h2>\n\n\n\n<p>\u00c0 primeira vista, tendemos a pensar nele como azul, n\u00e3o \u00e9 mesmo? No entanto, h\u00e1 muito mais por tr\u00e1s dessa cor aparentemente uniforme. Neste artigo, explicaremos o que d\u00e1 \u00e0 \u00e1gua do mar sua cor, como ela est\u00e1 relacionada \u00e0 mudan\u00e7a clim\u00e1tica e por que est\u00e1 mudando.&nbsp;<\/p>\n\n\n\n<h2 class=\"wp-block-heading\"><strong>Qual \u00e9 a cor do oceano?<\/strong><\/h2>\n\n\n\n<p>A cor do oceano sempre foi uma fonte de fasc\u00ednio e curiosidade. Embora sua apar\u00eancia geral seja de um azul profundo, a realidade \u00e9 que o oceano pode ter diferentes tons e matizes, dependendo das condi\u00e7\u00f5es que o cercam. Mas por que o oceano parece azul?<\/p>\n\n\n\n<h2 class=\"wp-block-heading\"><strong>&nbsp;O que d\u00e1 cor \u00e0 \u00e1gua do mar?<\/strong><\/h2>\n\n\n\n<p>Para entender a cor do oceano, devemos considerar v\u00e1rios fatores. Um dos principais fatores que contribuem para a cor da \u00e1gua do mar \u00e9 a presen\u00e7a de fitopl\u00e2ncton. Esses microrganismos vegetais s\u00e3o respons\u00e1veis pela produ\u00e7\u00e3o de clorofila, o pigmento verde que lhes permite realizar a fotoss\u00edntese. Os fitopl\u00e2nctons s\u00e3o abundantes na superf\u00edcie do oceano e, assim, afetam a cor da \u00e1gua.<\/p>\n\n\n\n<p>Mas o que acontece quando a cor do oceano come\u00e7a a mudar? Pesquisas recentes sugerem que a cor dos oceanos do mundo passou por transforma\u00e7\u00f5es significativas nas \u00faltimas d\u00e9cadas, e as mudan\u00e7as clim\u00e1ticas parecem ser as principais respons\u00e1veis por esse fen\u00f4meno.<\/p>\n\n\n\n<p>O estudo publicado na Nature revela que mais da metade dos oceanos se tornou mais verde nos \u00faltimos 20 anos, indicando uma mudan\u00e7a nos ecossistemas marinhos. Os cientistas se surpreenderam com a velocidade com que notaram essas mudan\u00e7as, j\u00e1 que se esperava que os efeitos da mudan\u00e7a clim\u00e1tica sobre a cor do oceano fossem vis\u00edveis em um per\u00edodo de tempo muito mais longo.<\/p>\n\n\n\n<p>Em especial, as regi\u00f5es tropicais pr\u00f3ximas ao equador registraram um aumento consider\u00e1vel no verde do oceano. Essa mudan\u00e7a indica poss\u00edveis transforma\u00e7\u00f5es nos ecossistemas oce\u00e2nicos superficiais, onde a presen\u00e7a de fitopl\u00e2ncton foi afetada. A liga\u00e7\u00e3o entre as mudan\u00e7as clim\u00e1ticas e esse fen\u00f4meno ainda n\u00e3o \u00e9 totalmente compreendida, mas os cientistas suspeitam que o aumento da temperatura da \u00e1gua e as mudan\u00e7as nos padr\u00f5es de circula\u00e7\u00e3o oce\u00e2nica podem estar desempenhando um papel importante.<\/p>\n\n\n\n<p>Essa descoberta n\u00e3o apenas nos alerta sobre o impacto da mudan\u00e7a clim\u00e1tica nos oceanos, mas tamb\u00e9m sobre as consequ\u00eancias em grande escala para a vida na Terra. Nossas a\u00e7\u00f5es est\u00e3o afetando diretamente os ecossistemas marinhos e, em \u00faltima an\u00e1lise, nossa pr\u00f3pria sobreviv\u00eancia.<\/p>\n\n\n<div class=\"wp-block-image\">\n<figure class=\"aligncenter size-full\"><img loading=\"lazy\" decoding=\"async\" width=\"600\" height=\"400\" data-attachment-id=\"29173\" data-permalink=\"https:\/\/www.funiber.blog\/pt\/meio-ambiente\/2023\/10\/12\/cor-oceano-mudando-devido-mudancas-climaticas\/attachment\/waves-of-water-of-the-river-and-the-sea-meet-each-other-during-high-tide-and-low-tide-2\" data-orig-file=\"https:\/\/www.funiber.blog\/pt\/wp-content\/uploads\/2023\/12\/coloroceano.jpg\" data-orig-size=\"600,400\" data-comments-opened=\"0\" data-image-meta=\"{&quot;aperture&quot;:&quot;2.8&quot;,&quot;credit&quot;:&quot;Getty Images\\\/iStockphoto&quot;,&quot;camera&quot;:&quot;L1D-20c&quot;,&quot;caption&quot;:&quot;Waves of water of the river and the sea meet each other during high tide and low tide. Whirlpools of the maelstrom of Saltstraumen, Nordland, Norway&quot;,&quot;created_timestamp&quot;:&quot;1560848378&quot;,&quot;copyright&quot;:&quot;Andrey Armyagov&quot;,&quot;focal_length&quot;:&quot;10.26&quot;,&quot;iso&quot;:&quot;100&quot;,&quot;shutter_speed&quot;:&quot;0.0002&quot;,&quot;title&quot;:&quot;Waves of water of the river and the sea meet each other during high tide and low tide.&quot;,&quot;orientation&quot;:&quot;1&quot;}\" data-image-title=\"waves-of-water-of-the-river-and-the-sea-meet-each-other-during-high-tide-and-low-tide-\" data-image-description=\"&lt;p&gt;waves-of-water-of-the-river-and-the-sea-meet-each-other-during-high-tide-and-low-tide-&lt;\/p&gt;\n\" data-image-caption=\"&lt;p&gt;waves-of-water-of-the-river-and-the-sea-meet-each-other-during-high-tide-and-low-tide-&lt;\/p&gt;\n\" data-medium-file=\"https:\/\/www.funiber.blog\/pt\/wp-content\/uploads\/2023\/12\/coloroceano-400x267.jpg\" data-large-file=\"https:\/\/www.funiber.blog\/pt\/wp-content\/uploads\/2023\/12\/coloroceano-400x267.jpg\" src=\"https:\/\/www.funiber.blog\/pt\/wp-content\/uploads\/2023\/12\/coloroceano.jpg\" alt=\"A cor do oceano est\u00e1 a mudar devido \u00e0s altera\u00e7\u00f5es clim\u00e1ticas.\" class=\"wp-image-29173\" title=\"A cor do oceano est\u00e1 a mudar devido \u00e0s altera\u00e7\u00f5es clim\u00e1ticas.\" srcset=\"https:\/\/www.funiber.blog\/pt\/wp-content\/uploads\/2023\/12\/coloroceano.jpg 600w, https:\/\/www.funiber.blog\/pt\/wp-content\/uploads\/2023\/12\/coloroceano-400x267.jpg 400w, https:\/\/www.funiber.blog\/pt\/wp-content\/uploads\/2023\/12\/coloroceano-300x200.jpg 300w, https:\/\/www.funiber.blog\/pt\/wp-content\/uploads\/2023\/12\/coloroceano-450x300.jpg 450w\" sizes=\"(max-width: 600px) 100vw, 600px\" \/><figcaption class=\"wp-element-caption\">A cor do oceano est\u00e1 a mudar devido \u00e0s altera\u00e7\u00f5es clim\u00e1ticas.<\/figcaption><\/figure><\/div>\n\n\n<p>O oceano est\u00e1 passando por mudan\u00e7as significativas. Como sociedade, devemos estar cientes da import\u00e2ncia de cuidar e preservar nossos oceanos, pois eles s\u00e3o fundamentais para a vida no planeta.<\/p>\n\n\n\n<p>Qual ser\u00e1 o futuro da cor do oceano? Como podemos interromper ou atenuar essas mudan\u00e7as? Essas s\u00e3o perguntas que permanecer\u00e3o na mente de cientistas e pesquisadores enquanto eles buscam respostas e solu\u00e7\u00f5es. A prote\u00e7\u00e3o e a conserva\u00e7\u00e3o de nossos mares e oceanos s\u00e3o mais urgentes do que nunca. O momento de agir \u00e9 agora, para garantir que as gera\u00e7\u00f5es futuras possam admirar e aproveitar a beleza e a vitalidade de nossas \u00e1guas marinhas.<\/p>\n\n\n\n<h2 class=\"wp-block-heading\"><strong>Explore os desafios ambientais<\/strong><\/h2>\n\n\n\n<p>Descubra o maravilhoso mundo da Tecnologia Ambiental com o <a href=\"https:\/\/www.funiber.org\/maestria-en-ingenieria-y-tecnologia-ambiental\" target=\"_blank\" rel=\"noreferrer noopener\"><strong>Mestrado em Engenharia e Tecnologia Ambiental<\/strong><\/a>. Online, esse mestrado lhe d\u00e1 a oportunidade de explorar os desafios ambientais atuais e desenvolver solu\u00e7\u00f5es inovadoras.<\/p>\n\n\n\n<p>A influ\u00eancia da mudan\u00e7a clim\u00e1tica na cor do oceano \u00e9 apenas a ponta do iceberg dos problemas ambientais que enfrentamos. \u00c9 essencial ter profissionais treinados na \u00e1rea de engenharia e tecnologia ambiental para lidar com essas situa\u00e7\u00f5es de forma eficaz. O programa da <a href=\"https:\/\/blogs.funiber.org\/medio-ambiente\" target=\"_blank\" rel=\"noreferrer noopener\"><strong>FUNIBER<\/strong><\/a><strong> <\/strong>lhe oferece o conhecimento e as habilidades necess\u00e1rias para se tornar um l\u00edder nesse campo em constante evolu\u00e7\u00e3o.<\/p>\n\n\n\n<p>Ao cursar o <strong>Mestrado em Engenharia e Tecnologia Ambiental<\/strong>, voc\u00ea ter\u00e1 a oportunidade de mergulhar em \u00e1reas como gest\u00e3o de recursos naturais, avalia\u00e7\u00e3o de impacto ambiental, energia renov\u00e1vel e muitas outras \u00e1reas importantes. Nossa abordagem pr\u00e1tica e baseada em projetos permitir\u00e1 que voc\u00ea aplique seus conhecimentos e encontre solu\u00e7\u00f5es reais para os desafios ambientais do s\u00e9culo XXI.<\/p>\n\n\n\n<p>Al\u00e9m disso, ao concluir este mestrado, voc\u00ea estar\u00e1 preparado para enfrentar uma ampla gama de oportunidades de carreira. Voc\u00ea poder\u00e1 trabalhar em organiza\u00e7\u00f5es governamentais, empresas privadas, consultorias ambientais e at\u00e9 mesmo iniciar sua pr\u00f3pria carreira como consultor ambiental. A demanda por profissionais altamente qualificados nesse campo est\u00e1 em constante crescimento, o que lhe d\u00e1 uma ampla gama de possibilidades de desenvolver uma carreira gratificante e significativa.<\/p>\n\n\n\n<p>N\u00e3o perca a oportunidade de se tornar um agente de mudan\u00e7a e contribuir para a cria\u00e7\u00e3o de um futuro mais sustent\u00e1vel. Participe do <strong>Mestrado em Engenharia e Tecnologia Ambiental <\/strong>e fa\u00e7a parte da solu\u00e7\u00e3o para preservar nosso planeta. Inscreva-se hoje mesmo e comece sua jornada rumo a uma carreira em harmonia com o meio ambiente!<\/p>\n\n\n\n<p>Fontes:&nbsp;<\/p>\n\n\n\n<p><a href=\"https:\/\/www.nature.com\/articles\/d41586-023-02262-9\" target=\"_blank\" rel=\"noreferrer noopener\"><strong>Oceans are turning greener due to climate change<\/strong><\/a><\/p>\n\n\n\n<p><a href=\"https:\/\/www.nationalgeographic.com.es\/medio-ambiente\/color-oceano-esta-cambiando-como-consecuencia-cambio-climatico_20367\" target=\"_blank\" rel=\"noreferrer noopener\"><strong>El color del oc\u00e9ano est\u00e1 cambiando como consecuencia del cambio clim\u00e1tico<\/strong><\/a><\/p>\n","protected":false},"excerpt":{"rendered":"<p>O oceano, vasto e misterioso, \u00e9 o lar de uma grande diversidade de vida e nos oferece in\u00fameras paisagens surpreendentes. Mas voc\u00ea j\u00e1 se perguntou qual \u00e9 a cor do oceano?\u00a0 \u00c0 primeira vista, tendemos a pensar nele como azul, n\u00e3o \u00e9 mesmo? No entanto, h\u00e1 muito mais por tr\u00e1s dessa cor aparentemente uniforme. Neste [&hellip;]<\/p>\n","protected":false},"author":33,"featured_media":29174,"comment_status":"closed","ping_status":"closed","sticky":false,"template":"","format":"standard","meta":{"jetpack_post_was_ever_published":false,"_jetpack_newsletter_access":"","_jetpack_newsletter_tier_id":0,"footnotes":"","jetpack_publicize_message":"","jetpack_is_tweetstorm":false,"jetpack_publicize_feature_enabled":true,"jetpack_social_post_already_shared":true,"jetpack_social_options":{"image_generator_settings":{"template":"highway","enabled":false}}},"categories":[2],"tags":[663,1242,3257,285,408,8390,8391,248,8359],"jetpack_publicize_connections":[],"yoast_head":"<!-- This site is optimized with the Yoast SEO plugin v21.7 - https:\/\/yoast.com\/wordpress\/plugins\/seo\/ -->\n<title>A cor do oceano est\u00e1 mudando devido \u00e0s mudan\u00e7as clim\u00e1ticas<\/title>\n<meta name=\"description\" content=\"O oceano, vasto e misterioso, \u00e9 o lar de uma grande diversidade de vida e nos oferece in\u00fameras paisagens surpreendentes.\" \/>\n<meta name=\"robots\" content=\"index, follow, max-snippet:-1, max-image-preview:large, max-video-preview:-1\" \/>\n<link rel=\"canonical\" href=\"https:\/\/blogs.funiber.org\/pt\/meio-ambiente\/2023\/10\/12\/cor-oceano-mudando-devido-mudancas-climaticas\" \/>\n<meta property=\"og:locale\" content=\"pt_BR\" \/>\n<meta property=\"og:type\" content=\"article\" \/>\n<meta property=\"og:title\" content=\"A cor do oceano est\u00e1 mudando devido \u00e0s mudan\u00e7as clim\u00e1ticas\" \/>\n<meta property=\"og:description\" content=\"O oceano, vasto e misterioso, \u00e9 o lar de uma grande diversidade de vida e nos oferece in\u00fameras paisagens surpreendentes.\" \/>\n<meta property=\"og:url\" content=\"https:\/\/blogs.funiber.org\/pt\/meio-ambiente\/2023\/10\/12\/cor-oceano-mudando-devido-mudancas-climaticas\" \/>\n<meta property=\"og:site_name\" content=\"FuniBlogs - FUNIBER\" \/>\n<meta property=\"article:publisher\" content=\"https:\/\/www.facebook.com\/funiber\" \/>\n<meta property=\"article:published_time\" content=\"2023-10-12T18:10:13+00:00\" \/>\n<meta property=\"article:modified_time\" content=\"2023-12-20T18:17:53+00:00\" \/>\n<meta property=\"og:image\" content=\"https:\/\/blogs.funiber.org\/pt\/wp-content\/uploads\/2023\/12\/oceano.jpg\" \/>\n\t<meta property=\"og:image:width\" content=\"570\" \/>\n\t<meta property=\"og:image:height\" content=\"350\" \/>\n\t<meta property=\"og:image:type\" content=\"image\/jpeg\" \/>\n<meta name=\"author\" content=\"Contenido GT2\" \/>\n<meta name=\"twitter:card\" content=\"summary_large_image\" \/>\n<meta name=\"twitter:creator\" content=\"@FUNIBER\" \/>\n<meta name=\"twitter:site\" content=\"@FUNIBER\" \/>\n<meta name=\"twitter:label1\" content=\"Escrito por\" \/>\n\t<meta name=\"twitter:data1\" content=\"Contenido GT2\" \/>\n\t<meta name=\"twitter:label2\" content=\"Est. tempo de leitura\" \/>\n\t<meta name=\"twitter:data2\" content=\"5 minutos\" \/>\n<script type=\"application\/ld+json\" class=\"yoast-schema-graph\">{\"@context\":\"https:\/\/schema.org\",\"@graph\":[{\"@type\":\"Article\",\"@id\":\"https:\/\/blogs.funiber.org\/pt\/meio-ambiente\/2023\/10\/12\/cor-oceano-mudando-devido-mudancas-climaticas#article\",\"isPartOf\":{\"@id\":\"https:\/\/blogs.funiber.org\/pt\/meio-ambiente\/2023\/10\/12\/cor-oceano-mudando-devido-mudancas-climaticas\"},\"author\":{\"name\":\"Contenido GT2\",\"@id\":\"https:\/\/blogs.funiber.org\/pt\/#\/schema\/person\/b677abb5cf2a95713b98e17c31742c09\"},\"headline\":\"A cor do oceano est\u00e1 mudando devido \u00e0s mudan\u00e7as clim\u00e1ticas\",\"datePublished\":\"2023-10-12T18:10:13+00:00\",\"dateModified\":\"2023-12-20T18:17:53+00:00\",\"mainEntityOfPage\":{\"@id\":\"https:\/\/blogs.funiber.org\/pt\/meio-ambiente\/2023\/10\/12\/cor-oceano-mudando-devido-mudancas-climaticas\"},\"wordCount\":922,\"publisher\":{\"@id\":\"https:\/\/blogs.funiber.org\/pt\/#organization\"},\"keywords\":[\"Alunos FUNIBER\",\"Bolsas\",\"curso online\",\"Educa\u00e7\u00e3o\",\"Educa\u00e7\u00e3o a Dist\u00e2ncia\",\"especialidade\",\"especialidade a dist\u00e2ncia\",\"Funiber\",\"treinamento a dist\u00e2ncia\"],\"articleSection\":[\"Meio Ambiente\"],\"inLanguage\":\"pt-BR\"},{\"@type\":\"WebPage\",\"@id\":\"https:\/\/blogs.funiber.org\/pt\/meio-ambiente\/2023\/10\/12\/cor-oceano-mudando-devido-mudancas-climaticas\",\"url\":\"https:\/\/blogs.funiber.org\/pt\/meio-ambiente\/2023\/10\/12\/cor-oceano-mudando-devido-mudancas-climaticas\",\"name\":\"A cor do oceano est\u00e1 mudando devido \u00e0s mudan\u00e7as clim\u00e1ticas\",\"isPartOf\":{\"@id\":\"https:\/\/blogs.funiber.org\/pt\/#website\"},\"datePublished\":\"2023-10-12T18:10:13+00:00\",\"dateModified\":\"2023-12-20T18:17:53+00:00\",\"description\":\"O oceano, vasto e misterioso, \u00e9 o lar de uma grande diversidade de vida e nos oferece in\u00fameras paisagens surpreendentes.\",\"breadcrumb\":{\"@id\":\"https:\/\/blogs.funiber.org\/pt\/meio-ambiente\/2023\/10\/12\/cor-oceano-mudando-devido-mudancas-climaticas#breadcrumb\"},\"inLanguage\":\"pt-BR\",\"potentialAction\":[{\"@type\":\"ReadAction\",\"target\":[\"https:\/\/blogs.funiber.org\/pt\/meio-ambiente\/2023\/10\/12\/cor-oceano-mudando-devido-mudancas-climaticas\"]}]},{\"@type\":\"BreadcrumbList\",\"@id\":\"https:\/\/blogs.funiber.org\/pt\/meio-ambiente\/2023\/10\/12\/cor-oceano-mudando-devido-mudancas-climaticas#breadcrumb\",\"itemListElement\":[{\"@type\":\"ListItem\",\"position\":1,\"name\":\"In\u00edcio\",\"item\":\"https:\/\/blogs.funiber.org\/pt\"},{\"@type\":\"ListItem\",\"position\":2,\"name\":\"A cor do oceano est\u00e1 mudando devido \u00e0s mudan\u00e7as clim\u00e1ticas\"}]},{\"@type\":\"WebSite\",\"@id\":\"https:\/\/blogs.funiber.org\/pt\/#website\",\"url\":\"https:\/\/blogs.funiber.org\/pt\/\",\"name\":\"FuniBlogs - FUNIBER\",\"description\":\"\",\"publisher\":{\"@id\":\"https:\/\/blogs.funiber.org\/pt\/#organization\"},\"potentialAction\":[{\"@type\":\"SearchAction\",\"target\":{\"@type\":\"EntryPoint\",\"urlTemplate\":\"https:\/\/blogs.funiber.org\/pt\/?s={search_term_string}\"},\"query-input\":\"required name=search_term_string\"}],\"inLanguage\":\"pt-BR\"},{\"@type\":\"Organization\",\"@id\":\"https:\/\/blogs.funiber.org\/pt\/#organization\",\"name\":\"FuniBlogs - FUNIBER\",\"url\":\"https:\/\/blogs.funiber.org\/pt\/\",\"logo\":{\"@type\":\"ImageObject\",\"inLanguage\":\"pt-BR\",\"@id\":\"https:\/\/blogs.funiber.org\/pt\/#\/schema\/logo\/image\/\",\"url\":\"https:\/\/www.funiber.blog\/pt\/wp-content\/uploads\/2022\/02\/logo-funiber-pt-br-v-dos.svg\",\"contentUrl\":\"https:\/\/www.funiber.blog\/pt\/wp-content\/uploads\/2022\/02\/logo-funiber-pt-br-v-dos.svg\",\"width\":1,\"height\":1,\"caption\":\"FuniBlogs - FUNIBER\"},\"image\":{\"@id\":\"https:\/\/blogs.funiber.org\/pt\/#\/schema\/logo\/image\/\"},\"sameAs\":[\"https:\/\/www.facebook.com\/funiber\",\"https:\/\/twitter.com\/FUNIBER\",\"https:\/\/www.instagram.com\/funiber_becas\",\"https:\/\/www.youtube.com\/user\/funiber\",\"https:\/\/www.linkedin.com\/company\/funiber\"]},{\"@type\":\"Person\",\"@id\":\"https:\/\/blogs.funiber.org\/pt\/#\/schema\/person\/b677abb5cf2a95713b98e17c31742c09\",\"name\":\"Contenido GT2\",\"image\":{\"@type\":\"ImageObject\",\"inLanguage\":\"pt-BR\",\"@id\":\"https:\/\/blogs.funiber.org\/pt\/#\/schema\/person\/image\/\",\"url\":\"https:\/\/secure.gravatar.com\/avatar\/b5a02967a8912eb95241dfff01da0fab?s=96&d=mm&r=g\",\"contentUrl\":\"https:\/\/secure.gravatar.com\/avatar\/b5a02967a8912eb95241dfff01da0fab?s=96&d=mm&r=g\",\"caption\":\"Contenido GT2\"},\"url\":\"https:\/\/www.funiber.blog\/pt\/author\/contenido-gt2\"}]}<\/script>\n<!-- \/ Yoast SEO plugin. -->","yoast_head_json":{"title":"A cor do oceano est\u00e1 mudando devido \u00e0s mudan\u00e7as clim\u00e1ticas","description":"O oceano, vasto e misterioso, \u00e9 o lar de uma grande diversidade de vida e nos oferece in\u00fameras paisagens surpreendentes.","robots":{"index":"index","follow":"follow","max-snippet":"max-snippet:-1","max-image-preview":"max-image-preview:large","max-video-preview":"max-video-preview:-1"},"canonical":"https:\/\/blogs.funiber.org\/pt\/meio-ambiente\/2023\/10\/12\/cor-oceano-mudando-devido-mudancas-climaticas","og_locale":"pt_BR","og_type":"article","og_title":"A cor do oceano est\u00e1 mudando devido \u00e0s mudan\u00e7as clim\u00e1ticas","og_description":"O oceano, vasto e misterioso, \u00e9 o lar de uma grande diversidade de vida e nos oferece in\u00fameras paisagens surpreendentes.","og_url":"https:\/\/blogs.funiber.org\/pt\/meio-ambiente\/2023\/10\/12\/cor-oceano-mudando-devido-mudancas-climaticas","og_site_name":"FuniBlogs - FUNIBER","article_publisher":"https:\/\/www.facebook.com\/funiber","article_published_time":"2023-10-12T18:10:13+00:00","article_modified_time":"2023-12-20T18:17:53+00:00","og_image":[{"width":570,"height":350,"url":"https:\/\/blogs.funiber.org\/pt\/wp-content\/uploads\/2023\/12\/oceano.jpg","type":"image\/jpeg"}],"author":"Contenido GT2","twitter_card":"summary_large_image","twitter_creator":"@FUNIBER","twitter_site":"@FUNIBER","twitter_misc":{"Escrito por":"Contenido GT2","Est. tempo de leitura":"5 minutos"},"schema":{"@context":"https:\/\/schema.org","@graph":[{"@type":"Article","@id":"https:\/\/blogs.funiber.org\/pt\/meio-ambiente\/2023\/10\/12\/cor-oceano-mudando-devido-mudancas-climaticas#article","isPartOf":{"@id":"https:\/\/blogs.funiber.org\/pt\/meio-ambiente\/2023\/10\/12\/cor-oceano-mudando-devido-mudancas-climaticas"},"author":{"name":"Contenido GT2","@id":"https:\/\/blogs.funiber.org\/pt\/#\/schema\/person\/b677abb5cf2a95713b98e17c31742c09"},"headline":"A cor do oceano est\u00e1 mudando devido \u00e0s mudan\u00e7as clim\u00e1ticas","datePublished":"2023-10-12T18:10:13+00:00","dateModified":"2023-12-20T18:17:53+00:00","mainEntityOfPage":{"@id":"https:\/\/blogs.funiber.org\/pt\/meio-ambiente\/2023\/10\/12\/cor-oceano-mudando-devido-mudancas-climaticas"},"wordCount":922,"publisher":{"@id":"https:\/\/blogs.funiber.org\/pt\/#organization"},"keywords":["Alunos FUNIBER","Bolsas","curso online","Educa\u00e7\u00e3o","Educa\u00e7\u00e3o a Dist\u00e2ncia","especialidade","especialidade a dist\u00e2ncia","Funiber","treinamento a dist\u00e2ncia"],"articleSection":["Meio Ambiente"],"inLanguage":"pt-BR"},{"@type":"WebPage","@id":"https:\/\/blogs.funiber.org\/pt\/meio-ambiente\/2023\/10\/12\/cor-oceano-mudando-devido-mudancas-climaticas","url":"https:\/\/blogs.funiber.org\/pt\/meio-ambiente\/2023\/10\/12\/cor-oceano-mudando-devido-mudancas-climaticas","name":"A cor do oceano est\u00e1 mudando devido \u00e0s mudan\u00e7as clim\u00e1ticas","isPartOf":{"@id":"https:\/\/blogs.funiber.org\/pt\/#website"},"datePublished":"2023-10-12T18:10:13+00:00","dateModified":"2023-12-20T18:17:53+00:00","description":"O oceano, vasto e misterioso, \u00e9 o lar de uma grande diversidade de vida e nos oferece in\u00fameras paisagens surpreendentes.","breadcrumb":{"@id":"https:\/\/blogs.funiber.org\/pt\/meio-ambiente\/2023\/10\/12\/cor-oceano-mudando-devido-mudancas-climaticas#breadcrumb"},"inLanguage":"pt-BR","potentialAction":[{"@type":"ReadAction","target":["https:\/\/blogs.funiber.org\/pt\/meio-ambiente\/2023\/10\/12\/cor-oceano-mudando-devido-mudancas-climaticas"]}]},{"@type":"BreadcrumbList","@id":"https:\/\/blogs.funiber.org\/pt\/meio-ambiente\/2023\/10\/12\/cor-oceano-mudando-devido-mudancas-climaticas#breadcrumb","itemListElement":[{"@type":"ListItem","position":1,"name":"In\u00edcio","item":"https:\/\/blogs.funiber.org\/pt"},{"@type":"ListItem","position":2,"name":"A cor do oceano est\u00e1 mudando devido \u00e0s mudan\u00e7as clim\u00e1ticas"}]},{"@type":"WebSite","@id":"https:\/\/blogs.funiber.org\/pt\/#website","url":"https:\/\/blogs.funiber.org\/pt\/","name":"FuniBlogs - FUNIBER","description":"","publisher":{"@id":"https:\/\/blogs.funiber.org\/pt\/#organization"},"potentialAction":[{"@type":"SearchAction","target":{"@type":"EntryPoint","urlTemplate":"https:\/\/blogs.funiber.org\/pt\/?s={search_term_string}"},"query-input":"required name=search_term_string"}],"inLanguage":"pt-BR"},{"@type":"Organization","@id":"https:\/\/blogs.funiber.org\/pt\/#organization","name":"FuniBlogs - FUNIBER","url":"https:\/\/blogs.funiber.org\/pt\/","logo":{"@type":"ImageObject","inLanguage":"pt-BR","@id":"https:\/\/blogs.funiber.org\/pt\/#\/schema\/logo\/image\/","url":"https:\/\/www.funiber.blog\/pt\/wp-content\/uploads\/2022\/02\/logo-funiber-pt-br-v-dos.svg","contentUrl":"https:\/\/www.funiber.blog\/pt\/wp-content\/uploads\/2022\/02\/logo-funiber-pt-br-v-dos.svg","width":1,"height":1,"caption":"FuniBlogs - FUNIBER"},"image":{"@id":"https:\/\/blogs.funiber.org\/pt\/#\/schema\/logo\/image\/"},"sameAs":["https:\/\/www.facebook.com\/funiber","https:\/\/twitter.com\/FUNIBER","https:\/\/www.instagram.com\/funiber_becas","https:\/\/www.youtube.com\/user\/funiber","https:\/\/www.linkedin.com\/company\/funiber"]},{"@type":"Person","@id":"https:\/\/blogs.funiber.org\/pt\/#\/schema\/person\/b677abb5cf2a95713b98e17c31742c09","name":"Contenido GT2","image":{"@type":"ImageObject","inLanguage":"pt-BR","@id":"https:\/\/blogs.funiber.org\/pt\/#\/schema\/person\/image\/","url":"https:\/\/secure.gravatar.com\/avatar\/b5a02967a8912eb95241dfff01da0fab?s=96&d=mm&r=g","contentUrl":"https:\/\/secure.gravatar.com\/avatar\/b5a02967a8912eb95241dfff01da0fab?s=96&d=mm&r=g","caption":"Contenido GT2"},"url":"https:\/\/www.funiber.blog\/pt\/author\/contenido-gt2"}]}},"jetpack_featured_media_url":"https:\/\/www.funiber.blog\/pt\/wp-content\/uploads\/2023\/12\/oceano.jpg","jetpack_shortlink":"https:\/\/wp.me\/p7ee1t-7Aw","jetpack_sharing_enabled":true,"_links":{"self":[{"href":"https:\/\/www.funiber.blog\/pt\/wp-json\/wp\/v2\/posts\/29172"}],"collection":[{"href":"https:\/\/www.funiber.blog\/pt\/wp-json\/wp\/v2\/posts"}],"about":[{"href":"https:\/\/www.funiber.blog\/pt\/wp-json\/wp\/v2\/types\/post"}],"author":[{"embeddable":true,"href":"https:\/\/www.funiber.blog\/pt\/wp-json\/wp\/v2\/users\/33"}],"replies":[{"embeddable":true,"href":"https:\/\/www.funiber.blog\/pt\/wp-json\/wp\/v2\/comments?post=29172"}],"version-history":[{"count":1,"href":"https:\/\/www.funiber.blog\/pt\/wp-json\/wp\/v2\/posts\/29172\/revisions"}],"predecessor-version":[{"id":29175,"href":"https:\/\/www.funiber.blog\/pt\/wp-json\/wp\/v2\/posts\/29172\/revisions\/29175"}],"wp:featuredmedia":[{"embeddable":true,"href":"https:\/\/www.funiber.blog\/pt\/wp-json\/wp\/v2\/media\/29174"}],"wp:attachment":[{"href":"https:\/\/www.funiber.blog\/pt\/wp-json\/wp\/v2\/media?parent=29172"}],"wp:term":[{"taxonomy":"category","embeddable":true,"href":"https:\/\/www.funiber.blog\/pt\/wp-json\/wp\/v2\/categories?post=29172"},{"taxonomy":"post_tag","embeddable":true,"href":"https:\/\/www.funiber.blog\/pt\/wp-json\/wp\/v2\/tags?post=29172"}],"curies":[{"name":"wp","href":"https:\/\/api.w.org\/{rel}","templated":true}]}}