{"id":29578,"date":"2024-02-21T10:46:32","date_gmt":"2024-02-21T15:46:32","guid":{"rendered":"https:\/\/blogs.funiber.org\/pt\/?p=29578"},"modified":"2024-02-22T10:58:39","modified_gmt":"2024-02-22T15:58:39","slug":"ascensao-consumidor-consciencia-ecologica-demanda-produtos-sustentaveis","status":"publish","type":"post","link":"https:\/\/www.funiber.blog\/pt\/meio-ambiente\/2024\/02\/21\/ascensao-consumidor-consciencia-ecologica-demanda-produtos-sustentaveis","title":{"rendered":"Ascens\u00e3o do consumidor com consci\u00eancia ecol\u00f3gica: demanda de produtos sustent\u00e1veis"},"content":{"rendered":"\n<h2 class=\"wp-block-heading\"><strong>Nos \u00faltimos anos, o surgimento do consumidor ecologicamente consciente transformou o cen\u00e1rio dos neg\u00f3cios, desafiando empresas e marcas a reavaliarem suas pr\u00e1ticas.<\/strong><\/h2>\n\n\n\n<p>Essa mudan\u00e7a \u00e9 impulsionada por uma demanda crescente por produtos e servi\u00e7os sustent\u00e1veis, dur\u00e1veis e \u00e9ticos. Como os consumidores priorizam a responsabilidade ambiental, as empresas s\u00e3o for\u00e7adas a se adaptar, o que leva a uma transforma\u00e7\u00e3o significativa na forma como os produtos s\u00e3o produzidos e comercializados.<\/p>\n\n\n\n<h2 class=\"wp-block-heading\"><strong>O que significa ser um consumidor ecol\u00f3gico ou comprometido com o meio ambiente?<\/strong><strong><\/strong><\/h2>\n\n\n\n<p>Ser um consumidor com consci\u00eancia ecol\u00f3gica significa tomar decis\u00f5es de compra com base no impacto ambiental, na sustentabilidade e em considera\u00e7\u00f5es \u00e9ticas. Representa uma escolha consciente de apoiar produtos e servi\u00e7os que se alinham com seus valores de sustentabilidade e \u00e9tica. Essa mentalidade vai al\u00e9m da satisfa\u00e7\u00e3o pessoal, refletindo um compromisso mais amplo com o bem-estar do planeta. De acordo com a pesquisa da PwC, esse compromisso n\u00e3o se limita a uma faixa et\u00e1ria espec\u00edfica, destacando um desejo generalizado e intergeracional por escolhas ecologicamente corretas.<\/p>\n\n\n\n<h2 class=\"wp-block-heading\"><strong>Quem consome mais produtos org\u00e2nicos?<\/strong><strong><\/strong><\/h2>\n\n\n\n<p>Surpreendentemente, a tend\u00eancia de consumo comprometido com o meio ambiente n\u00e3o se limita a um nicho de mercado. Estudos, como o destacado pelo tradecorp.com.es, revelam que os consumidores mais jovens, especialmente os de 18 a 29 anos, est\u00e3o mais inclinados a consumir produtos org\u00e2nicos. Esse grupo demogr\u00e1fico reconhece a import\u00e2ncia de apoiar pr\u00e1ticas agr\u00edcolas sustent\u00e1veis, o que impulsiona a popularidade dos produtos org\u00e2nicos entre os consumidores comprometidos com o meio ambiente. A \u00eanfase em produtos org\u00e2nicos indica uma consci\u00eancia e uma prefer\u00eancia mais amplas por escolhas \u00e9ticas e sustent\u00e1veis.<\/p>\n\n\n<div class=\"wp-block-image\">\n<figure class=\"aligncenter size-full\"><img loading=\"lazy\" decoding=\"async\" width=\"570\" height=\"350\" data-attachment-id=\"29579\" data-permalink=\"https:\/\/www.funiber.blog\/pt\/meio-ambiente\/2024\/02\/21\/ascensao-consumidor-consciencia-ecologica-demanda-produtos-sustentaveis\/attachment\/eco-bag-with-sign-no-more-plastic-on-young-girl-shoulder-2\" data-orig-file=\"https:\/\/www.funiber.blog\/pt\/wp-content\/uploads\/2024\/02\/gettyimages-unobill\u00f3nunociensetenta-unomill\u00f3ncuatrocienochenta-nuevemilsietecienuno-cincociensetenta-.jpg\" data-orig-size=\"570,350\" data-comments-opened=\"0\" data-image-meta=\"{&quot;aperture&quot;:&quot;5.6&quot;,&quot;credit&quot;:&quot;Getty Images\\\/iStockphoto&quot;,&quot;camera&quot;:&quot;X-T30&quot;,&quot;caption&quot;:&quot;Eco bag  with sign NO MORE PLASTIC on young girl shoulder&quot;,&quot;created_timestamp&quot;:&quot;1565136000&quot;,&quot;copyright&quot;:&quot;&quot;,&quot;focal_length&quot;:&quot;42.5&quot;,&quot;iso&quot;:&quot;100&quot;,&quot;shutter_speed&quot;:&quot;0.002&quot;,&quot;title&quot;:&quot;Eco bag  with sign NO MORE PLASTIC on young girl shoulder&quot;,&quot;orientation&quot;:&quot;1&quot;}\" data-image-title=\"eco-bag-with-sign-no-more-plastic-on-young-girl-shoulder\" data-image-description=\"&lt;p&gt;eco-bag-with-sign-no-more-plastic-on-young-girl-shoulder&lt;\/p&gt;\n\" data-image-caption=\"&lt;p&gt;eco-bag-with-sign-no-more-plastic-on-young-girl-shoulder&lt;\/p&gt;\n\" data-medium-file=\"https:\/\/www.funiber.blog\/pt\/wp-content\/uploads\/2024\/02\/gettyimages-unobill\u00f3nunociensetenta-unomill\u00f3ncuatrocienochenta-nuevemilsietecienuno-cincociensetenta--400x246.jpg\" data-large-file=\"https:\/\/www.funiber.blog\/pt\/wp-content\/uploads\/2024\/02\/gettyimages-unobill\u00f3nunociensetenta-unomill\u00f3ncuatrocienochenta-nuevemilsietecienuno-cincociensetenta--400x246.jpg\" src=\"https:\/\/www.funiber.blog\/pt\/wp-content\/uploads\/2024\/02\/gettyimages-unobill\u00f3nunociensetenta-unomill\u00f3ncuatrocienochenta-nuevemilsietecienuno-cincociensetenta-.jpg\" alt=\"Um grupo de crian\u00e7as recebe a sua educa\u00e7\u00e3o c\u00edvica na escola. \" class=\"wp-image-29579\" title=\"Um grupo de crian\u00e7as recebe a sua educa\u00e7\u00e3o c\u00edvica na escola. \" srcset=\"https:\/\/www.funiber.blog\/pt\/wp-content\/uploads\/2024\/02\/gettyimages-unobill\u00f3nunociensetenta-unomill\u00f3ncuatrocienochenta-nuevemilsietecienuno-cincociensetenta-.jpg 570w, https:\/\/www.funiber.blog\/pt\/wp-content\/uploads\/2024\/02\/gettyimages-unobill\u00f3nunociensetenta-unomill\u00f3ncuatrocienochenta-nuevemilsietecienuno-cincociensetenta--400x246.jpg 400w\" sizes=\"(max-width: 570px) 100vw, 570px\" \/><figcaption class=\"wp-element-caption\">Os valores incutidos pela educa\u00e7\u00e3o c\u00edvica permitem a forma\u00e7\u00e3o de cidad\u00e3os respons\u00e1veis e \u00e9ticos.<\/figcaption><\/figure><\/div>\n\n\n<h2 class=\"wp-block-heading\"><strong>O que \u00e9 produ\u00e7\u00e3o sustent\u00e1vel?<\/strong><strong><\/strong><\/h2>\n\n\n\n<p>Produ\u00e7\u00e3o sustent\u00e1vel significa adotar processos de fabrica\u00e7\u00e3o que n\u00e3o agridem o meio ambiente, reduzindo as emiss\u00f5es de carbono e minimizando o desperd\u00edcio. As empresas est\u00e3o integrando pr\u00e1ticas sustent\u00e1veis em todo o ciclo de vida do produto para atender \u00e0s demandas dos consumidores comprometidos com o meio ambiente. Essa abordagem hol\u00edstica n\u00e3o apenas se alinha \u00e0s prefer\u00eancias do consumidor, mas tamb\u00e9m contribui para o bem-estar geral do planeta. A produ\u00e7\u00e3o sustent\u00e1vel \u00e9 um componente fundamental na mudan\u00e7a mais ampla para a cria\u00e7\u00e3o de um ecossistema de neg\u00f3cios mais consciente em rela\u00e7\u00e3o ao meio ambiente e socialmente respons\u00e1vel.<\/p>\n\n\n\n<h2 class=\"wp-block-heading\"><strong>Por que usar produtos sustent\u00e1veis?<\/strong><strong><\/strong><\/h2>\n\n\n\n<p>O uso de produtos sustent\u00e1veis \u00e9 essencial para minimizar os danos ambientais e promover uma cultura de consumo \u00e9tico. Os consumidores comprometidos com o meio ambiente escolhem ativamente produtos com impactos negativos m\u00ednimos sobre os ecossistemas e que apoiam pr\u00e1ticas trabalhistas justas. A escolha de produtos sustent\u00e1veis \u00e9 uma forma tang\u00edvel de os consumidores contribu\u00edrem para um planeta mais saud\u00e1vel. \u00c0 medida que cresce a conscientiza\u00e7\u00e3o sobre a interconex\u00e3o global, a demanda por produtos sustent\u00e1veis e \u00e9ticos continua a aumentar, incentivando as empresas a priorizar a sustentabilidade em suas ofertas.<\/p>\n\n\n\n<h2 class=\"wp-block-heading\"><strong>Conclus\u00e3o<\/strong><strong><\/strong><\/h2>\n\n\n\n<p>Em conclus\u00e3o, o aumento do consumidor ecologicamente consciente est\u00e1 moldando os setores e for\u00e7ando as empresas a se adaptarem a uma nova era de sustentabilidade e \u00e9tica. A crescente demanda por produtos sustent\u00e1veis, dur\u00e1veis e \u00e9ticos reflete um compromisso coletivo com a responsabilidade ambiental. Como as empresas respondem a essas mudan\u00e7as nas prefer\u00eancias dos consumidores, o mercado est\u00e1 testemunhando uma transforma\u00e7\u00e3o positiva em dire\u00e7\u00e3o a um futuro mais ecol\u00f3gico e socialmente respons\u00e1vel. Essa mudan\u00e7a n\u00e3o apenas beneficia o planeta, mas tamb\u00e9m incentiva uma mudan\u00e7a cultural mais ampla em dire\u00e7\u00e3o ao consumismo consciente.<\/p>\n\n\n\n<h2 class=\"wp-block-heading\"><strong>Continue com sua forma\u00e7\u00e3o profissional<\/strong><\/h2>\n\n\n\n<p>Em meio \u00e0 crescente conscientiza\u00e7\u00e3o ambiental, \u00e9 essencial equipar-se com as habilidades e o conhecimento para causar um impacto positivo. \u00c0 medida que o mundo reconhece a import\u00e2ncia do consumo respons\u00e1vel e da sustentabilidade, a demanda por profissionais de gest\u00e3o e auditoria ambiental continua a crescer. Na <a href=\"https:\/\/www.funiber.org.br\/\">FUNIBER<\/a>, oferecemos o <a href=\"https:\/\/www.funiber.org.br\/mestrado-em-gestao-e-auditorias-ambientais\">Mestrado em Gest\u00e3o e Auditorias Ambientais<\/a>, que n\u00e3o s\u00f3 se alinha perfeitamente com a tend\u00eancia atual de consumo respons\u00e1vel, mas tamb\u00e9m capacita os alunos a fazer uma diferen\u00e7a tang\u00edvel em suas carreiras.<\/p>\n\n\n\n<p>Se voc\u00ea \u00e9 apaixonado por gerar um impacto positivo no planeta e deseja se tornar um especialista em consumo respons\u00e1vel e sustentabilidade ambiental, nosso Mestrado em Gest\u00e3o e Auditorias Ambientais \u00e9 a escolha perfeita. Junte-se a n\u00f3s e embarque em uma experi\u00eancia educacional transformadora que o equipar\u00e1 com o conhecimento para moldar um futuro melhor e mais verde.<\/p>\n\n\n\n<p><strong><u>Fontes:<\/u><\/strong> <a href=\"https:\/\/ideas.pwc.es\/archivos\/20210716\/el-auge-del-consumidor-eco-comprometido\/\">El auge del consumidor eco-comprometido<\/a><\/p>\n","protected":false},"excerpt":{"rendered":"<p>Nos \u00faltimos anos, o surgimento do consumidor ecologicamente consciente transformou o cen\u00e1rio dos neg\u00f3cios, desafiando empresas e marcas a reavaliarem suas pr\u00e1ticas. Essa mudan\u00e7a \u00e9 impulsionada por uma demanda crescente por produtos e servi\u00e7os sustent\u00e1veis, dur\u00e1veis e \u00e9ticos. Como os consumidores priorizam a responsabilidade ambiental, as empresas s\u00e3o for\u00e7adas a se adaptar, o que leva [&hellip;]<\/p>\n","protected":false},"author":33,"featured_media":29580,"comment_status":"closed","ping_status":"closed","sticky":false,"template":"","format":"standard","meta":{"jetpack_post_was_ever_published":false,"_jetpack_newsletter_access":"","_jetpack_newsletter_tier_id":0,"footnotes":"","jetpack_publicize_message":"","jetpack_is_tweetstorm":false,"jetpack_publicize_feature_enabled":true,"jetpack_social_post_already_shared":true,"jetpack_social_options":{"image_generator_settings":{"template":"highway","enabled":false}}},"categories":[2],"tags":[1770,8955,8954,3257,285,8390,8320,248,3229,671,8956,8227,84],"jetpack_publicize_connections":[],"yoast_head":"<!-- This site is optimized with the Yoast SEO plugin v21.7 - https:\/\/yoast.com\/wordpress\/plugins\/seo\/ -->\n<title>Ascens\u00e3o do consumidor com consci\u00eancia ecol\u00f3gica: demanda de produtos sustent\u00e1veis<\/title>\n<meta name=\"description\" content=\"Ser um consumidor com consci\u00eancia ecol\u00f3gica significa tomar decis\u00f5es de compra com base no impacto ambiental, na sustentabilidade e em considera\u00e7\u00f5es \u00e9ticas.\" \/>\n<meta name=\"robots\" content=\"index, follow, max-snippet:-1, max-image-preview:large, max-video-preview:-1\" \/>\n<link rel=\"canonical\" href=\"https:\/\/blogs.funiber.org\/pt\/meio-ambiente\/2024\/02\/21\/ascensao-consumidor-consciencia-ecologica-demanda-produtos-sustentaveis\" \/>\n<meta property=\"og:locale\" content=\"pt_BR\" \/>\n<meta property=\"og:type\" content=\"article\" \/>\n<meta property=\"og:title\" content=\"Ascens\u00e3o do consumidor com consci\u00eancia ecol\u00f3gica: demanda de produtos sustent\u00e1veis\" \/>\n<meta property=\"og:description\" content=\"Ser um consumidor com consci\u00eancia ecol\u00f3gica significa tomar decis\u00f5es de compra com base no impacto ambiental, na sustentabilidade e em considera\u00e7\u00f5es \u00e9ticas.\" \/>\n<meta property=\"og:url\" content=\"https:\/\/blogs.funiber.org\/pt\/meio-ambiente\/2024\/02\/21\/ascensao-consumidor-consciencia-ecologica-demanda-produtos-sustentaveis\" \/>\n<meta property=\"og:site_name\" content=\"FuniBlogs - FUNIBER\" \/>\n<meta property=\"article:publisher\" content=\"https:\/\/www.facebook.com\/funiber\" \/>\n<meta property=\"article:published_time\" content=\"2024-02-21T15:46:32+00:00\" \/>\n<meta property=\"article:modified_time\" content=\"2024-02-22T15:58:39+00:00\" \/>\n<meta property=\"og:image\" content=\"https:\/\/blogs.funiber.org\/pt\/wp-content\/uploads\/2024\/02\/gettyimages-unobill\u00f3ncuatrociensetenta-cincomill\u00f3ntresciensetenta-cuatromilcuatrociencuarenta-siete-cincociensetenta-.jpg\" \/>\n\t<meta property=\"og:image:width\" content=\"570\" \/>\n\t<meta property=\"og:image:height\" content=\"350\" \/>\n\t<meta property=\"og:image:type\" content=\"image\/jpeg\" \/>\n<meta name=\"author\" content=\"Contenido GT2\" \/>\n<meta name=\"twitter:card\" content=\"summary_large_image\" \/>\n<meta name=\"twitter:creator\" content=\"@FUNIBER\" \/>\n<meta name=\"twitter:site\" content=\"@FUNIBER\" \/>\n<meta name=\"twitter:label1\" content=\"Escrito por\" \/>\n\t<meta name=\"twitter:data1\" content=\"Contenido GT2\" \/>\n\t<meta name=\"twitter:label2\" content=\"Est. tempo de leitura\" \/>\n\t<meta name=\"twitter:data2\" content=\"5 minutos\" \/>\n<script type=\"application\/ld+json\" class=\"yoast-schema-graph\">{\"@context\":\"https:\/\/schema.org\",\"@graph\":[{\"@type\":\"Article\",\"@id\":\"https:\/\/blogs.funiber.org\/pt\/meio-ambiente\/2024\/02\/21\/ascensao-consumidor-consciencia-ecologica-demanda-produtos-sustentaveis#article\",\"isPartOf\":{\"@id\":\"https:\/\/blogs.funiber.org\/pt\/meio-ambiente\/2024\/02\/21\/ascensao-consumidor-consciencia-ecologica-demanda-produtos-sustentaveis\"},\"author\":{\"name\":\"Contenido GT2\",\"@id\":\"https:\/\/blogs.funiber.org\/pt\/#\/schema\/person\/b677abb5cf2a95713b98e17c31742c09\"},\"headline\":\"Ascens\u00e3o do consumidor com consci\u00eancia ecol\u00f3gica: demanda de produtos sustent\u00e1veis\",\"datePublished\":\"2024-02-21T15:46:32+00:00\",\"dateModified\":\"2024-02-22T15:58:39+00:00\",\"mainEntityOfPage\":{\"@id\":\"https:\/\/blogs.funiber.org\/pt\/meio-ambiente\/2024\/02\/21\/ascensao-consumidor-consciencia-ecologica-demanda-produtos-sustentaveis\"},\"wordCount\":824,\"publisher\":{\"@id\":\"https:\/\/blogs.funiber.org\/pt\/#organization\"},\"keywords\":[\"Bolsas de Estudo\",\"consumidor ecocomprometido\",\"consumo sustent\u00e1vel\",\"curso online\",\"Educa\u00e7\u00e3o\",\"especialidade\",\"forma\u00e7\u00e3o a dist\u00e2ncia\",\"Funiber\",\"impacto ambiental\",\"mestrado\",\"produtos sustent\u00e1veis\",\"responsabilidade ambiental\",\"Sustentabilidade\"],\"articleSection\":[\"Meio Ambiente\"],\"inLanguage\":\"pt-BR\"},{\"@type\":\"WebPage\",\"@id\":\"https:\/\/blogs.funiber.org\/pt\/meio-ambiente\/2024\/02\/21\/ascensao-consumidor-consciencia-ecologica-demanda-produtos-sustentaveis\",\"url\":\"https:\/\/blogs.funiber.org\/pt\/meio-ambiente\/2024\/02\/21\/ascensao-consumidor-consciencia-ecologica-demanda-produtos-sustentaveis\",\"name\":\"Ascens\u00e3o do consumidor com consci\u00eancia ecol\u00f3gica: demanda de produtos sustent\u00e1veis\",\"isPartOf\":{\"@id\":\"https:\/\/blogs.funiber.org\/pt\/#website\"},\"datePublished\":\"2024-02-21T15:46:32+00:00\",\"dateModified\":\"2024-02-22T15:58:39+00:00\",\"description\":\"Ser um consumidor com consci\u00eancia ecol\u00f3gica significa tomar decis\u00f5es de compra com base no impacto ambiental, na sustentabilidade e em considera\u00e7\u00f5es \u00e9ticas.\",\"breadcrumb\":{\"@id\":\"https:\/\/blogs.funiber.org\/pt\/meio-ambiente\/2024\/02\/21\/ascensao-consumidor-consciencia-ecologica-demanda-produtos-sustentaveis#breadcrumb\"},\"inLanguage\":\"pt-BR\",\"potentialAction\":[{\"@type\":\"ReadAction\",\"target\":[\"https:\/\/blogs.funiber.org\/pt\/meio-ambiente\/2024\/02\/21\/ascensao-consumidor-consciencia-ecologica-demanda-produtos-sustentaveis\"]}]},{\"@type\":\"BreadcrumbList\",\"@id\":\"https:\/\/blogs.funiber.org\/pt\/meio-ambiente\/2024\/02\/21\/ascensao-consumidor-consciencia-ecologica-demanda-produtos-sustentaveis#breadcrumb\",\"itemListElement\":[{\"@type\":\"ListItem\",\"position\":1,\"name\":\"In\u00edcio\",\"item\":\"https:\/\/blogs.funiber.org\/pt\"},{\"@type\":\"ListItem\",\"position\":2,\"name\":\"Ascens\u00e3o do consumidor com consci\u00eancia ecol\u00f3gica: demanda de produtos sustent\u00e1veis\"}]},{\"@type\":\"WebSite\",\"@id\":\"https:\/\/blogs.funiber.org\/pt\/#website\",\"url\":\"https:\/\/blogs.funiber.org\/pt\/\",\"name\":\"FuniBlogs - FUNIBER\",\"description\":\"\",\"publisher\":{\"@id\":\"https:\/\/blogs.funiber.org\/pt\/#organization\"},\"potentialAction\":[{\"@type\":\"SearchAction\",\"target\":{\"@type\":\"EntryPoint\",\"urlTemplate\":\"https:\/\/blogs.funiber.org\/pt\/?s={search_term_string}\"},\"query-input\":\"required name=search_term_string\"}],\"inLanguage\":\"pt-BR\"},{\"@type\":\"Organization\",\"@id\":\"https:\/\/blogs.funiber.org\/pt\/#organization\",\"name\":\"FuniBlogs - FUNIBER\",\"url\":\"https:\/\/blogs.funiber.org\/pt\/\",\"logo\":{\"@type\":\"ImageObject\",\"inLanguage\":\"pt-BR\",\"@id\":\"https:\/\/blogs.funiber.org\/pt\/#\/schema\/logo\/image\/\",\"url\":\"https:\/\/www.funiber.blog\/pt\/wp-content\/uploads\/2022\/02\/logo-funiber-pt-br-v-dos.svg\",\"contentUrl\":\"https:\/\/www.funiber.blog\/pt\/wp-content\/uploads\/2022\/02\/logo-funiber-pt-br-v-dos.svg\",\"width\":1,\"height\":1,\"caption\":\"FuniBlogs - FUNIBER\"},\"image\":{\"@id\":\"https:\/\/blogs.funiber.org\/pt\/#\/schema\/logo\/image\/\"},\"sameAs\":[\"https:\/\/www.facebook.com\/funiber\",\"https:\/\/twitter.com\/FUNIBER\",\"https:\/\/www.instagram.com\/funiber_becas\",\"https:\/\/www.youtube.com\/user\/funiber\",\"https:\/\/www.linkedin.com\/company\/funiber\"]},{\"@type\":\"Person\",\"@id\":\"https:\/\/blogs.funiber.org\/pt\/#\/schema\/person\/b677abb5cf2a95713b98e17c31742c09\",\"name\":\"Contenido GT2\",\"image\":{\"@type\":\"ImageObject\",\"inLanguage\":\"pt-BR\",\"@id\":\"https:\/\/blogs.funiber.org\/pt\/#\/schema\/person\/image\/\",\"url\":\"https:\/\/secure.gravatar.com\/avatar\/b5a02967a8912eb95241dfff01da0fab?s=96&d=mm&r=g\",\"contentUrl\":\"https:\/\/secure.gravatar.com\/avatar\/b5a02967a8912eb95241dfff01da0fab?s=96&d=mm&r=g\",\"caption\":\"Contenido GT2\"},\"url\":\"https:\/\/www.funiber.blog\/pt\/author\/contenido-gt2\"}]}<\/script>\n<!-- \/ Yoast SEO plugin. -->","yoast_head_json":{"title":"Ascens\u00e3o do consumidor com consci\u00eancia ecol\u00f3gica: demanda de produtos sustent\u00e1veis","description":"Ser um consumidor com consci\u00eancia ecol\u00f3gica significa tomar decis\u00f5es de compra com base no impacto ambiental, na sustentabilidade e em considera\u00e7\u00f5es \u00e9ticas.","robots":{"index":"index","follow":"follow","max-snippet":"max-snippet:-1","max-image-preview":"max-image-preview:large","max-video-preview":"max-video-preview:-1"},"canonical":"https:\/\/blogs.funiber.org\/pt\/meio-ambiente\/2024\/02\/21\/ascensao-consumidor-consciencia-ecologica-demanda-produtos-sustentaveis","og_locale":"pt_BR","og_type":"article","og_title":"Ascens\u00e3o do consumidor com consci\u00eancia ecol\u00f3gica: demanda de produtos sustent\u00e1veis","og_description":"Ser um consumidor com consci\u00eancia ecol\u00f3gica significa tomar decis\u00f5es de compra com base no impacto ambiental, na sustentabilidade e em considera\u00e7\u00f5es \u00e9ticas.","og_url":"https:\/\/blogs.funiber.org\/pt\/meio-ambiente\/2024\/02\/21\/ascensao-consumidor-consciencia-ecologica-demanda-produtos-sustentaveis","og_site_name":"FuniBlogs - FUNIBER","article_publisher":"https:\/\/www.facebook.com\/funiber","article_published_time":"2024-02-21T15:46:32+00:00","article_modified_time":"2024-02-22T15:58:39+00:00","og_image":[{"width":570,"height":350,"url":"https:\/\/blogs.funiber.org\/pt\/wp-content\/uploads\/2024\/02\/gettyimages-unobill\u00f3ncuatrociensetenta-cincomill\u00f3ntresciensetenta-cuatromilcuatrociencuarenta-siete-cincociensetenta-.jpg","type":"image\/jpeg"}],"author":"Contenido GT2","twitter_card":"summary_large_image","twitter_creator":"@FUNIBER","twitter_site":"@FUNIBER","twitter_misc":{"Escrito por":"Contenido GT2","Est. tempo de leitura":"5 minutos"},"schema":{"@context":"https:\/\/schema.org","@graph":[{"@type":"Article","@id":"https:\/\/blogs.funiber.org\/pt\/meio-ambiente\/2024\/02\/21\/ascensao-consumidor-consciencia-ecologica-demanda-produtos-sustentaveis#article","isPartOf":{"@id":"https:\/\/blogs.funiber.org\/pt\/meio-ambiente\/2024\/02\/21\/ascensao-consumidor-consciencia-ecologica-demanda-produtos-sustentaveis"},"author":{"name":"Contenido GT2","@id":"https:\/\/blogs.funiber.org\/pt\/#\/schema\/person\/b677abb5cf2a95713b98e17c31742c09"},"headline":"Ascens\u00e3o do consumidor com consci\u00eancia ecol\u00f3gica: demanda de produtos sustent\u00e1veis","datePublished":"2024-02-21T15:46:32+00:00","dateModified":"2024-02-22T15:58:39+00:00","mainEntityOfPage":{"@id":"https:\/\/blogs.funiber.org\/pt\/meio-ambiente\/2024\/02\/21\/ascensao-consumidor-consciencia-ecologica-demanda-produtos-sustentaveis"},"wordCount":824,"publisher":{"@id":"https:\/\/blogs.funiber.org\/pt\/#organization"},"keywords":["Bolsas de Estudo","consumidor ecocomprometido","consumo sustent\u00e1vel","curso online","Educa\u00e7\u00e3o","especialidade","forma\u00e7\u00e3o a dist\u00e2ncia","Funiber","impacto ambiental","mestrado","produtos sustent\u00e1veis","responsabilidade ambiental","Sustentabilidade"],"articleSection":["Meio Ambiente"],"inLanguage":"pt-BR"},{"@type":"WebPage","@id":"https:\/\/blogs.funiber.org\/pt\/meio-ambiente\/2024\/02\/21\/ascensao-consumidor-consciencia-ecologica-demanda-produtos-sustentaveis","url":"https:\/\/blogs.funiber.org\/pt\/meio-ambiente\/2024\/02\/21\/ascensao-consumidor-consciencia-ecologica-demanda-produtos-sustentaveis","name":"Ascens\u00e3o do consumidor com consci\u00eancia ecol\u00f3gica: demanda de produtos sustent\u00e1veis","isPartOf":{"@id":"https:\/\/blogs.funiber.org\/pt\/#website"},"datePublished":"2024-02-21T15:46:32+00:00","dateModified":"2024-02-22T15:58:39+00:00","description":"Ser um consumidor com consci\u00eancia ecol\u00f3gica significa tomar decis\u00f5es de compra com base no impacto ambiental, na sustentabilidade e em considera\u00e7\u00f5es \u00e9ticas.","breadcrumb":{"@id":"https:\/\/blogs.funiber.org\/pt\/meio-ambiente\/2024\/02\/21\/ascensao-consumidor-consciencia-ecologica-demanda-produtos-sustentaveis#breadcrumb"},"inLanguage":"pt-BR","potentialAction":[{"@type":"ReadAction","target":["https:\/\/blogs.funiber.org\/pt\/meio-ambiente\/2024\/02\/21\/ascensao-consumidor-consciencia-ecologica-demanda-produtos-sustentaveis"]}]},{"@type":"BreadcrumbList","@id":"https:\/\/blogs.funiber.org\/pt\/meio-ambiente\/2024\/02\/21\/ascensao-consumidor-consciencia-ecologica-demanda-produtos-sustentaveis#breadcrumb","itemListElement":[{"@type":"ListItem","position":1,"name":"In\u00edcio","item":"https:\/\/blogs.funiber.org\/pt"},{"@type":"ListItem","position":2,"name":"Ascens\u00e3o do consumidor com consci\u00eancia ecol\u00f3gica: demanda de produtos sustent\u00e1veis"}]},{"@type":"WebSite","@id":"https:\/\/blogs.funiber.org\/pt\/#website","url":"https:\/\/blogs.funiber.org\/pt\/","name":"FuniBlogs - FUNIBER","description":"","publisher":{"@id":"https:\/\/blogs.funiber.org\/pt\/#organization"},"potentialAction":[{"@type":"SearchAction","target":{"@type":"EntryPoint","urlTemplate":"https:\/\/blogs.funiber.org\/pt\/?s={search_term_string}"},"query-input":"required name=search_term_string"}],"inLanguage":"pt-BR"},{"@type":"Organization","@id":"https:\/\/blogs.funiber.org\/pt\/#organization","name":"FuniBlogs - FUNIBER","url":"https:\/\/blogs.funiber.org\/pt\/","logo":{"@type":"ImageObject","inLanguage":"pt-BR","@id":"https:\/\/blogs.funiber.org\/pt\/#\/schema\/logo\/image\/","url":"https:\/\/www.funiber.blog\/pt\/wp-content\/uploads\/2022\/02\/logo-funiber-pt-br-v-dos.svg","contentUrl":"https:\/\/www.funiber.blog\/pt\/wp-content\/uploads\/2022\/02\/logo-funiber-pt-br-v-dos.svg","width":1,"height":1,"caption":"FuniBlogs - FUNIBER"},"image":{"@id":"https:\/\/blogs.funiber.org\/pt\/#\/schema\/logo\/image\/"},"sameAs":["https:\/\/www.facebook.com\/funiber","https:\/\/twitter.com\/FUNIBER","https:\/\/www.instagram.com\/funiber_becas","https:\/\/www.youtube.com\/user\/funiber","https:\/\/www.linkedin.com\/company\/funiber"]},{"@type":"Person","@id":"https:\/\/blogs.funiber.org\/pt\/#\/schema\/person\/b677abb5cf2a95713b98e17c31742c09","name":"Contenido GT2","image":{"@type":"ImageObject","inLanguage":"pt-BR","@id":"https:\/\/blogs.funiber.org\/pt\/#\/schema\/person\/image\/","url":"https:\/\/secure.gravatar.com\/avatar\/b5a02967a8912eb95241dfff01da0fab?s=96&d=mm&r=g","contentUrl":"https:\/\/secure.gravatar.com\/avatar\/b5a02967a8912eb95241dfff01da0fab?s=96&d=mm&r=g","caption":"Contenido GT2"},"url":"https:\/\/www.funiber.blog\/pt\/author\/contenido-gt2"}]}},"jetpack_featured_media_url":"https:\/\/www.funiber.blog\/pt\/wp-content\/uploads\/2024\/02\/gettyimages-unobill\u00f3ncuatrociensetenta-cincomill\u00f3ntresciensetenta-cuatromilcuatrociencuarenta-siete-cincociensetenta-.jpg","jetpack_shortlink":"https:\/\/wp.me\/p7ee1t-7H4","jetpack_sharing_enabled":true,"_links":{"self":[{"href":"https:\/\/www.funiber.blog\/pt\/wp-json\/wp\/v2\/posts\/29578"}],"collection":[{"href":"https:\/\/www.funiber.blog\/pt\/wp-json\/wp\/v2\/posts"}],"about":[{"href":"https:\/\/www.funiber.blog\/pt\/wp-json\/wp\/v2\/types\/post"}],"author":[{"embeddable":true,"href":"https:\/\/www.funiber.blog\/pt\/wp-json\/wp\/v2\/users\/33"}],"replies":[{"embeddable":true,"href":"https:\/\/www.funiber.blog\/pt\/wp-json\/wp\/v2\/comments?post=29578"}],"version-history":[{"count":1,"href":"https:\/\/www.funiber.blog\/pt\/wp-json\/wp\/v2\/posts\/29578\/revisions"}],"predecessor-version":[{"id":29581,"href":"https:\/\/www.funiber.blog\/pt\/wp-json\/wp\/v2\/posts\/29578\/revisions\/29581"}],"wp:featuredmedia":[{"embeddable":true,"href":"https:\/\/www.funiber.blog\/pt\/wp-json\/wp\/v2\/media\/29580"}],"wp:attachment":[{"href":"https:\/\/www.funiber.blog\/pt\/wp-json\/wp\/v2\/media?parent=29578"}],"wp:term":[{"taxonomy":"category","embeddable":true,"href":"https:\/\/www.funiber.blog\/pt\/wp-json\/wp\/v2\/categories?post=29578"},{"taxonomy":"post_tag","embeddable":true,"href":"https:\/\/www.funiber.blog\/pt\/wp-json\/wp\/v2\/tags?post=29578"}],"curies":[{"name":"wp","href":"https:\/\/api.w.org\/{rel}","templated":true}]}}