{"id":29594,"date":"2024-02-18T08:19:38","date_gmt":"2024-02-18T13:19:38","guid":{"rendered":"https:\/\/blogs.funiber.org\/pt\/?p=29594"},"modified":"2024-02-26T08:26:25","modified_gmt":"2024-02-26T13:26:25","slug":"dietas-ricas-proteina-vegetal-estao-ligadas-envelhecimento-saudavel-2","status":"publish","type":"post","link":"https:\/\/www.funiber.blog\/pt\/gerontologia\/2024\/02\/18\/dietas-ricas-proteina-vegetal-estao-ligadas-envelhecimento-saudavel-2","title":{"rendered":"Dietas ricas em prote\u00edna vegetal est\u00e3o ligadas ao envelhecimento saud\u00e1vel"},"content":{"rendered":"\n<h2 class=\"wp-block-heading\"><strong>Devido ao envelhecimento progressivo da popula\u00e7\u00e3o e ao aumento da expectativa de vida, a quest\u00e3o do envelhecimento saud\u00e1vel se tornou mais relevante na sociedade.<\/strong><\/h2>\n\n\n\n<p>Um novo estudo inovador realizado por pesquisadores da Universidade Tufts, em Boston, EUA, descobriu que a incorpora\u00e7\u00e3o de prote\u00ednas de origem vegetal na dieta influencia o envelhecimento saud\u00e1vel. O estudo, publicado no <em>American Journal of Clinical Nutrition<\/em>, analisou dados de mais de 48.000 mulheres que participaram do <em>Nurses&#8217; Health Study (NHS)<\/em>. O estudo acompanhou essas mulheres de 1984, quando tinham 38 anos de idade, a 2016, quando tinham 59 anos de idade, e foram consideradas como tendo boa sa\u00fade f\u00edsica e mental.&nbsp; A an\u00e1lise da ingest\u00e3o de prote\u00ednas foi realizada por meio de question\u00e1rios de frequ\u00eancia alimentar validados a cada quatro anos.<\/p>\n\n\n\n<p>As descobertas revelaram que as mulheres que obtinham a maior parte de suas prote\u00ednas de fontes como frutas, verduras, p\u00e3o, legumes e massas tinham 46% mais chances de manter uma boa sa\u00fade f\u00edsica e mental nos \u00faltimos anos.\u00a0 \u00c9 interessante notar que as pessoas que consumiam quantidades maiores de prote\u00edna animal, incluindo carne bovina, frango, leite, peixe e queijo, tinham 6% menos probabilidade de preservar sua sa\u00fade f\u00edsica e mental \u00e0 medida que envelheciam.\u00a0 Andres Ardisson Korat, cientista do Centro de Pesquisa sobre o Envelhecimento e a Nutri\u00e7\u00e3o Humana Jean Mayer e principal autor do estudo, disse: &#8220;aqueles que consumiram quantidades maiores de prote\u00edna animal tenderam a ter mais doen\u00e7as cr\u00f4nicas e n\u00e3o conseguiram obter a melhora na fun\u00e7\u00e3o f\u00edsica que normalmente associamos ao consumo de prote\u00edna&#8221;.<\/p>\n\n\n<div class=\"wp-block-image\">\n<figure class=\"aligncenter size-full\"><img loading=\"lazy\" decoding=\"async\" width=\"570\" height=\"350\" data-attachment-id=\"29595\" data-permalink=\"https:\/\/www.funiber.blog\/pt\/gerontologia\/2024\/02\/18\/dietas-ricas-proteina-vegetal-estao-ligadas-envelhecimento-saudavel-2\/attachment\/busy-mature-couple-cooking-in-the-kitchen\" data-orig-file=\"https:\/\/www.funiber.blog\/pt\/wp-content\/uploads\/2024\/02\/gettyimages-cincocientreinta-dosmill\u00f3ntresciencincuenta-unomilcuatrociencincuenta-cuatro-cincociensetenta-.jpg\" data-orig-size=\"570,350\" data-comments-opened=\"0\" data-image-meta=\"{&quot;aperture&quot;:&quot;1.4&quot;,&quot;credit&quot;:&quot;Getty Images&quot;,&quot;camera&quot;:&quot;NIKON D800&quot;,&quot;caption&quot;:&quot;busy mature couple cooking in the kitchen&quot;,&quot;created_timestamp&quot;:&quot;1463702400&quot;,&quot;copyright&quot;:&quot;franckreporter&quot;,&quot;focal_length&quot;:&quot;35&quot;,&quot;iso&quot;:&quot;100&quot;,&quot;shutter_speed&quot;:&quot;0.01&quot;,&quot;title&quot;:&quot;busy mature couple cooking in the kitchen&quot;,&quot;orientation&quot;:&quot;1&quot;}\" data-image-title=\"busy-mature-couple-cooking-in-the-kitchen\" data-image-description=\"&lt;p&gt;busy-mature-couple-cooking-in-the-kitchen&lt;\/p&gt;\n\" data-image-caption=\"&lt;p&gt;busy-mature-couple-cooking-in-the-kitchen&lt;\/p&gt;\n\" data-medium-file=\"https:\/\/www.funiber.blog\/pt\/wp-content\/uploads\/2024\/02\/gettyimages-cincocientreinta-dosmill\u00f3ntresciencincuenta-unomilcuatrociencincuenta-cuatro-cincociensetenta--400x246.jpg\" data-large-file=\"https:\/\/www.funiber.blog\/pt\/wp-content\/uploads\/2024\/02\/gettyimages-cincocientreinta-dosmill\u00f3ntresciencincuenta-unomilcuatrociencincuenta-cuatro-cincociensetenta--400x246.jpg\" src=\"https:\/\/www.funiber.blog\/pt\/wp-content\/uploads\/2024\/02\/gettyimages-cincocientreinta-dosmill\u00f3ntresciencincuenta-unomilcuatrociencincuenta-cuatro-cincociensetenta-.jpg\" alt=\"Um casal de idosos a preparar comida saud\u00e1vel. \" class=\"wp-image-29595\" title=\"Um casal de idosos a preparar comida saud\u00e1vel. \" srcset=\"https:\/\/www.funiber.blog\/pt\/wp-content\/uploads\/2024\/02\/gettyimages-cincocientreinta-dosmill\u00f3ntresciencincuenta-unomilcuatrociencincuenta-cuatro-cincociensetenta-.jpg 570w, https:\/\/www.funiber.blog\/pt\/wp-content\/uploads\/2024\/02\/gettyimages-cincocientreinta-dosmill\u00f3ntresciencincuenta-unomilcuatrociencincuenta-cuatro-cincociensetenta--400x246.jpg 400w\" sizes=\"(max-width: 570px) 100vw, 570px\" \/><figcaption class=\"wp-element-caption\">O consumo consistente de prote\u00ednas de origem vegetal aumenta a probabilidade de uma boa sa\u00fade f\u00edsica e mental durante o envelhecimento.<\/figcaption><\/figure><\/div>\n\n\n<p>Al\u00e9m disso, o estudo constatou que, para cada aumento de 3% na ingest\u00e3o de prote\u00edna de origem vegetal, houve um aumento de aproximadamente 5% na probabilidade de boa sa\u00fade f\u00edsica e mental. Portanto, Korat enfatiza a import\u00e2ncia do consumo de prote\u00ednas de origem vegetal na meia-idade para promover a boa sa\u00fade na velhice. No entanto, o consumo de prote\u00edna animal n\u00e3o \u00e9 totalmente descartado, pois o estudo tamb\u00e9m descobriu que o consumo de prote\u00ednas de origem vegetal, complementado com uma pequena quantidade de prote\u00edna animal na meia-idade, \u00e9 mais ben\u00e9fico para a sa\u00fade geral e a longevidade.<\/p>\n\n\n\n<p>Em resumo, a incorpora\u00e7\u00e3o de prote\u00ednas de origem vegetal na dieta oferece o potencial de um envelhecimento mais saud\u00e1vel e ideal. Essas descobertas n\u00e3o s\u00e3o valiosas apenas para profissionais de sa\u00fade e nutri\u00e7\u00e3o, mas tamb\u00e9m servem como um recurso inestim\u00e1vel para pessoas que buscam fazer escolhas alimentares informadas que podem ter um impacto positivo em seu bem-estar a longo prazo.<\/p>\n\n\n\n<h2 class=\"wp-block-heading\"><strong>Deseja continuar com sua forma\u00e7\u00e3o profissional?<\/strong><strong><\/strong><\/h2>\n\n\n\n<p>Na <a href=\"https:\/\/www.funiber.org\/\">FUNIBER<\/a> entendemos a necessidade de equipar os profissionais da \u00e1rea de sa\u00fade com os conhecimentos e habilidades mais atualizados para fazer a diferen\u00e7a na vida das pessoas. Por isso, a FUNIBER tem o orgulho de promover o <a href=\"https:\/\/www.funiber.org\/maestria-en-gerontologia\">Mestrado em Gerontologia<\/a>.<\/p>\n\n\n\n<p>N\u00e3o perca a oportunidade de fazer parte da revolu\u00e7\u00e3o nutricional! Entre em um mundo de infinitas possibilidades ao se matricular em nosso programa de mestrado, deixe um legado de sa\u00fade e transforme vidas por meio do poder da nutri\u00e7\u00e3o. Visite nosso site hoje mesmo para saber mais sobre como voc\u00ea pode dar o primeiro passo em dire\u00e7\u00e3o a uma carreira gratificante e significativa que une a ci\u00eancia nutricional e o bem-estar humano.<\/p>\n\n\n\n<p><strong>Fontes:<\/strong><a href=\"https:\/\/www.sciencedirect.com\/science\/article\/pii\/S0002916523662823?via%3Dihub\"><strong> <\/strong><\/a><a href=\"https:\/\/www.sciencedirect.com\/science\/article\/pii\/S0002916523662823?via%3Dihub\"><strong>Dietary protein intake in midlife in relation to healthy aging- results from the prospective Nurses\u2019 Health Study cohort<\/strong><\/a><strong><u><\/u><\/strong><\/p>\n\n\n\n<p><a href=\"https:\/\/www.nutraceuticalsworld.com\/contents\/view_breaking-news\/2024-01-23\/diets-rich-in-plant-protein-linked-to-healthy-aging-nurses-health-study\/\"><strong>Diets Rich in Plant Protein Linked to Healthy Aging:<\/strong><\/a><a href=\"https:\/\/www.nutraceuticalsworld.com\/contents\/view_breaking-news\/2024-01-23\/diets-rich-in-plant-protein-linked-to-healthy-aging-nurses-health-study\/\"><strong> Nurses\u00b4 Health Study<\/strong><\/a><strong><u><\/u><\/strong><\/p>\n","protected":false},"excerpt":{"rendered":"<p>Devido ao envelhecimento progressivo da popula\u00e7\u00e3o e ao aumento da expectativa de vida, a quest\u00e3o do envelhecimento saud\u00e1vel se tornou mais relevante na sociedade. Um novo estudo inovador realizado por pesquisadores da Universidade Tufts, em Boston, EUA, descobriu que a incorpora\u00e7\u00e3o de prote\u00ednas de origem vegetal na dieta influencia o envelhecimento saud\u00e1vel. O estudo, publicado [&hellip;]<\/p>\n","protected":false},"author":33,"featured_media":29596,"comment_status":"closed","ping_status":"closed","sticky":false,"template":"","format":"standard","meta":{"jetpack_post_was_ever_published":false,"_jetpack_newsletter_access":"","_jetpack_newsletter_tier_id":0,"footnotes":"","jetpack_publicize_message":"","jetpack_is_tweetstorm":false,"jetpack_publicize_feature_enabled":true,"jetpack_social_post_already_shared":true,"jetpack_social_options":{"image_generator_settings":{"template":"highway","enabled":false}}},"categories":[1],"tags":[814,3257,285,3206,8390,8391,664,248,8937,8938,8359],"jetpack_publicize_connections":[],"yoast_head":"<!-- This site is optimized with the Yoast SEO plugin v21.7 - https:\/\/yoast.com\/wordpress\/plugins\/seo\/ -->\n<title>Dietas ricas em prote\u00edna vegetal est\u00e3o ligadas ao envelhecimento saud\u00e1vel<\/title>\n<meta name=\"description\" content=\"Devido ao envelhecimento progressivo da popula\u00e7\u00e3o, a quest\u00e3o do envelhecimento saud\u00e1vel se tornou mais relevante na sociedade.\" \/>\n<meta name=\"robots\" content=\"noindex, nofollow\" \/>\n<meta property=\"og:locale\" content=\"pt_BR\" \/>\n<meta property=\"og:type\" content=\"article\" \/>\n<meta property=\"og:title\" content=\"Dietas ricas em prote\u00edna vegetal est\u00e3o ligadas ao envelhecimento saud\u00e1vel\" \/>\n<meta property=\"og:description\" content=\"Devido ao envelhecimento progressivo da popula\u00e7\u00e3o, a quest\u00e3o do envelhecimento saud\u00e1vel se tornou mais relevante na sociedade.\" \/>\n<meta property=\"og:url\" content=\"https:\/\/blogs.funiber.org\/pt\/gerontologia\/2024\/02\/18\/dietas-ricas-proteina-vegetal-estao-ligadas-envelhecimento-saudavel-2\" \/>\n<meta property=\"og:site_name\" content=\"FuniBlogs - FUNIBER\" \/>\n<meta property=\"article:publisher\" content=\"https:\/\/www.facebook.com\/funiber\" \/>\n<meta property=\"article:published_time\" content=\"2024-02-18T13:19:38+00:00\" \/>\n<meta property=\"article:modified_time\" content=\"2024-02-26T13:26:25+00:00\" \/>\n<meta property=\"og:image\" content=\"https:\/\/blogs.funiber.org\/pt\/wp-content\/uploads\/2024\/02\/gettyimages-cuatrociensetenta-seismill\u00f3ntresciensesenta-ochomilochociensetenta--cincociensetenta-.jpg\" \/>\n\t<meta property=\"og:image:width\" content=\"570\" \/>\n\t<meta property=\"og:image:height\" content=\"350\" \/>\n\t<meta property=\"og:image:type\" content=\"image\/jpeg\" \/>\n<meta name=\"author\" content=\"Contenido GT2\" \/>\n<meta name=\"twitter:card\" content=\"summary_large_image\" \/>\n<meta name=\"twitter:creator\" content=\"@FUNIBER\" \/>\n<meta name=\"twitter:site\" content=\"@FUNIBER\" \/>\n<meta name=\"twitter:label1\" content=\"Escrito por\" \/>\n\t<meta name=\"twitter:data1\" content=\"Contenido GT2\" \/>\n\t<meta name=\"twitter:label2\" content=\"Est. tempo de leitura\" \/>\n\t<meta name=\"twitter:data2\" content=\"4 minutos\" \/>\n<script type=\"application\/ld+json\" class=\"yoast-schema-graph\">{\"@context\":\"https:\/\/schema.org\",\"@graph\":[{\"@type\":\"Article\",\"@id\":\"https:\/\/blogs.funiber.org\/pt\/gerontologia\/2024\/02\/18\/dietas-ricas-proteina-vegetal-estao-ligadas-envelhecimento-saudavel-2#article\",\"isPartOf\":{\"@id\":\"https:\/\/blogs.funiber.org\/pt\/gerontologia\/2024\/02\/18\/dietas-ricas-proteina-vegetal-estao-ligadas-envelhecimento-saudavel-2\"},\"author\":{\"name\":\"Contenido GT2\",\"@id\":\"https:\/\/blogs.funiber.org\/pt\/#\/schema\/person\/b677abb5cf2a95713b98e17c31742c09\"},\"headline\":\"Dietas ricas em prote\u00edna vegetal est\u00e3o ligadas ao envelhecimento saud\u00e1vel\",\"datePublished\":\"2024-02-18T13:19:38+00:00\",\"dateModified\":\"2024-02-26T13:26:25+00:00\",\"mainEntityOfPage\":{\"@id\":\"https:\/\/blogs.funiber.org\/pt\/gerontologia\/2024\/02\/18\/dietas-ricas-proteina-vegetal-estao-ligadas-envelhecimento-saudavel-2\"},\"wordCount\":646,\"publisher\":{\"@id\":\"https:\/\/blogs.funiber.org\/pt\/#organization\"},\"keywords\":[\"Alimenta\u00e7\u00e3o saud\u00e1vel\",\"curso online\",\"Educa\u00e7\u00e3o\",\"Envelhecimento saud\u00e1vel\",\"especialidade\",\"especialidade a dist\u00e2ncia\",\"Expectativa de Vida\",\"Funiber\",\"prote\u00ednas animais\",\"prote\u00ednas vegetais\",\"treinamento a dist\u00e2ncia\"],\"articleSection\":[\"Gerontologia\"],\"inLanguage\":\"pt-BR\"},{\"@type\":\"WebPage\",\"@id\":\"https:\/\/blogs.funiber.org\/pt\/gerontologia\/2024\/02\/18\/dietas-ricas-proteina-vegetal-estao-ligadas-envelhecimento-saudavel-2\",\"url\":\"https:\/\/blogs.funiber.org\/pt\/gerontologia\/2024\/02\/18\/dietas-ricas-proteina-vegetal-estao-ligadas-envelhecimento-saudavel-2\",\"name\":\"Dietas ricas em prote\u00edna vegetal est\u00e3o ligadas ao envelhecimento saud\u00e1vel\",\"isPartOf\":{\"@id\":\"https:\/\/blogs.funiber.org\/pt\/#website\"},\"datePublished\":\"2024-02-18T13:19:38+00:00\",\"dateModified\":\"2024-02-26T13:26:25+00:00\",\"description\":\"Devido ao envelhecimento progressivo da popula\u00e7\u00e3o, a quest\u00e3o do envelhecimento saud\u00e1vel se tornou mais relevante na sociedade.\",\"breadcrumb\":{\"@id\":\"https:\/\/blogs.funiber.org\/pt\/gerontologia\/2024\/02\/18\/dietas-ricas-proteina-vegetal-estao-ligadas-envelhecimento-saudavel-2#breadcrumb\"},\"inLanguage\":\"pt-BR\",\"potentialAction\":[{\"@type\":\"ReadAction\",\"target\":[\"https:\/\/blogs.funiber.org\/pt\/gerontologia\/2024\/02\/18\/dietas-ricas-proteina-vegetal-estao-ligadas-envelhecimento-saudavel-2\"]}]},{\"@type\":\"BreadcrumbList\",\"@id\":\"https:\/\/blogs.funiber.org\/pt\/gerontologia\/2024\/02\/18\/dietas-ricas-proteina-vegetal-estao-ligadas-envelhecimento-saudavel-2#breadcrumb\",\"itemListElement\":[{\"@type\":\"ListItem\",\"position\":1,\"name\":\"In\u00edcio\",\"item\":\"https:\/\/blogs.funiber.org\/pt\"},{\"@type\":\"ListItem\",\"position\":2,\"name\":\"Dietas ricas em prote\u00edna vegetal est\u00e3o ligadas ao envelhecimento saud\u00e1vel\"}]},{\"@type\":\"WebSite\",\"@id\":\"https:\/\/blogs.funiber.org\/pt\/#website\",\"url\":\"https:\/\/blogs.funiber.org\/pt\/\",\"name\":\"FuniBlogs - FUNIBER\",\"description\":\"\",\"publisher\":{\"@id\":\"https:\/\/blogs.funiber.org\/pt\/#organization\"},\"potentialAction\":[{\"@type\":\"SearchAction\",\"target\":{\"@type\":\"EntryPoint\",\"urlTemplate\":\"https:\/\/blogs.funiber.org\/pt\/?s={search_term_string}\"},\"query-input\":\"required name=search_term_string\"}],\"inLanguage\":\"pt-BR\"},{\"@type\":\"Organization\",\"@id\":\"https:\/\/blogs.funiber.org\/pt\/#organization\",\"name\":\"FuniBlogs - FUNIBER\",\"url\":\"https:\/\/blogs.funiber.org\/pt\/\",\"logo\":{\"@type\":\"ImageObject\",\"inLanguage\":\"pt-BR\",\"@id\":\"https:\/\/blogs.funiber.org\/pt\/#\/schema\/logo\/image\/\",\"url\":\"https:\/\/www.funiber.blog\/pt\/wp-content\/uploads\/2022\/02\/logo-funiber-pt-br-v-dos.svg\",\"contentUrl\":\"https:\/\/www.funiber.blog\/pt\/wp-content\/uploads\/2022\/02\/logo-funiber-pt-br-v-dos.svg\",\"width\":1,\"height\":1,\"caption\":\"FuniBlogs - FUNIBER\"},\"image\":{\"@id\":\"https:\/\/blogs.funiber.org\/pt\/#\/schema\/logo\/image\/\"},\"sameAs\":[\"https:\/\/www.facebook.com\/funiber\",\"https:\/\/twitter.com\/FUNIBER\",\"https:\/\/www.instagram.com\/funiber_becas\",\"https:\/\/www.youtube.com\/user\/funiber\",\"https:\/\/www.linkedin.com\/company\/funiber\"]},{\"@type\":\"Person\",\"@id\":\"https:\/\/blogs.funiber.org\/pt\/#\/schema\/person\/b677abb5cf2a95713b98e17c31742c09\",\"name\":\"Contenido GT2\",\"image\":{\"@type\":\"ImageObject\",\"inLanguage\":\"pt-BR\",\"@id\":\"https:\/\/blogs.funiber.org\/pt\/#\/schema\/person\/image\/\",\"url\":\"https:\/\/secure.gravatar.com\/avatar\/b5a02967a8912eb95241dfff01da0fab?s=96&d=mm&r=g\",\"contentUrl\":\"https:\/\/secure.gravatar.com\/avatar\/b5a02967a8912eb95241dfff01da0fab?s=96&d=mm&r=g\",\"caption\":\"Contenido GT2\"},\"url\":\"https:\/\/www.funiber.blog\/pt\/author\/contenido-gt2\"}]}<\/script>\n<!-- \/ Yoast SEO plugin. -->","yoast_head_json":{"title":"Dietas ricas em prote\u00edna vegetal est\u00e3o ligadas ao envelhecimento saud\u00e1vel","description":"Devido ao envelhecimento progressivo da popula\u00e7\u00e3o, a quest\u00e3o do envelhecimento saud\u00e1vel se tornou mais relevante na sociedade.","robots":{"index":"noindex","follow":"nofollow"},"og_locale":"pt_BR","og_type":"article","og_title":"Dietas ricas em prote\u00edna vegetal est\u00e3o ligadas ao envelhecimento saud\u00e1vel","og_description":"Devido ao envelhecimento progressivo da popula\u00e7\u00e3o, a quest\u00e3o do envelhecimento saud\u00e1vel se tornou mais relevante na sociedade.","og_url":"https:\/\/blogs.funiber.org\/pt\/gerontologia\/2024\/02\/18\/dietas-ricas-proteina-vegetal-estao-ligadas-envelhecimento-saudavel-2","og_site_name":"FuniBlogs - FUNIBER","article_publisher":"https:\/\/www.facebook.com\/funiber","article_published_time":"2024-02-18T13:19:38+00:00","article_modified_time":"2024-02-26T13:26:25+00:00","og_image":[{"width":570,"height":350,"url":"https:\/\/blogs.funiber.org\/pt\/wp-content\/uploads\/2024\/02\/gettyimages-cuatrociensetenta-seismill\u00f3ntresciensesenta-ochomilochociensetenta--cincociensetenta-.jpg","type":"image\/jpeg"}],"author":"Contenido GT2","twitter_card":"summary_large_image","twitter_creator":"@FUNIBER","twitter_site":"@FUNIBER","twitter_misc":{"Escrito por":"Contenido GT2","Est. tempo de leitura":"4 minutos"},"schema":{"@context":"https:\/\/schema.org","@graph":[{"@type":"Article","@id":"https:\/\/blogs.funiber.org\/pt\/gerontologia\/2024\/02\/18\/dietas-ricas-proteina-vegetal-estao-ligadas-envelhecimento-saudavel-2#article","isPartOf":{"@id":"https:\/\/blogs.funiber.org\/pt\/gerontologia\/2024\/02\/18\/dietas-ricas-proteina-vegetal-estao-ligadas-envelhecimento-saudavel-2"},"author":{"name":"Contenido GT2","@id":"https:\/\/blogs.funiber.org\/pt\/#\/schema\/person\/b677abb5cf2a95713b98e17c31742c09"},"headline":"Dietas ricas em prote\u00edna vegetal est\u00e3o ligadas ao envelhecimento saud\u00e1vel","datePublished":"2024-02-18T13:19:38+00:00","dateModified":"2024-02-26T13:26:25+00:00","mainEntityOfPage":{"@id":"https:\/\/blogs.funiber.org\/pt\/gerontologia\/2024\/02\/18\/dietas-ricas-proteina-vegetal-estao-ligadas-envelhecimento-saudavel-2"},"wordCount":646,"publisher":{"@id":"https:\/\/blogs.funiber.org\/pt\/#organization"},"keywords":["Alimenta\u00e7\u00e3o saud\u00e1vel","curso online","Educa\u00e7\u00e3o","Envelhecimento saud\u00e1vel","especialidade","especialidade a dist\u00e2ncia","Expectativa de Vida","Funiber","prote\u00ednas animais","prote\u00ednas vegetais","treinamento a dist\u00e2ncia"],"articleSection":["Gerontologia"],"inLanguage":"pt-BR"},{"@type":"WebPage","@id":"https:\/\/blogs.funiber.org\/pt\/gerontologia\/2024\/02\/18\/dietas-ricas-proteina-vegetal-estao-ligadas-envelhecimento-saudavel-2","url":"https:\/\/blogs.funiber.org\/pt\/gerontologia\/2024\/02\/18\/dietas-ricas-proteina-vegetal-estao-ligadas-envelhecimento-saudavel-2","name":"Dietas ricas em prote\u00edna vegetal est\u00e3o ligadas ao envelhecimento saud\u00e1vel","isPartOf":{"@id":"https:\/\/blogs.funiber.org\/pt\/#website"},"datePublished":"2024-02-18T13:19:38+00:00","dateModified":"2024-02-26T13:26:25+00:00","description":"Devido ao envelhecimento progressivo da popula\u00e7\u00e3o, a quest\u00e3o do envelhecimento saud\u00e1vel se tornou mais relevante na sociedade.","breadcrumb":{"@id":"https:\/\/blogs.funiber.org\/pt\/gerontologia\/2024\/02\/18\/dietas-ricas-proteina-vegetal-estao-ligadas-envelhecimento-saudavel-2#breadcrumb"},"inLanguage":"pt-BR","potentialAction":[{"@type":"ReadAction","target":["https:\/\/blogs.funiber.org\/pt\/gerontologia\/2024\/02\/18\/dietas-ricas-proteina-vegetal-estao-ligadas-envelhecimento-saudavel-2"]}]},{"@type":"BreadcrumbList","@id":"https:\/\/blogs.funiber.org\/pt\/gerontologia\/2024\/02\/18\/dietas-ricas-proteina-vegetal-estao-ligadas-envelhecimento-saudavel-2#breadcrumb","itemListElement":[{"@type":"ListItem","position":1,"name":"In\u00edcio","item":"https:\/\/blogs.funiber.org\/pt"},{"@type":"ListItem","position":2,"name":"Dietas ricas em prote\u00edna vegetal est\u00e3o ligadas ao envelhecimento saud\u00e1vel"}]},{"@type":"WebSite","@id":"https:\/\/blogs.funiber.org\/pt\/#website","url":"https:\/\/blogs.funiber.org\/pt\/","name":"FuniBlogs - FUNIBER","description":"","publisher":{"@id":"https:\/\/blogs.funiber.org\/pt\/#organization"},"potentialAction":[{"@type":"SearchAction","target":{"@type":"EntryPoint","urlTemplate":"https:\/\/blogs.funiber.org\/pt\/?s={search_term_string}"},"query-input":"required name=search_term_string"}],"inLanguage":"pt-BR"},{"@type":"Organization","@id":"https:\/\/blogs.funiber.org\/pt\/#organization","name":"FuniBlogs - FUNIBER","url":"https:\/\/blogs.funiber.org\/pt\/","logo":{"@type":"ImageObject","inLanguage":"pt-BR","@id":"https:\/\/blogs.funiber.org\/pt\/#\/schema\/logo\/image\/","url":"https:\/\/www.funiber.blog\/pt\/wp-content\/uploads\/2022\/02\/logo-funiber-pt-br-v-dos.svg","contentUrl":"https:\/\/www.funiber.blog\/pt\/wp-content\/uploads\/2022\/02\/logo-funiber-pt-br-v-dos.svg","width":1,"height":1,"caption":"FuniBlogs - FUNIBER"},"image":{"@id":"https:\/\/blogs.funiber.org\/pt\/#\/schema\/logo\/image\/"},"sameAs":["https:\/\/www.facebook.com\/funiber","https:\/\/twitter.com\/FUNIBER","https:\/\/www.instagram.com\/funiber_becas","https:\/\/www.youtube.com\/user\/funiber","https:\/\/www.linkedin.com\/company\/funiber"]},{"@type":"Person","@id":"https:\/\/blogs.funiber.org\/pt\/#\/schema\/person\/b677abb5cf2a95713b98e17c31742c09","name":"Contenido GT2","image":{"@type":"ImageObject","inLanguage":"pt-BR","@id":"https:\/\/blogs.funiber.org\/pt\/#\/schema\/person\/image\/","url":"https:\/\/secure.gravatar.com\/avatar\/b5a02967a8912eb95241dfff01da0fab?s=96&d=mm&r=g","contentUrl":"https:\/\/secure.gravatar.com\/avatar\/b5a02967a8912eb95241dfff01da0fab?s=96&d=mm&r=g","caption":"Contenido GT2"},"url":"https:\/\/www.funiber.blog\/pt\/author\/contenido-gt2"}]}},"jetpack_featured_media_url":"https:\/\/www.funiber.blog\/pt\/wp-content\/uploads\/2024\/02\/gettyimages-cuatrociensetenta-seismill\u00f3ntresciensesenta-ochomilochociensetenta--cincociensetenta-.jpg","jetpack_shortlink":"https:\/\/wp.me\/p7ee1t-7Hk","jetpack_sharing_enabled":true,"_links":{"self":[{"href":"https:\/\/www.funiber.blog\/pt\/wp-json\/wp\/v2\/posts\/29594"}],"collection":[{"href":"https:\/\/www.funiber.blog\/pt\/wp-json\/wp\/v2\/posts"}],"about":[{"href":"https:\/\/www.funiber.blog\/pt\/wp-json\/wp\/v2\/types\/post"}],"author":[{"embeddable":true,"href":"https:\/\/www.funiber.blog\/pt\/wp-json\/wp\/v2\/users\/33"}],"replies":[{"embeddable":true,"href":"https:\/\/www.funiber.blog\/pt\/wp-json\/wp\/v2\/comments?post=29594"}],"version-history":[{"count":1,"href":"https:\/\/www.funiber.blog\/pt\/wp-json\/wp\/v2\/posts\/29594\/revisions"}],"predecessor-version":[{"id":29597,"href":"https:\/\/www.funiber.blog\/pt\/wp-json\/wp\/v2\/posts\/29594\/revisions\/29597"}],"wp:featuredmedia":[{"embeddable":true,"href":"https:\/\/www.funiber.blog\/pt\/wp-json\/wp\/v2\/media\/29596"}],"wp:attachment":[{"href":"https:\/\/www.funiber.blog\/pt\/wp-json\/wp\/v2\/media?parent=29594"}],"wp:term":[{"taxonomy":"category","embeddable":true,"href":"https:\/\/www.funiber.blog\/pt\/wp-json\/wp\/v2\/categories?post=29594"},{"taxonomy":"post_tag","embeddable":true,"href":"https:\/\/www.funiber.blog\/pt\/wp-json\/wp\/v2\/tags?post=29594"}],"curies":[{"name":"wp","href":"https:\/\/api.w.org\/{rel}","templated":true}]}}