{"id":29736,"date":"2024-03-25T16:37:36","date_gmt":"2024-03-25T21:37:36","guid":{"rendered":"https:\/\/blogs.funiber.org\/pt\/?p=29736"},"modified":"2024-03-25T16:37:37","modified_gmt":"2024-03-25T21:37:37","slug":"impacto-exposicao-precoce-poluicao-do-saude-idosos","status":"publish","type":"post","link":"https:\/\/www.funiber.blog\/pt\/gerontologia\/2024\/03\/25\/impacto-exposicao-precoce-poluicao-do-saude-idosos","title":{"rendered":"Impacto da exposi\u00e7\u00e3o precoce \u00e0 polui\u00e7\u00e3o do ar na sa\u00fade de idosos"},"content":{"rendered":"\n<h2 class=\"wp-block-heading\"><strong>A polui\u00e7\u00e3o do ar \u00e9 um problema global que afeta v\u00e1rios setores da popula\u00e7\u00e3o.<\/strong><\/h2>\n\n\n\n<p>&nbsp;No entanto, um estudo recente realizado na Esc\u00f3cia revelou que a exposi\u00e7\u00e3o precoce \u00e0 polui\u00e7\u00e3o do ar pode ter consequ\u00eancias negativas para a sa\u00fade dos idosos. Essa pesquisa, realizada em um acompanhamento de 72 anos, produziu resultados alarmantes que destacam a import\u00e2ncia de abordar esse problema a partir de uma perspectiva preventiva.<\/p>\n\n\n\n<p>99% da popula\u00e7\u00e3o mundial respira ar com n\u00edveis de polui\u00e7\u00e3o que excedem as recomenda\u00e7\u00f5es da OMS. A m\u00e1 qualidade do ar est\u00e1 associada a um maior risco de doen\u00e7as e mortalidade por v\u00e1rias causas. \u00c9 especialmente prejudicial para os idosos, que suportam um \u00f4nus desproporcional de doen\u00e7as e correm um risco maior de limita\u00e7\u00f5es de longo prazo e m\u00faltiplas doen\u00e7as.&nbsp; A exposi\u00e7\u00e3o precoce \u00e0 polui\u00e7\u00e3o do ar durante os est\u00e1gios sens\u00edveis do desenvolvimento pode ter efeitos duradouros sobre a sa\u00fade e contribuir para um envelhecimento n\u00e3o saud\u00e1vel.<\/p>\n\n\n\n<h2 class=\"wp-block-heading\"><strong>Rela\u00e7\u00e3o entre a exposi\u00e7\u00e3o ao material particulado fino e a limita\u00e7\u00e3o de doen\u00e7as na idade adulta<\/strong><strong><\/strong><\/h2>\n\n\n\n<p>O estudo, intitulado \u00ab<a href=\"https:\/\/www.sciencedirect.com\/science\/article\/pii\/S1353829224000364?via%3Dihub\"><em>Higher air pollution exposure in early life is associated with worse health among older adults:<\/em><\/a><a href=\"https:\/\/www.sciencedirect.com\/science\/article\/pii\/S1353829224000364?via%3Dihub\"><em> A 72-year follow-up study from Scotland<\/em><\/a>\u00bb, explorou a rela\u00e7\u00e3o entre a exposi\u00e7\u00e3o \u00e0 part\u00edculas finas (PM 2.5) aos tr\u00eas anos de idade e doen\u00e7as limitantes de longo prazo aos 55, 65 e 75 anos de idade usando dados do Scottish Longitudinal Study of Birth Cohorts de 1936, um estudo de coorte administrativo representativo.<\/p>\n\n\n\n<p>Os resultados mostraram que a exposi\u00e7\u00e3o ao PM 2,5 aos 3 anos de idade est\u00e1 associada a uma maior probabilidade de doen\u00e7as limitantes de longo prazo no meio ou no final da vida adulta.&nbsp; Principalmente entre 55 e 75 anos de idade. \u00c9 importante ressaltar que essas associa\u00e7\u00f5es foram mais fortes para os indiv\u00edduos que cresceram em fam\u00edlias desfavorecidas, mas n\u00e3o houve diferen\u00e7as entre homens e mulheres.<\/p>\n\n\n\n<p>Al\u00e9m disso, as an\u00e1lises de trajet\u00f3ria mostraram que 15 a 21% da associa\u00e7\u00e3o entre as concentra\u00e7\u00f5es de PM2,5 na inf\u00e2ncia e as limita\u00e7\u00f5es de longo prazo aos 65 anos de idade foram mediadas por uma menor capacidade cognitiva, qualifica\u00e7\u00f5es educacionais e posi\u00e7\u00e3o social ocupacional na inf\u00e2ncia.<\/p>\n\n\n\n<figure class=\"wp-block-gallery has-nested-images columns-default is-cropped wp-block-gallery-1 is-layout-flex wp-block-gallery-is-layout-flex\"><div class=\"wp-block-image\">\n<figure class=\"aligncenter size-full\"><img loading=\"lazy\" decoding=\"async\" width=\"570\" height=\"350\" data-attachment-id=\"29737\" data-permalink=\"https:\/\/www.funiber.blog\/pt\/gerontologia\/2024\/03\/25\/impacto-exposicao-precoce-poluicao-do-saude-idosos\/attachment\/worried-old-man-2\" data-orig-file=\"https:\/\/www.funiber.blog\/pt\/wp-content\/uploads\/2024\/03\/gettyimages-seiscienochenta-dosmill\u00f3nseiscientreinta-cincomilsieteciencuarenta-seis-uno-cincociensetenta-.jpg\" data-orig-size=\"570,350\" data-comments-opened=\"0\" data-image-meta=\"{&quot;aperture&quot;:&quot;4&quot;,&quot;credit&quot;:&quot;Getty Images\\\/iStockphoto&quot;,&quot;camera&quot;:&quot;Canon EOS 80D&quot;,&quot;caption&quot;:&quot;Senior man is sitting alone at the dining table in his home, with a worried expression on his face.&quot;,&quot;created_timestamp&quot;:&quot;1489536000&quot;,&quot;copyright&quot;:&quot;&quot;,&quot;focal_length&quot;:&quot;13&quot;,&quot;iso&quot;:&quot;800&quot;,&quot;shutter_speed&quot;:&quot;0.008&quot;,&quot;title&quot;:&quot;Worried Old Man&quot;,&quot;orientation&quot;:&quot;1&quot;}\" data-image-title=\"worried-old-man\" data-image-description=\"&lt;p&gt;worried-old-man&lt;\/p&gt;\n\" data-image-caption=\"&lt;p&gt;worried-old-man&lt;\/p&gt;\n\" data-medium-file=\"https:\/\/www.funiber.blog\/pt\/wp-content\/uploads\/2024\/03\/gettyimages-seiscienochenta-dosmill\u00f3nseiscientreinta-cincomilsieteciencuarenta-seis-uno-cincociensetenta--400x246.jpg\" data-large-file=\"https:\/\/www.funiber.blog\/pt\/wp-content\/uploads\/2024\/03\/gettyimages-seiscienochenta-dosmill\u00f3nseiscientreinta-cincomilsieteciencuarenta-seis-uno-cincociensetenta--400x246.jpg\" data-id=\"29737\" src=\"https:\/\/www.funiber.blog\/pt\/wp-content\/uploads\/2024\/03\/gettyimages-seiscienochenta-dosmill\u00f3nseiscientreinta-cincomilsieteciencuarenta-seis-uno-cincociensetenta-.jpg\" alt=\"Un adulto mayor sentado en una casa, con cara de preocupaci\u00f3n y miedo. \" class=\"wp-image-29737\" title=\"Un adulto mayor sentado en una casa, con cara de preocupaci\u00f3n y miedo. \" srcset=\"https:\/\/www.funiber.blog\/pt\/wp-content\/uploads\/2024\/03\/gettyimages-seiscienochenta-dosmill\u00f3nseiscientreinta-cincomilsieteciencuarenta-seis-uno-cincociensetenta-.jpg 570w, https:\/\/www.funiber.blog\/pt\/wp-content\/uploads\/2024\/03\/gettyimages-seiscienochenta-dosmill\u00f3nseiscientreinta-cincomilsieteciencuarenta-seis-uno-cincociensetenta--400x246.jpg 400w\" sizes=\"(max-width: 570px) 100vw, 570px\" \/><figcaption class=\"wp-element-caption\">A exposi\u00e7\u00e3o a part\u00edculas finas durante a inf\u00e2ncia aumenta a probabilidade de sofrer de doen\u00e7as limitantes na idade adulta.<\/figcaption><\/figure><\/div><\/figure>\n\n\n\n<p>Essas descobertas destacam a import\u00e2ncia de abordar a polui\u00e7\u00e3o do ar desde a inf\u00e2ncia, pois ela tem consequ\u00eancias duradouras para a sa\u00fade dos idosos. Al\u00e9m disso, eles destacam a necessidade de adotar uma abordagem hol\u00edstica e intergeracional para lidar com o problema, incorporando medidas preventivas nos n\u00edveis individual, familiar e comunit\u00e1rio.<\/p>\n\n\n\n<p>\u00c9 essencial que os profissionais e estudantes de gerontologia sejam informados sobre essas descobertas, pois isso permitir\u00e1 que eles compreendam melhor os desafios enfrentados pelos idosos e, assim, promovam estrat\u00e9gias eficazes de atendimento e preven\u00e7\u00e3o.<\/p>\n\n\n\n<h2 class=\"wp-block-heading\"><strong>Continue com sua forma\u00e7\u00e3o profissional <\/strong><strong><\/strong><\/h2>\n\n\n\n<p>\u00c0 medida que exploramos o impacto da polui\u00e7\u00e3o do ar no in\u00edcio da vida sobre a sa\u00fade dos idosos, fica claro que uma compreens\u00e3o aprofundada da gerontologia \u00e9 crucial para enfrentar os desafios que a popula\u00e7\u00e3o idosa enfrenta. Na <a href=\"https:\/\/www.funiber.org\/\">FUNIBER<\/a> oferecemos um programa altamente relevante e completo: o <a href=\"https:\/\/www.funiber.org\/maestria-en-gerontologia\">Mestrado em Gerontologia<\/a>. Esse programa se aprofunda no estudo do envelhecimento a partir de v\u00e1rias perspectivas, equipando os alunos com o conhecimento e as habilidades necess\u00e1rias para contribuir com a melhoria da vida dos idosos.<\/p>\n\n\n\n<p>Al\u00e9m disso, o estudo da gerontologia n\u00e3o s\u00f3 proporciona uma sensa\u00e7\u00e3o de realiza\u00e7\u00e3o por meio do impacto positivo que podemos ter na vida dos idosos, mas tamb\u00e9m oferece oportunidades de carreira diversificadas e gratificantes. Embarque nessa jornada educacional transformadora em gerontologia e aproveite a oportunidade de causar um impacto duradouro na sociedade enquanto constr\u00f3i uma carreira gratificante e enriquecedora!<\/p>\n\n\n\n<p>Fonte: <a href=\"https:\/\/www.sciencedirect.com\/science\/article\/pii\/S1353829224000364?via%3Dihub\">Higher air pollution exposure in early life is associated with worse health among older adults:<\/a><a href=\"https:\/\/www.sciencedirect.com\/science\/article\/pii\/S1353829224000364?via%3Dihub\"> A 72-year follow- up study from Scotland<\/a><\/p>\n","protected":false},"excerpt":{"rendered":"<p>A polui\u00e7\u00e3o do ar \u00e9 um problema global que afeta v\u00e1rios setores da popula\u00e7\u00e3o. &nbsp;No entanto, um estudo recente realizado na Esc\u00f3cia revelou que a exposi\u00e7\u00e3o precoce \u00e0 polui\u00e7\u00e3o do ar pode ter consequ\u00eancias negativas para a sa\u00fade dos idosos. Essa pesquisa, realizada em um acompanhamento de 72 anos, produziu resultados alarmantes que destacam a [&hellip;]<\/p>\n","protected":false},"author":33,"featured_media":29738,"comment_status":"closed","ping_status":"closed","sticky":false,"template":"","format":"standard","meta":{"jetpack_post_was_ever_published":false,"_jetpack_newsletter_access":"","_jetpack_newsletter_tier_id":0,"footnotes":"","jetpack_publicize_message":"","jetpack_is_tweetstorm":false,"jetpack_publicize_feature_enabled":true,"jetpack_social_post_already_shared":true,"jetpack_social_options":{"image_generator_settings":{"template":"highway","enabled":false}}},"categories":[1],"tags":[1242,9038,9037,8391,248,739,267,671,9039,8641,113],"jetpack_publicize_connections":[],"yoast_head":"<!-- This site is optimized with the Yoast SEO plugin v21.7 - https:\/\/yoast.com\/wordpress\/plugins\/seo\/ -->\n<title>Impacto da exposi\u00e7\u00e3o precoce \u00e0 polui\u00e7\u00e3o do ar na sa\u00fade de idosos<\/title>\n<meta name=\"description\" content=\"A exposi\u00e7\u00e3o precoce \u00e0 polui\u00e7\u00e3o atmosf\u00e9rica pode ter consequ\u00eancias negativas para a sa\u00fade dos adultos mais velhos.\" \/>\n<meta name=\"robots\" content=\"index, follow, max-snippet:-1, max-image-preview:large, max-video-preview:-1\" \/>\n<link rel=\"canonical\" href=\"https:\/\/blogs.funiber.org\/pt\/gerontologia\/2024\/03\/25\/impacto-exposicao-precoce-poluicao-do-saude-idosos\" \/>\n<meta property=\"og:locale\" content=\"pt_BR\" \/>\n<meta property=\"og:type\" content=\"article\" \/>\n<meta property=\"og:title\" content=\"Impacto da exposi\u00e7\u00e3o precoce \u00e0 polui\u00e7\u00e3o do ar na sa\u00fade de idosos\" \/>\n<meta property=\"og:description\" content=\"A exposi\u00e7\u00e3o precoce \u00e0 polui\u00e7\u00e3o atmosf\u00e9rica pode ter consequ\u00eancias negativas para a sa\u00fade dos adultos mais velhos.\" \/>\n<meta property=\"og:url\" content=\"https:\/\/blogs.funiber.org\/pt\/gerontologia\/2024\/03\/25\/impacto-exposicao-precoce-poluicao-do-saude-idosos\" \/>\n<meta property=\"og:site_name\" content=\"FuniBlogs - FUNIBER\" \/>\n<meta property=\"article:publisher\" content=\"https:\/\/www.facebook.com\/funiber\" \/>\n<meta property=\"article:published_time\" content=\"2024-03-25T21:37:36+00:00\" \/>\n<meta property=\"article:modified_time\" content=\"2024-03-25T21:37:37+00:00\" \/>\n<meta property=\"og:image\" content=\"https:\/\/blogs.funiber.org\/pt\/wp-content\/uploads\/2024\/03\/gettyimages-nueveciensesenta-dosmill\u00f3nunocientreinta-cincomilcuatrocienocho-cincociensetenta-.jpg\" \/>\n\t<meta property=\"og:image:width\" content=\"570\" \/>\n\t<meta property=\"og:image:height\" content=\"350\" \/>\n\t<meta property=\"og:image:type\" content=\"image\/jpeg\" \/>\n<meta name=\"author\" content=\"Contenido GT2\" \/>\n<meta name=\"twitter:card\" content=\"summary_large_image\" \/>\n<meta name=\"twitter:creator\" content=\"@FUNIBER\" \/>\n<meta name=\"twitter:site\" content=\"@FUNIBER\" \/>\n<meta name=\"twitter:label1\" content=\"Escrito por\" \/>\n\t<meta name=\"twitter:data1\" content=\"Contenido GT2\" \/>\n\t<meta name=\"twitter:label2\" content=\"Est. tempo de leitura\" \/>\n\t<meta name=\"twitter:data2\" content=\"4 minutos\" \/>\n<script type=\"application\/ld+json\" class=\"yoast-schema-graph\">{\"@context\":\"https:\/\/schema.org\",\"@graph\":[{\"@type\":\"Article\",\"@id\":\"https:\/\/blogs.funiber.org\/pt\/gerontologia\/2024\/03\/25\/impacto-exposicao-precoce-poluicao-do-saude-idosos#article\",\"isPartOf\":{\"@id\":\"https:\/\/blogs.funiber.org\/pt\/gerontologia\/2024\/03\/25\/impacto-exposicao-precoce-poluicao-do-saude-idosos\"},\"author\":{\"name\":\"Contenido GT2\",\"@id\":\"https:\/\/blogs.funiber.org\/pt\/#\/schema\/person\/b677abb5cf2a95713b98e17c31742c09\"},\"headline\":\"Impacto da exposi\u00e7\u00e3o precoce \u00e0 polui\u00e7\u00e3o do ar na sa\u00fade de idosos\",\"datePublished\":\"2024-03-25T21:37:36+00:00\",\"dateModified\":\"2024-03-25T21:37:37+00:00\",\"mainEntityOfPage\":{\"@id\":\"https:\/\/blogs.funiber.org\/pt\/gerontologia\/2024\/03\/25\/impacto-exposicao-precoce-poluicao-do-saude-idosos\"},\"wordCount\":703,\"publisher\":{\"@id\":\"https:\/\/blogs.funiber.org\/pt\/#organization\"},\"keywords\":[\"Bolsas\",\"capacidade cognitiva\",\"doen\u00e7as limitantes\",\"especialidade a dist\u00e2ncia\",\"Funiber\",\"gerontologia\",\"Idosos\",\"mestrado\",\"part\u00edculas finas\",\"polui\u00e7\u00e3o atmosf\u00e9rica\",\"Sa\u00fade\"],\"articleSection\":[\"Gerontologia\"],\"inLanguage\":\"pt-BR\"},{\"@type\":\"WebPage\",\"@id\":\"https:\/\/blogs.funiber.org\/pt\/gerontologia\/2024\/03\/25\/impacto-exposicao-precoce-poluicao-do-saude-idosos\",\"url\":\"https:\/\/blogs.funiber.org\/pt\/gerontologia\/2024\/03\/25\/impacto-exposicao-precoce-poluicao-do-saude-idosos\",\"name\":\"Impacto da exposi\u00e7\u00e3o precoce \u00e0 polui\u00e7\u00e3o do ar na sa\u00fade de idosos\",\"isPartOf\":{\"@id\":\"https:\/\/blogs.funiber.org\/pt\/#website\"},\"datePublished\":\"2024-03-25T21:37:36+00:00\",\"dateModified\":\"2024-03-25T21:37:37+00:00\",\"description\":\"A exposi\u00e7\u00e3o precoce \u00e0 polui\u00e7\u00e3o atmosf\u00e9rica pode ter consequ\u00eancias negativas para a sa\u00fade dos adultos mais velhos.\",\"breadcrumb\":{\"@id\":\"https:\/\/blogs.funiber.org\/pt\/gerontologia\/2024\/03\/25\/impacto-exposicao-precoce-poluicao-do-saude-idosos#breadcrumb\"},\"inLanguage\":\"pt-BR\",\"potentialAction\":[{\"@type\":\"ReadAction\",\"target\":[\"https:\/\/blogs.funiber.org\/pt\/gerontologia\/2024\/03\/25\/impacto-exposicao-precoce-poluicao-do-saude-idosos\"]}]},{\"@type\":\"BreadcrumbList\",\"@id\":\"https:\/\/blogs.funiber.org\/pt\/gerontologia\/2024\/03\/25\/impacto-exposicao-precoce-poluicao-do-saude-idosos#breadcrumb\",\"itemListElement\":[{\"@type\":\"ListItem\",\"position\":1,\"name\":\"In\u00edcio\",\"item\":\"https:\/\/blogs.funiber.org\/pt\"},{\"@type\":\"ListItem\",\"position\":2,\"name\":\"Impacto da exposi\u00e7\u00e3o precoce \u00e0 polui\u00e7\u00e3o do ar na sa\u00fade de idosos\"}]},{\"@type\":\"WebSite\",\"@id\":\"https:\/\/blogs.funiber.org\/pt\/#website\",\"url\":\"https:\/\/blogs.funiber.org\/pt\/\",\"name\":\"FuniBlogs - FUNIBER\",\"description\":\"\",\"publisher\":{\"@id\":\"https:\/\/blogs.funiber.org\/pt\/#organization\"},\"potentialAction\":[{\"@type\":\"SearchAction\",\"target\":{\"@type\":\"EntryPoint\",\"urlTemplate\":\"https:\/\/blogs.funiber.org\/pt\/?s={search_term_string}\"},\"query-input\":\"required name=search_term_string\"}],\"inLanguage\":\"pt-BR\"},{\"@type\":\"Organization\",\"@id\":\"https:\/\/blogs.funiber.org\/pt\/#organization\",\"name\":\"FuniBlogs - FUNIBER\",\"url\":\"https:\/\/blogs.funiber.org\/pt\/\",\"logo\":{\"@type\":\"ImageObject\",\"inLanguage\":\"pt-BR\",\"@id\":\"https:\/\/blogs.funiber.org\/pt\/#\/schema\/logo\/image\/\",\"url\":\"https:\/\/www.funiber.blog\/pt\/wp-content\/uploads\/2022\/02\/logo-funiber-pt-br-v-dos.svg\",\"contentUrl\":\"https:\/\/www.funiber.blog\/pt\/wp-content\/uploads\/2022\/02\/logo-funiber-pt-br-v-dos.svg\",\"width\":1,\"height\":1,\"caption\":\"FuniBlogs - FUNIBER\"},\"image\":{\"@id\":\"https:\/\/blogs.funiber.org\/pt\/#\/schema\/logo\/image\/\"},\"sameAs\":[\"https:\/\/www.facebook.com\/funiber\",\"https:\/\/twitter.com\/FUNIBER\",\"https:\/\/www.instagram.com\/funiber_becas\",\"https:\/\/www.youtube.com\/user\/funiber\",\"https:\/\/www.linkedin.com\/company\/funiber\"]},{\"@type\":\"Person\",\"@id\":\"https:\/\/blogs.funiber.org\/pt\/#\/schema\/person\/b677abb5cf2a95713b98e17c31742c09\",\"name\":\"Contenido GT2\",\"image\":{\"@type\":\"ImageObject\",\"inLanguage\":\"pt-BR\",\"@id\":\"https:\/\/blogs.funiber.org\/pt\/#\/schema\/person\/image\/\",\"url\":\"https:\/\/secure.gravatar.com\/avatar\/b5a02967a8912eb95241dfff01da0fab?s=96&d=mm&r=g\",\"contentUrl\":\"https:\/\/secure.gravatar.com\/avatar\/b5a02967a8912eb95241dfff01da0fab?s=96&d=mm&r=g\",\"caption\":\"Contenido GT2\"},\"url\":\"https:\/\/www.funiber.blog\/pt\/author\/contenido-gt2\"}]}<\/script>\n<!-- \/ Yoast SEO plugin. -->","yoast_head_json":{"title":"Impacto da exposi\u00e7\u00e3o precoce \u00e0 polui\u00e7\u00e3o do ar na sa\u00fade de idosos","description":"A exposi\u00e7\u00e3o precoce \u00e0 polui\u00e7\u00e3o atmosf\u00e9rica pode ter consequ\u00eancias negativas para a sa\u00fade dos adultos mais velhos.","robots":{"index":"index","follow":"follow","max-snippet":"max-snippet:-1","max-image-preview":"max-image-preview:large","max-video-preview":"max-video-preview:-1"},"canonical":"https:\/\/blogs.funiber.org\/pt\/gerontologia\/2024\/03\/25\/impacto-exposicao-precoce-poluicao-do-saude-idosos","og_locale":"pt_BR","og_type":"article","og_title":"Impacto da exposi\u00e7\u00e3o precoce \u00e0 polui\u00e7\u00e3o do ar na sa\u00fade de idosos","og_description":"A exposi\u00e7\u00e3o precoce \u00e0 polui\u00e7\u00e3o atmosf\u00e9rica pode ter consequ\u00eancias negativas para a sa\u00fade dos adultos mais velhos.","og_url":"https:\/\/blogs.funiber.org\/pt\/gerontologia\/2024\/03\/25\/impacto-exposicao-precoce-poluicao-do-saude-idosos","og_site_name":"FuniBlogs - FUNIBER","article_publisher":"https:\/\/www.facebook.com\/funiber","article_published_time":"2024-03-25T21:37:36+00:00","article_modified_time":"2024-03-25T21:37:37+00:00","og_image":[{"width":570,"height":350,"url":"https:\/\/blogs.funiber.org\/pt\/wp-content\/uploads\/2024\/03\/gettyimages-nueveciensesenta-dosmill\u00f3nunocientreinta-cincomilcuatrocienocho-cincociensetenta-.jpg","type":"image\/jpeg"}],"author":"Contenido GT2","twitter_card":"summary_large_image","twitter_creator":"@FUNIBER","twitter_site":"@FUNIBER","twitter_misc":{"Escrito por":"Contenido GT2","Est. tempo de leitura":"4 minutos"},"schema":{"@context":"https:\/\/schema.org","@graph":[{"@type":"Article","@id":"https:\/\/blogs.funiber.org\/pt\/gerontologia\/2024\/03\/25\/impacto-exposicao-precoce-poluicao-do-saude-idosos#article","isPartOf":{"@id":"https:\/\/blogs.funiber.org\/pt\/gerontologia\/2024\/03\/25\/impacto-exposicao-precoce-poluicao-do-saude-idosos"},"author":{"name":"Contenido GT2","@id":"https:\/\/blogs.funiber.org\/pt\/#\/schema\/person\/b677abb5cf2a95713b98e17c31742c09"},"headline":"Impacto da exposi\u00e7\u00e3o precoce \u00e0 polui\u00e7\u00e3o do ar na sa\u00fade de idosos","datePublished":"2024-03-25T21:37:36+00:00","dateModified":"2024-03-25T21:37:37+00:00","mainEntityOfPage":{"@id":"https:\/\/blogs.funiber.org\/pt\/gerontologia\/2024\/03\/25\/impacto-exposicao-precoce-poluicao-do-saude-idosos"},"wordCount":703,"publisher":{"@id":"https:\/\/blogs.funiber.org\/pt\/#organization"},"keywords":["Bolsas","capacidade cognitiva","doen\u00e7as limitantes","especialidade a dist\u00e2ncia","Funiber","gerontologia","Idosos","mestrado","part\u00edculas finas","polui\u00e7\u00e3o atmosf\u00e9rica","Sa\u00fade"],"articleSection":["Gerontologia"],"inLanguage":"pt-BR"},{"@type":"WebPage","@id":"https:\/\/blogs.funiber.org\/pt\/gerontologia\/2024\/03\/25\/impacto-exposicao-precoce-poluicao-do-saude-idosos","url":"https:\/\/blogs.funiber.org\/pt\/gerontologia\/2024\/03\/25\/impacto-exposicao-precoce-poluicao-do-saude-idosos","name":"Impacto da exposi\u00e7\u00e3o precoce \u00e0 polui\u00e7\u00e3o do ar na sa\u00fade de idosos","isPartOf":{"@id":"https:\/\/blogs.funiber.org\/pt\/#website"},"datePublished":"2024-03-25T21:37:36+00:00","dateModified":"2024-03-25T21:37:37+00:00","description":"A exposi\u00e7\u00e3o precoce \u00e0 polui\u00e7\u00e3o atmosf\u00e9rica pode ter consequ\u00eancias negativas para a sa\u00fade dos adultos mais velhos.","breadcrumb":{"@id":"https:\/\/blogs.funiber.org\/pt\/gerontologia\/2024\/03\/25\/impacto-exposicao-precoce-poluicao-do-saude-idosos#breadcrumb"},"inLanguage":"pt-BR","potentialAction":[{"@type":"ReadAction","target":["https:\/\/blogs.funiber.org\/pt\/gerontologia\/2024\/03\/25\/impacto-exposicao-precoce-poluicao-do-saude-idosos"]}]},{"@type":"BreadcrumbList","@id":"https:\/\/blogs.funiber.org\/pt\/gerontologia\/2024\/03\/25\/impacto-exposicao-precoce-poluicao-do-saude-idosos#breadcrumb","itemListElement":[{"@type":"ListItem","position":1,"name":"In\u00edcio","item":"https:\/\/blogs.funiber.org\/pt"},{"@type":"ListItem","position":2,"name":"Impacto da exposi\u00e7\u00e3o precoce \u00e0 polui\u00e7\u00e3o do ar na sa\u00fade de idosos"}]},{"@type":"WebSite","@id":"https:\/\/blogs.funiber.org\/pt\/#website","url":"https:\/\/blogs.funiber.org\/pt\/","name":"FuniBlogs - FUNIBER","description":"","publisher":{"@id":"https:\/\/blogs.funiber.org\/pt\/#organization"},"potentialAction":[{"@type":"SearchAction","target":{"@type":"EntryPoint","urlTemplate":"https:\/\/blogs.funiber.org\/pt\/?s={search_term_string}"},"query-input":"required name=search_term_string"}],"inLanguage":"pt-BR"},{"@type":"Organization","@id":"https:\/\/blogs.funiber.org\/pt\/#organization","name":"FuniBlogs - FUNIBER","url":"https:\/\/blogs.funiber.org\/pt\/","logo":{"@type":"ImageObject","inLanguage":"pt-BR","@id":"https:\/\/blogs.funiber.org\/pt\/#\/schema\/logo\/image\/","url":"https:\/\/www.funiber.blog\/pt\/wp-content\/uploads\/2022\/02\/logo-funiber-pt-br-v-dos.svg","contentUrl":"https:\/\/www.funiber.blog\/pt\/wp-content\/uploads\/2022\/02\/logo-funiber-pt-br-v-dos.svg","width":1,"height":1,"caption":"FuniBlogs - FUNIBER"},"image":{"@id":"https:\/\/blogs.funiber.org\/pt\/#\/schema\/logo\/image\/"},"sameAs":["https:\/\/www.facebook.com\/funiber","https:\/\/twitter.com\/FUNIBER","https:\/\/www.instagram.com\/funiber_becas","https:\/\/www.youtube.com\/user\/funiber","https:\/\/www.linkedin.com\/company\/funiber"]},{"@type":"Person","@id":"https:\/\/blogs.funiber.org\/pt\/#\/schema\/person\/b677abb5cf2a95713b98e17c31742c09","name":"Contenido GT2","image":{"@type":"ImageObject","inLanguage":"pt-BR","@id":"https:\/\/blogs.funiber.org\/pt\/#\/schema\/person\/image\/","url":"https:\/\/secure.gravatar.com\/avatar\/b5a02967a8912eb95241dfff01da0fab?s=96&d=mm&r=g","contentUrl":"https:\/\/secure.gravatar.com\/avatar\/b5a02967a8912eb95241dfff01da0fab?s=96&d=mm&r=g","caption":"Contenido GT2"},"url":"https:\/\/www.funiber.blog\/pt\/author\/contenido-gt2"}]}},"jetpack_featured_media_url":"https:\/\/www.funiber.blog\/pt\/wp-content\/uploads\/2024\/03\/gettyimages-nueveciensesenta-dosmill\u00f3nunocientreinta-cincomilcuatrocienocho-cincociensetenta-.jpg","jetpack_shortlink":"https:\/\/wp.me\/p7ee1t-7JC","jetpack_sharing_enabled":true,"_links":{"self":[{"href":"https:\/\/www.funiber.blog\/pt\/wp-json\/wp\/v2\/posts\/29736"}],"collection":[{"href":"https:\/\/www.funiber.blog\/pt\/wp-json\/wp\/v2\/posts"}],"about":[{"href":"https:\/\/www.funiber.blog\/pt\/wp-json\/wp\/v2\/types\/post"}],"author":[{"embeddable":true,"href":"https:\/\/www.funiber.blog\/pt\/wp-json\/wp\/v2\/users\/33"}],"replies":[{"embeddable":true,"href":"https:\/\/www.funiber.blog\/pt\/wp-json\/wp\/v2\/comments?post=29736"}],"version-history":[{"count":1,"href":"https:\/\/www.funiber.blog\/pt\/wp-json\/wp\/v2\/posts\/29736\/revisions"}],"predecessor-version":[{"id":29739,"href":"https:\/\/www.funiber.blog\/pt\/wp-json\/wp\/v2\/posts\/29736\/revisions\/29739"}],"wp:featuredmedia":[{"embeddable":true,"href":"https:\/\/www.funiber.blog\/pt\/wp-json\/wp\/v2\/media\/29738"}],"wp:attachment":[{"href":"https:\/\/www.funiber.blog\/pt\/wp-json\/wp\/v2\/media?parent=29736"}],"wp:term":[{"taxonomy":"category","embeddable":true,"href":"https:\/\/www.funiber.blog\/pt\/wp-json\/wp\/v2\/categories?post=29736"},{"taxonomy":"post_tag","embeddable":true,"href":"https:\/\/www.funiber.blog\/pt\/wp-json\/wp\/v2\/tags?post=29736"}],"curies":[{"name":"wp","href":"https:\/\/api.w.org\/{rel}","templated":true}]}}