{"id":29951,"date":"2024-05-03T10:33:34","date_gmt":"2024-05-03T15:33:34","guid":{"rendered":"https:\/\/blogs.funiber.org\/pt\/?p=29951"},"modified":"2024-05-03T10:33:37","modified_gmt":"2024-05-03T15:33:37","slug":"sexta-assembleia-ambiente-impulso-multilateral-enfrentar-desafios-globais","status":"publish","type":"post","link":"https:\/\/www.funiber.blog\/pt\/meio-ambiente\/2024\/05\/03\/sexta-assembleia-ambiente-impulso-multilateral-enfrentar-desafios-globais","title":{"rendered":"Sexta Assembleia do Ambiente: impulso multilateral para enfrentar os desafios globais"},"content":{"rendered":"\n<h2 class=\"wp-block-heading\"><strong>Ap\u00f3s intensas reuni\u00f5es e conflitos geopol\u00edticos, a sexta sess\u00e3o da Assembleia das Na\u00e7\u00f5es Unidas para o Ambiente (UNEA) foi conclu\u00edda com \u00eaxito.<\/strong><\/h2>\n\n\n\n<p>Durante cinco dias, os representantes dos pa\u00edses membros adotaram quinze resolu\u00e7\u00f5es destinadas a resolver os problemas ambientais mais prementes do mundo, como as altera\u00e7\u00f5es clim\u00e1ticas, a polui\u00e7\u00e3o atmosf\u00e9rica e a desertifica\u00e7\u00e3o. Esta assembleia foi um marco na demonstra\u00e7\u00e3o da capacidade dos pa\u00edses de se unirem para resolver quest\u00f5es ambientais, apesar das profundas divis\u00f5es. Neste artigo, exploramos as principais quest\u00f5es abordadas durante a assembleia e a sua import\u00e2ncia para a prote\u00e7\u00e3o do planeta e a prossecu\u00e7\u00e3o do desenvolvimento sustent\u00e1vel.<\/p>\n\n\n\n<p>A UNEA, o mais alto \u00f3rg\u00e3o de decis\u00e3o sobre quest\u00f5es ambientais, reuniu l\u00edderes mundiais, representantes da sociedade civil e do sector privado em Nairobi, no Qu\u00e9nia. Nesta sexta edi\u00e7\u00e3o, foram debatidas 19 resolu\u00e7\u00f5es, abrangendo uma s\u00e9rie de quest\u00f5es, desde o combate \u00e0 desertifica\u00e7\u00e3o at\u00e9 \u00e0 luta contra a polui\u00e7\u00e3o atmosf\u00e9rica. Estas resolu\u00e7\u00f5es fazem parte de um esfor\u00e7o global para enfrentar a tripla crise planet\u00e1ria das altera\u00e7\u00f5es clim\u00e1ticas, da perda de biodiversidade e da polui\u00e7\u00e3o, que s\u00e3o vistas como desafios interdependentes.<\/p>\n\n\n\n<h2 class=\"wp-block-heading\"><strong>Principais quest\u00f5es abordadas na assembleia<\/strong><\/h2>\n\n\n\n<p>Em primeiro lugar, destacamos a Declara\u00e7\u00e3o Ministerial adotada no final da assembleia, na qual os pa\u00edses se comprometeram a redobrar os esfor\u00e7os para combater estes problemas e a trabalhar em conjunto para um \u201camanh\u00e3 melhor\u201d. Para al\u00e9m desta declara\u00e7\u00e3o, foram adoptadas 15 resolu\u00e7\u00f5es que abordam quest\u00f5es fundamentais como a extra\u00e7\u00e3o sustent\u00e1vel, a redu\u00e7\u00e3o da polui\u00e7\u00e3o por produtos qu\u00edmicos e res\u00edduos, a gest\u00e3o sustent\u00e1vel das reservas de \u00e1gua doce, entre outras. Estas resolu\u00e7\u00f5es servir\u00e3o de base para a formula\u00e7\u00e3o de tratados globais e para a elabora\u00e7\u00e3o de pol\u00edticas nacionais mais eficazes.<\/p>\n\n\n\n<p>O multilateralismo foi outro ponto alto da assembleia. Apesar das divis\u00f5es geopol\u00edticas no panorama internacional, o evento demonstrou que os pa\u00edses podem unir esfor\u00e7os e trabalhar em conjunto para encontrar solu\u00e7\u00f5es para o ambiente. Inger Andersen, directora executiva do Programa das Na\u00e7\u00f5es Unidas para o Ambiente (PNUA), sublinhou a import\u00e2ncia do multilateralismo como instrumento para enfrentar os desafios ambientais.<\/p>\n\n\n<div class=\"wp-block-image\">\n<figure class=\"aligncenter size-full\"><img loading=\"lazy\" decoding=\"async\" width=\"600\" height=\"400\" data-attachment-id=\"29952\" data-permalink=\"https:\/\/www.funiber.blog\/pt\/meio-ambiente\/2024\/05\/03\/sexta-assembleia-ambiente-impulso-multilateral-enfrentar-desafios-globais\/attachment\/were-all-responsible-for-creating-a-better-tomorrow\" data-orig-file=\"https:\/\/www.funiber.blog\/pt\/wp-content\/uploads\/2024\/05\/gettyimages-unobill\u00f3nnuevemill\u00f3nnuevecientreinta-cuatromilunociendos-seiscien.jpg\" data-orig-size=\"600,400\" data-comments-opened=\"0\" data-image-meta=\"{&quot;aperture&quot;:&quot;1.6&quot;,&quot;credit&quot;:&quot;Getty Images&quot;,&quot;camera&quot;:&quot;NIKON D810&quot;,&quot;caption&quot;:&quot;High angle shot of a group of business colleagues holding a budding plant growing out of soil in their hands&quot;,&quot;created_timestamp&quot;:&quot;1519257600&quot;,&quot;copyright&quot;:&quot;&quot;,&quot;focal_length&quot;:&quot;50&quot;,&quot;iso&quot;:&quot;320&quot;,&quot;shutter_speed&quot;:&quot;0.004&quot;,&quot;title&quot;:&quot;We&#039;re all responsible for creating a better tomorrow&quot;,&quot;orientation&quot;:&quot;1&quot;}\" data-image-title=\"were-all-responsible-for-creating-a-better-tomorrow\" data-image-description=\"&lt;p&gt;were-all-responsible-for-creating-a-better-tomorrow&lt;\/p&gt;\n\" data-image-caption=\"&lt;p&gt;were-all-responsible-for-creating-a-better-tomorrow&lt;\/p&gt;\n\" data-medium-file=\"https:\/\/www.funiber.blog\/pt\/wp-content\/uploads\/2024\/05\/gettyimages-unobill\u00f3nnuevemill\u00f3nnuevecientreinta-cuatromilunociendos-seiscien-400x267.jpg\" data-large-file=\"https:\/\/www.funiber.blog\/pt\/wp-content\/uploads\/2024\/05\/gettyimages-unobill\u00f3nnuevemill\u00f3nnuevecientreinta-cuatromilunociendos-seiscien-400x267.jpg\" src=\"https:\/\/www.funiber.blog\/pt\/wp-content\/uploads\/2024\/05\/gettyimages-unobill\u00f3nnuevemill\u00f3nnuevecientreinta-cuatromilunociendos-seiscien.jpg\" alt=\"Um grupo de persas d\u00e1 as m\u00e3os em prol do ambiente. \" class=\"wp-image-29952\" title=\"Um grupo de persas d\u00e1 as m\u00e3os em prol do ambiente. \" srcset=\"https:\/\/www.funiber.blog\/pt\/wp-content\/uploads\/2024\/05\/gettyimages-unobill\u00f3nnuevemill\u00f3nnuevecientreinta-cuatromilunociendos-seiscien.jpg 600w, https:\/\/www.funiber.blog\/pt\/wp-content\/uploads\/2024\/05\/gettyimages-unobill\u00f3nnuevemill\u00f3nnuevecientreinta-cuatromilunociendos-seiscien-400x267.jpg 400w, https:\/\/www.funiber.blog\/pt\/wp-content\/uploads\/2024\/05\/gettyimages-unobill\u00f3nnuevemill\u00f3nnuevecientreinta-cuatromilunociendos-seiscien-300x200.jpg 300w, https:\/\/www.funiber.blog\/pt\/wp-content\/uploads\/2024\/05\/gettyimages-unobill\u00f3nnuevemill\u00f3nnuevecientreinta-cuatromilunociendos-seiscien-450x300.jpg 450w\" sizes=\"(max-width: 600px) 100vw, 600px\" \/><figcaption class=\"wp-element-caption\">Esta assembleia demonstrou a capacidade dos pa\u00edses de se unirem para resolver problemas ambientais, apesar das suas diferen\u00e7as.<\/figcaption><\/figure><\/div>\n\n\n<p>Num momento cr\u00edtico para o planeta, com as altera\u00e7\u00f5es clim\u00e1ticas a intensificarem-se, um grande n\u00famero de esp\u00e9cies em risco de extin\u00e7\u00e3o e a polui\u00e7\u00e3o como causa de morte prematura, a sexta assembleia da UNEA constituiu uma oportunidade para ministros, empres\u00e1rios, cientistas e activistas ambientais de todo o mundo debaterem solu\u00e7\u00f5es e ac\u00e7\u00f5es a tomar em rela\u00e7\u00e3o \u00e0 tripla crise planet\u00e1ria. Embora as resolu\u00e7\u00f5es adoptadas n\u00e3o tenham poder juridicamente vinculativo, constituem um primeiro passo significativo para a realiza\u00e7\u00e3o de acordos e pol\u00edticas ambientais globais e nacionais.<\/p>\n\n\n\n<p>A Assembleia das Na\u00e7\u00f5es Unidas termina esta edi\u00e7\u00e3o com uma clara consci\u00eancia da import\u00e2ncia dos Objectivos de Desenvolvimento Sustent\u00e1vel (ODS). Foi sublinhado como a tripla crise global est\u00e1 a ter um enorme impacto nas condi\u00e7\u00f5es de vida dos mais vulner\u00e1veis, constituindo um fosso substancial entre ricos e pobres. Neste sentido, os l\u00edderes mundiais reafirmaram o seu compromisso com os ODS e aproveitaram a assembleia para renovar o seu apelo a uma a\u00e7\u00e3o conjunta e eficaz em benef\u00edcio do mundo e das gera\u00e7\u00f5es futuras.<\/p>\n\n\n\n<h2 class=\"wp-block-heading\"><strong>Continue a sua forma\u00e7\u00e3o profissional<\/strong><\/h2>\n\n\n\n<p>Como o mundo continua a enfrentar problemas ambientais prementes, \u00e9 crucial formar profissionais com conhecimentos e compet\u00eancias para enfrentar esses desafios. Neste contexto, a Funda\u00e7\u00e3o Universit\u00e1ria Iberoamericana (<a href=\"https:\/\/www.funiber.org.br\/\">FUNIBER<\/a>) oferece o <a href=\"https:\/\/www.funiber.org.br\/mestrado-em-gestao-e-auditorias-ambientais\">Mestrado em Gest\u00e3o e Auditorias Ambientais<\/a>. Este programa aprofunda os aspectos cr\u00edticos da gest\u00e3o e auditoria ambiental, proporcionando aos alunos uma compreens\u00e3o abrangente das complexidades envolvidas.<\/p>\n\n\n\n<p>Embarque nesta jornada acad\u00eamica transformadora conosco e torne-se um catalisador para a sustentabilidade, forjando uma rela\u00e7\u00e3o harmoniosa entre os seres humanos e o planeta para as gera\u00e7\u00f5es vindouras.<\/p>\n\n\n\n<p>Fontes: <a href=\"https:\/\/www.unep.org\/es\/noticias-y-reportajes\/reportajes\/comienza-la-asamblea-de-la-onu-sobre-medio-ambiente-en-un-momento\">&nbsp;Comienza la Asamblea de la ONU sobre el Medio Ambiente en un momento cr\u00edtico para el planeta<\/a><\/p>\n\n\n\n<p><a href=\"https:\/\/www.pressenza.com\/es\/2024\/03\/culmino-la-sexta-asamblea-sobre-el-medio-ambiente\/\">Culmin\u00f3 la sexta Asamblea sobre el Medio Ambiente<\/a><\/p>\n","protected":false},"excerpt":{"rendered":"<p>Ap\u00f3s intensas reuni\u00f5es e conflitos geopol\u00edticos, a sexta sess\u00e3o da Assembleia das Na\u00e7\u00f5es Unidas para o Ambiente (UNEA) foi conclu\u00edda com \u00eaxito. Durante cinco dias, os representantes dos pa\u00edses membros adotaram quinze resolu\u00e7\u00f5es destinadas a resolver os problemas ambientais mais prementes do mundo, como as altera\u00e7\u00f5es clim\u00e1ticas, a polui\u00e7\u00e3o atmosf\u00e9rica e a desertifica\u00e7\u00e3o. Esta assembleia [&hellip;]<\/p>\n","protected":false},"author":33,"featured_media":29953,"comment_status":"closed","ping_status":"closed","sticky":false,"template":"","format":"standard","meta":{"jetpack_post_was_ever_published":false,"_jetpack_newsletter_access":"","_jetpack_newsletter_tier_id":0,"footnotes":"","jetpack_publicize_message":"","jetpack_is_tweetstorm":false,"jetpack_publicize_feature_enabled":true,"jetpack_social_post_already_shared":true,"jetpack_social_options":{"image_generator_settings":{"template":"highway","enabled":false}}},"categories":[2],"tags":[9129,1770,9130,2236,8391,248,835,671,141,372,8641,9131],"jetpack_publicize_connections":[],"yoast_head":"<!-- This site is optimized with the Yoast SEO plugin v21.7 - https:\/\/yoast.com\/wordpress\/plugins\/seo\/ -->\n<title>Sexta Assembleia do Ambiente: impulso multilateral para enfrentar os desafios globais<\/title>\n<meta name=\"description\" content=\"Ap\u00f3s intensas reuni\u00f5es e conflitos geopol\u00edticos, a sexta sess\u00e3o da UNEA foi conclu\u00edda com \u00eaxito.\" \/>\n<meta name=\"robots\" content=\"index, follow, max-snippet:-1, max-image-preview:large, max-video-preview:-1\" \/>\n<link rel=\"canonical\" href=\"https:\/\/blogs.funiber.org\/pt\/meio-ambiente\/2024\/05\/03\/sexta-assembleia-ambiente-impulso-multilateral-enfrentar-desafios-globais\" \/>\n<meta property=\"og:locale\" content=\"pt_BR\" \/>\n<meta property=\"og:type\" content=\"article\" \/>\n<meta property=\"og:title\" content=\"Sexta Assembleia do Ambiente: impulso multilateral para enfrentar os desafios globais\" \/>\n<meta property=\"og:description\" content=\"Ap\u00f3s intensas reuni\u00f5es e conflitos geopol\u00edticos, a sexta sess\u00e3o da UNEA foi conclu\u00edda com \u00eaxito.\" \/>\n<meta property=\"og:url\" content=\"https:\/\/blogs.funiber.org\/pt\/meio-ambiente\/2024\/05\/03\/sexta-assembleia-ambiente-impulso-multilateral-enfrentar-desafios-globais\" \/>\n<meta property=\"og:site_name\" content=\"FuniBlogs - FUNIBER\" \/>\n<meta property=\"article:publisher\" content=\"https:\/\/www.facebook.com\/funiber\" \/>\n<meta property=\"article:published_time\" content=\"2024-05-03T15:33:34+00:00\" \/>\n<meta property=\"article:modified_time\" content=\"2024-05-03T15:33:37+00:00\" \/>\n<meta property=\"og:image\" content=\"https:\/\/blogs.funiber.org\/pt\/wp-content\/uploads\/2024\/05\/gettyimages-ochociencincuenta-nuevemill\u00f3nsieteciencuarenta-cuatromiltresciencuarenta-ocho-seiscien.jpg\" \/>\n\t<meta property=\"og:image:width\" content=\"600\" \/>\n\t<meta property=\"og:image:height\" content=\"400\" \/>\n\t<meta property=\"og:image:type\" content=\"image\/jpeg\" \/>\n<meta name=\"author\" content=\"Contenido GT2\" \/>\n<meta name=\"twitter:card\" content=\"summary_large_image\" \/>\n<meta name=\"twitter:creator\" content=\"@FUNIBER\" \/>\n<meta name=\"twitter:site\" content=\"@FUNIBER\" \/>\n<meta name=\"twitter:label1\" content=\"Escrito por\" \/>\n\t<meta name=\"twitter:data1\" content=\"Contenido GT2\" \/>\n\t<meta name=\"twitter:label2\" content=\"Est. tempo de leitura\" \/>\n\t<meta name=\"twitter:data2\" content=\"4 minutos\" \/>\n<script type=\"application\/ld+json\" class=\"yoast-schema-graph\">{\"@context\":\"https:\/\/schema.org\",\"@graph\":[{\"@type\":\"Article\",\"@id\":\"https:\/\/blogs.funiber.org\/pt\/meio-ambiente\/2024\/05\/03\/sexta-assembleia-ambiente-impulso-multilateral-enfrentar-desafios-globais#article\",\"isPartOf\":{\"@id\":\"https:\/\/blogs.funiber.org\/pt\/meio-ambiente\/2024\/05\/03\/sexta-assembleia-ambiente-impulso-multilateral-enfrentar-desafios-globais\"},\"author\":{\"name\":\"Contenido GT2\",\"@id\":\"https:\/\/blogs.funiber.org\/pt\/#\/schema\/person\/b677abb5cf2a95713b98e17c31742c09\"},\"headline\":\"Sexta Assembleia do Ambiente: impulso multilateral para enfrentar os desafios globais\",\"datePublished\":\"2024-05-03T15:33:34+00:00\",\"dateModified\":\"2024-05-03T15:33:37+00:00\",\"mainEntityOfPage\":{\"@id\":\"https:\/\/blogs.funiber.org\/pt\/meio-ambiente\/2024\/05\/03\/sexta-assembleia-ambiente-impulso-multilateral-enfrentar-desafios-globais\"},\"wordCount\":751,\"publisher\":{\"@id\":\"https:\/\/blogs.funiber.org\/pt\/#organization\"},\"keywords\":[\"Assembleia sobre Meio Ambiente\",\"Bolsas de Estudo\",\"desafios planet\u00e1rios\",\"desertifica\u00e7\u00e3o\",\"especialidade a dist\u00e2ncia\",\"Funiber\",\"Meio Ambiente\",\"mestrado\",\"Mudan\u00e7as clim\u00e1ticas\",\"ONU\",\"polui\u00e7\u00e3o atmosf\u00e9rica\",\"UNEA\"],\"articleSection\":[\"Meio Ambiente\"],\"inLanguage\":\"pt-BR\"},{\"@type\":\"WebPage\",\"@id\":\"https:\/\/blogs.funiber.org\/pt\/meio-ambiente\/2024\/05\/03\/sexta-assembleia-ambiente-impulso-multilateral-enfrentar-desafios-globais\",\"url\":\"https:\/\/blogs.funiber.org\/pt\/meio-ambiente\/2024\/05\/03\/sexta-assembleia-ambiente-impulso-multilateral-enfrentar-desafios-globais\",\"name\":\"Sexta Assembleia do Ambiente: impulso multilateral para enfrentar os desafios globais\",\"isPartOf\":{\"@id\":\"https:\/\/blogs.funiber.org\/pt\/#website\"},\"datePublished\":\"2024-05-03T15:33:34+00:00\",\"dateModified\":\"2024-05-03T15:33:37+00:00\",\"description\":\"Ap\u00f3s intensas reuni\u00f5es e conflitos geopol\u00edticos, a sexta sess\u00e3o da UNEA foi conclu\u00edda com \u00eaxito.\",\"breadcrumb\":{\"@id\":\"https:\/\/blogs.funiber.org\/pt\/meio-ambiente\/2024\/05\/03\/sexta-assembleia-ambiente-impulso-multilateral-enfrentar-desafios-globais#breadcrumb\"},\"inLanguage\":\"pt-BR\",\"potentialAction\":[{\"@type\":\"ReadAction\",\"target\":[\"https:\/\/blogs.funiber.org\/pt\/meio-ambiente\/2024\/05\/03\/sexta-assembleia-ambiente-impulso-multilateral-enfrentar-desafios-globais\"]}]},{\"@type\":\"BreadcrumbList\",\"@id\":\"https:\/\/blogs.funiber.org\/pt\/meio-ambiente\/2024\/05\/03\/sexta-assembleia-ambiente-impulso-multilateral-enfrentar-desafios-globais#breadcrumb\",\"itemListElement\":[{\"@type\":\"ListItem\",\"position\":1,\"name\":\"In\u00edcio\",\"item\":\"https:\/\/blogs.funiber.org\/pt\"},{\"@type\":\"ListItem\",\"position\":2,\"name\":\"Sexta Assembleia do Ambiente: impulso multilateral para enfrentar os desafios globais\"}]},{\"@type\":\"WebSite\",\"@id\":\"https:\/\/blogs.funiber.org\/pt\/#website\",\"url\":\"https:\/\/blogs.funiber.org\/pt\/\",\"name\":\"FuniBlogs - FUNIBER\",\"description\":\"\",\"publisher\":{\"@id\":\"https:\/\/blogs.funiber.org\/pt\/#organization\"},\"potentialAction\":[{\"@type\":\"SearchAction\",\"target\":{\"@type\":\"EntryPoint\",\"urlTemplate\":\"https:\/\/blogs.funiber.org\/pt\/?s={search_term_string}\"},\"query-input\":\"required name=search_term_string\"}],\"inLanguage\":\"pt-BR\"},{\"@type\":\"Organization\",\"@id\":\"https:\/\/blogs.funiber.org\/pt\/#organization\",\"name\":\"FuniBlogs - FUNIBER\",\"url\":\"https:\/\/blogs.funiber.org\/pt\/\",\"logo\":{\"@type\":\"ImageObject\",\"inLanguage\":\"pt-BR\",\"@id\":\"https:\/\/blogs.funiber.org\/pt\/#\/schema\/logo\/image\/\",\"url\":\"https:\/\/www.funiber.blog\/pt\/wp-content\/uploads\/2022\/02\/logo-funiber-pt-br-v-dos.svg\",\"contentUrl\":\"https:\/\/www.funiber.blog\/pt\/wp-content\/uploads\/2022\/02\/logo-funiber-pt-br-v-dos.svg\",\"width\":1,\"height\":1,\"caption\":\"FuniBlogs - FUNIBER\"},\"image\":{\"@id\":\"https:\/\/blogs.funiber.org\/pt\/#\/schema\/logo\/image\/\"},\"sameAs\":[\"https:\/\/www.facebook.com\/funiber\",\"https:\/\/twitter.com\/FUNIBER\",\"https:\/\/www.instagram.com\/funiber_becas\",\"https:\/\/www.youtube.com\/user\/funiber\",\"https:\/\/www.linkedin.com\/company\/funiber\"]},{\"@type\":\"Person\",\"@id\":\"https:\/\/blogs.funiber.org\/pt\/#\/schema\/person\/b677abb5cf2a95713b98e17c31742c09\",\"name\":\"Contenido GT2\",\"image\":{\"@type\":\"ImageObject\",\"inLanguage\":\"pt-BR\",\"@id\":\"https:\/\/blogs.funiber.org\/pt\/#\/schema\/person\/image\/\",\"url\":\"https:\/\/secure.gravatar.com\/avatar\/b5a02967a8912eb95241dfff01da0fab?s=96&d=mm&r=g\",\"contentUrl\":\"https:\/\/secure.gravatar.com\/avatar\/b5a02967a8912eb95241dfff01da0fab?s=96&d=mm&r=g\",\"caption\":\"Contenido GT2\"},\"url\":\"https:\/\/www.funiber.blog\/pt\/author\/contenido-gt2\"}]}<\/script>\n<!-- \/ Yoast SEO plugin. -->","yoast_head_json":{"title":"Sexta Assembleia do Ambiente: impulso multilateral para enfrentar os desafios globais","description":"Ap\u00f3s intensas reuni\u00f5es e conflitos geopol\u00edticos, a sexta sess\u00e3o da UNEA foi conclu\u00edda com \u00eaxito.","robots":{"index":"index","follow":"follow","max-snippet":"max-snippet:-1","max-image-preview":"max-image-preview:large","max-video-preview":"max-video-preview:-1"},"canonical":"https:\/\/blogs.funiber.org\/pt\/meio-ambiente\/2024\/05\/03\/sexta-assembleia-ambiente-impulso-multilateral-enfrentar-desafios-globais","og_locale":"pt_BR","og_type":"article","og_title":"Sexta Assembleia do Ambiente: impulso multilateral para enfrentar os desafios globais","og_description":"Ap\u00f3s intensas reuni\u00f5es e conflitos geopol\u00edticos, a sexta sess\u00e3o da UNEA foi conclu\u00edda com \u00eaxito.","og_url":"https:\/\/blogs.funiber.org\/pt\/meio-ambiente\/2024\/05\/03\/sexta-assembleia-ambiente-impulso-multilateral-enfrentar-desafios-globais","og_site_name":"FuniBlogs - FUNIBER","article_publisher":"https:\/\/www.facebook.com\/funiber","article_published_time":"2024-05-03T15:33:34+00:00","article_modified_time":"2024-05-03T15:33:37+00:00","og_image":[{"width":600,"height":400,"url":"https:\/\/blogs.funiber.org\/pt\/wp-content\/uploads\/2024\/05\/gettyimages-ochociencincuenta-nuevemill\u00f3nsieteciencuarenta-cuatromiltresciencuarenta-ocho-seiscien.jpg","type":"image\/jpeg"}],"author":"Contenido GT2","twitter_card":"summary_large_image","twitter_creator":"@FUNIBER","twitter_site":"@FUNIBER","twitter_misc":{"Escrito por":"Contenido GT2","Est. tempo de leitura":"4 minutos"},"schema":{"@context":"https:\/\/schema.org","@graph":[{"@type":"Article","@id":"https:\/\/blogs.funiber.org\/pt\/meio-ambiente\/2024\/05\/03\/sexta-assembleia-ambiente-impulso-multilateral-enfrentar-desafios-globais#article","isPartOf":{"@id":"https:\/\/blogs.funiber.org\/pt\/meio-ambiente\/2024\/05\/03\/sexta-assembleia-ambiente-impulso-multilateral-enfrentar-desafios-globais"},"author":{"name":"Contenido GT2","@id":"https:\/\/blogs.funiber.org\/pt\/#\/schema\/person\/b677abb5cf2a95713b98e17c31742c09"},"headline":"Sexta Assembleia do Ambiente: impulso multilateral para enfrentar os desafios globais","datePublished":"2024-05-03T15:33:34+00:00","dateModified":"2024-05-03T15:33:37+00:00","mainEntityOfPage":{"@id":"https:\/\/blogs.funiber.org\/pt\/meio-ambiente\/2024\/05\/03\/sexta-assembleia-ambiente-impulso-multilateral-enfrentar-desafios-globais"},"wordCount":751,"publisher":{"@id":"https:\/\/blogs.funiber.org\/pt\/#organization"},"keywords":["Assembleia sobre Meio Ambiente","Bolsas de Estudo","desafios planet\u00e1rios","desertifica\u00e7\u00e3o","especialidade a dist\u00e2ncia","Funiber","Meio Ambiente","mestrado","Mudan\u00e7as clim\u00e1ticas","ONU","polui\u00e7\u00e3o atmosf\u00e9rica","UNEA"],"articleSection":["Meio Ambiente"],"inLanguage":"pt-BR"},{"@type":"WebPage","@id":"https:\/\/blogs.funiber.org\/pt\/meio-ambiente\/2024\/05\/03\/sexta-assembleia-ambiente-impulso-multilateral-enfrentar-desafios-globais","url":"https:\/\/blogs.funiber.org\/pt\/meio-ambiente\/2024\/05\/03\/sexta-assembleia-ambiente-impulso-multilateral-enfrentar-desafios-globais","name":"Sexta Assembleia do Ambiente: impulso multilateral para enfrentar os desafios globais","isPartOf":{"@id":"https:\/\/blogs.funiber.org\/pt\/#website"},"datePublished":"2024-05-03T15:33:34+00:00","dateModified":"2024-05-03T15:33:37+00:00","description":"Ap\u00f3s intensas reuni\u00f5es e conflitos geopol\u00edticos, a sexta sess\u00e3o da UNEA foi conclu\u00edda com \u00eaxito.","breadcrumb":{"@id":"https:\/\/blogs.funiber.org\/pt\/meio-ambiente\/2024\/05\/03\/sexta-assembleia-ambiente-impulso-multilateral-enfrentar-desafios-globais#breadcrumb"},"inLanguage":"pt-BR","potentialAction":[{"@type":"ReadAction","target":["https:\/\/blogs.funiber.org\/pt\/meio-ambiente\/2024\/05\/03\/sexta-assembleia-ambiente-impulso-multilateral-enfrentar-desafios-globais"]}]},{"@type":"BreadcrumbList","@id":"https:\/\/blogs.funiber.org\/pt\/meio-ambiente\/2024\/05\/03\/sexta-assembleia-ambiente-impulso-multilateral-enfrentar-desafios-globais#breadcrumb","itemListElement":[{"@type":"ListItem","position":1,"name":"In\u00edcio","item":"https:\/\/blogs.funiber.org\/pt"},{"@type":"ListItem","position":2,"name":"Sexta Assembleia do Ambiente: impulso multilateral para enfrentar os desafios globais"}]},{"@type":"WebSite","@id":"https:\/\/blogs.funiber.org\/pt\/#website","url":"https:\/\/blogs.funiber.org\/pt\/","name":"FuniBlogs - FUNIBER","description":"","publisher":{"@id":"https:\/\/blogs.funiber.org\/pt\/#organization"},"potentialAction":[{"@type":"SearchAction","target":{"@type":"EntryPoint","urlTemplate":"https:\/\/blogs.funiber.org\/pt\/?s={search_term_string}"},"query-input":"required name=search_term_string"}],"inLanguage":"pt-BR"},{"@type":"Organization","@id":"https:\/\/blogs.funiber.org\/pt\/#organization","name":"FuniBlogs - FUNIBER","url":"https:\/\/blogs.funiber.org\/pt\/","logo":{"@type":"ImageObject","inLanguage":"pt-BR","@id":"https:\/\/blogs.funiber.org\/pt\/#\/schema\/logo\/image\/","url":"https:\/\/www.funiber.blog\/pt\/wp-content\/uploads\/2022\/02\/logo-funiber-pt-br-v-dos.svg","contentUrl":"https:\/\/www.funiber.blog\/pt\/wp-content\/uploads\/2022\/02\/logo-funiber-pt-br-v-dos.svg","width":1,"height":1,"caption":"FuniBlogs - FUNIBER"},"image":{"@id":"https:\/\/blogs.funiber.org\/pt\/#\/schema\/logo\/image\/"},"sameAs":["https:\/\/www.facebook.com\/funiber","https:\/\/twitter.com\/FUNIBER","https:\/\/www.instagram.com\/funiber_becas","https:\/\/www.youtube.com\/user\/funiber","https:\/\/www.linkedin.com\/company\/funiber"]},{"@type":"Person","@id":"https:\/\/blogs.funiber.org\/pt\/#\/schema\/person\/b677abb5cf2a95713b98e17c31742c09","name":"Contenido GT2","image":{"@type":"ImageObject","inLanguage":"pt-BR","@id":"https:\/\/blogs.funiber.org\/pt\/#\/schema\/person\/image\/","url":"https:\/\/secure.gravatar.com\/avatar\/b5a02967a8912eb95241dfff01da0fab?s=96&d=mm&r=g","contentUrl":"https:\/\/secure.gravatar.com\/avatar\/b5a02967a8912eb95241dfff01da0fab?s=96&d=mm&r=g","caption":"Contenido GT2"},"url":"https:\/\/www.funiber.blog\/pt\/author\/contenido-gt2"}]}},"jetpack_featured_media_url":"https:\/\/www.funiber.blog\/pt\/wp-content\/uploads\/2024\/05\/gettyimages-ochociencincuenta-nuevemill\u00f3nsieteciencuarenta-cuatromiltresciencuarenta-ocho-seiscien.jpg","jetpack_shortlink":"https:\/\/wp.me\/p7ee1t-7N5","jetpack_sharing_enabled":true,"_links":{"self":[{"href":"https:\/\/www.funiber.blog\/pt\/wp-json\/wp\/v2\/posts\/29951"}],"collection":[{"href":"https:\/\/www.funiber.blog\/pt\/wp-json\/wp\/v2\/posts"}],"about":[{"href":"https:\/\/www.funiber.blog\/pt\/wp-json\/wp\/v2\/types\/post"}],"author":[{"embeddable":true,"href":"https:\/\/www.funiber.blog\/pt\/wp-json\/wp\/v2\/users\/33"}],"replies":[{"embeddable":true,"href":"https:\/\/www.funiber.blog\/pt\/wp-json\/wp\/v2\/comments?post=29951"}],"version-history":[{"count":1,"href":"https:\/\/www.funiber.blog\/pt\/wp-json\/wp\/v2\/posts\/29951\/revisions"}],"predecessor-version":[{"id":29954,"href":"https:\/\/www.funiber.blog\/pt\/wp-json\/wp\/v2\/posts\/29951\/revisions\/29954"}],"wp:featuredmedia":[{"embeddable":true,"href":"https:\/\/www.funiber.blog\/pt\/wp-json\/wp\/v2\/media\/29953"}],"wp:attachment":[{"href":"https:\/\/www.funiber.blog\/pt\/wp-json\/wp\/v2\/media?parent=29951"}],"wp:term":[{"taxonomy":"category","embeddable":true,"href":"https:\/\/www.funiber.blog\/pt\/wp-json\/wp\/v2\/categories?post=29951"},{"taxonomy":"post_tag","embeddable":true,"href":"https:\/\/www.funiber.blog\/pt\/wp-json\/wp\/v2\/tags?post=29951"}],"curies":[{"name":"wp","href":"https:\/\/api.w.org\/{rel}","templated":true}]}}