{"id":30270,"date":"2024-06-29T13:49:40","date_gmt":"2024-06-29T18:49:40","guid":{"rendered":"https:\/\/blogs.funiber.org\/pt\/?p=30270"},"modified":"2024-07-09T14:01:08","modified_gmt":"2024-07-09T19:01:08","slug":"sera-apneia-sono-fator-desencadeante-doenca-alzheimer-adultos-velhos","status":"publish","type":"post","link":"https:\/\/www.funiber.blog\/pt\/gerontologia\/2024\/06\/29\/sera-apneia-sono-fator-desencadeante-doenca-alzheimer-adultos-velhos","title":{"rendered":"Ser\u00e1 a apneia do sono um fator desencadeante da doen\u00e7a de Alzheimer em adultos mais velhos?"},"content":{"rendered":"\n<h2 class=\"wp-block-heading\"><strong>Um estudo sugere que existe uma forte liga\u00e7\u00e3o entre a gravidade da apneia do sono REM (OSA, pelo seu acr\u00f3nimo em ingl\u00eas) e a deteriora\u00e7\u00e3o da mem\u00f3ria verbal nos idosos, o que aumenta o risco de desenvolver a doen\u00e7a de Alzheimer (EA).<\/strong><\/h2>\n\n\n\n<p>A OSA \u00e9 uma doen\u00e7a caracterizada por colapsos recorrentes das vias respirat\u00f3rias durante o sono, que conduzem a perturba\u00e7\u00f5es do sono e a hipox\u00e9mia intermitente. Estudos demonstraram que a OSA aumenta a incid\u00eancia da doen\u00e7a de Alzheimer e que as pessoas com doen\u00e7a de Alzheimer s\u00e3o mais suscept\u00edveis de sofrer de OSA. Pensa-se que a hipoxemia relacionada com a OSA acelera a express\u00e3o da doen\u00e7a de Alzheimer e afecta negativamente a mem\u00f3ria.<\/p>\n\n\n\n<p>Tamb\u00e9m foi demonstrado que a OSA pode ter efeitos diferentes durante as diferentes fases do sono. Durante a fase de movimento r\u00e1pido dos olhos (REM) do sono, algumas regi\u00f5es do c\u00e9rebro s\u00e3o mais suscept\u00edveis \u00e0 diminui\u00e7\u00e3o do fluxo de ar devido \u00e0 inibi\u00e7\u00e3o muscular. Isto resulta numa maior dura\u00e7\u00e3o das interrup\u00e7\u00f5es respirat\u00f3rias e numa menor satura\u00e7\u00e3o de oxihemoglobina.<\/p>\n\n\n\n<p>Al\u00e9m disso, os factores de risco da doen\u00e7a de Alzheimer, como a idade avan\u00e7ada, o sexo e o gen\u00f3tipo da apolipoprote\u00edna E\u03b54 (APOE4), tamb\u00e9m est\u00e3o associados \u00e0 OSA. Foram observadas diferen\u00e7as entre os g\u00e9neros, sendo as mulheres mais propensas a serem diagnosticadas com EA e a terem uma progress\u00e3o mais r\u00e1pida da doen\u00e7a. Embora os homens apresentem um risco mais elevado de OSA, a sua preval\u00eancia aumenta significativamente nas mulheres p\u00f3s-menop\u00e1usicas.<\/p>\n\n\n\n<h2 class=\"wp-block-heading\"><strong>Poder\u00e1 a OSA estar associada \u00e0 doen\u00e7a de Alzheimer?<\/strong><\/h2>\n\n\n\n<p>Para investigar esta liga\u00e7\u00e3o, foi efectuado um estudo que envolveu 81 idosos com elevado risco de desenvolver a doen\u00e7a de Alzheimer. Estes participantes foram submetidos a estudos cl\u00ednicos de polissonografia para avaliar a presen\u00e7a de OSA durante diferentes fases do sono, especificamente as fases REM e NREM (non-rapid eye movement). Al\u00e9m disso, a mem\u00f3ria verbal dos participantes foi avaliada atrav\u00e9s de um teste.<\/p>\n\n\n\n<p>Os resultados mostraram que a gravidade da OSA durante a fase REM estava negativamente ligada ao desempenho no teste de mem\u00f3ria verbal. Ou seja, os participantes que tinham uma maior gravidade da apneia do sono nesta fase espec\u00edfica do sono apresentaram um desempenho inferior na mem\u00f3ria verbal. Al\u00e9m disso, verificou-se que quanto maior era o r\u00e1cio entre a gravidade da apneia do sono na fase REM em compara\u00e7\u00e3o com a fase NREM, pior era o desempenho no teste de mem\u00f3ria verbal.<\/p>\n\n\n<div class=\"wp-block-image\">\n<figure class=\"aligncenter size-full is-resized\"><img loading=\"lazy\" decoding=\"async\" width=\"600\" height=\"400\" data-attachment-id=\"30271\" data-permalink=\"https:\/\/www.funiber.blog\/pt\/gerontologia\/2024\/06\/29\/sera-apneia-sono-fator-desencadeante-doenca-alzheimer-adultos-velhos\/attachment\/worried-senior-man-in-bed-at-night-suffering-with-insomnia\" data-orig-file=\"https:\/\/www.funiber.blog\/pt\/wp-content\/uploads\/2024\/07\/gettyimages-ochociensesenta-cuatromill\u00f3ntresciensesenta-tresmilcuatrociensetenta-dos-seiscien.jpg\" data-orig-size=\"600,400\" data-comments-opened=\"0\" data-image-meta=\"{&quot;aperture&quot;:&quot;0&quot;,&quot;credit&quot;:&quot;Getty Images\\\/iStockphoto&quot;,&quot;camera&quot;:&quot;&quot;,&quot;caption&quot;:&quot;Worried Senior Man In Bed At Night Suffering With Insomnia&quot;,&quot;created_timestamp&quot;:&quot;1497484800&quot;,&quot;copyright&quot;:&quot;&quot;,&quot;focal_length&quot;:&quot;0&quot;,&quot;iso&quot;:&quot;0&quot;,&quot;shutter_speed&quot;:&quot;0&quot;,&quot;title&quot;:&quot;Worried Senior Man In Bed At Night Suffering With Insomnia&quot;,&quot;orientation&quot;:&quot;1&quot;}\" data-image-title=\"worried-senior-man-in-bed-at-night-suffering-with-insomnia\" data-image-description=\"&lt;p&gt;worried-senior-man-in-bed-at-night-suffering-with-insomnia&lt;\/p&gt;\n\" data-image-caption=\"&lt;p&gt;worried-senior-man-in-bed-at-night-suffering-with-insomnia&lt;\/p&gt;\n\" data-medium-file=\"https:\/\/www.funiber.blog\/pt\/wp-content\/uploads\/2024\/07\/gettyimages-ochociensesenta-cuatromill\u00f3ntresciensesenta-tresmilcuatrociensetenta-dos-seiscien-400x267.jpg\" data-large-file=\"https:\/\/www.funiber.blog\/pt\/wp-content\/uploads\/2024\/07\/gettyimages-ochociensesenta-cuatromill\u00f3ntresciensesenta-tresmilcuatrociensetenta-dos-seiscien-400x267.jpg\" src=\"https:\/\/www.funiber.blog\/pt\/wp-content\/uploads\/2024\/07\/gettyimages-ochociensesenta-cuatromill\u00f3ntresciensesenta-tresmilcuatrociensetenta-dos-seiscien.jpg\" alt=\"worried-senior-man-in-bed-at-night-suffering-with-insomnia\" class=\"wp-image-30271\" style=\"object-fit:cover;width:600px;height:400px\" srcset=\"https:\/\/www.funiber.blog\/pt\/wp-content\/uploads\/2024\/07\/gettyimages-ochociensesenta-cuatromill\u00f3ntresciensesenta-tresmilcuatrociensetenta-dos-seiscien.jpg 600w, https:\/\/www.funiber.blog\/pt\/wp-content\/uploads\/2024\/07\/gettyimages-ochociensesenta-cuatromill\u00f3ntresciensesenta-tresmilcuatrociensetenta-dos-seiscien-400x267.jpg 400w, https:\/\/www.funiber.blog\/pt\/wp-content\/uploads\/2024\/07\/gettyimages-ochociensesenta-cuatromill\u00f3ntresciensesenta-tresmilcuatrociensetenta-dos-seiscien-300x200.jpg 300w, https:\/\/www.funiber.blog\/pt\/wp-content\/uploads\/2024\/07\/gettyimages-ochociensesenta-cuatromill\u00f3ntresciensesenta-tresmilcuatrociensetenta-dos-seiscien-450x300.jpg 450w\" sizes=\"(max-width: 600px) 100vw, 600px\" \/><figcaption class=\"wp-element-caption\">Quanto mais grave for a apneia do sono REM, maior ser\u00e1 o seu efeito no desempenho da mem\u00f3ria verbal em adultos mais velhos.<\/figcaption><\/figure><\/div>\n\n\n<p>Estes resultados sugerem que a qualidade do sono durante a fase REM pode desempenhar um papel crucial nos problemas de mem\u00f3ria associados \u00e0 doen\u00e7a de Alzheimer. \u00c9 importante salientar que estes resultados foram obtidos em adultos mais velhos com elevado risco de desenvolver a doen\u00e7a de Alzheimer, pelo que \u00e9 poss\u00edvel que a liga\u00e7\u00e3o entre a apneia do sono e o decl\u00ednio cognitivo seja ainda mais significativa nesta popula\u00e7\u00e3o.<\/p>\n\n\n\n<p>\u00c9 necess\u00e1ria mais investiga\u00e7\u00e3o para determinar se o tratamento da OSA pode reduzir o risco de desenvolver a doen\u00e7a de Alzheimer e melhorar a fun\u00e7\u00e3o da mem\u00f3ria. Com o aumento do envelhecimento da popula\u00e7\u00e3o, \u00e9 crucial abordar a preven\u00e7\u00e3o do decl\u00ednio cognitivo e da EA, e a identifica\u00e7\u00e3o precoce e a gest\u00e3o adequada da OSA podem desempenhar um papel importante neste contexto.<\/p>\n\n\n\n<h2 class=\"wp-block-heading\"><strong>Continuar a sua forma\u00e7\u00e3o profissional<\/strong><\/h2>\n\n\n\n<p>Se pretende melhorar a sua carreira no dom\u00ednio da gerontologia e dar um contributo significativo para o bem-estar e a qualidade de vida dos idosos, opte pelo nosso<a href=\"https:\/\/www.funiber.org\/maestria-en-gerontologia\"> <\/a><a href=\"https:\/\/www.funiber.org.br\/mestrado-em-gerontologia\">Mestrado em Gerontologia<\/a>. Convidamo-lo a explorar as vantagens deste programa e a descobrir como ele lhe permitir\u00e1 destacar-se numa \u00e1rea de investiga\u00e7\u00e3o e pr\u00e1tica excitante e em crescimento.<\/p>\n\n\n\n<p>Far\u00e1 parte de uma rede de profissionais empenhados nos cuidados e no estudo do envelhecimento. Esta liga\u00e7\u00e3o com profissionais estabelecidos permitir-lhe-\u00e1 expandir as suas oportunidades e estabelecer contactos valiosos na \u00e1rea. O programa n\u00e3o s\u00f3 proporciona uma forma\u00e7\u00e3o de qualidade, como tamb\u00e9m oferece a flexibilidade de que necessita, uma vez que pode estudar em linha, consoante a sua disponibilidade de tempo.<\/p>\n\n\n\n<p>Se est\u00e1 pronto para se destacar e tornar-se um profissional preparado para enfrentar os desafios atuais e futuros do envelhecimento e dos cuidados aos idosos, o nosso Mestrado em Gerontologia \u00e9 a escolha perfeita. Torne-se um especialista em gerontologia e contribua de forma significativa para o bem-estar e qualidade de vida da popula\u00e7\u00e3o idosa.<\/p>\n\n\n\n<p>Fonte: <a href=\"https:\/\/alzres.biomedcentral.com\/articles\/10.1186\/s13195-024-01446-3\">Older adults at greater risk for Alzheimer\u2019s disease show stronger associations between sleep apnea severity in REM sleep and verbal memory&nbsp;<\/a><\/p>\n","protected":false},"excerpt":{"rendered":"<p>Um estudo sugere que existe uma forte liga\u00e7\u00e3o entre a gravidade da apneia do sono REM (OSA, pelo seu acr\u00f3nimo em ingl\u00eas) e a deteriora\u00e7\u00e3o da mem\u00f3ria verbal nos idosos, o que aumenta o risco de desenvolver a doen\u00e7a de Alzheimer (EA). A OSA \u00e9 uma doen\u00e7a caracterizada por colapsos recorrentes das vias respirat\u00f3rias durante [&hellip;]<\/p>\n","protected":false},"author":33,"featured_media":30272,"comment_status":"closed","ping_status":"closed","sticky":false,"template":"","format":"standard","meta":{"jetpack_post_was_ever_published":false,"_jetpack_newsletter_access":"","_jetpack_newsletter_tier_id":0,"footnotes":"","jetpack_publicize_message":"","jetpack_is_tweetstorm":false,"jetpack_publicize_feature_enabled":true,"jetpack_social_post_already_shared":true,"jetpack_social_options":{"image_generator_settings":{"template":"highway","enabled":false}}},"categories":[1],"tags":[9276,1770,9274,267,9275,9277,6336,9278],"jetpack_publicize_connections":[],"yoast_head":"<!-- This site is optimized with the Yoast SEO plugin v21.7 - https:\/\/yoast.com\/wordpress\/plugins\/seo\/ -->\n<title>Ser\u00e1 a apneia do sono um fator desencadeante da doen\u00e7a de Alzheimer em adultos mais velhos?<\/title>\n<meta name=\"description\" content=\"Pode existir uma estreita rela\u00e7\u00e3o entre a gravidade da apneia do sono e a deteriora\u00e7\u00e3o da mem\u00f3ria verbal nos idosos, aumentando o risco de desenvolver a doen\u00e7a de Alzheimer.\" \/>\n<meta name=\"robots\" content=\"noindex, nofollow\" \/>\n<meta property=\"og:locale\" content=\"pt_BR\" \/>\n<meta property=\"og:type\" content=\"article\" \/>\n<meta property=\"og:title\" content=\"Ser\u00e1 a apneia do sono um fator desencadeante da doen\u00e7a de Alzheimer em adultos mais velhos?\" \/>\n<meta property=\"og:description\" content=\"Pode existir uma estreita rela\u00e7\u00e3o entre a gravidade da apneia do sono e a deteriora\u00e7\u00e3o da mem\u00f3ria verbal nos idosos, aumentando o risco de desenvolver a doen\u00e7a de Alzheimer.\" \/>\n<meta property=\"og:url\" content=\"https:\/\/blogs.funiber.org\/pt\/gerontologia\/2024\/06\/29\/sera-apneia-sono-fator-desencadeante-doenca-alzheimer-adultos-velhos\" \/>\n<meta property=\"og:site_name\" content=\"FuniBlogs - FUNIBER\" \/>\n<meta property=\"article:publisher\" content=\"https:\/\/www.facebook.com\/funiber\" \/>\n<meta property=\"article:published_time\" content=\"2024-06-29T18:49:40+00:00\" \/>\n<meta property=\"article:modified_time\" content=\"2024-07-09T19:01:08+00:00\" \/>\n<meta property=\"og:image\" content=\"https:\/\/blogs.funiber.org\/pt\/wp-content\/uploads\/2024\/07\/gettyimages-unobill\u00f3ncuatrociencuarenta-unomill\u00f3nochociencincuenta-seismilnueveciencincuenta--seiscien.jpg\" \/>\n\t<meta property=\"og:image:width\" content=\"600\" \/>\n\t<meta property=\"og:image:height\" content=\"400\" \/>\n\t<meta property=\"og:image:type\" content=\"image\/jpeg\" \/>\n<meta name=\"author\" content=\"Contenido GT2\" \/>\n<meta name=\"twitter:card\" content=\"summary_large_image\" \/>\n<meta name=\"twitter:creator\" content=\"@FUNIBER\" \/>\n<meta name=\"twitter:site\" content=\"@FUNIBER\" \/>\n<meta name=\"twitter:label1\" content=\"Escrito por\" \/>\n\t<meta name=\"twitter:data1\" content=\"Contenido GT2\" \/>\n\t<meta name=\"twitter:label2\" content=\"Est. tempo de leitura\" \/>\n\t<meta name=\"twitter:data2\" content=\"5 minutos\" \/>\n<script type=\"application\/ld+json\" class=\"yoast-schema-graph\">{\"@context\":\"https:\/\/schema.org\",\"@graph\":[{\"@type\":\"Article\",\"@id\":\"https:\/\/blogs.funiber.org\/pt\/gerontologia\/2024\/06\/29\/sera-apneia-sono-fator-desencadeante-doenca-alzheimer-adultos-velhos#article\",\"isPartOf\":{\"@id\":\"https:\/\/blogs.funiber.org\/pt\/gerontologia\/2024\/06\/29\/sera-apneia-sono-fator-desencadeante-doenca-alzheimer-adultos-velhos\"},\"author\":{\"name\":\"Contenido GT2\",\"@id\":\"https:\/\/blogs.funiber.org\/pt\/#\/schema\/person\/b677abb5cf2a95713b98e17c31742c09\"},\"headline\":\"Ser\u00e1 a apneia do sono um fator desencadeante da doen\u00e7a de Alzheimer em adultos mais velhos?\",\"datePublished\":\"2024-06-29T18:49:40+00:00\",\"dateModified\":\"2024-07-09T19:01:08+00:00\",\"mainEntityOfPage\":{\"@id\":\"https:\/\/blogs.funiber.org\/pt\/gerontologia\/2024\/06\/29\/sera-apneia-sono-fator-desencadeante-doenca-alzheimer-adultos-velhos\"},\"wordCount\":842,\"publisher\":{\"@id\":\"https:\/\/blogs.funiber.org\/pt\/#organization\"},\"keywords\":[\"apneia do sono\",\"Bolsas de Estudo\",\"doen\u00e7a de Alzheimer\",\"Idosos\",\"interrup\u00e7\u00f5es respirat\u00f3rias\",\"mem\u00f3ria verbal\",\"mestrado online\",\"REM\"],\"articleSection\":[\"Gerontologia\"],\"inLanguage\":\"pt-BR\"},{\"@type\":\"WebPage\",\"@id\":\"https:\/\/blogs.funiber.org\/pt\/gerontologia\/2024\/06\/29\/sera-apneia-sono-fator-desencadeante-doenca-alzheimer-adultos-velhos\",\"url\":\"https:\/\/blogs.funiber.org\/pt\/gerontologia\/2024\/06\/29\/sera-apneia-sono-fator-desencadeante-doenca-alzheimer-adultos-velhos\",\"name\":\"Ser\u00e1 a apneia do sono um fator desencadeante da doen\u00e7a de Alzheimer em adultos mais velhos?\",\"isPartOf\":{\"@id\":\"https:\/\/blogs.funiber.org\/pt\/#website\"},\"datePublished\":\"2024-06-29T18:49:40+00:00\",\"dateModified\":\"2024-07-09T19:01:08+00:00\",\"description\":\"Pode existir uma estreita rela\u00e7\u00e3o entre a gravidade da apneia do sono e a deteriora\u00e7\u00e3o da mem\u00f3ria verbal nos idosos, aumentando o risco de desenvolver a doen\u00e7a de Alzheimer.\",\"breadcrumb\":{\"@id\":\"https:\/\/blogs.funiber.org\/pt\/gerontologia\/2024\/06\/29\/sera-apneia-sono-fator-desencadeante-doenca-alzheimer-adultos-velhos#breadcrumb\"},\"inLanguage\":\"pt-BR\",\"potentialAction\":[{\"@type\":\"ReadAction\",\"target\":[\"https:\/\/blogs.funiber.org\/pt\/gerontologia\/2024\/06\/29\/sera-apneia-sono-fator-desencadeante-doenca-alzheimer-adultos-velhos\"]}]},{\"@type\":\"BreadcrumbList\",\"@id\":\"https:\/\/blogs.funiber.org\/pt\/gerontologia\/2024\/06\/29\/sera-apneia-sono-fator-desencadeante-doenca-alzheimer-adultos-velhos#breadcrumb\",\"itemListElement\":[{\"@type\":\"ListItem\",\"position\":1,\"name\":\"In\u00edcio\",\"item\":\"https:\/\/blogs.funiber.org\/pt\"},{\"@type\":\"ListItem\",\"position\":2,\"name\":\"Ser\u00e1 a apneia do sono um fator desencadeante da doen\u00e7a de Alzheimer em adultos mais velhos?\"}]},{\"@type\":\"WebSite\",\"@id\":\"https:\/\/blogs.funiber.org\/pt\/#website\",\"url\":\"https:\/\/blogs.funiber.org\/pt\/\",\"name\":\"FuniBlogs - FUNIBER\",\"description\":\"\",\"publisher\":{\"@id\":\"https:\/\/blogs.funiber.org\/pt\/#organization\"},\"potentialAction\":[{\"@type\":\"SearchAction\",\"target\":{\"@type\":\"EntryPoint\",\"urlTemplate\":\"https:\/\/blogs.funiber.org\/pt\/?s={search_term_string}\"},\"query-input\":\"required name=search_term_string\"}],\"inLanguage\":\"pt-BR\"},{\"@type\":\"Organization\",\"@id\":\"https:\/\/blogs.funiber.org\/pt\/#organization\",\"name\":\"FuniBlogs - FUNIBER\",\"url\":\"https:\/\/blogs.funiber.org\/pt\/\",\"logo\":{\"@type\":\"ImageObject\",\"inLanguage\":\"pt-BR\",\"@id\":\"https:\/\/blogs.funiber.org\/pt\/#\/schema\/logo\/image\/\",\"url\":\"https:\/\/www.funiber.blog\/pt\/wp-content\/uploads\/2022\/02\/logo-funiber-pt-br-v-dos.svg\",\"contentUrl\":\"https:\/\/www.funiber.blog\/pt\/wp-content\/uploads\/2022\/02\/logo-funiber-pt-br-v-dos.svg\",\"width\":1,\"height\":1,\"caption\":\"FuniBlogs - FUNIBER\"},\"image\":{\"@id\":\"https:\/\/blogs.funiber.org\/pt\/#\/schema\/logo\/image\/\"},\"sameAs\":[\"https:\/\/www.facebook.com\/funiber\",\"https:\/\/twitter.com\/FUNIBER\",\"https:\/\/www.instagram.com\/funiber_becas\",\"https:\/\/www.youtube.com\/user\/funiber\",\"https:\/\/www.linkedin.com\/company\/funiber\"]},{\"@type\":\"Person\",\"@id\":\"https:\/\/blogs.funiber.org\/pt\/#\/schema\/person\/b677abb5cf2a95713b98e17c31742c09\",\"name\":\"Contenido GT2\",\"image\":{\"@type\":\"ImageObject\",\"inLanguage\":\"pt-BR\",\"@id\":\"https:\/\/blogs.funiber.org\/pt\/#\/schema\/person\/image\/\",\"url\":\"https:\/\/secure.gravatar.com\/avatar\/b5a02967a8912eb95241dfff01da0fab?s=96&d=mm&r=g\",\"contentUrl\":\"https:\/\/secure.gravatar.com\/avatar\/b5a02967a8912eb95241dfff01da0fab?s=96&d=mm&r=g\",\"caption\":\"Contenido GT2\"},\"url\":\"https:\/\/www.funiber.blog\/pt\/author\/contenido-gt2\"}]}<\/script>\n<!-- \/ Yoast SEO plugin. -->","yoast_head_json":{"title":"Ser\u00e1 a apneia do sono um fator desencadeante da doen\u00e7a de Alzheimer em adultos mais velhos?","description":"Pode existir uma estreita rela\u00e7\u00e3o entre a gravidade da apneia do sono e a deteriora\u00e7\u00e3o da mem\u00f3ria verbal nos idosos, aumentando o risco de desenvolver a doen\u00e7a de Alzheimer.","robots":{"index":"noindex","follow":"nofollow"},"og_locale":"pt_BR","og_type":"article","og_title":"Ser\u00e1 a apneia do sono um fator desencadeante da doen\u00e7a de Alzheimer em adultos mais velhos?","og_description":"Pode existir uma estreita rela\u00e7\u00e3o entre a gravidade da apneia do sono e a deteriora\u00e7\u00e3o da mem\u00f3ria verbal nos idosos, aumentando o risco de desenvolver a doen\u00e7a de Alzheimer.","og_url":"https:\/\/blogs.funiber.org\/pt\/gerontologia\/2024\/06\/29\/sera-apneia-sono-fator-desencadeante-doenca-alzheimer-adultos-velhos","og_site_name":"FuniBlogs - FUNIBER","article_publisher":"https:\/\/www.facebook.com\/funiber","article_published_time":"2024-06-29T18:49:40+00:00","article_modified_time":"2024-07-09T19:01:08+00:00","og_image":[{"width":600,"height":400,"url":"https:\/\/blogs.funiber.org\/pt\/wp-content\/uploads\/2024\/07\/gettyimages-unobill\u00f3ncuatrociencuarenta-unomill\u00f3nochociencincuenta-seismilnueveciencincuenta--seiscien.jpg","type":"image\/jpeg"}],"author":"Contenido GT2","twitter_card":"summary_large_image","twitter_creator":"@FUNIBER","twitter_site":"@FUNIBER","twitter_misc":{"Escrito por":"Contenido GT2","Est. tempo de leitura":"5 minutos"},"schema":{"@context":"https:\/\/schema.org","@graph":[{"@type":"Article","@id":"https:\/\/blogs.funiber.org\/pt\/gerontologia\/2024\/06\/29\/sera-apneia-sono-fator-desencadeante-doenca-alzheimer-adultos-velhos#article","isPartOf":{"@id":"https:\/\/blogs.funiber.org\/pt\/gerontologia\/2024\/06\/29\/sera-apneia-sono-fator-desencadeante-doenca-alzheimer-adultos-velhos"},"author":{"name":"Contenido GT2","@id":"https:\/\/blogs.funiber.org\/pt\/#\/schema\/person\/b677abb5cf2a95713b98e17c31742c09"},"headline":"Ser\u00e1 a apneia do sono um fator desencadeante da doen\u00e7a de Alzheimer em adultos mais velhos?","datePublished":"2024-06-29T18:49:40+00:00","dateModified":"2024-07-09T19:01:08+00:00","mainEntityOfPage":{"@id":"https:\/\/blogs.funiber.org\/pt\/gerontologia\/2024\/06\/29\/sera-apneia-sono-fator-desencadeante-doenca-alzheimer-adultos-velhos"},"wordCount":842,"publisher":{"@id":"https:\/\/blogs.funiber.org\/pt\/#organization"},"keywords":["apneia do sono","Bolsas de Estudo","doen\u00e7a de Alzheimer","Idosos","interrup\u00e7\u00f5es respirat\u00f3rias","mem\u00f3ria verbal","mestrado online","REM"],"articleSection":["Gerontologia"],"inLanguage":"pt-BR"},{"@type":"WebPage","@id":"https:\/\/blogs.funiber.org\/pt\/gerontologia\/2024\/06\/29\/sera-apneia-sono-fator-desencadeante-doenca-alzheimer-adultos-velhos","url":"https:\/\/blogs.funiber.org\/pt\/gerontologia\/2024\/06\/29\/sera-apneia-sono-fator-desencadeante-doenca-alzheimer-adultos-velhos","name":"Ser\u00e1 a apneia do sono um fator desencadeante da doen\u00e7a de Alzheimer em adultos mais velhos?","isPartOf":{"@id":"https:\/\/blogs.funiber.org\/pt\/#website"},"datePublished":"2024-06-29T18:49:40+00:00","dateModified":"2024-07-09T19:01:08+00:00","description":"Pode existir uma estreita rela\u00e7\u00e3o entre a gravidade da apneia do sono e a deteriora\u00e7\u00e3o da mem\u00f3ria verbal nos idosos, aumentando o risco de desenvolver a doen\u00e7a de Alzheimer.","breadcrumb":{"@id":"https:\/\/blogs.funiber.org\/pt\/gerontologia\/2024\/06\/29\/sera-apneia-sono-fator-desencadeante-doenca-alzheimer-adultos-velhos#breadcrumb"},"inLanguage":"pt-BR","potentialAction":[{"@type":"ReadAction","target":["https:\/\/blogs.funiber.org\/pt\/gerontologia\/2024\/06\/29\/sera-apneia-sono-fator-desencadeante-doenca-alzheimer-adultos-velhos"]}]},{"@type":"BreadcrumbList","@id":"https:\/\/blogs.funiber.org\/pt\/gerontologia\/2024\/06\/29\/sera-apneia-sono-fator-desencadeante-doenca-alzheimer-adultos-velhos#breadcrumb","itemListElement":[{"@type":"ListItem","position":1,"name":"In\u00edcio","item":"https:\/\/blogs.funiber.org\/pt"},{"@type":"ListItem","position":2,"name":"Ser\u00e1 a apneia do sono um fator desencadeante da doen\u00e7a de Alzheimer em adultos mais velhos?"}]},{"@type":"WebSite","@id":"https:\/\/blogs.funiber.org\/pt\/#website","url":"https:\/\/blogs.funiber.org\/pt\/","name":"FuniBlogs - FUNIBER","description":"","publisher":{"@id":"https:\/\/blogs.funiber.org\/pt\/#organization"},"potentialAction":[{"@type":"SearchAction","target":{"@type":"EntryPoint","urlTemplate":"https:\/\/blogs.funiber.org\/pt\/?s={search_term_string}"},"query-input":"required name=search_term_string"}],"inLanguage":"pt-BR"},{"@type":"Organization","@id":"https:\/\/blogs.funiber.org\/pt\/#organization","name":"FuniBlogs - FUNIBER","url":"https:\/\/blogs.funiber.org\/pt\/","logo":{"@type":"ImageObject","inLanguage":"pt-BR","@id":"https:\/\/blogs.funiber.org\/pt\/#\/schema\/logo\/image\/","url":"https:\/\/www.funiber.blog\/pt\/wp-content\/uploads\/2022\/02\/logo-funiber-pt-br-v-dos.svg","contentUrl":"https:\/\/www.funiber.blog\/pt\/wp-content\/uploads\/2022\/02\/logo-funiber-pt-br-v-dos.svg","width":1,"height":1,"caption":"FuniBlogs - FUNIBER"},"image":{"@id":"https:\/\/blogs.funiber.org\/pt\/#\/schema\/logo\/image\/"},"sameAs":["https:\/\/www.facebook.com\/funiber","https:\/\/twitter.com\/FUNIBER","https:\/\/www.instagram.com\/funiber_becas","https:\/\/www.youtube.com\/user\/funiber","https:\/\/www.linkedin.com\/company\/funiber"]},{"@type":"Person","@id":"https:\/\/blogs.funiber.org\/pt\/#\/schema\/person\/b677abb5cf2a95713b98e17c31742c09","name":"Contenido GT2","image":{"@type":"ImageObject","inLanguage":"pt-BR","@id":"https:\/\/blogs.funiber.org\/pt\/#\/schema\/person\/image\/","url":"https:\/\/secure.gravatar.com\/avatar\/b5a02967a8912eb95241dfff01da0fab?s=96&d=mm&r=g","contentUrl":"https:\/\/secure.gravatar.com\/avatar\/b5a02967a8912eb95241dfff01da0fab?s=96&d=mm&r=g","caption":"Contenido GT2"},"url":"https:\/\/www.funiber.blog\/pt\/author\/contenido-gt2"}]}},"jetpack_featured_media_url":"https:\/\/www.funiber.blog\/pt\/wp-content\/uploads\/2024\/07\/gettyimages-unobill\u00f3ncuatrociencuarenta-unomill\u00f3nochociencincuenta-seismilnueveciencincuenta--seiscien.jpg","jetpack_shortlink":"https:\/\/wp.me\/p7ee1t-7Se","jetpack_sharing_enabled":true,"_links":{"self":[{"href":"https:\/\/www.funiber.blog\/pt\/wp-json\/wp\/v2\/posts\/30270"}],"collection":[{"href":"https:\/\/www.funiber.blog\/pt\/wp-json\/wp\/v2\/posts"}],"about":[{"href":"https:\/\/www.funiber.blog\/pt\/wp-json\/wp\/v2\/types\/post"}],"author":[{"embeddable":true,"href":"https:\/\/www.funiber.blog\/pt\/wp-json\/wp\/v2\/users\/33"}],"replies":[{"embeddable":true,"href":"https:\/\/www.funiber.blog\/pt\/wp-json\/wp\/v2\/comments?post=30270"}],"version-history":[{"count":1,"href":"https:\/\/www.funiber.blog\/pt\/wp-json\/wp\/v2\/posts\/30270\/revisions"}],"predecessor-version":[{"id":30273,"href":"https:\/\/www.funiber.blog\/pt\/wp-json\/wp\/v2\/posts\/30270\/revisions\/30273"}],"wp:featuredmedia":[{"embeddable":true,"href":"https:\/\/www.funiber.blog\/pt\/wp-json\/wp\/v2\/media\/30272"}],"wp:attachment":[{"href":"https:\/\/www.funiber.blog\/pt\/wp-json\/wp\/v2\/media?parent=30270"}],"wp:term":[{"taxonomy":"category","embeddable":true,"href":"https:\/\/www.funiber.blog\/pt\/wp-json\/wp\/v2\/categories?post=30270"},{"taxonomy":"post_tag","embeddable":true,"href":"https:\/\/www.funiber.blog\/pt\/wp-json\/wp\/v2\/tags?post=30270"}],"curies":[{"name":"wp","href":"https:\/\/api.w.org\/{rel}","templated":true}]}}