{"id":30311,"date":"2024-07-17T15:24:06","date_gmt":"2024-07-17T20:24:06","guid":{"rendered":"https:\/\/blogs.funiber.org\/pt\/?p=30311"},"modified":"2024-07-17T15:24:09","modified_gmt":"2024-07-17T20:24:09","slug":"a-importancia-fundamental-da-amoc-nas-mudancas-climaticas","status":"publish","type":"post","link":"https:\/\/www.funiber.blog\/pt\/meio-ambiente\/2024\/07\/17\/a-importancia-fundamental-da-amoc-nas-mudancas-climaticas","title":{"rendered":"A import\u00e2ncia fundamental da AMOC nas mudan\u00e7as clim\u00e1ticas"},"content":{"rendered":"\n<p>Descubra como a Circula\u00e7\u00e3o de Oscila\u00e7\u00e3o Meridional do Atl\u00e2ntico (AMOC) desempenha um papel crucial na regula\u00e7\u00e3o do clima global e por que seu enfraquecimento pode ter impactos significativos em nosso ambiente natural e em nossas vidas. Junte-se a n\u00f3s nesta jornada educacional pelos mares do Atl\u00e2ntico, onde exploraremos tudo, desde a ess\u00eancia da AMOC at\u00e9 os desafios contempor\u00e2neos que ela enfrenta devido \u00e0s mudan\u00e7as clim\u00e1ticas.<\/p>\n\n\n\n<h2 class=\"wp-block-heading\"><strong>A import\u00e2ncia do AMOC<\/strong><\/h2>\n\n\n\n<p>No vasto Oceano Atl\u00e2ntico, a Circula\u00e7\u00e3o Meridional de Oscila\u00e7\u00e3o do Atl\u00e2ntico (AMOC) surge como um sistema cr\u00edtico de correntes oce\u00e2nicas respons\u00e1vel pelo transporte de calor das regi\u00f5es tropicais para o norte, influenciando diretamente os climas das Am\u00e9ricas, da Europa e da \u00c1frica. Esse sistema complexo n\u00e3o apenas modera as temperaturas ao longo das costas do Atl\u00e2ntico, mas tamb\u00e9m desempenha um papel fundamental na distribui\u00e7\u00e3o de nutrientes marinhos e na absor\u00e7\u00e3o de carbono, ajudando assim a mitigar os efeitos das mudan\u00e7as clim\u00e1ticas antropog\u00eanicas.<\/p>\n\n\n\n<p>O AMOC come\u00e7a com a Corrente do Golfo, que transporta \u00e1guas quentes do Golfo do M\u00e9xico para o norte, proporcionando um aquecimento crucial para as regi\u00f5es do Atl\u00e2ntico Norte, como o Reino Unido e a Escandin\u00e1via. Quando essas \u00e1guas atingem latitudes mais altas, elas esfriam e se tornam mais densas devido \u00e0 perda de calor para a atmosfera. Esse processo faz com que as \u00e1guas afundem e se movam para o sul, para as profundezas do oceano, viajando milhares de quil\u00f4metros antes de ressurgir no Oceano Ant\u00e1rtico, completando o ciclo da AMOC.<\/p>\n\n\n\n<h2 class=\"wp-block-heading\"><strong>AMOC: um sistema oce\u00e2nico em risco<\/strong><\/h2>\n\n\n\n<p>\u00c0 medida que nosso planeta experimenta um aquecimento sem precedentes devido \u00e0s atividades humanas, o AMOC enfrenta desafios cada vez maiores. Estudos recentes indicam que o aquecimento global est\u00e1 enfraquecendo gradualmente essa circula\u00e7\u00e3o vital. O aumento das temperaturas da superf\u00edcie no Atl\u00e2ntico Norte dificulta o afundamento das \u00e1guas mais frias e mais densas, um processo crucial para o funcionamento adequado da AMOC. Esse enfraquecimento pode n\u00e3o apenas alterar os padr\u00f5es clim\u00e1ticos regionais, mas tamb\u00e9m provocar impactos globais significativos nos ecossistemas marinhos, na seguran\u00e7a alimentar e na economia mundial.<\/p>\n\n\n\n<p>Pesquisas recentes sugerem que o AMOC sofreu flutua\u00e7\u00f5es de intensidade ao longo de mil\u00eanios, afetando historicamente o clima global. No entanto, o ritmo acelerado das mudan\u00e7as clim\u00e1ticas antropog\u00eanicas est\u00e1 testando a capacidade de adapta\u00e7\u00e3o desse sistema oce\u00e2nico. Os modelos clim\u00e1ticos indicam que uma redu\u00e7\u00e3o cont\u00ednua na for\u00e7a do AMOC poderia levar a mudan\u00e7as dr\u00e1sticas nos padr\u00f5es de precipita\u00e7\u00e3o e temperatura, com consequ\u00eancias potencialmente devastadoras para as comunidades costeiras e os ecossistemas marinhos.<\/p>\n\n\n<div class=\"wp-block-image\">\n<figure class=\"aligncenter size-full\"><img loading=\"lazy\" decoding=\"async\" width=\"1200\" height=\"800\" data-attachment-id=\"30313\" data-permalink=\"https:\/\/www.funiber.blog\/pt\/meio-ambiente\/2024\/07\/17\/a-importancia-fundamental-da-amoc-nas-mudancas-climaticas\/attachment\/clarks-anemonefish-and-diver-palau\" data-orig-file=\"https:\/\/www.funiber.blog\/pt\/wp-content\/uploads\/2024\/07\/amoc-gal.jpg\" data-orig-size=\"1200,800\" data-comments-opened=\"0\" data-image-meta=\"{&quot;aperture&quot;:&quot;11&quot;,&quot;credit&quot;:&quot;Getty Images&quot;,&quot;camera&quot;:&quot;NIKON D800&quot;,&quot;caption&quot;:&quot;Stunning pacific coral reef with a close-up of an anemone and a Clark&#039;s anemone fish (Amphiprion Clarkii) and a female diver in Palau, Micronesia. Clownfish or anemonefish are fishes that, in the wild, form symbiotic mutualisms with sea anemones and are unaffected by the stinging tentacles of the host anemone.&quot;,&quot;created_timestamp&quot;:&quot;1474416000&quot;,&quot;copyright&quot;:&quot;Global_Pics&quot;,&quot;focal_length&quot;:&quot;17&quot;,&quot;iso&quot;:&quot;400&quot;,&quot;shutter_speed&quot;:&quot;0.011111111111111&quot;,&quot;title&quot;:&quot;Clark&#039;s anemonefish and Diver - Palau&quot;,&quot;orientation&quot;:&quot;1&quot;}\" data-image-title=\"clarks-anemonefish-and-diver-palau\" data-image-description=\"&lt;p&gt;clarks-anemonefish-and-diver-palau&lt;\/p&gt;\n\" data-image-caption=\"&lt;p&gt;clarks-anemonefish-and-diver-palau&lt;\/p&gt;\n\" data-medium-file=\"https:\/\/www.funiber.blog\/pt\/wp-content\/uploads\/2024\/07\/amoc-gal-400x267.jpg\" data-large-file=\"https:\/\/www.funiber.blog\/pt\/wp-content\/uploads\/2024\/07\/amoc-gal-400x267.jpg\" src=\"https:\/\/www.funiber.blog\/pt\/wp-content\/uploads\/2024\/07\/amoc-gal.jpg\" alt=\"clarks-anemonefish-and-diver-palau\" class=\"wp-image-30313\" srcset=\"https:\/\/www.funiber.blog\/pt\/wp-content\/uploads\/2024\/07\/amoc-gal.jpg 1200w, https:\/\/www.funiber.blog\/pt\/wp-content\/uploads\/2024\/07\/amoc-gal-400x267.jpg 400w, https:\/\/www.funiber.blog\/pt\/wp-content\/uploads\/2024\/07\/amoc-gal-768x512.jpg 768w, https:\/\/www.funiber.blog\/pt\/wp-content\/uploads\/2024\/07\/amoc-gal-300x200.jpg 300w, https:\/\/www.funiber.blog\/pt\/wp-content\/uploads\/2024\/07\/amoc-gal-450x300.jpg 450w, https:\/\/www.funiber.blog\/pt\/wp-content\/uploads\/2024\/07\/amoc-gal-600x400.jpg 600w\" sizes=\"(max-width: 1200px) 100vw, 1200px\" \/><figcaption class=\"wp-element-caption\">O enfraquecimento da AMOC pode alterar os padr\u00f5es clim\u00e1ticos regionais e provocar impactos globais significativos nos ecossistemas marinhos.<\/figcaption><\/figure><\/div>\n\n\n<h2 class=\"wp-block-heading\"><strong>Riscos e poss\u00edveis cen\u00e1rios futuros<\/strong><\/h2>\n\n\n\n<p>Embora seja improv\u00e1vel que o AMOC entre em colapso abruptamente em um futuro pr\u00f3ximo, h\u00e1 uma preocupa\u00e7\u00e3o crescente entre a comunidade cient\u00edfica de que o sistema possa atingir um \u201cponto de inflex\u00e3o\u201d irrevers\u00edvel. Esse cen\u00e1rio poderia levar a mudan\u00e7as dr\u00e1sticas e dif\u00edceis de prever no clima global, com consequ\u00eancias devastadoras para a vida em nosso planeta. \u00c9 essencial aprofundar a pesquisa e fortalecer o monitoramento da AMOC para entender melhor esses riscos e tomar medidas preventivas eficazes.<\/p>\n\n\n\n<p>Para mitigar os impactos negativos de um poss\u00edvel enfraquecimento da AMOC, \u00e9 necess\u00e1rio implementar estrat\u00e9gias de adapta\u00e7\u00e3o e mitiga\u00e7\u00e3o. Isso inclui o desenvolvimento de pol\u00edticas internacionais mais fortes para reduzir as emiss\u00f5es de gases de efeito estufa e proteger os ecossistemas marinhos vulner\u00e1veis. Al\u00e9m disso, \u00e9 essencial melhorar a resili\u00eancia das comunidades costeiras por meio do planejamento urbano sustent\u00e1vel e da gest\u00e3o integrada dos recursos h\u00eddricos.<\/p>\n\n\n\n<h2 class=\"wp-block-heading\"><strong>A\u00e7\u00f5es para proteger o AMOC e mitigar seus impactos<\/strong><\/h2>\n\n\n\n<p>Para salvaguardar o AMOC e suas fun\u00e7\u00f5es cr\u00edticas, \u00e9 imperativa uma a\u00e7\u00e3o global urgente:<\/p>\n\n\n\n<ul>\n<li><strong>Redu\u00e7\u00e3o das emiss\u00f5es de gases de efeito estufa:<\/strong> Limitar as emiss\u00f5es que contribuem para o aquecimento global \u00e9 fundamental para preservar as condi\u00e7\u00f5es necess\u00e1rias para o AMOC.<\/li>\n\n\n\n<li><strong>Prote\u00e7\u00e3o do gelo do \u00c1rtico:<\/strong> a manuten\u00e7\u00e3o das calotas polares \u00e9 fundamental, pois o derretimento do gelo do \u00c1rtico introduz \u00e1gua doce no Atl\u00e2ntico Norte, diluindo a salinidade e afetando negativamente a circula\u00e7\u00e3o oce\u00e2nica.<\/li>\n\n\n\n<li><strong>Fortalecimento dos acordos internacionais sobre mudan\u00e7as clim\u00e1ticas:<\/strong> apoiar e cumprir acordos internacionais, como o Acordo de Paris, \u00e9 essencial para coordenar a\u00e7\u00f5es globais eficazes sobre as mudan\u00e7as clim\u00e1ticas.<\/li>\n\n\n\n<li><strong>Investir em pesquisa e educa\u00e7\u00e3o:<\/strong> continuar a pesquisar e educar sobre o AMOC ajudar\u00e1 a melhorar nossa compreens\u00e3o desse sistema complexo e suas intera\u00e7\u00f5es com o clima global.<\/li>\n<\/ul>\n\n\n\n<h2 class=\"wp-block-heading\"><strong>Conclus\u00e3o<\/strong><\/h2>\n\n\n\n<p>A AMOC representa um elo vital na engrenagem clim\u00e1tica do nosso planeta. Sua prote\u00e7\u00e3o n\u00e3o \u00e9 apenas crucial para a manuten\u00e7\u00e3o de climas regionais est\u00e1veis, mas tamb\u00e9m para a preserva\u00e7\u00e3o da biodiversidade marinha e dos meios de subsist\u00eancia humana em todo o mundo. Ao compreender e abordar os desafios enfrentados pelo AMOC, podemos trabalhar juntos em dire\u00e7\u00e3o a um futuro sustent\u00e1vel e resiliente diante das mudan\u00e7as clim\u00e1ticas globais.<\/p>\n\n\n\n<h2 class=\"wp-block-heading\"><strong>Continue sua forma\u00e7\u00e3o profissional<\/strong><\/h2>\n\n\n\n<p>Conhe\u00e7a o nosso programa de <a href=\"https:\/\/www.funiber.org.br\/mestrado-em-mudancas-climaticas\" target=\"_blank\" rel=\"noreferrer noopener\"><strong>Mestrado em Mudan\u00e7as Clim\u00e1ticas<\/strong><\/a> desenvolvido para oferecer a voc\u00ea uma compreens\u00e3o profunda dos sistemas clim\u00e1ticos globais, incluindo fen\u00f4menos como a Circula\u00e7\u00e3o Meridional de Oscila\u00e7\u00e3o do Atl\u00e2ntico (AMOC). Este programa o preparar\u00e1 com as ferramentas necess\u00e1rias para enfrentar os desafios ambientais atuais de forma eficaz e sustent\u00e1vel, combinando pesquisa avan\u00e7ada com aplica\u00e7\u00f5es pr\u00e1ticas. Com um corpo docente especializado e uma rede de alunos comprometidos, oferecemos a voc\u00ea a oportunidade de desenvolver solu\u00e7\u00f5es inovadoras e de impacto global.<\/p>\n\n\n\n<p><strong>Fontes:<\/strong><\/p>\n\n\n\n<p><a href=\"http:\/\/\u201chttps:\/\/greenly.earth\/en-gb\/blog\/ecology-news\/what-is-the-atlantic-meridional-overturning-circulation-amoc\u201d\" target=\"_blank\" rel=\"noreferrer noopener\"><u>O que \u00e9 a Circula\u00e7\u00e3o de Revolvimento Meridional do Atl\u00e2ntico (AMOC)?<\/u><\/a><\/p>\n\n\n\n<p><a href=\"http:\/\/\u201chttps:\/\/en.wikipedia.org\/wiki\/Atlantic_meridional_overturning_circulation\u201d\" target=\"_blank\" rel=\"noreferrer noopener\"><u>Circula\u00e7\u00e3o de revolvimento meridional do Atl\u00e2ntico<\/u><\/a><\/p>\n\n\n\n<p><a href=\"http:\/\/\u201chttps:\/\/blog.metoffice.gov.uk\/2024\/05\/02\/the-atlantic-meridional-overturning-circulation-in-a-changing-climate\/#:~:text=AMOC%20collapse&amp;text=Although%20this%20is%20unlikely%20to,on%20ecosystems%20and%20human%20activities\u201d\" target=\"_blank\" rel=\"noreferrer noopener\"><u>A Circula\u00e7\u00e3o de Revolvimento Meridional do Atl\u00e2ntico em um clima em mudan\u00e7a<\/u><\/a><\/p>\n\n\n\n<p><a href=\"http:\/\/\u201chttps:\/\/www.youtube.com\/watch?v=4CXZi-gFgX4\u201d\" target=\"_blank\" rel=\"noreferrer noopener\"><u>A maior transfer\u00eancia de calor da Terra est\u00e1 realmente se desligando?<\/u><\/a><\/p>\n","protected":false},"excerpt":{"rendered":"<p>Descubra como a Circula\u00e7\u00e3o de Oscila\u00e7\u00e3o Meridional do Atl\u00e2ntico (AMOC) desempenha um papel crucial na regula\u00e7\u00e3o do clima global e por que seu enfraquecimento pode ter impactos significativos em nosso ambiente natural e em nossas vidas. Junte-se a n\u00f3s nesta jornada educacional pelos mares do Atl\u00e2ntico, onde exploraremos tudo, desde a ess\u00eancia da AMOC at\u00e9 [&hellip;]<\/p>\n","protected":false},"author":33,"featured_media":30312,"comment_status":"closed","ping_status":"closed","sticky":false,"template":"","format":"standard","meta":{"jetpack_post_was_ever_published":false,"_jetpack_newsletter_access":"","_jetpack_newsletter_tier_id":0,"footnotes":"","jetpack_publicize_message":"","jetpack_is_tweetstorm":false,"jetpack_publicize_feature_enabled":true,"jetpack_social_post_already_shared":true,"jetpack_social_options":{"image_generator_settings":{"template":"highway","enabled":false}}},"categories":[2],"tags":[9344,5618,9345,3229,9346,398],"jetpack_publicize_connections":[],"yoast_head":"<!-- This site is optimized with the Yoast SEO plugin v21.7 - https:\/\/yoast.com\/wordpress\/plugins\/seo\/ -->\n<title>A import\u00e2ncia fundamental da AMOC nas mudan\u00e7as clim\u00e1ticas - FuniBlogs - FUNIBER<\/title>\n<meta name=\"description\" content=\"Descubra como a Circula\u00e7\u00e3o de Oscila\u00e7\u00e3o Meridional do Atl\u00e2ntico (AMOC) desempenha um papel crucial na regula\u00e7\u00e3o do clima global.\" \/>\n<meta name=\"robots\" content=\"index, follow, max-snippet:-1, max-image-preview:large, max-video-preview:-1\" \/>\n<link rel=\"canonical\" href=\"https:\/\/blogs.funiber.org\/pt\/meio-ambiente\/2024\/07\/17\/a-importancia-fundamental-da-amoc-nas-mudancas-climaticas\" \/>\n<meta property=\"og:locale\" content=\"pt_BR\" \/>\n<meta property=\"og:type\" content=\"article\" \/>\n<meta property=\"og:title\" content=\"A import\u00e2ncia fundamental da AMOC nas mudan\u00e7as clim\u00e1ticas - FuniBlogs - FUNIBER\" \/>\n<meta property=\"og:description\" content=\"Descubra como a Circula\u00e7\u00e3o de Oscila\u00e7\u00e3o Meridional do Atl\u00e2ntico (AMOC) desempenha um papel crucial na regula\u00e7\u00e3o do clima global.\" \/>\n<meta property=\"og:url\" content=\"https:\/\/blogs.funiber.org\/pt\/meio-ambiente\/2024\/07\/17\/a-importancia-fundamental-da-amoc-nas-mudancas-climaticas\" \/>\n<meta property=\"og:site_name\" content=\"FuniBlogs - FUNIBER\" \/>\n<meta property=\"article:publisher\" content=\"https:\/\/www.facebook.com\/funiber\" \/>\n<meta property=\"article:published_time\" content=\"2024-07-17T20:24:06+00:00\" \/>\n<meta property=\"article:modified_time\" content=\"2024-07-17T20:24:09+00:00\" \/>\n<meta property=\"og:image\" content=\"https:\/\/blogs.funiber.org\/pt\/wp-content\/uploads\/2024\/07\/amoc-portada.jpg\" \/>\n\t<meta property=\"og:image:width\" content=\"600\" \/>\n\t<meta property=\"og:image:height\" content=\"400\" \/>\n\t<meta property=\"og:image:type\" content=\"image\/jpeg\" \/>\n<meta name=\"author\" content=\"Contenido GT2\" \/>\n<meta name=\"twitter:card\" content=\"summary_large_image\" \/>\n<meta name=\"twitter:creator\" content=\"@FUNIBER\" \/>\n<meta name=\"twitter:site\" content=\"@FUNIBER\" \/>\n<meta name=\"twitter:label1\" content=\"Escrito por\" \/>\n\t<meta name=\"twitter:data1\" content=\"Contenido GT2\" \/>\n\t<meta name=\"twitter:label2\" content=\"Est. tempo de leitura\" \/>\n\t<meta name=\"twitter:data2\" content=\"6 minutos\" \/>\n<script type=\"application\/ld+json\" class=\"yoast-schema-graph\">{\"@context\":\"https:\/\/schema.org\",\"@graph\":[{\"@type\":\"Article\",\"@id\":\"https:\/\/blogs.funiber.org\/pt\/meio-ambiente\/2024\/07\/17\/a-importancia-fundamental-da-amoc-nas-mudancas-climaticas#article\",\"isPartOf\":{\"@id\":\"https:\/\/blogs.funiber.org\/pt\/meio-ambiente\/2024\/07\/17\/a-importancia-fundamental-da-amoc-nas-mudancas-climaticas\"},\"author\":{\"name\":\"Contenido GT2\",\"@id\":\"https:\/\/blogs.funiber.org\/pt\/#\/schema\/person\/b677abb5cf2a95713b98e17c31742c09\"},\"headline\":\"A import\u00e2ncia fundamental da AMOC nas mudan\u00e7as clim\u00e1ticas\",\"datePublished\":\"2024-07-17T20:24:06+00:00\",\"dateModified\":\"2024-07-17T20:24:09+00:00\",\"mainEntityOfPage\":{\"@id\":\"https:\/\/blogs.funiber.org\/pt\/meio-ambiente\/2024\/07\/17\/a-importancia-fundamental-da-amoc-nas-mudancas-climaticas\"},\"wordCount\":1057,\"publisher\":{\"@id\":\"https:\/\/blogs.funiber.org\/pt\/#organization\"},\"keywords\":[\"AMOC\",\"crise ambiental\",\"desafios clim\u00e1ticos\",\"impacto ambiental\",\"medidas de mitiga\u00e7\u00e3o\",\"Mudan\u00e7a Clim\u00e1tica\"],\"articleSection\":[\"Meio Ambiente\"],\"inLanguage\":\"pt-BR\"},{\"@type\":\"WebPage\",\"@id\":\"https:\/\/blogs.funiber.org\/pt\/meio-ambiente\/2024\/07\/17\/a-importancia-fundamental-da-amoc-nas-mudancas-climaticas\",\"url\":\"https:\/\/blogs.funiber.org\/pt\/meio-ambiente\/2024\/07\/17\/a-importancia-fundamental-da-amoc-nas-mudancas-climaticas\",\"name\":\"A import\u00e2ncia fundamental da AMOC nas mudan\u00e7as clim\u00e1ticas - FuniBlogs - FUNIBER\",\"isPartOf\":{\"@id\":\"https:\/\/blogs.funiber.org\/pt\/#website\"},\"datePublished\":\"2024-07-17T20:24:06+00:00\",\"dateModified\":\"2024-07-17T20:24:09+00:00\",\"description\":\"Descubra como a Circula\u00e7\u00e3o de Oscila\u00e7\u00e3o Meridional do Atl\u00e2ntico (AMOC) desempenha um papel crucial na regula\u00e7\u00e3o do clima global.\",\"breadcrumb\":{\"@id\":\"https:\/\/blogs.funiber.org\/pt\/meio-ambiente\/2024\/07\/17\/a-importancia-fundamental-da-amoc-nas-mudancas-climaticas#breadcrumb\"},\"inLanguage\":\"pt-BR\",\"potentialAction\":[{\"@type\":\"ReadAction\",\"target\":[\"https:\/\/blogs.funiber.org\/pt\/meio-ambiente\/2024\/07\/17\/a-importancia-fundamental-da-amoc-nas-mudancas-climaticas\"]}]},{\"@type\":\"BreadcrumbList\",\"@id\":\"https:\/\/blogs.funiber.org\/pt\/meio-ambiente\/2024\/07\/17\/a-importancia-fundamental-da-amoc-nas-mudancas-climaticas#breadcrumb\",\"itemListElement\":[{\"@type\":\"ListItem\",\"position\":1,\"name\":\"In\u00edcio\",\"item\":\"https:\/\/blogs.funiber.org\/pt\"},{\"@type\":\"ListItem\",\"position\":2,\"name\":\"A import\u00e2ncia fundamental da AMOC nas mudan\u00e7as clim\u00e1ticas\"}]},{\"@type\":\"WebSite\",\"@id\":\"https:\/\/blogs.funiber.org\/pt\/#website\",\"url\":\"https:\/\/blogs.funiber.org\/pt\/\",\"name\":\"FuniBlogs - FUNIBER\",\"description\":\"\",\"publisher\":{\"@id\":\"https:\/\/blogs.funiber.org\/pt\/#organization\"},\"potentialAction\":[{\"@type\":\"SearchAction\",\"target\":{\"@type\":\"EntryPoint\",\"urlTemplate\":\"https:\/\/blogs.funiber.org\/pt\/?s={search_term_string}\"},\"query-input\":\"required name=search_term_string\"}],\"inLanguage\":\"pt-BR\"},{\"@type\":\"Organization\",\"@id\":\"https:\/\/blogs.funiber.org\/pt\/#organization\",\"name\":\"FuniBlogs - FUNIBER\",\"url\":\"https:\/\/blogs.funiber.org\/pt\/\",\"logo\":{\"@type\":\"ImageObject\",\"inLanguage\":\"pt-BR\",\"@id\":\"https:\/\/blogs.funiber.org\/pt\/#\/schema\/logo\/image\/\",\"url\":\"https:\/\/www.funiber.blog\/pt\/wp-content\/uploads\/2022\/02\/logo-funiber-pt-br-v-dos.svg\",\"contentUrl\":\"https:\/\/www.funiber.blog\/pt\/wp-content\/uploads\/2022\/02\/logo-funiber-pt-br-v-dos.svg\",\"width\":1,\"height\":1,\"caption\":\"FuniBlogs - FUNIBER\"},\"image\":{\"@id\":\"https:\/\/blogs.funiber.org\/pt\/#\/schema\/logo\/image\/\"},\"sameAs\":[\"https:\/\/www.facebook.com\/funiber\",\"https:\/\/twitter.com\/FUNIBER\",\"https:\/\/www.instagram.com\/funiber_becas\",\"https:\/\/www.youtube.com\/user\/funiber\",\"https:\/\/www.linkedin.com\/company\/funiber\"]},{\"@type\":\"Person\",\"@id\":\"https:\/\/blogs.funiber.org\/pt\/#\/schema\/person\/b677abb5cf2a95713b98e17c31742c09\",\"name\":\"Contenido GT2\",\"image\":{\"@type\":\"ImageObject\",\"inLanguage\":\"pt-BR\",\"@id\":\"https:\/\/blogs.funiber.org\/pt\/#\/schema\/person\/image\/\",\"url\":\"https:\/\/secure.gravatar.com\/avatar\/b5a02967a8912eb95241dfff01da0fab?s=96&d=mm&r=g\",\"contentUrl\":\"https:\/\/secure.gravatar.com\/avatar\/b5a02967a8912eb95241dfff01da0fab?s=96&d=mm&r=g\",\"caption\":\"Contenido GT2\"},\"url\":\"https:\/\/www.funiber.blog\/pt\/author\/contenido-gt2\"}]}<\/script>\n<!-- \/ Yoast SEO plugin. -->","yoast_head_json":{"title":"A import\u00e2ncia fundamental da AMOC nas mudan\u00e7as clim\u00e1ticas - FuniBlogs - FUNIBER","description":"Descubra como a Circula\u00e7\u00e3o de Oscila\u00e7\u00e3o Meridional do Atl\u00e2ntico (AMOC) desempenha um papel crucial na regula\u00e7\u00e3o do clima global.","robots":{"index":"index","follow":"follow","max-snippet":"max-snippet:-1","max-image-preview":"max-image-preview:large","max-video-preview":"max-video-preview:-1"},"canonical":"https:\/\/blogs.funiber.org\/pt\/meio-ambiente\/2024\/07\/17\/a-importancia-fundamental-da-amoc-nas-mudancas-climaticas","og_locale":"pt_BR","og_type":"article","og_title":"A import\u00e2ncia fundamental da AMOC nas mudan\u00e7as clim\u00e1ticas - FuniBlogs - FUNIBER","og_description":"Descubra como a Circula\u00e7\u00e3o de Oscila\u00e7\u00e3o Meridional do Atl\u00e2ntico (AMOC) desempenha um papel crucial na regula\u00e7\u00e3o do clima global.","og_url":"https:\/\/blogs.funiber.org\/pt\/meio-ambiente\/2024\/07\/17\/a-importancia-fundamental-da-amoc-nas-mudancas-climaticas","og_site_name":"FuniBlogs - FUNIBER","article_publisher":"https:\/\/www.facebook.com\/funiber","article_published_time":"2024-07-17T20:24:06+00:00","article_modified_time":"2024-07-17T20:24:09+00:00","og_image":[{"width":600,"height":400,"url":"https:\/\/blogs.funiber.org\/pt\/wp-content\/uploads\/2024\/07\/amoc-portada.jpg","type":"image\/jpeg"}],"author":"Contenido GT2","twitter_card":"summary_large_image","twitter_creator":"@FUNIBER","twitter_site":"@FUNIBER","twitter_misc":{"Escrito por":"Contenido GT2","Est. tempo de leitura":"6 minutos"},"schema":{"@context":"https:\/\/schema.org","@graph":[{"@type":"Article","@id":"https:\/\/blogs.funiber.org\/pt\/meio-ambiente\/2024\/07\/17\/a-importancia-fundamental-da-amoc-nas-mudancas-climaticas#article","isPartOf":{"@id":"https:\/\/blogs.funiber.org\/pt\/meio-ambiente\/2024\/07\/17\/a-importancia-fundamental-da-amoc-nas-mudancas-climaticas"},"author":{"name":"Contenido GT2","@id":"https:\/\/blogs.funiber.org\/pt\/#\/schema\/person\/b677abb5cf2a95713b98e17c31742c09"},"headline":"A import\u00e2ncia fundamental da AMOC nas mudan\u00e7as clim\u00e1ticas","datePublished":"2024-07-17T20:24:06+00:00","dateModified":"2024-07-17T20:24:09+00:00","mainEntityOfPage":{"@id":"https:\/\/blogs.funiber.org\/pt\/meio-ambiente\/2024\/07\/17\/a-importancia-fundamental-da-amoc-nas-mudancas-climaticas"},"wordCount":1057,"publisher":{"@id":"https:\/\/blogs.funiber.org\/pt\/#organization"},"keywords":["AMOC","crise ambiental","desafios clim\u00e1ticos","impacto ambiental","medidas de mitiga\u00e7\u00e3o","Mudan\u00e7a Clim\u00e1tica"],"articleSection":["Meio Ambiente"],"inLanguage":"pt-BR"},{"@type":"WebPage","@id":"https:\/\/blogs.funiber.org\/pt\/meio-ambiente\/2024\/07\/17\/a-importancia-fundamental-da-amoc-nas-mudancas-climaticas","url":"https:\/\/blogs.funiber.org\/pt\/meio-ambiente\/2024\/07\/17\/a-importancia-fundamental-da-amoc-nas-mudancas-climaticas","name":"A import\u00e2ncia fundamental da AMOC nas mudan\u00e7as clim\u00e1ticas - FuniBlogs - FUNIBER","isPartOf":{"@id":"https:\/\/blogs.funiber.org\/pt\/#website"},"datePublished":"2024-07-17T20:24:06+00:00","dateModified":"2024-07-17T20:24:09+00:00","description":"Descubra como a Circula\u00e7\u00e3o de Oscila\u00e7\u00e3o Meridional do Atl\u00e2ntico (AMOC) desempenha um papel crucial na regula\u00e7\u00e3o do clima global.","breadcrumb":{"@id":"https:\/\/blogs.funiber.org\/pt\/meio-ambiente\/2024\/07\/17\/a-importancia-fundamental-da-amoc-nas-mudancas-climaticas#breadcrumb"},"inLanguage":"pt-BR","potentialAction":[{"@type":"ReadAction","target":["https:\/\/blogs.funiber.org\/pt\/meio-ambiente\/2024\/07\/17\/a-importancia-fundamental-da-amoc-nas-mudancas-climaticas"]}]},{"@type":"BreadcrumbList","@id":"https:\/\/blogs.funiber.org\/pt\/meio-ambiente\/2024\/07\/17\/a-importancia-fundamental-da-amoc-nas-mudancas-climaticas#breadcrumb","itemListElement":[{"@type":"ListItem","position":1,"name":"In\u00edcio","item":"https:\/\/blogs.funiber.org\/pt"},{"@type":"ListItem","position":2,"name":"A import\u00e2ncia fundamental da AMOC nas mudan\u00e7as clim\u00e1ticas"}]},{"@type":"WebSite","@id":"https:\/\/blogs.funiber.org\/pt\/#website","url":"https:\/\/blogs.funiber.org\/pt\/","name":"FuniBlogs - FUNIBER","description":"","publisher":{"@id":"https:\/\/blogs.funiber.org\/pt\/#organization"},"potentialAction":[{"@type":"SearchAction","target":{"@type":"EntryPoint","urlTemplate":"https:\/\/blogs.funiber.org\/pt\/?s={search_term_string}"},"query-input":"required name=search_term_string"}],"inLanguage":"pt-BR"},{"@type":"Organization","@id":"https:\/\/blogs.funiber.org\/pt\/#organization","name":"FuniBlogs - FUNIBER","url":"https:\/\/blogs.funiber.org\/pt\/","logo":{"@type":"ImageObject","inLanguage":"pt-BR","@id":"https:\/\/blogs.funiber.org\/pt\/#\/schema\/logo\/image\/","url":"https:\/\/www.funiber.blog\/pt\/wp-content\/uploads\/2022\/02\/logo-funiber-pt-br-v-dos.svg","contentUrl":"https:\/\/www.funiber.blog\/pt\/wp-content\/uploads\/2022\/02\/logo-funiber-pt-br-v-dos.svg","width":1,"height":1,"caption":"FuniBlogs - FUNIBER"},"image":{"@id":"https:\/\/blogs.funiber.org\/pt\/#\/schema\/logo\/image\/"},"sameAs":["https:\/\/www.facebook.com\/funiber","https:\/\/twitter.com\/FUNIBER","https:\/\/www.instagram.com\/funiber_becas","https:\/\/www.youtube.com\/user\/funiber","https:\/\/www.linkedin.com\/company\/funiber"]},{"@type":"Person","@id":"https:\/\/blogs.funiber.org\/pt\/#\/schema\/person\/b677abb5cf2a95713b98e17c31742c09","name":"Contenido GT2","image":{"@type":"ImageObject","inLanguage":"pt-BR","@id":"https:\/\/blogs.funiber.org\/pt\/#\/schema\/person\/image\/","url":"https:\/\/secure.gravatar.com\/avatar\/b5a02967a8912eb95241dfff01da0fab?s=96&d=mm&r=g","contentUrl":"https:\/\/secure.gravatar.com\/avatar\/b5a02967a8912eb95241dfff01da0fab?s=96&d=mm&r=g","caption":"Contenido GT2"},"url":"https:\/\/www.funiber.blog\/pt\/author\/contenido-gt2"}]}},"jetpack_featured_media_url":"https:\/\/www.funiber.blog\/pt\/wp-content\/uploads\/2024\/07\/amoc-portada.jpg","jetpack_shortlink":"https:\/\/wp.me\/p7ee1t-7ST","jetpack_sharing_enabled":true,"_links":{"self":[{"href":"https:\/\/www.funiber.blog\/pt\/wp-json\/wp\/v2\/posts\/30311"}],"collection":[{"href":"https:\/\/www.funiber.blog\/pt\/wp-json\/wp\/v2\/posts"}],"about":[{"href":"https:\/\/www.funiber.blog\/pt\/wp-json\/wp\/v2\/types\/post"}],"author":[{"embeddable":true,"href":"https:\/\/www.funiber.blog\/pt\/wp-json\/wp\/v2\/users\/33"}],"replies":[{"embeddable":true,"href":"https:\/\/www.funiber.blog\/pt\/wp-json\/wp\/v2\/comments?post=30311"}],"version-history":[{"count":1,"href":"https:\/\/www.funiber.blog\/pt\/wp-json\/wp\/v2\/posts\/30311\/revisions"}],"predecessor-version":[{"id":30314,"href":"https:\/\/www.funiber.blog\/pt\/wp-json\/wp\/v2\/posts\/30311\/revisions\/30314"}],"wp:featuredmedia":[{"embeddable":true,"href":"https:\/\/www.funiber.blog\/pt\/wp-json\/wp\/v2\/media\/30312"}],"wp:attachment":[{"href":"https:\/\/www.funiber.blog\/pt\/wp-json\/wp\/v2\/media?parent=30311"}],"wp:term":[{"taxonomy":"category","embeddable":true,"href":"https:\/\/www.funiber.blog\/pt\/wp-json\/wp\/v2\/categories?post=30311"},{"taxonomy":"post_tag","embeddable":true,"href":"https:\/\/www.funiber.blog\/pt\/wp-json\/wp\/v2\/tags?post=30311"}],"curies":[{"name":"wp","href":"https:\/\/api.w.org\/{rel}","templated":true}]}}