{"id":30341,"date":"2024-07-26T17:01:01","date_gmt":"2024-07-26T22:01:01","guid":{"rendered":"https:\/\/blogs.funiber.org\/pt\/?p=30341"},"modified":"2024-07-26T17:01:03","modified_gmt":"2024-07-26T22:01:03","slug":"a-captura-de-carbono-como-o-futuro-da-luta-contra-o-clima","status":"publish","type":"post","link":"https:\/\/www.funiber.blog\/pt\/meio-ambiente\/2024\/07\/26\/a-captura-de-carbono-como-o-futuro-da-luta-contra-o-clima","title":{"rendered":"A captura de carbono como o futuro da luta contra o clima"},"content":{"rendered":"\n<p>Na luta urgente contra as mudan\u00e7as clim\u00e1ticas, a captura de carbono est\u00e1 surgindo como uma tecnologia revolucion\u00e1ria com o potencial de transformar nossa estrat\u00e9gia de mitiga\u00e7\u00e3o de emiss\u00f5es. Diante do desafio de reduzir o di\u00f3xido de carbono (CO\u2082) na atmosfera, essa solu\u00e7\u00e3o inovadora n\u00e3o apenas captura e armazena o CO\u2082, mas tamb\u00e9m oferece oportunidades de reutiliz\u00e1-lo de forma eficiente. Com um impacto significativo na redu\u00e7\u00e3o de gases de efeito estufa, a captura de carbono est\u00e1 posicionada como uma pe\u00e7a-chave no quebra-cabe\u00e7a global para conter o aquecimento global e construir um futuro mais sustent\u00e1vel. Este artigo explora em detalhes como funciona o sequestro de carbono, seus m\u00e9todos e por que ele \u00e9 fundamental para a sa\u00fade do planeta.<\/p>\n\n\n\n<h2 class=\"wp-block-heading\"><strong>O que \u00e9 sequestro de carbono?<\/strong><\/h2>\n\n\n\n<p>A captura de carbono \u00e9 um processo tecnol\u00f3gico projetado para coletar o di\u00f3xido de carbono que \u00e9 emitido durante v\u00e1rias atividades industriais e energ\u00e9ticas. O principal objetivo \u00e9 evitar que o CO\u2082 chegue \u00e0 atmosfera, onde contribui para o efeito estufa e, portanto, para o aquecimento global. Esse processo envolve tr\u00eas fases: captura, transporte e armazenamento ou reutiliza\u00e7\u00e3o.<\/p>\n\n\n\n<p>Durante a captura, o CO\u2082 \u00e9 separado dos gases industriais e preparado para tratamento posterior. No transporte, o di\u00f3xido de carbono \u00e9 levado do ponto de captura para o local de armazenamento ou reutiliza\u00e7\u00e3o, usando m\u00e9todos que minimizam o impacto ambiental. Por fim, na fase de armazenamento, o CO\u2082 \u00e9 armazenado em forma\u00e7\u00f5es geol\u00f3gicas profundas ou dep\u00f3sitos minerais, onde pode permanecer em seguran\u00e7a por milh\u00f5es de anos. Como alternativa, na reutiliza\u00e7\u00e3o, o CO\u2082 \u00e9 convertido em produtos \u00fateis, como combust\u00edveis sint\u00e9ticos ou materiais de constru\u00e7\u00e3o.<\/p>\n\n\n\n<h2 class=\"wp-block-heading\"><strong>Como o carbono \u00e9 sequestrado?<\/strong><\/h2>\n\n\n\n<p>Existem tr\u00eas m\u00e9todos principais de sequestro de carbono, cada um com suas vantagens e desvantagens:<\/p>\n\n\n\n<ul>\n<li><strong>Pr\u00e9-combust\u00e3o:<\/strong> esse m\u00e9todo transforma o combust\u00edvel em um g\u00e1s antes da combust\u00e3o. O CO\u2082 \u00e9 separado do g\u00e1s antes de ser queimado. A vantagem da pr\u00e9-combust\u00e3o \u00e9 que ela permite que o di\u00f3xido de carbono seja capturado com mais efici\u00eancia, pois o g\u00e1s cont\u00e9m uma concentra\u00e7\u00e3o maior de CO\u2082. No entanto, ela exige infraestrutura especializada e investimentos consider\u00e1veis em novas tecnologias.<\/li>\n\n\n\n<li><strong>Combust\u00e3o de oxicombust\u00edvel:<\/strong> nesse processo, o combust\u00edvel \u00e9 queimado usando oxig\u00eanio puro em vez de ar. Isso produz um g\u00e1s que \u00e9 muito rico em CO\u2082, facilitando a captura. A oxicombust\u00e3o \u00e9 eficiente para obter um g\u00e1s denso em CO\u2082, mas tamb\u00e9m precisa de equipamentos e adapta\u00e7\u00f5es espec\u00edficos, o que pode aumentar os custos.<\/li>\n\n\n\n<li><strong>P\u00f3s-combust\u00e3o:<\/strong> esse \u00e9 o m\u00e9todo mais usado atualmente. Ele consiste em separar o CO\u2082 do g\u00e1s de combust\u00e3o ap\u00f3s a queima do combust\u00edvel. Embora seja menos dispendioso e possa ser aplicado \u00e0 infraestrutura existente, a separa\u00e7\u00e3o do CO\u2082 \u00e9 geralmente menos eficiente em compara\u00e7\u00e3o com os outros m\u00e9todos.<\/li>\n<\/ul>\n\n\n\n<figure class=\"wp-block-image aligncenter size-full\"><img loading=\"lazy\" decoding=\"async\" width=\"1200\" height=\"800\" data-attachment-id=\"30343\" data-permalink=\"https:\/\/www.funiber.blog\/pt\/meio-ambiente\/2024\/07\/26\/a-captura-de-carbono-como-o-futuro-da-luta-contra-o-clima\/attachment\/ecology-car-concept\" data-orig-file=\"https:\/\/www.funiber.blog\/pt\/wp-content\/uploads\/2024\/07\/captura-de-carbono.jpg\" data-orig-size=\"1200,800\" data-comments-opened=\"0\" data-image-meta=\"{&quot;aperture&quot;:&quot;0&quot;,&quot;credit&quot;:&quot;Getty Images\\\/iStockphoto&quot;,&quot;camera&quot;:&quot;&quot;,&quot;caption&quot;:&quot;Ecology car concept&quot;,&quot;created_timestamp&quot;:&quot;1453852800&quot;,&quot;copyright&quot;:&quot;Petmal&quot;,&quot;focal_length&quot;:&quot;0&quot;,&quot;iso&quot;:&quot;0&quot;,&quot;shutter_speed&quot;:&quot;0&quot;,&quot;title&quot;:&quot;Ecology car concept&quot;,&quot;orientation&quot;:&quot;1&quot;}\" data-image-title=\"ecology-car-concept\" data-image-description=\"&lt;p&gt;ecology-car-concept&lt;\/p&gt;\n\" data-image-caption=\"&lt;p&gt;ecology-car-concept&lt;\/p&gt;\n\" data-medium-file=\"https:\/\/www.funiber.blog\/pt\/wp-content\/uploads\/2024\/07\/captura-de-carbono-400x267.jpg\" data-large-file=\"https:\/\/www.funiber.blog\/pt\/wp-content\/uploads\/2024\/07\/captura-de-carbono-400x267.jpg\" src=\"https:\/\/www.funiber.blog\/pt\/wp-content\/uploads\/2024\/07\/captura-de-carbono.jpg\" alt=\"Imagem de um carro constru\u00eddo a partir de plantas. \n\" class=\"wp-image-30343\" srcset=\"https:\/\/www.funiber.blog\/pt\/wp-content\/uploads\/2024\/07\/captura-de-carbono.jpg 1200w, https:\/\/www.funiber.blog\/pt\/wp-content\/uploads\/2024\/07\/captura-de-carbono-400x267.jpg 400w, https:\/\/www.funiber.blog\/pt\/wp-content\/uploads\/2024\/07\/captura-de-carbono-768x512.jpg 768w, https:\/\/www.funiber.blog\/pt\/wp-content\/uploads\/2024\/07\/captura-de-carbono-300x200.jpg 300w, https:\/\/www.funiber.blog\/pt\/wp-content\/uploads\/2024\/07\/captura-de-carbono-450x300.jpg 450w, https:\/\/www.funiber.blog\/pt\/wp-content\/uploads\/2024\/07\/captura-de-carbono-600x400.jpg 600w\" sizes=\"(max-width: 1200px) 100vw, 1200px\" \/><figcaption class=\"wp-element-caption\">\u00c9 poss\u00edvel produzir combust\u00edveis sint\u00e9ticos, como metano ou diesel, que oferecem alternativas aos combust\u00edveis f\u00f3sseis tradicionais.<\/figcaption><\/figure>\n\n\n\n<h2 class=\"wp-block-heading\"><strong>O que \u00e9 feito com o carbono capturado?<\/strong><\/h2>\n\n\n\n<p>O di\u00f3xido de carbono capturado pode ser gerenciado de duas maneiras principais: armazenamento ou reutiliza\u00e7\u00e3o.<\/p>\n\n\n\n<ul>\n<li><strong>Armazenamento:<\/strong> o CO\u2082 \u00e9 armazenado em forma\u00e7\u00f5es geol\u00f3gicas profundas, como aqu\u00edferos salinos, reservat\u00f3rios de petr\u00f3leo esgotados ou forma\u00e7\u00f5es de g\u00e1s natural. Esses locais proporcionam um ambiente est\u00e1vel e seguro para o armazenamento de CO\u2082 por longos per\u00edodos. O processo de armazenamento exige que o CO\u2082 seja comprimido e resfriado at\u00e9 se tornar um l\u00edquido, o que facilita o transporte e o armazenamento.<\/li>\n\n\n\n<li><strong>Reutiliza\u00e7\u00e3o:<\/strong> O CO\u2082 capturado pode ser transformado em produtos \u00fateis. Combust\u00edveis sint\u00e9ticos, como metano ou diesel, podem ser produzidos, oferecendo alternativas aos combust\u00edveis f\u00f3sseis tradicionais. Al\u00e9m disso, o CO\u2082 pode ser usado na produ\u00e7\u00e3o de materiais de constru\u00e7\u00e3o, como o cimento, ou na fabrica\u00e7\u00e3o de produtos qu\u00edmicos, como pl\u00e1sticos e pol\u00edmeros. No setor agr\u00edcola, o CO\u2082 \u00e9 usado em estufas para aumentar o crescimento das plantas por meio da fotoss\u00edntese, o que tamb\u00e9m pode reduzir a necessidade de fertilizantes.<\/li>\n<\/ul>\n\n\n\n<h2 class=\"wp-block-heading\"><strong>Por que o sequestro de carbono \u00e9 importante?<\/strong><\/h2>\n\n\n\n<p>O sequestro de carbono \u00e9 fundamental na luta contra as mudan\u00e7as clim\u00e1ticas por v\u00e1rios motivos. Primeiro, ele ajuda a reduzir as concentra\u00e7\u00f5es de CO\u2082 na atmosfera, um dos principais gases respons\u00e1veis pelo aquecimento global. Ao evitar que grandes quantidades de CO\u2082 sejam liberadas na atmosfera, ela contribui significativamente para a mitiga\u00e7\u00e3o das mudan\u00e7as clim\u00e1ticas.<\/p>\n\n\n\n<p>Al\u00e9m disso, a captura de carbono permite maior sustentabilidade em setores que s\u00e3o grandes emissores de CO\u2082. Isso n\u00e3o apenas ajuda a cumprir as regulamenta\u00e7\u00f5es ambientais, mas tamb\u00e9m promove a inova\u00e7\u00e3o em tecnologias limpas e sustent\u00e1veis.<\/p>\n\n\n\n<p>Na Uni\u00e3o Europeia, 73 instala\u00e7\u00f5es dedicadas \u00e0 captura de carbono foram desenvolvidas em v\u00e1rios pa\u00edses, incluindo Noruega, Reino Unido, Dinamarca, Isl\u00e2ndia e Holanda. Essas iniciativas demonstram o crescente interesse e compromisso com a captura de carbono como uma solu\u00e7\u00e3o eficaz para as mudan\u00e7as clim\u00e1ticas. No entanto, a Espanha ainda est\u00e1 atrasada, com apenas dois projetos-piloto nessa \u00e1rea. A ado\u00e7\u00e3o e a expans\u00e3o dessa tecnologia na Espanha e em outros pa\u00edses podem acelerar a transi\u00e7\u00e3o para um futuro mais sustent\u00e1vel.<\/p>\n\n\n\n<p>Concluindo, a captura de carbono representa uma estrat\u00e9gia abrangente para lidar com as mudan\u00e7as clim\u00e1ticas, combinando redu\u00e7\u00f5es de emiss\u00f5es com reutiliza\u00e7\u00e3o de recursos. \u00c0 medida que a tecnologia avan\u00e7a e mais projetos s\u00e3o implementados, seu papel na mitiga\u00e7\u00e3o das mudan\u00e7as clim\u00e1ticas se torna cada vez mais significativo, contribuindo para um futuro mais limpo e sustent\u00e1vel para o planeta.<\/p>\n\n\n\n<h2 class=\"wp-block-heading\"><strong>Continue sua educa\u00e7\u00e3o profissional<\/strong><\/h2>\n\n\n\n<p>Em um mundo que enfrenta o desafio da mudan\u00e7a clim\u00e1tica, a especializa\u00e7\u00e3o em tecnologias como a captura de carbono pode ser fundamental para fazer a diferen\u00e7a. Nossos programas de <a href=\"http:\/\/Mestrado em Mudan\u00e7as Clim\u00e1ticas\" target=\"_blank\" rel=\"noreferrer noopener\"><strong><u>Mestrado<\/u><\/strong> em <strong><u>Mudan\u00e7as Clim\u00e1ticas<\/u><\/strong><\/a> oferecem treinamento abrangente em estrat\u00e9gias avan\u00e7adas para mitigar o aquecimento global e liderar projetos inovadores. Ao estudar conosco, voc\u00ea obter\u00e1 as ferramentas necess\u00e1rias para desenvolver solu\u00e7\u00f5es eficazes e sustent\u00e1veis, impulsionando sua carreira em um campo cada vez mais requisitado. Descubra como o nosso mestrado pode ajud\u00e1-lo a fazer uma contribui\u00e7\u00e3o real e significativa.<\/p>\n\n\n\n<p><strong>Fontes:<\/strong><\/p>\n\n\n\n<p><a href=\"http:\/\/\u201chttps:\/\/www.nationalgeographic.com.es\/medio-ambiente\/captura-carbono-como-futuro-lucha-climatica_21030\u201d\" target=\"_blank\" rel=\"noreferrer noopener\"><u><strong>A captura de carbono como o futuro da luta contra o clima.<\/strong><\/u><\/a><\/p>\n","protected":false},"excerpt":{"rendered":"<p>Na luta urgente contra as mudan\u00e7as clim\u00e1ticas, a captura de carbono est\u00e1 surgindo como uma tecnologia revolucion\u00e1ria com o potencial de transformar nossa estrat\u00e9gia de mitiga\u00e7\u00e3o de emiss\u00f5es. Diante do desafio de reduzir o di\u00f3xido de carbono (CO\u2082) na atmosfera, essa solu\u00e7\u00e3o inovadora n\u00e3o apenas captura e armazena o CO\u2082, mas tamb\u00e9m oferece oportunidades de [&hellip;]<\/p>\n","protected":false},"author":33,"featured_media":30342,"comment_status":"closed","ping_status":"closed","sticky":false,"template":"","format":"standard","meta":{"jetpack_post_was_ever_published":false,"_jetpack_newsletter_access":"","_jetpack_newsletter_tier_id":0,"footnotes":"","jetpack_publicize_message":"","jetpack_is_tweetstorm":false,"jetpack_publicize_feature_enabled":true,"jetpack_social_post_already_shared":true,"jetpack_social_options":{"image_generator_settings":{"template":"highway","enabled":false}}},"categories":[2],"tags":[9369,9365,9370,9368,141,9371,9366,9367,84,9364],"jetpack_publicize_connections":[],"yoast_head":"<!-- This site is optimized with the Yoast SEO plugin v21.7 - https:\/\/yoast.com\/wordpress\/plugins\/seo\/ -->\n<title>A captura de carbono como o futuro da luta contra o clima - FuniBlogs - FUNIBER<\/title>\n<meta name=\"description\" content=\"A captura de carbono surge como uma tecnologia revolucion\u00e1ria com o potencial de transformar nossa estrat\u00e9gia de mitiga\u00e7\u00e3o de emiss\u00f5es.\" \/>\n<meta name=\"robots\" content=\"noindex, nofollow\" \/>\n<meta property=\"og:locale\" content=\"pt_BR\" \/>\n<meta property=\"og:type\" content=\"article\" \/>\n<meta property=\"og:title\" content=\"A captura de carbono como o futuro da luta contra o clima - FuniBlogs - FUNIBER\" \/>\n<meta property=\"og:description\" content=\"A captura de carbono surge como uma tecnologia revolucion\u00e1ria com o potencial de transformar nossa estrat\u00e9gia de mitiga\u00e7\u00e3o de emiss\u00f5es.\" \/>\n<meta property=\"og:url\" content=\"https:\/\/blogs.funiber.org\/pt\/meio-ambiente\/2024\/07\/26\/a-captura-de-carbono-como-o-futuro-da-luta-contra-o-clima\" \/>\n<meta property=\"og:site_name\" content=\"FuniBlogs - FUNIBER\" \/>\n<meta property=\"article:publisher\" content=\"https:\/\/www.facebook.com\/funiber\" \/>\n<meta property=\"article:published_time\" content=\"2024-07-26T22:01:01+00:00\" \/>\n<meta property=\"article:modified_time\" content=\"2024-07-26T22:01:03+00:00\" \/>\n<meta property=\"og:image\" content=\"https:\/\/blogs.funiber.org\/pt\/wp-content\/uploads\/2024\/07\/captura-de-carbono-funiber.jpg\" \/>\n\t<meta property=\"og:image:width\" content=\"600\" \/>\n\t<meta property=\"og:image:height\" content=\"400\" \/>\n\t<meta property=\"og:image:type\" content=\"image\/jpeg\" \/>\n<meta name=\"author\" content=\"Contenido GT2\" \/>\n<meta name=\"twitter:card\" content=\"summary_large_image\" \/>\n<meta name=\"twitter:creator\" content=\"@FUNIBER\" \/>\n<meta name=\"twitter:site\" content=\"@FUNIBER\" \/>\n<meta name=\"twitter:label1\" content=\"Escrito por\" \/>\n\t<meta name=\"twitter:data1\" content=\"Contenido GT2\" \/>\n\t<meta name=\"twitter:label2\" content=\"Est. tempo de leitura\" \/>\n\t<meta name=\"twitter:data2\" content=\"6 minutos\" \/>\n<script type=\"application\/ld+json\" class=\"yoast-schema-graph\">{\"@context\":\"https:\/\/schema.org\",\"@graph\":[{\"@type\":\"Article\",\"@id\":\"https:\/\/blogs.funiber.org\/pt\/meio-ambiente\/2024\/07\/26\/a-captura-de-carbono-como-o-futuro-da-luta-contra-o-clima#article\",\"isPartOf\":{\"@id\":\"https:\/\/blogs.funiber.org\/pt\/meio-ambiente\/2024\/07\/26\/a-captura-de-carbono-como-o-futuro-da-luta-contra-o-clima\"},\"author\":{\"name\":\"Contenido GT2\",\"@id\":\"https:\/\/blogs.funiber.org\/pt\/#\/schema\/person\/b677abb5cf2a95713b98e17c31742c09\"},\"headline\":\"A captura de carbono como o futuro da luta contra o clima\",\"datePublished\":\"2024-07-26T22:01:01+00:00\",\"dateModified\":\"2024-07-26T22:01:03+00:00\",\"mainEntityOfPage\":{\"@id\":\"https:\/\/blogs.funiber.org\/pt\/meio-ambiente\/2024\/07\/26\/a-captura-de-carbono-como-o-futuro-da-luta-contra-o-clima\"},\"wordCount\":1109,\"publisher\":{\"@id\":\"https:\/\/blogs.funiber.org\/pt\/#organization\"},\"keywords\":[\"Armazenamento de CO\u2082\",\"Captura de Carbono\",\"Inova\u00e7\u00e3o Ambiental\",\"M\u00e9todos de Captura de Carbono\",\"Mudan\u00e7as clim\u00e1ticas\",\"Programas de Mestrado em Clima\",\"Redu\u00e7\u00e3o de Emiss\u00f5es\",\"Reutiliza\u00e7\u00e3o de CO\u2082\",\"Sustentabilidade\",\"Tecnologia Clim\u00e1tica\"],\"articleSection\":[\"Meio Ambiente\"],\"inLanguage\":\"pt-BR\"},{\"@type\":\"WebPage\",\"@id\":\"https:\/\/blogs.funiber.org\/pt\/meio-ambiente\/2024\/07\/26\/a-captura-de-carbono-como-o-futuro-da-luta-contra-o-clima\",\"url\":\"https:\/\/blogs.funiber.org\/pt\/meio-ambiente\/2024\/07\/26\/a-captura-de-carbono-como-o-futuro-da-luta-contra-o-clima\",\"name\":\"A captura de carbono como o futuro da luta contra o clima - FuniBlogs - FUNIBER\",\"isPartOf\":{\"@id\":\"https:\/\/blogs.funiber.org\/pt\/#website\"},\"datePublished\":\"2024-07-26T22:01:01+00:00\",\"dateModified\":\"2024-07-26T22:01:03+00:00\",\"description\":\"A captura de carbono surge como uma tecnologia revolucion\u00e1ria com o potencial de transformar nossa estrat\u00e9gia de mitiga\u00e7\u00e3o de emiss\u00f5es.\",\"breadcrumb\":{\"@id\":\"https:\/\/blogs.funiber.org\/pt\/meio-ambiente\/2024\/07\/26\/a-captura-de-carbono-como-o-futuro-da-luta-contra-o-clima#breadcrumb\"},\"inLanguage\":\"pt-BR\",\"potentialAction\":[{\"@type\":\"ReadAction\",\"target\":[\"https:\/\/blogs.funiber.org\/pt\/meio-ambiente\/2024\/07\/26\/a-captura-de-carbono-como-o-futuro-da-luta-contra-o-clima\"]}]},{\"@type\":\"BreadcrumbList\",\"@id\":\"https:\/\/blogs.funiber.org\/pt\/meio-ambiente\/2024\/07\/26\/a-captura-de-carbono-como-o-futuro-da-luta-contra-o-clima#breadcrumb\",\"itemListElement\":[{\"@type\":\"ListItem\",\"position\":1,\"name\":\"In\u00edcio\",\"item\":\"https:\/\/blogs.funiber.org\/pt\"},{\"@type\":\"ListItem\",\"position\":2,\"name\":\"A captura de carbono como o futuro da luta contra o clima\"}]},{\"@type\":\"WebSite\",\"@id\":\"https:\/\/blogs.funiber.org\/pt\/#website\",\"url\":\"https:\/\/blogs.funiber.org\/pt\/\",\"name\":\"FuniBlogs - FUNIBER\",\"description\":\"\",\"publisher\":{\"@id\":\"https:\/\/blogs.funiber.org\/pt\/#organization\"},\"potentialAction\":[{\"@type\":\"SearchAction\",\"target\":{\"@type\":\"EntryPoint\",\"urlTemplate\":\"https:\/\/blogs.funiber.org\/pt\/?s={search_term_string}\"},\"query-input\":\"required name=search_term_string\"}],\"inLanguage\":\"pt-BR\"},{\"@type\":\"Organization\",\"@id\":\"https:\/\/blogs.funiber.org\/pt\/#organization\",\"name\":\"FuniBlogs - FUNIBER\",\"url\":\"https:\/\/blogs.funiber.org\/pt\/\",\"logo\":{\"@type\":\"ImageObject\",\"inLanguage\":\"pt-BR\",\"@id\":\"https:\/\/blogs.funiber.org\/pt\/#\/schema\/logo\/image\/\",\"url\":\"https:\/\/www.funiber.blog\/pt\/wp-content\/uploads\/2022\/02\/logo-funiber-pt-br-v-dos.svg\",\"contentUrl\":\"https:\/\/www.funiber.blog\/pt\/wp-content\/uploads\/2022\/02\/logo-funiber-pt-br-v-dos.svg\",\"width\":1,\"height\":1,\"caption\":\"FuniBlogs - FUNIBER\"},\"image\":{\"@id\":\"https:\/\/blogs.funiber.org\/pt\/#\/schema\/logo\/image\/\"},\"sameAs\":[\"https:\/\/www.facebook.com\/funiber\",\"https:\/\/twitter.com\/FUNIBER\",\"https:\/\/www.instagram.com\/funiber_becas\",\"https:\/\/www.youtube.com\/user\/funiber\",\"https:\/\/www.linkedin.com\/company\/funiber\"]},{\"@type\":\"Person\",\"@id\":\"https:\/\/blogs.funiber.org\/pt\/#\/schema\/person\/b677abb5cf2a95713b98e17c31742c09\",\"name\":\"Contenido GT2\",\"image\":{\"@type\":\"ImageObject\",\"inLanguage\":\"pt-BR\",\"@id\":\"https:\/\/blogs.funiber.org\/pt\/#\/schema\/person\/image\/\",\"url\":\"https:\/\/secure.gravatar.com\/avatar\/b5a02967a8912eb95241dfff01da0fab?s=96&d=mm&r=g\",\"contentUrl\":\"https:\/\/secure.gravatar.com\/avatar\/b5a02967a8912eb95241dfff01da0fab?s=96&d=mm&r=g\",\"caption\":\"Contenido GT2\"},\"url\":\"https:\/\/www.funiber.blog\/pt\/author\/contenido-gt2\"}]}<\/script>\n<!-- \/ Yoast SEO plugin. -->","yoast_head_json":{"title":"A captura de carbono como o futuro da luta contra o clima - FuniBlogs - FUNIBER","description":"A captura de carbono surge como uma tecnologia revolucion\u00e1ria com o potencial de transformar nossa estrat\u00e9gia de mitiga\u00e7\u00e3o de emiss\u00f5es.","robots":{"index":"noindex","follow":"nofollow"},"og_locale":"pt_BR","og_type":"article","og_title":"A captura de carbono como o futuro da luta contra o clima - FuniBlogs - FUNIBER","og_description":"A captura de carbono surge como uma tecnologia revolucion\u00e1ria com o potencial de transformar nossa estrat\u00e9gia de mitiga\u00e7\u00e3o de emiss\u00f5es.","og_url":"https:\/\/blogs.funiber.org\/pt\/meio-ambiente\/2024\/07\/26\/a-captura-de-carbono-como-o-futuro-da-luta-contra-o-clima","og_site_name":"FuniBlogs - FUNIBER","article_publisher":"https:\/\/www.facebook.com\/funiber","article_published_time":"2024-07-26T22:01:01+00:00","article_modified_time":"2024-07-26T22:01:03+00:00","og_image":[{"width":600,"height":400,"url":"https:\/\/blogs.funiber.org\/pt\/wp-content\/uploads\/2024\/07\/captura-de-carbono-funiber.jpg","type":"image\/jpeg"}],"author":"Contenido GT2","twitter_card":"summary_large_image","twitter_creator":"@FUNIBER","twitter_site":"@FUNIBER","twitter_misc":{"Escrito por":"Contenido GT2","Est. tempo de leitura":"6 minutos"},"schema":{"@context":"https:\/\/schema.org","@graph":[{"@type":"Article","@id":"https:\/\/blogs.funiber.org\/pt\/meio-ambiente\/2024\/07\/26\/a-captura-de-carbono-como-o-futuro-da-luta-contra-o-clima#article","isPartOf":{"@id":"https:\/\/blogs.funiber.org\/pt\/meio-ambiente\/2024\/07\/26\/a-captura-de-carbono-como-o-futuro-da-luta-contra-o-clima"},"author":{"name":"Contenido GT2","@id":"https:\/\/blogs.funiber.org\/pt\/#\/schema\/person\/b677abb5cf2a95713b98e17c31742c09"},"headline":"A captura de carbono como o futuro da luta contra o clima","datePublished":"2024-07-26T22:01:01+00:00","dateModified":"2024-07-26T22:01:03+00:00","mainEntityOfPage":{"@id":"https:\/\/blogs.funiber.org\/pt\/meio-ambiente\/2024\/07\/26\/a-captura-de-carbono-como-o-futuro-da-luta-contra-o-clima"},"wordCount":1109,"publisher":{"@id":"https:\/\/blogs.funiber.org\/pt\/#organization"},"keywords":["Armazenamento de CO\u2082","Captura de Carbono","Inova\u00e7\u00e3o Ambiental","M\u00e9todos de Captura de Carbono","Mudan\u00e7as clim\u00e1ticas","Programas de Mestrado em Clima","Redu\u00e7\u00e3o de Emiss\u00f5es","Reutiliza\u00e7\u00e3o de CO\u2082","Sustentabilidade","Tecnologia Clim\u00e1tica"],"articleSection":["Meio Ambiente"],"inLanguage":"pt-BR"},{"@type":"WebPage","@id":"https:\/\/blogs.funiber.org\/pt\/meio-ambiente\/2024\/07\/26\/a-captura-de-carbono-como-o-futuro-da-luta-contra-o-clima","url":"https:\/\/blogs.funiber.org\/pt\/meio-ambiente\/2024\/07\/26\/a-captura-de-carbono-como-o-futuro-da-luta-contra-o-clima","name":"A captura de carbono como o futuro da luta contra o clima - FuniBlogs - FUNIBER","isPartOf":{"@id":"https:\/\/blogs.funiber.org\/pt\/#website"},"datePublished":"2024-07-26T22:01:01+00:00","dateModified":"2024-07-26T22:01:03+00:00","description":"A captura de carbono surge como uma tecnologia revolucion\u00e1ria com o potencial de transformar nossa estrat\u00e9gia de mitiga\u00e7\u00e3o de emiss\u00f5es.","breadcrumb":{"@id":"https:\/\/blogs.funiber.org\/pt\/meio-ambiente\/2024\/07\/26\/a-captura-de-carbono-como-o-futuro-da-luta-contra-o-clima#breadcrumb"},"inLanguage":"pt-BR","potentialAction":[{"@type":"ReadAction","target":["https:\/\/blogs.funiber.org\/pt\/meio-ambiente\/2024\/07\/26\/a-captura-de-carbono-como-o-futuro-da-luta-contra-o-clima"]}]},{"@type":"BreadcrumbList","@id":"https:\/\/blogs.funiber.org\/pt\/meio-ambiente\/2024\/07\/26\/a-captura-de-carbono-como-o-futuro-da-luta-contra-o-clima#breadcrumb","itemListElement":[{"@type":"ListItem","position":1,"name":"In\u00edcio","item":"https:\/\/blogs.funiber.org\/pt"},{"@type":"ListItem","position":2,"name":"A captura de carbono como o futuro da luta contra o clima"}]},{"@type":"WebSite","@id":"https:\/\/blogs.funiber.org\/pt\/#website","url":"https:\/\/blogs.funiber.org\/pt\/","name":"FuniBlogs - FUNIBER","description":"","publisher":{"@id":"https:\/\/blogs.funiber.org\/pt\/#organization"},"potentialAction":[{"@type":"SearchAction","target":{"@type":"EntryPoint","urlTemplate":"https:\/\/blogs.funiber.org\/pt\/?s={search_term_string}"},"query-input":"required name=search_term_string"}],"inLanguage":"pt-BR"},{"@type":"Organization","@id":"https:\/\/blogs.funiber.org\/pt\/#organization","name":"FuniBlogs - FUNIBER","url":"https:\/\/blogs.funiber.org\/pt\/","logo":{"@type":"ImageObject","inLanguage":"pt-BR","@id":"https:\/\/blogs.funiber.org\/pt\/#\/schema\/logo\/image\/","url":"https:\/\/www.funiber.blog\/pt\/wp-content\/uploads\/2022\/02\/logo-funiber-pt-br-v-dos.svg","contentUrl":"https:\/\/www.funiber.blog\/pt\/wp-content\/uploads\/2022\/02\/logo-funiber-pt-br-v-dos.svg","width":1,"height":1,"caption":"FuniBlogs - FUNIBER"},"image":{"@id":"https:\/\/blogs.funiber.org\/pt\/#\/schema\/logo\/image\/"},"sameAs":["https:\/\/www.facebook.com\/funiber","https:\/\/twitter.com\/FUNIBER","https:\/\/www.instagram.com\/funiber_becas","https:\/\/www.youtube.com\/user\/funiber","https:\/\/www.linkedin.com\/company\/funiber"]},{"@type":"Person","@id":"https:\/\/blogs.funiber.org\/pt\/#\/schema\/person\/b677abb5cf2a95713b98e17c31742c09","name":"Contenido GT2","image":{"@type":"ImageObject","inLanguage":"pt-BR","@id":"https:\/\/blogs.funiber.org\/pt\/#\/schema\/person\/image\/","url":"https:\/\/secure.gravatar.com\/avatar\/b5a02967a8912eb95241dfff01da0fab?s=96&d=mm&r=g","contentUrl":"https:\/\/secure.gravatar.com\/avatar\/b5a02967a8912eb95241dfff01da0fab?s=96&d=mm&r=g","caption":"Contenido GT2"},"url":"https:\/\/www.funiber.blog\/pt\/author\/contenido-gt2"}]}},"jetpack_featured_media_url":"https:\/\/www.funiber.blog\/pt\/wp-content\/uploads\/2024\/07\/captura-de-carbono-funiber.jpg","jetpack_shortlink":"https:\/\/wp.me\/p7ee1t-7Tn","jetpack_sharing_enabled":true,"_links":{"self":[{"href":"https:\/\/www.funiber.blog\/pt\/wp-json\/wp\/v2\/posts\/30341"}],"collection":[{"href":"https:\/\/www.funiber.blog\/pt\/wp-json\/wp\/v2\/posts"}],"about":[{"href":"https:\/\/www.funiber.blog\/pt\/wp-json\/wp\/v2\/types\/post"}],"author":[{"embeddable":true,"href":"https:\/\/www.funiber.blog\/pt\/wp-json\/wp\/v2\/users\/33"}],"replies":[{"embeddable":true,"href":"https:\/\/www.funiber.blog\/pt\/wp-json\/wp\/v2\/comments?post=30341"}],"version-history":[{"count":1,"href":"https:\/\/www.funiber.blog\/pt\/wp-json\/wp\/v2\/posts\/30341\/revisions"}],"predecessor-version":[{"id":30344,"href":"https:\/\/www.funiber.blog\/pt\/wp-json\/wp\/v2\/posts\/30341\/revisions\/30344"}],"wp:featuredmedia":[{"embeddable":true,"href":"https:\/\/www.funiber.blog\/pt\/wp-json\/wp\/v2\/media\/30342"}],"wp:attachment":[{"href":"https:\/\/www.funiber.blog\/pt\/wp-json\/wp\/v2\/media?parent=30341"}],"wp:term":[{"taxonomy":"category","embeddable":true,"href":"https:\/\/www.funiber.blog\/pt\/wp-json\/wp\/v2\/categories?post=30341"},{"taxonomy":"post_tag","embeddable":true,"href":"https:\/\/www.funiber.blog\/pt\/wp-json\/wp\/v2\/tags?post=30341"}],"curies":[{"name":"wp","href":"https:\/\/api.w.org\/{rel}","templated":true}]}}