{"id":30460,"date":"2024-08-20T12:32:51","date_gmt":"2024-08-20T17:32:51","guid":{"rendered":"https:\/\/blogs.funiber.org\/pt\/?p=30460"},"modified":"2024-08-20T12:32:53","modified_gmt":"2024-08-20T17:32:53","slug":"explorar-ligacao-entre-colesterol-restante-risco-demencia","status":"publish","type":"post","link":"https:\/\/www.funiber.blog\/pt\/gerontologia\/2024\/08\/20\/explorar-ligacao-entre-colesterol-restante-risco-demencia","title":{"rendered":"Explorar a liga\u00e7\u00e3o entre o colesterol restante e o risco de dem\u00eancia"},"content":{"rendered":"\n<h2 class=\"wp-block-heading\"><strong>\u00c9 cada vez mais importante tomar medidas proativas para prevenir a dem\u00eancia, uma vez que a preval\u00eancia da doen\u00e7a est\u00e1 a aumentar e a popula\u00e7\u00e3o est\u00e1 a envelhecer.<\/strong><\/h2>\n\n\n\n<p>Embora a dem\u00eancia ainda n\u00e3o tenha cura, foram identificados fatores de risco modific\u00e1veis que podem influenciar o seu aparecimento e progress\u00e3o. Quarenta por cento dos casos de dem\u00eancia foram associados a fatores modific\u00e1veis, como obesidade, hipertens\u00e3o, diabetes e dislipidemia.<\/p>\n\n\n\n<p>O colesterol remanescente \u00e9 definido como a fra\u00e7\u00e3o de colesterol transportada pelas lipoprote\u00ednas ricas em triglic\u00e9ridos, tais como as lipoprote\u00ednas de muito baixa densidade e os res\u00edduos de quilom\u00edcrons; surgiu como um biomarcador importante na avalia\u00e7\u00e3o do risco cardiovascular. A sua associa\u00e7\u00e3o com o aumento do risco de doen\u00e7a cardiovascular e mortalidade \u00e9 j\u00e1 bem conhecida, no entanto, pouco se sabe sobre a sua associa\u00e7\u00e3o com a dem\u00eancia.<\/p>\n\n\n\n<h2 class=\"wp-block-heading\"><strong>Ser\u00e1 que o colesterol aumenta o risco de dem\u00eancia?<\/strong><\/h2>\n\n\n\n<p>Num estudo intitulado \u201c<a href=\"https:\/\/www.thelancet.com\/journals\/lanhl\/article\/PIIS2666-7568(24)00112-0\/fulltext\">Association of remnant cholesterol with risk of dementia: a nationwide population-based cohort study in South Korea<\/a>\u201d, a associa\u00e7\u00e3o entre o colesterol remanescente e a dem\u00eancia \u00e9 mais explorada num estudo realizado na Coreia do Sul. Esta coorte nacional de base populacional incluiu mais de 2,6 milh\u00f5es de participantes com mais de 40 anos de idade e analisou a rela\u00e7\u00e3o entre os n\u00edveis de colesterol e o risco de desenvolver dem\u00eancia, tendo em conta outros factores de risco como a idade, o sexo, o n\u00edvel de glicose no sangue e doen\u00e7as pr\u00e9-existentes.<\/p>\n\n\n\n<p>Os resultados do estudo mostraram que n\u00edveis mais elevados de colesterol estavam significativamente associados a um risco acrescido de dem\u00eancia, doen\u00e7a de Alzheimer e dem\u00eancia vascular, independentemente dos n\u00edveis de colesterol total e da utiliza\u00e7\u00e3o de medica\u00e7\u00e3o para baixar o colesterol. O aumento do risco foi maior para a dem\u00eancia vascular do que para a doen\u00e7a de Alzheimer. O risco foi tamb\u00e9m mais pronunciado nas pessoas de meia-idade (40-59 anos) do que nas pessoas com 60 anos ou mais e nas pessoas com diabetes de tipo 2, especialmente naquelas com uma dura\u00e7\u00e3o mais longa da doen\u00e7a.<\/p>\n\n\n\n<figure class=\"wp-block-gallery has-nested-images columns-default is-cropped wp-block-gallery-1 is-layout-flex wp-block-gallery-is-layout-flex\"><div class=\"wp-block-image\">\n<figure class=\"aligncenter size-full\"><img loading=\"lazy\" decoding=\"async\" width=\"600\" height=\"400\" data-attachment-id=\"30461\" data-permalink=\"https:\/\/www.funiber.blog\/pt\/gerontologia\/2024\/08\/20\/explorar-ligacao-entre-colesterol-restante-risco-demencia\/attachment\/exercise-and-healthy-diet-concept-senior-woman-with-fitball-eating-fresh-vegetable-salad-at-home\" data-orig-file=\"https:\/\/www.funiber.blog\/pt\/wp-content\/uploads\/2024\/08\/gettyimages-unobill\u00f3ntresciencincomill\u00f3ntrescientreinta-dosmiltreinta-cinco-seiscien.jpg\" data-orig-size=\"600,400\" data-comments-opened=\"0\" data-image-meta=\"{&quot;aperture&quot;:&quot;1.8&quot;,&quot;credit&quot;:&quot;Getty Images&quot;,&quot;camera&quot;:&quot;Canon EOS 5D Mark IV&quot;,&quot;caption&quot;:&quot;Exercise and healthy diet concept. Senior woman with fitball eating fresh vegetable salad at home. Mature Caucasian lady having veggies after sports training, keeping weight loss diet&quot;,&quot;created_timestamp&quot;:&quot;1611792000&quot;,&quot;copyright&quot;:&quot;&quot;,&quot;focal_length&quot;:&quot;85&quot;,&quot;iso&quot;:&quot;320&quot;,&quot;shutter_speed&quot;:&quot;0.005&quot;,&quot;title&quot;:&quot;Exercise and healthy diet concept. Senior woman with fitball eating fresh vegetable salad at home&quot;,&quot;orientation&quot;:&quot;1&quot;}\" data-image-title=\"exercise-and-healthy-diet-concept-senior-woman-with-fitball-eating-fresh-vegetable-salad-at-home\" data-image-description=\"&lt;p&gt;exercise-and-healthy-diet-concept-senior-woman-with-fitball-eating-fresh-vegetable-salad-at-home&lt;\/p&gt;\n\" data-image-caption=\"&lt;p&gt;exercise-and-healthy-diet-concept-senior-woman-with-fitball-eating-fresh-vegetable-salad-at-home&lt;\/p&gt;\n\" data-medium-file=\"https:\/\/www.funiber.blog\/pt\/wp-content\/uploads\/2024\/08\/gettyimages-unobill\u00f3ntresciencincomill\u00f3ntrescientreinta-dosmiltreinta-cinco-seiscien-400x267.jpg\" data-large-file=\"https:\/\/www.funiber.blog\/pt\/wp-content\/uploads\/2024\/08\/gettyimages-unobill\u00f3ntresciencincomill\u00f3ntrescientreinta-dosmiltreinta-cinco-seiscien-400x267.jpg\" data-id=\"30461\" src=\"https:\/\/www.funiber.blog\/pt\/wp-content\/uploads\/2024\/08\/gettyimages-unobill\u00f3ntresciencincomill\u00f3ntrescientreinta-dosmiltreinta-cinco-seiscien.jpg\" alt=\"Um adulto de meia-idade que se alimenta de forma saud\u00e1vel reduz o colesterol e, assim, evita o risco de dem\u00eancia. \" class=\"wp-image-30461\" title=\"Um adulto de meia-idade que se alimenta de forma saud\u00e1vel reduz o colesterol e, assim, evita o risco de dem\u00eancia. \" srcset=\"https:\/\/www.funiber.blog\/pt\/wp-content\/uploads\/2024\/08\/gettyimages-unobill\u00f3ntresciencincomill\u00f3ntrescientreinta-dosmiltreinta-cinco-seiscien.jpg 600w, https:\/\/www.funiber.blog\/pt\/wp-content\/uploads\/2024\/08\/gettyimages-unobill\u00f3ntresciencincomill\u00f3ntrescientreinta-dosmiltreinta-cinco-seiscien-400x267.jpg 400w, https:\/\/www.funiber.blog\/pt\/wp-content\/uploads\/2024\/08\/gettyimages-unobill\u00f3ntresciencincomill\u00f3ntrescientreinta-dosmiltreinta-cinco-seiscien-300x200.jpg 300w, https:\/\/www.funiber.blog\/pt\/wp-content\/uploads\/2024\/08\/gettyimages-unobill\u00f3ntresciencincomill\u00f3ntrescientreinta-dosmiltreinta-cinco-seiscien-450x300.jpg 450w\" sizes=\"(max-width: 600px) 100vw, 600px\" \/><figcaption class=\"wp-element-caption\">Uma boa alimenta\u00e7\u00e3o saud\u00e1vel reduz o colesterol e este, por sua vez, reduz o risco de dem\u00eancia na meia-idade.<br><\/figcaption><\/figure><\/div><\/figure>\n\n\n\n<h2 class=\"wp-block-heading\"><strong>A redu\u00e7\u00e3o dos n\u00edveis de colesterol pode reduzir o risco de dem\u00eancia<\/strong><\/h2>\n\n\n\n<p>Estes resultados sugerem que a monitoriza\u00e7\u00e3o das concentra\u00e7\u00f5es de colesterol pode ser importante para reduzir o risco de dem\u00eancia, especialmente em pessoas de meia-idade com diabetes tipo 2. No entanto, s\u00e3o necess\u00e1rios mais estudos cl\u00ednicos para confirmar estes resultados e para determinar os mecanismos exatos pelos quais o colesterol est\u00e1 associado \u00e0 dem\u00eancia.<\/p>\n\n\n\n<p>Em resumo, \u00e0 medida que a popula\u00e7\u00e3o envelhece, \u00e9 crucial prevenir a dem\u00eancia tomando medidas proativas, como o controlo de fatores de risco modific\u00e1veis, como o n\u00edvel de colesterol remanescente. Estes resultados podem ter implica\u00e7\u00f5es significativas na pr\u00e1tica cl\u00ednica e na preven\u00e7\u00e3o prim\u00e1ria do decl\u00ednio cognitivo.<\/p>\n\n\n\n<h2 class=\"wp-block-heading\"><strong>Continue a sua forma\u00e7\u00e3o profissional<\/strong><\/h2>\n\n\n\n<p>Neste contexto, convidamo-lo a considerar o<a href=\"https:\/\/www.funiber.org\/maestria-en-gerontologia\"> <\/a><a href=\"https:\/\/www.funiber.org.br\/mestrado-em-gerontologia\">Mestrado em Gerontologia<\/a> oferecido pela Funda\u00e7\u00e3o Universit\u00e1ria Iberoamericana (<a href=\"https:\/\/www.funiber.org.br\/\">FUNIBER<\/a>). Este programa, de grande relev\u00e2ncia e procura, centra-se no estudo do envelhecimento e em todos os aspetos relacionados com a aten\u00e7\u00e3o e o cuidado dos idosos. Foi concebido para dotar os alunos das compet\u00eancias necess\u00e1rias para enfrentar os desafios presentes na nossa sociedade em rela\u00e7\u00e3o ao envelhecimento da popula\u00e7\u00e3o. Al\u00e9m disso, ser\u00e3o capazes de contribuir para o desenvolvimento de pol\u00edticas e programas que promovam o envelhecimento ativo e cuidados de qualidade para as pessoas idosas.<\/p>\n\n\n\n<p>Se est\u00e1 interessado em trabalhar na \u00e1rea da gerontologia e contribuir para o bem-estar das pessoas idosas, este programa de estudos \u00e9 o ideal para si &#8211; n\u00e3o perca a oportunidade de se formar numa \u00e1rea relevante e com grande impacto social! Inscreva-se hoje no nosso Mestrado em Gerontologia e inicie o seu caminho para uma carreira estimulante e gratificante.<\/p>\n\n\n\n<p>Fonte: <a href=\"https:\/\/www.thelancet.com\/journals\/lanhl\/article\/PIIS2666-7568(24)00112-0\/fulltext\">Association of remnant cholesterol with risk of dementia: a nationwide population-based cohort study in South Korea<\/a><\/p>\n","protected":false},"excerpt":{"rendered":"<p>\u00c9 cada vez mais importante tomar medidas proativas para prevenir a dem\u00eancia, uma vez que a preval\u00eancia da doen\u00e7a est\u00e1 a aumentar e a popula\u00e7\u00e3o est\u00e1 a envelhecer. Embora a dem\u00eancia ainda n\u00e3o tenha cura, foram identificados fatores de risco modific\u00e1veis que podem influenciar o seu aparecimento e progress\u00e3o. Quarenta por cento dos casos de [&hellip;]<\/p>\n","protected":false},"author":33,"featured_media":30462,"comment_status":"closed","ping_status":"closed","sticky":false,"template":"","format":"standard","meta":{"jetpack_post_was_ever_published":false,"_jetpack_newsletter_access":"","_jetpack_newsletter_tier_id":0,"footnotes":"","jetpack_publicize_message":"","jetpack_is_tweetstorm":false,"jetpack_publicize_feature_enabled":true,"jetpack_social_post_already_shared":true,"jetpack_social_options":{"image_generator_settings":{"template":"highway","enabled":false}}},"categories":[1],"tags":[1242,9496,733,8391,248,739,267,9497,6336,9498],"jetpack_publicize_connections":[],"yoast_head":"<!-- This site is optimized with the Yoast SEO plugin v21.7 - https:\/\/yoast.com\/wordpress\/plugins\/seo\/ -->\n<title>Explorar a liga\u00e7\u00e3o entre o colesterol restante e o risco de dem\u00eancia<\/title>\n<meta name=\"description\" content=\"\u00c9 importante tomar medidas para prevenir a dem\u00eancia, uma vez que a preval\u00eancia da dem\u00eancia est\u00e1 a aumentar.\" \/>\n<meta name=\"robots\" content=\"noindex, nofollow\" \/>\n<meta property=\"og:locale\" content=\"pt_BR\" \/>\n<meta property=\"og:type\" content=\"article\" \/>\n<meta property=\"og:title\" content=\"Explorar a liga\u00e7\u00e3o entre o colesterol restante e o risco de dem\u00eancia\" \/>\n<meta property=\"og:description\" content=\"\u00c9 importante tomar medidas para prevenir a dem\u00eancia, uma vez que a preval\u00eancia da dem\u00eancia est\u00e1 a aumentar.\" \/>\n<meta property=\"og:url\" content=\"https:\/\/blogs.funiber.org\/pt\/gerontologia\/2024\/08\/20\/explorar-ligacao-entre-colesterol-restante-risco-demencia\" \/>\n<meta property=\"og:site_name\" content=\"FuniBlogs - FUNIBER\" \/>\n<meta property=\"article:publisher\" content=\"https:\/\/www.facebook.com\/funiber\" \/>\n<meta property=\"article:published_time\" content=\"2024-08-20T17:32:51+00:00\" \/>\n<meta property=\"article:modified_time\" content=\"2024-08-20T17:32:53+00:00\" \/>\n<meta property=\"og:image\" content=\"https:\/\/blogs.funiber.org\/pt\/wp-content\/uploads\/2024\/08\/gettyimages-dosbill\u00f3nunociencincuenta-sietemill\u00f3ndosciencincuenta-ochomilsetenta-siete-seiscien.jpg\" \/>\n\t<meta property=\"og:image:width\" content=\"600\" \/>\n\t<meta property=\"og:image:height\" content=\"400\" \/>\n\t<meta property=\"og:image:type\" content=\"image\/jpeg\" \/>\n<meta name=\"author\" content=\"Contenido GT2\" \/>\n<meta name=\"twitter:card\" content=\"summary_large_image\" \/>\n<meta name=\"twitter:creator\" content=\"@FUNIBER\" \/>\n<meta name=\"twitter:site\" content=\"@FUNIBER\" \/>\n<meta name=\"twitter:label1\" content=\"Escrito por\" \/>\n\t<meta name=\"twitter:data1\" content=\"Contenido GT2\" \/>\n\t<meta name=\"twitter:label2\" content=\"Est. tempo de leitura\" \/>\n\t<meta name=\"twitter:data2\" content=\"4 minutos\" \/>\n<script type=\"application\/ld+json\" class=\"yoast-schema-graph\">{\"@context\":\"https:\/\/schema.org\",\"@graph\":[{\"@type\":\"Article\",\"@id\":\"https:\/\/blogs.funiber.org\/pt\/gerontologia\/2024\/08\/20\/explorar-ligacao-entre-colesterol-restante-risco-demencia#article\",\"isPartOf\":{\"@id\":\"https:\/\/blogs.funiber.org\/pt\/gerontologia\/2024\/08\/20\/explorar-ligacao-entre-colesterol-restante-risco-demencia\"},\"author\":{\"name\":\"Contenido GT2\",\"@id\":\"https:\/\/blogs.funiber.org\/pt\/#\/schema\/person\/b677abb5cf2a95713b98e17c31742c09\"},\"headline\":\"Explorar a liga\u00e7\u00e3o entre o colesterol restante e o risco de dem\u00eancia\",\"datePublished\":\"2024-08-20T17:32:51+00:00\",\"dateModified\":\"2024-08-20T17:32:53+00:00\",\"mainEntityOfPage\":{\"@id\":\"https:\/\/blogs.funiber.org\/pt\/gerontologia\/2024\/08\/20\/explorar-ligacao-entre-colesterol-restante-risco-demencia\"},\"wordCount\":717,\"publisher\":{\"@id\":\"https:\/\/blogs.funiber.org\/pt\/#organization\"},\"keywords\":[\"Bolsas\",\"colesterol remanescente\",\"Dem\u00eancia\",\"especialidade a dist\u00e2ncia\",\"Funiber\",\"gerontologia\",\"Idosos\",\"lipoprote\u00ednas\",\"mestrado online\",\"triglicer\u00eddeos\"],\"articleSection\":[\"Gerontologia\"],\"inLanguage\":\"pt-BR\"},{\"@type\":\"WebPage\",\"@id\":\"https:\/\/blogs.funiber.org\/pt\/gerontologia\/2024\/08\/20\/explorar-ligacao-entre-colesterol-restante-risco-demencia\",\"url\":\"https:\/\/blogs.funiber.org\/pt\/gerontologia\/2024\/08\/20\/explorar-ligacao-entre-colesterol-restante-risco-demencia\",\"name\":\"Explorar a liga\u00e7\u00e3o entre o colesterol restante e o risco de dem\u00eancia\",\"isPartOf\":{\"@id\":\"https:\/\/blogs.funiber.org\/pt\/#website\"},\"datePublished\":\"2024-08-20T17:32:51+00:00\",\"dateModified\":\"2024-08-20T17:32:53+00:00\",\"description\":\"\u00c9 importante tomar medidas para prevenir a dem\u00eancia, uma vez que a preval\u00eancia da dem\u00eancia est\u00e1 a aumentar.\",\"breadcrumb\":{\"@id\":\"https:\/\/blogs.funiber.org\/pt\/gerontologia\/2024\/08\/20\/explorar-ligacao-entre-colesterol-restante-risco-demencia#breadcrumb\"},\"inLanguage\":\"pt-BR\",\"potentialAction\":[{\"@type\":\"ReadAction\",\"target\":[\"https:\/\/blogs.funiber.org\/pt\/gerontologia\/2024\/08\/20\/explorar-ligacao-entre-colesterol-restante-risco-demencia\"]}]},{\"@type\":\"BreadcrumbList\",\"@id\":\"https:\/\/blogs.funiber.org\/pt\/gerontologia\/2024\/08\/20\/explorar-ligacao-entre-colesterol-restante-risco-demencia#breadcrumb\",\"itemListElement\":[{\"@type\":\"ListItem\",\"position\":1,\"name\":\"In\u00edcio\",\"item\":\"https:\/\/blogs.funiber.org\/pt\"},{\"@type\":\"ListItem\",\"position\":2,\"name\":\"Explorar a liga\u00e7\u00e3o entre o colesterol restante e o risco de dem\u00eancia\"}]},{\"@type\":\"WebSite\",\"@id\":\"https:\/\/blogs.funiber.org\/pt\/#website\",\"url\":\"https:\/\/blogs.funiber.org\/pt\/\",\"name\":\"FuniBlogs - FUNIBER\",\"description\":\"\",\"publisher\":{\"@id\":\"https:\/\/blogs.funiber.org\/pt\/#organization\"},\"potentialAction\":[{\"@type\":\"SearchAction\",\"target\":{\"@type\":\"EntryPoint\",\"urlTemplate\":\"https:\/\/blogs.funiber.org\/pt\/?s={search_term_string}\"},\"query-input\":\"required name=search_term_string\"}],\"inLanguage\":\"pt-BR\"},{\"@type\":\"Organization\",\"@id\":\"https:\/\/blogs.funiber.org\/pt\/#organization\",\"name\":\"FuniBlogs - FUNIBER\",\"url\":\"https:\/\/blogs.funiber.org\/pt\/\",\"logo\":{\"@type\":\"ImageObject\",\"inLanguage\":\"pt-BR\",\"@id\":\"https:\/\/blogs.funiber.org\/pt\/#\/schema\/logo\/image\/\",\"url\":\"https:\/\/www.funiber.blog\/pt\/wp-content\/uploads\/2022\/02\/logo-funiber-pt-br-v-dos.svg\",\"contentUrl\":\"https:\/\/www.funiber.blog\/pt\/wp-content\/uploads\/2022\/02\/logo-funiber-pt-br-v-dos.svg\",\"width\":1,\"height\":1,\"caption\":\"FuniBlogs - FUNIBER\"},\"image\":{\"@id\":\"https:\/\/blogs.funiber.org\/pt\/#\/schema\/logo\/image\/\"},\"sameAs\":[\"https:\/\/www.facebook.com\/funiber\",\"https:\/\/twitter.com\/FUNIBER\",\"https:\/\/www.instagram.com\/funiber_becas\",\"https:\/\/www.youtube.com\/user\/funiber\",\"https:\/\/www.linkedin.com\/company\/funiber\"]},{\"@type\":\"Person\",\"@id\":\"https:\/\/blogs.funiber.org\/pt\/#\/schema\/person\/b677abb5cf2a95713b98e17c31742c09\",\"name\":\"Contenido GT2\",\"image\":{\"@type\":\"ImageObject\",\"inLanguage\":\"pt-BR\",\"@id\":\"https:\/\/blogs.funiber.org\/pt\/#\/schema\/person\/image\/\",\"url\":\"https:\/\/secure.gravatar.com\/avatar\/b5a02967a8912eb95241dfff01da0fab?s=96&d=mm&r=g\",\"contentUrl\":\"https:\/\/secure.gravatar.com\/avatar\/b5a02967a8912eb95241dfff01da0fab?s=96&d=mm&r=g\",\"caption\":\"Contenido GT2\"},\"url\":\"https:\/\/www.funiber.blog\/pt\/author\/contenido-gt2\"}]}<\/script>\n<!-- \/ Yoast SEO plugin. -->","yoast_head_json":{"title":"Explorar a liga\u00e7\u00e3o entre o colesterol restante e o risco de dem\u00eancia","description":"\u00c9 importante tomar medidas para prevenir a dem\u00eancia, uma vez que a preval\u00eancia da dem\u00eancia est\u00e1 a aumentar.","robots":{"index":"noindex","follow":"nofollow"},"og_locale":"pt_BR","og_type":"article","og_title":"Explorar a liga\u00e7\u00e3o entre o colesterol restante e o risco de dem\u00eancia","og_description":"\u00c9 importante tomar medidas para prevenir a dem\u00eancia, uma vez que a preval\u00eancia da dem\u00eancia est\u00e1 a aumentar.","og_url":"https:\/\/blogs.funiber.org\/pt\/gerontologia\/2024\/08\/20\/explorar-ligacao-entre-colesterol-restante-risco-demencia","og_site_name":"FuniBlogs - FUNIBER","article_publisher":"https:\/\/www.facebook.com\/funiber","article_published_time":"2024-08-20T17:32:51+00:00","article_modified_time":"2024-08-20T17:32:53+00:00","og_image":[{"width":600,"height":400,"url":"https:\/\/blogs.funiber.org\/pt\/wp-content\/uploads\/2024\/08\/gettyimages-dosbill\u00f3nunociencincuenta-sietemill\u00f3ndosciencincuenta-ochomilsetenta-siete-seiscien.jpg","type":"image\/jpeg"}],"author":"Contenido GT2","twitter_card":"summary_large_image","twitter_creator":"@FUNIBER","twitter_site":"@FUNIBER","twitter_misc":{"Escrito por":"Contenido GT2","Est. tempo de leitura":"4 minutos"},"schema":{"@context":"https:\/\/schema.org","@graph":[{"@type":"Article","@id":"https:\/\/blogs.funiber.org\/pt\/gerontologia\/2024\/08\/20\/explorar-ligacao-entre-colesterol-restante-risco-demencia#article","isPartOf":{"@id":"https:\/\/blogs.funiber.org\/pt\/gerontologia\/2024\/08\/20\/explorar-ligacao-entre-colesterol-restante-risco-demencia"},"author":{"name":"Contenido GT2","@id":"https:\/\/blogs.funiber.org\/pt\/#\/schema\/person\/b677abb5cf2a95713b98e17c31742c09"},"headline":"Explorar a liga\u00e7\u00e3o entre o colesterol restante e o risco de dem\u00eancia","datePublished":"2024-08-20T17:32:51+00:00","dateModified":"2024-08-20T17:32:53+00:00","mainEntityOfPage":{"@id":"https:\/\/blogs.funiber.org\/pt\/gerontologia\/2024\/08\/20\/explorar-ligacao-entre-colesterol-restante-risco-demencia"},"wordCount":717,"publisher":{"@id":"https:\/\/blogs.funiber.org\/pt\/#organization"},"keywords":["Bolsas","colesterol remanescente","Dem\u00eancia","especialidade a dist\u00e2ncia","Funiber","gerontologia","Idosos","lipoprote\u00ednas","mestrado online","triglicer\u00eddeos"],"articleSection":["Gerontologia"],"inLanguage":"pt-BR"},{"@type":"WebPage","@id":"https:\/\/blogs.funiber.org\/pt\/gerontologia\/2024\/08\/20\/explorar-ligacao-entre-colesterol-restante-risco-demencia","url":"https:\/\/blogs.funiber.org\/pt\/gerontologia\/2024\/08\/20\/explorar-ligacao-entre-colesterol-restante-risco-demencia","name":"Explorar a liga\u00e7\u00e3o entre o colesterol restante e o risco de dem\u00eancia","isPartOf":{"@id":"https:\/\/blogs.funiber.org\/pt\/#website"},"datePublished":"2024-08-20T17:32:51+00:00","dateModified":"2024-08-20T17:32:53+00:00","description":"\u00c9 importante tomar medidas para prevenir a dem\u00eancia, uma vez que a preval\u00eancia da dem\u00eancia est\u00e1 a aumentar.","breadcrumb":{"@id":"https:\/\/blogs.funiber.org\/pt\/gerontologia\/2024\/08\/20\/explorar-ligacao-entre-colesterol-restante-risco-demencia#breadcrumb"},"inLanguage":"pt-BR","potentialAction":[{"@type":"ReadAction","target":["https:\/\/blogs.funiber.org\/pt\/gerontologia\/2024\/08\/20\/explorar-ligacao-entre-colesterol-restante-risco-demencia"]}]},{"@type":"BreadcrumbList","@id":"https:\/\/blogs.funiber.org\/pt\/gerontologia\/2024\/08\/20\/explorar-ligacao-entre-colesterol-restante-risco-demencia#breadcrumb","itemListElement":[{"@type":"ListItem","position":1,"name":"In\u00edcio","item":"https:\/\/blogs.funiber.org\/pt"},{"@type":"ListItem","position":2,"name":"Explorar a liga\u00e7\u00e3o entre o colesterol restante e o risco de dem\u00eancia"}]},{"@type":"WebSite","@id":"https:\/\/blogs.funiber.org\/pt\/#website","url":"https:\/\/blogs.funiber.org\/pt\/","name":"FuniBlogs - FUNIBER","description":"","publisher":{"@id":"https:\/\/blogs.funiber.org\/pt\/#organization"},"potentialAction":[{"@type":"SearchAction","target":{"@type":"EntryPoint","urlTemplate":"https:\/\/blogs.funiber.org\/pt\/?s={search_term_string}"},"query-input":"required name=search_term_string"}],"inLanguage":"pt-BR"},{"@type":"Organization","@id":"https:\/\/blogs.funiber.org\/pt\/#organization","name":"FuniBlogs - FUNIBER","url":"https:\/\/blogs.funiber.org\/pt\/","logo":{"@type":"ImageObject","inLanguage":"pt-BR","@id":"https:\/\/blogs.funiber.org\/pt\/#\/schema\/logo\/image\/","url":"https:\/\/www.funiber.blog\/pt\/wp-content\/uploads\/2022\/02\/logo-funiber-pt-br-v-dos.svg","contentUrl":"https:\/\/www.funiber.blog\/pt\/wp-content\/uploads\/2022\/02\/logo-funiber-pt-br-v-dos.svg","width":1,"height":1,"caption":"FuniBlogs - FUNIBER"},"image":{"@id":"https:\/\/blogs.funiber.org\/pt\/#\/schema\/logo\/image\/"},"sameAs":["https:\/\/www.facebook.com\/funiber","https:\/\/twitter.com\/FUNIBER","https:\/\/www.instagram.com\/funiber_becas","https:\/\/www.youtube.com\/user\/funiber","https:\/\/www.linkedin.com\/company\/funiber"]},{"@type":"Person","@id":"https:\/\/blogs.funiber.org\/pt\/#\/schema\/person\/b677abb5cf2a95713b98e17c31742c09","name":"Contenido GT2","image":{"@type":"ImageObject","inLanguage":"pt-BR","@id":"https:\/\/blogs.funiber.org\/pt\/#\/schema\/person\/image\/","url":"https:\/\/secure.gravatar.com\/avatar\/b5a02967a8912eb95241dfff01da0fab?s=96&d=mm&r=g","contentUrl":"https:\/\/secure.gravatar.com\/avatar\/b5a02967a8912eb95241dfff01da0fab?s=96&d=mm&r=g","caption":"Contenido GT2"},"url":"https:\/\/www.funiber.blog\/pt\/author\/contenido-gt2"}]}},"jetpack_featured_media_url":"https:\/\/www.funiber.blog\/pt\/wp-content\/uploads\/2024\/08\/gettyimages-dosbill\u00f3nunociencincuenta-sietemill\u00f3ndosciencincuenta-ochomilsetenta-siete-seiscien.jpg","jetpack_shortlink":"https:\/\/wp.me\/p7ee1t-7Vi","jetpack_sharing_enabled":true,"_links":{"self":[{"href":"https:\/\/www.funiber.blog\/pt\/wp-json\/wp\/v2\/posts\/30460"}],"collection":[{"href":"https:\/\/www.funiber.blog\/pt\/wp-json\/wp\/v2\/posts"}],"about":[{"href":"https:\/\/www.funiber.blog\/pt\/wp-json\/wp\/v2\/types\/post"}],"author":[{"embeddable":true,"href":"https:\/\/www.funiber.blog\/pt\/wp-json\/wp\/v2\/users\/33"}],"replies":[{"embeddable":true,"href":"https:\/\/www.funiber.blog\/pt\/wp-json\/wp\/v2\/comments?post=30460"}],"version-history":[{"count":1,"href":"https:\/\/www.funiber.blog\/pt\/wp-json\/wp\/v2\/posts\/30460\/revisions"}],"predecessor-version":[{"id":30463,"href":"https:\/\/www.funiber.blog\/pt\/wp-json\/wp\/v2\/posts\/30460\/revisions\/30463"}],"wp:featuredmedia":[{"embeddable":true,"href":"https:\/\/www.funiber.blog\/pt\/wp-json\/wp\/v2\/media\/30462"}],"wp:attachment":[{"href":"https:\/\/www.funiber.blog\/pt\/wp-json\/wp\/v2\/media?parent=30460"}],"wp:term":[{"taxonomy":"category","embeddable":true,"href":"https:\/\/www.funiber.blog\/pt\/wp-json\/wp\/v2\/categories?post=30460"},{"taxonomy":"post_tag","embeddable":true,"href":"https:\/\/www.funiber.blog\/pt\/wp-json\/wp\/v2\/tags?post=30460"}],"curies":[{"name":"wp","href":"https:\/\/api.w.org\/{rel}","templated":true}]}}