{"id":31285,"date":"2025-03-03T02:00:00","date_gmt":"2025-03-03T07:00:00","guid":{"rendered":"https:\/\/blogs.funiber.org\/pt\/?p=31285"},"modified":"2025-03-03T17:11:36","modified_gmt":"2025-03-03T22:11:36","slug":"internacionalizacao-universitaria-desafios-e-oportunidades","status":"publish","type":"post","link":"https:\/\/www.funiber.blog\/pt\/formacao-professores\/2025\/03\/03\/internacionalizacao-universitaria-desafios-e-oportunidades","title":{"rendered":"Internacionaliza\u00e7\u00e3o universit\u00e1ria: desafios e oportunidades"},"content":{"rendered":"\n<p>A internacionaliza\u00e7\u00e3o do ensino superior tem sido fundamental para a compreens\u00e3o global e o interc\u00e2mbio cultural. Entretanto, em um contexto de tens\u00f5es geopol\u00edticas e barreiras econ\u00f4micas, essa pr\u00e1tica enfrenta novos desafios. Apesar disso, ela continua sendo uma ferramenta indispens\u00e1vel para promover a coopera\u00e7\u00e3o acad\u00eamica e o desenvolvimento de compet\u00eancias globais em alunos e professores.<\/p>\n\n\n\n<h2 class=\"wp-block-heading\"><strong>Obst\u00e1culos geopol\u00edticos e econ\u00f4micos<\/strong><\/h2>\n\n\n\n<p>Os conflitos internacionais levaram a restri\u00e7\u00f5es \u00e0 mobilidade estudantil e \u00e0 colabora\u00e7\u00e3o interuniversit\u00e1ria. A tens\u00e3o entre os EUA e a China levou a regulamenta\u00e7\u00f5es mais r\u00edgidas para estudantes estrangeiros, enquanto a situa\u00e7\u00e3o na Europa Oriental levou \u00e0 suspens\u00e3o de acordos com institui\u00e7\u00f5es russas. Al\u00e9m disso, o aumento do nacionalismo tornou mais r\u00edgidas as pol\u00edticas de visto em pa\u00edses importantes para a educa\u00e7\u00e3o internacional, dificultando os interc\u00e2mbios acad\u00eamicos.<\/p>\n\n\n\n<p>Al\u00e9m disso, a crise mundial de moradia tornou as acomoda\u00e7\u00f5es nas cidades universit\u00e1rias mais caras, limitando o acesso dos estudantes internacionais aos programas de mobilidade. Em resposta, algumas universidades desenvolveram estrat\u00e9gias para facilitar o acesso a resid\u00eancias estudantis econ\u00f4micas.<\/p>\n\n\n\n<h2 class=\"wp-block-heading\"><strong>O papel da tecnologia e da pesquisa<\/strong><\/h2>\n\n\n\n<p>A colabora\u00e7\u00e3o internacional em pesquisa tamb\u00e9m \u00e9 afetada pelas restri\u00e7\u00f5es \u00e0 transfer\u00eancia de conhecimento. Em campos como intelig\u00eancia artificial, biotecnologia e computa\u00e7\u00e3o qu\u00e2ntica, alguns pa\u00edses impuseram limites \u00e0 coopera\u00e7\u00e3o com institui\u00e7\u00f5es estrangeiras. Embora essas medidas tenham o objetivo de proteger os interesses nacionais, elas tamb\u00e9m reduzem o escopo da pesquisa conjunta.<\/p>\n\n\n\n<h2 class=\"wp-block-heading\"><strong>Benef\u00edcios da internacionaliza\u00e7\u00e3o<\/strong><\/h2>\n\n\n\n<p>Apesar dos desafios, a internacionaliza\u00e7\u00e3o continua sendo essencial. Os programas de mobilidade permitem que alunos e professores adquiram novas perspectivas, promovendo a toler\u00e2ncia e a compreens\u00e3o intercultural. A diversidade nos campi universit\u00e1rios contribui para o desenvolvimento de habilidades essenciais para o mercado de trabalho, como a comunica\u00e7\u00e3o intercultural e a adaptabilidade.<\/p>\n\n\n\n<p>Um exemplo bem-sucedido \u00e9 o programa Erasmus, que fortaleceu a identidade europeia ao facilitar o interc\u00e2mbio de estudantes. Al\u00e9m disso, estudos indicam que aqueles que participaram de programas internacionais t\u00eam taxas de desemprego mais baixas e melhores oportunidades de emprego.<\/p>\n\n\n<div class=\"wp-block-image\">\n<figure class=\"aligncenter size-full\"><img loading=\"lazy\" decoding=\"async\" width=\"600\" height=\"400\" data-attachment-id=\"31287\" data-permalink=\"https:\/\/www.funiber.blog\/pt\/formacao-professores\/2025\/03\/03\/internacionalizacao-universitaria-desafios-e-oportunidades\/attachment\/internacionalizacion-universitaria-gal\" data-orig-file=\"https:\/\/www.funiber.blog\/pt\/wp-content\/uploads\/2025\/03\/internacionalizacion-universitaria-gal.webp\" data-orig-size=\"600,400\" data-comments-opened=\"0\" data-image-meta=\"{&quot;aperture&quot;:&quot;0&quot;,&quot;credit&quot;:&quot;&quot;,&quot;camera&quot;:&quot;&quot;,&quot;caption&quot;:&quot;&quot;,&quot;created_timestamp&quot;:&quot;0&quot;,&quot;copyright&quot;:&quot;&quot;,&quot;focal_length&quot;:&quot;0&quot;,&quot;iso&quot;:&quot;0&quot;,&quot;shutter_speed&quot;:&quot;0&quot;,&quot;title&quot;:&quot;&quot;,&quot;orientation&quot;:&quot;0&quot;}\" data-image-title=\"internacionalizacion-universitaria-gal\" data-image-description=\"&lt;p&gt;internacionalizacion-universitaria-gal&lt;\/p&gt;\n\" data-image-caption=\"&lt;p&gt;internacionalizacion-universitaria-gal&lt;\/p&gt;\n\" data-medium-file=\"https:\/\/www.funiber.blog\/pt\/wp-content\/uploads\/2025\/03\/internacionalizacion-universitaria-gal-400x267.webp\" data-large-file=\"https:\/\/www.funiber.blog\/pt\/wp-content\/uploads\/2025\/03\/internacionalizacion-universitaria-gal-400x267.webp\" src=\"https:\/\/www.funiber.blog\/pt\/wp-content\/uploads\/2025\/03\/internacionalizacion-universitaria-gal.webp\" alt=\"Internacionaliza\u00e7\u00e3o universit\u00e1ria-Grupo de alunos de diferentes nacionalidades. \" class=\"wp-image-31287\" srcset=\"https:\/\/www.funiber.blog\/pt\/wp-content\/uploads\/2025\/03\/internacionalizacion-universitaria-gal.webp 600w, https:\/\/www.funiber.blog\/pt\/wp-content\/uploads\/2025\/03\/internacionalizacion-universitaria-gal-400x267.webp 400w, https:\/\/www.funiber.blog\/pt\/wp-content\/uploads\/2025\/03\/internacionalizacion-universitaria-gal-300x200.webp 300w, https:\/\/www.funiber.blog\/pt\/wp-content\/uploads\/2025\/03\/internacionalizacion-universitaria-gal-450x300.webp 450w\" sizes=\"(max-width: 600px) 100vw, 600px\" \/><figcaption class=\"wp-element-caption\"><em>A internacionaliza\u00e7\u00e3o continua sendo essencial.<\/em> <em>Os programas de mobilidade permitem que alunos e professores adquiram novas perspectivas.<\/em><\/figcaption><\/figure><\/div>\n\n\n<h2 class=\"wp-block-heading\"><strong>Estrat\u00e9gias para fortalecer a internacionaliza\u00e7\u00e3o<\/strong><\/h2>\n\n\n\n<p>Para combater os efeitos da geopol\u00edtica, muitas universidades est\u00e3o diversificando suas parcerias internacionais. A Austr\u00e1lia, por exemplo, fortaleceu a coopera\u00e7\u00e3o com pa\u00edses do Sudeste Asi\u00e1tico e da Am\u00e9rica Latina. Al\u00e9m disso, iniciativas como o Novo Plano Colombo promovem o interc\u00e2mbio acad\u00eamico por meio de bolsas de estudo e est\u00e1gios.<\/p>\n\n\n\n<p>Outra estrat\u00e9gia importante \u00e9 a simplifica\u00e7\u00e3o dos processos administrativos para facilitar a mobilidade dos estudantes. A Alemanha, por meio do Servi\u00e7o Alem\u00e3o de Interc\u00e2mbio Acad\u00eamico (DAAD), oferece apoio estruturado para estudantes e pesquisadores internacionais.<\/p>\n\n\n\n<h2 class=\"wp-block-heading\"><strong>Conclus\u00e3o<\/strong><\/h2>\n\n\n\n<p>A internacionaliza\u00e7\u00e3o universit\u00e1ria continua sendo uma ferramenta fundamental para o progresso acad\u00eamico e social. Apesar das barreiras atuais, seu impacto positivo na forma\u00e7\u00e3o de cidad\u00e3os globais e na colabora\u00e7\u00e3o internacional \u00e9 ineg\u00e1vel. O fortalecimento dessas iniciativas contribuir\u00e1 para uma educa\u00e7\u00e3o mais inclusiva e conectada aos desafios do s\u00e9culo XXI.<\/p>\n\n\n\n<h2 class=\"wp-block-heading\"><strong>Continue seu treinamento profissional<\/strong><\/h2>\n\n\n\n<p>O <a href=\"https:\/\/www.funiber.org.br\/mestrado-em-docencia-universitaria\" target=\"_blank\" rel=\"noreferrer noopener\"><strong>Mestrado em Doc\u00eancia Universit\u00e1ria<\/strong><\/a> da nossa institui\u00e7\u00e3o o prepara para ser um l\u00edder educacional em um ambiente globalizado. Voc\u00ea desenvolver\u00e1 as principais compet\u00eancias para lecionar em contextos internacionais e enfrentar os desafios atuais do ensino superior. Junte-se a n\u00f3s e transforme sua carreira acad\u00eamica com um treinamento de alto n\u00edvel!<\/p>\n\n\n\n<p><strong>Fontes:<\/strong><\/p>\n\n\n\n<p><a href=\"https:\/\/www.universidadsi.es\/la-internacionalizacion-las-universidades-una-estrategia-necesaria\/\" target=\"_blank\" rel=\"noreferrer noopener\"><u>Internacionaliza\u00e7\u00e3o das universidades, uma estrat\u00e9gia necess\u00e1ria<\/u><\/a><\/p>\n\n\n\n<p><a href=\"https:\/\/theconversation.com\/la-internacionalizacion-universitaria-una-herramienta-de-entendimiento-global-248201\" target=\"_blank\" rel=\"noreferrer noopener\"><u>Internacionaliza\u00e7\u00e3o universit\u00e1ria, uma ferramenta para a compreens\u00e3o global<\/u><\/a><\/p>\n","protected":false},"excerpt":{"rendered":"<p>A internacionaliza\u00e7\u00e3o do ensino superior tem sido fundamental para a compreens\u00e3o global e o interc\u00e2mbio cultural. Entretanto, em um contexto de tens\u00f5es geopol\u00edticas e barreiras econ\u00f4micas, essa pr\u00e1tica enfrenta novos desafios. Apesar disso, ela continua sendo uma ferramenta indispens\u00e1vel para promover a coopera\u00e7\u00e3o acad\u00eamica e o desenvolvimento de compet\u00eancias globais em alunos e professores. Obst\u00e1culos [&hellip;]<\/p>\n","protected":false},"author":33,"featured_media":31286,"comment_status":"closed","ping_status":"closed","sticky":false,"template":"","format":"standard","meta":{"jetpack_post_was_ever_published":false,"_jetpack_newsletter_access":"","_jetpack_newsletter_tier_id":0,"footnotes":"","jetpack_publicize_message":"","jetpack_is_tweetstorm":false,"jetpack_publicize_feature_enabled":true,"jetpack_social_post_already_shared":true,"jetpack_social_options":{"image_generator_settings":{"template":"highway","enabled":false}}},"categories":[5],"tags":[10110,10113,5715,9136,321,10114,2056,10112,10111,1049],"jetpack_publicize_connections":[],"yoast_head":"<!-- This site is optimized with the Yoast SEO plugin v21.7 - https:\/\/yoast.com\/wordpress\/plugins\/seo\/ -->\n<title>Internacionaliza\u00e7\u00e3o universit\u00e1ria: desafios e oportunidades - FuniBlogs - FUNIBER<\/title>\n<meta name=\"description\" content=\"A internacionaliza\u00e7\u00e3o universit\u00e1ria enfrenta desafios e oferece oportunidades importantes para o desenvolvimento acad\u00eamico global.\" \/>\n<meta name=\"robots\" content=\"index, follow, max-snippet:-1, max-image-preview:large, max-video-preview:-1\" \/>\n<link rel=\"canonical\" href=\"https:\/\/blogs.funiber.org\/pt\/formacao-professores\/2025\/03\/03\/internacionalizacao-universitaria-desafios-e-oportunidades\" \/>\n<meta property=\"og:locale\" content=\"pt_BR\" \/>\n<meta property=\"og:type\" content=\"article\" \/>\n<meta property=\"og:title\" content=\"Internacionaliza\u00e7\u00e3o universit\u00e1ria: desafios e oportunidades - FuniBlogs - FUNIBER\" \/>\n<meta property=\"og:description\" content=\"A internacionaliza\u00e7\u00e3o universit\u00e1ria enfrenta desafios e oferece oportunidades importantes para o desenvolvimento acad\u00eamico global.\" \/>\n<meta property=\"og:url\" content=\"https:\/\/blogs.funiber.org\/pt\/formacao-professores\/2025\/03\/03\/internacionalizacao-universitaria-desafios-e-oportunidades\" \/>\n<meta property=\"og:site_name\" content=\"FuniBlogs - FUNIBER\" \/>\n<meta property=\"article:publisher\" content=\"https:\/\/www.facebook.com\/funiber\" \/>\n<meta property=\"article:published_time\" content=\"2025-03-03T07:00:00+00:00\" \/>\n<meta property=\"article:modified_time\" content=\"2025-03-03T22:11:36+00:00\" \/>\n<meta property=\"og:image\" content=\"https:\/\/blogs.funiber.org\/pt\/wp-content\/uploads\/2025\/03\/internacionalizacion-universitaria-portada.webp\" \/>\n\t<meta property=\"og:image:width\" content=\"600\" \/>\n\t<meta property=\"og:image:height\" content=\"400\" \/>\n\t<meta property=\"og:image:type\" content=\"image\/webp\" \/>\n<meta name=\"author\" content=\"Contenido GT2\" \/>\n<meta name=\"twitter:card\" content=\"summary_large_image\" \/>\n<meta name=\"twitter:creator\" content=\"@FUNIBER\" \/>\n<meta name=\"twitter:site\" content=\"@FUNIBER\" \/>\n<meta name=\"twitter:label1\" content=\"Escrito por\" \/>\n\t<meta name=\"twitter:data1\" content=\"Contenido GT2\" \/>\n\t<meta name=\"twitter:label2\" content=\"Est. tempo de leitura\" \/>\n\t<meta name=\"twitter:data2\" content=\"4 minutos\" \/>\n<script type=\"application\/ld+json\" class=\"yoast-schema-graph\">{\"@context\":\"https:\/\/schema.org\",\"@graph\":[{\"@type\":\"Article\",\"@id\":\"https:\/\/blogs.funiber.org\/pt\/formacao-professores\/2025\/03\/03\/internacionalizacao-universitaria-desafios-e-oportunidades#article\",\"isPartOf\":{\"@id\":\"https:\/\/blogs.funiber.org\/pt\/formacao-professores\/2025\/03\/03\/internacionalizacao-universitaria-desafios-e-oportunidades\"},\"author\":{\"name\":\"Contenido GT2\",\"@id\":\"https:\/\/blogs.funiber.org\/pt\/#\/schema\/person\/b677abb5cf2a95713b98e17c31742c09\"},\"headline\":\"Internacionaliza\u00e7\u00e3o universit\u00e1ria: desafios e oportunidades\",\"datePublished\":\"2025-03-03T07:00:00+00:00\",\"dateModified\":\"2025-03-03T22:11:36+00:00\",\"mainEntityOfPage\":{\"@id\":\"https:\/\/blogs.funiber.org\/pt\/formacao-professores\/2025\/03\/03\/internacionalizacao-universitaria-desafios-e-oportunidades\"},\"wordCount\":640,\"publisher\":{\"@id\":\"https:\/\/blogs.funiber.org\/pt\/#organization\"},\"keywords\":[\"coopera\u00e7\u00e3o acad\u00eamica\",\"desafios geopol\u00edticos\",\"desenvolvimento profissional\",\"educa\u00e7\u00e3o global\",\"Ensino Superior\",\"interc\u00e2mbio cultural\",\"internacionaliza\u00e7\u00e3o\",\"mobilidade estudantil\",\"programas Erasmus\",\"universidades\"],\"articleSection\":[\"Educa\u00e7\u00e3o,\u00a0Forma\u00e7\u00e3o Professores\"],\"inLanguage\":\"pt-BR\"},{\"@type\":\"WebPage\",\"@id\":\"https:\/\/blogs.funiber.org\/pt\/formacao-professores\/2025\/03\/03\/internacionalizacao-universitaria-desafios-e-oportunidades\",\"url\":\"https:\/\/blogs.funiber.org\/pt\/formacao-professores\/2025\/03\/03\/internacionalizacao-universitaria-desafios-e-oportunidades\",\"name\":\"Internacionaliza\u00e7\u00e3o universit\u00e1ria: desafios e oportunidades - FuniBlogs - FUNIBER\",\"isPartOf\":{\"@id\":\"https:\/\/blogs.funiber.org\/pt\/#website\"},\"datePublished\":\"2025-03-03T07:00:00+00:00\",\"dateModified\":\"2025-03-03T22:11:36+00:00\",\"description\":\"A internacionaliza\u00e7\u00e3o universit\u00e1ria enfrenta desafios e oferece oportunidades importantes para o desenvolvimento acad\u00eamico global.\",\"breadcrumb\":{\"@id\":\"https:\/\/blogs.funiber.org\/pt\/formacao-professores\/2025\/03\/03\/internacionalizacao-universitaria-desafios-e-oportunidades#breadcrumb\"},\"inLanguage\":\"pt-BR\",\"potentialAction\":[{\"@type\":\"ReadAction\",\"target\":[\"https:\/\/blogs.funiber.org\/pt\/formacao-professores\/2025\/03\/03\/internacionalizacao-universitaria-desafios-e-oportunidades\"]}]},{\"@type\":\"BreadcrumbList\",\"@id\":\"https:\/\/blogs.funiber.org\/pt\/formacao-professores\/2025\/03\/03\/internacionalizacao-universitaria-desafios-e-oportunidades#breadcrumb\",\"itemListElement\":[{\"@type\":\"ListItem\",\"position\":1,\"name\":\"In\u00edcio\",\"item\":\"https:\/\/blogs.funiber.org\/pt\"},{\"@type\":\"ListItem\",\"position\":2,\"name\":\"Internacionaliza\u00e7\u00e3o universit\u00e1ria: desafios e oportunidades\"}]},{\"@type\":\"WebSite\",\"@id\":\"https:\/\/blogs.funiber.org\/pt\/#website\",\"url\":\"https:\/\/blogs.funiber.org\/pt\/\",\"name\":\"FuniBlogs - FUNIBER\",\"description\":\"\",\"publisher\":{\"@id\":\"https:\/\/blogs.funiber.org\/pt\/#organization\"},\"potentialAction\":[{\"@type\":\"SearchAction\",\"target\":{\"@type\":\"EntryPoint\",\"urlTemplate\":\"https:\/\/blogs.funiber.org\/pt\/?s={search_term_string}\"},\"query-input\":\"required name=search_term_string\"}],\"inLanguage\":\"pt-BR\"},{\"@type\":\"Organization\",\"@id\":\"https:\/\/blogs.funiber.org\/pt\/#organization\",\"name\":\"FuniBlogs - FUNIBER\",\"url\":\"https:\/\/blogs.funiber.org\/pt\/\",\"logo\":{\"@type\":\"ImageObject\",\"inLanguage\":\"pt-BR\",\"@id\":\"https:\/\/blogs.funiber.org\/pt\/#\/schema\/logo\/image\/\",\"url\":\"https:\/\/www.funiber.blog\/pt\/wp-content\/uploads\/2022\/02\/logo-funiber-pt-br-v-dos.svg\",\"contentUrl\":\"https:\/\/www.funiber.blog\/pt\/wp-content\/uploads\/2022\/02\/logo-funiber-pt-br-v-dos.svg\",\"width\":1,\"height\":1,\"caption\":\"FuniBlogs - FUNIBER\"},\"image\":{\"@id\":\"https:\/\/blogs.funiber.org\/pt\/#\/schema\/logo\/image\/\"},\"sameAs\":[\"https:\/\/www.facebook.com\/funiber\",\"https:\/\/twitter.com\/FUNIBER\",\"https:\/\/www.instagram.com\/funiber_becas\",\"https:\/\/www.youtube.com\/user\/funiber\",\"https:\/\/www.linkedin.com\/company\/funiber\"]},{\"@type\":\"Person\",\"@id\":\"https:\/\/blogs.funiber.org\/pt\/#\/schema\/person\/b677abb5cf2a95713b98e17c31742c09\",\"name\":\"Contenido GT2\",\"image\":{\"@type\":\"ImageObject\",\"inLanguage\":\"pt-BR\",\"@id\":\"https:\/\/blogs.funiber.org\/pt\/#\/schema\/person\/image\/\",\"url\":\"https:\/\/secure.gravatar.com\/avatar\/b5a02967a8912eb95241dfff01da0fab?s=96&d=mm&r=g\",\"contentUrl\":\"https:\/\/secure.gravatar.com\/avatar\/b5a02967a8912eb95241dfff01da0fab?s=96&d=mm&r=g\",\"caption\":\"Contenido GT2\"},\"url\":\"https:\/\/www.funiber.blog\/pt\/author\/contenido-gt2\"}]}<\/script>\n<!-- \/ Yoast SEO plugin. -->","yoast_head_json":{"title":"Internacionaliza\u00e7\u00e3o universit\u00e1ria: desafios e oportunidades - FuniBlogs - FUNIBER","description":"A internacionaliza\u00e7\u00e3o universit\u00e1ria enfrenta desafios e oferece oportunidades importantes para o desenvolvimento acad\u00eamico global.","robots":{"index":"index","follow":"follow","max-snippet":"max-snippet:-1","max-image-preview":"max-image-preview:large","max-video-preview":"max-video-preview:-1"},"canonical":"https:\/\/blogs.funiber.org\/pt\/formacao-professores\/2025\/03\/03\/internacionalizacao-universitaria-desafios-e-oportunidades","og_locale":"pt_BR","og_type":"article","og_title":"Internacionaliza\u00e7\u00e3o universit\u00e1ria: desafios e oportunidades - FuniBlogs - FUNIBER","og_description":"A internacionaliza\u00e7\u00e3o universit\u00e1ria enfrenta desafios e oferece oportunidades importantes para o desenvolvimento acad\u00eamico global.","og_url":"https:\/\/blogs.funiber.org\/pt\/formacao-professores\/2025\/03\/03\/internacionalizacao-universitaria-desafios-e-oportunidades","og_site_name":"FuniBlogs - FUNIBER","article_publisher":"https:\/\/www.facebook.com\/funiber","article_published_time":"2025-03-03T07:00:00+00:00","article_modified_time":"2025-03-03T22:11:36+00:00","og_image":[{"width":600,"height":400,"url":"https:\/\/blogs.funiber.org\/pt\/wp-content\/uploads\/2025\/03\/internacionalizacion-universitaria-portada.webp","type":"image\/webp"}],"author":"Contenido GT2","twitter_card":"summary_large_image","twitter_creator":"@FUNIBER","twitter_site":"@FUNIBER","twitter_misc":{"Escrito por":"Contenido GT2","Est. tempo de leitura":"4 minutos"},"schema":{"@context":"https:\/\/schema.org","@graph":[{"@type":"Article","@id":"https:\/\/blogs.funiber.org\/pt\/formacao-professores\/2025\/03\/03\/internacionalizacao-universitaria-desafios-e-oportunidades#article","isPartOf":{"@id":"https:\/\/blogs.funiber.org\/pt\/formacao-professores\/2025\/03\/03\/internacionalizacao-universitaria-desafios-e-oportunidades"},"author":{"name":"Contenido GT2","@id":"https:\/\/blogs.funiber.org\/pt\/#\/schema\/person\/b677abb5cf2a95713b98e17c31742c09"},"headline":"Internacionaliza\u00e7\u00e3o universit\u00e1ria: desafios e oportunidades","datePublished":"2025-03-03T07:00:00+00:00","dateModified":"2025-03-03T22:11:36+00:00","mainEntityOfPage":{"@id":"https:\/\/blogs.funiber.org\/pt\/formacao-professores\/2025\/03\/03\/internacionalizacao-universitaria-desafios-e-oportunidades"},"wordCount":640,"publisher":{"@id":"https:\/\/blogs.funiber.org\/pt\/#organization"},"keywords":["coopera\u00e7\u00e3o acad\u00eamica","desafios geopol\u00edticos","desenvolvimento profissional","educa\u00e7\u00e3o global","Ensino Superior","interc\u00e2mbio cultural","internacionaliza\u00e7\u00e3o","mobilidade estudantil","programas Erasmus","universidades"],"articleSection":["Educa\u00e7\u00e3o,\u00a0Forma\u00e7\u00e3o Professores"],"inLanguage":"pt-BR"},{"@type":"WebPage","@id":"https:\/\/blogs.funiber.org\/pt\/formacao-professores\/2025\/03\/03\/internacionalizacao-universitaria-desafios-e-oportunidades","url":"https:\/\/blogs.funiber.org\/pt\/formacao-professores\/2025\/03\/03\/internacionalizacao-universitaria-desafios-e-oportunidades","name":"Internacionaliza\u00e7\u00e3o universit\u00e1ria: desafios e oportunidades - FuniBlogs - FUNIBER","isPartOf":{"@id":"https:\/\/blogs.funiber.org\/pt\/#website"},"datePublished":"2025-03-03T07:00:00+00:00","dateModified":"2025-03-03T22:11:36+00:00","description":"A internacionaliza\u00e7\u00e3o universit\u00e1ria enfrenta desafios e oferece oportunidades importantes para o desenvolvimento acad\u00eamico global.","breadcrumb":{"@id":"https:\/\/blogs.funiber.org\/pt\/formacao-professores\/2025\/03\/03\/internacionalizacao-universitaria-desafios-e-oportunidades#breadcrumb"},"inLanguage":"pt-BR","potentialAction":[{"@type":"ReadAction","target":["https:\/\/blogs.funiber.org\/pt\/formacao-professores\/2025\/03\/03\/internacionalizacao-universitaria-desafios-e-oportunidades"]}]},{"@type":"BreadcrumbList","@id":"https:\/\/blogs.funiber.org\/pt\/formacao-professores\/2025\/03\/03\/internacionalizacao-universitaria-desafios-e-oportunidades#breadcrumb","itemListElement":[{"@type":"ListItem","position":1,"name":"In\u00edcio","item":"https:\/\/blogs.funiber.org\/pt"},{"@type":"ListItem","position":2,"name":"Internacionaliza\u00e7\u00e3o universit\u00e1ria: desafios e oportunidades"}]},{"@type":"WebSite","@id":"https:\/\/blogs.funiber.org\/pt\/#website","url":"https:\/\/blogs.funiber.org\/pt\/","name":"FuniBlogs - FUNIBER","description":"","publisher":{"@id":"https:\/\/blogs.funiber.org\/pt\/#organization"},"potentialAction":[{"@type":"SearchAction","target":{"@type":"EntryPoint","urlTemplate":"https:\/\/blogs.funiber.org\/pt\/?s={search_term_string}"},"query-input":"required name=search_term_string"}],"inLanguage":"pt-BR"},{"@type":"Organization","@id":"https:\/\/blogs.funiber.org\/pt\/#organization","name":"FuniBlogs - FUNIBER","url":"https:\/\/blogs.funiber.org\/pt\/","logo":{"@type":"ImageObject","inLanguage":"pt-BR","@id":"https:\/\/blogs.funiber.org\/pt\/#\/schema\/logo\/image\/","url":"https:\/\/www.funiber.blog\/pt\/wp-content\/uploads\/2022\/02\/logo-funiber-pt-br-v-dos.svg","contentUrl":"https:\/\/www.funiber.blog\/pt\/wp-content\/uploads\/2022\/02\/logo-funiber-pt-br-v-dos.svg","width":1,"height":1,"caption":"FuniBlogs - FUNIBER"},"image":{"@id":"https:\/\/blogs.funiber.org\/pt\/#\/schema\/logo\/image\/"},"sameAs":["https:\/\/www.facebook.com\/funiber","https:\/\/twitter.com\/FUNIBER","https:\/\/www.instagram.com\/funiber_becas","https:\/\/www.youtube.com\/user\/funiber","https:\/\/www.linkedin.com\/company\/funiber"]},{"@type":"Person","@id":"https:\/\/blogs.funiber.org\/pt\/#\/schema\/person\/b677abb5cf2a95713b98e17c31742c09","name":"Contenido GT2","image":{"@type":"ImageObject","inLanguage":"pt-BR","@id":"https:\/\/blogs.funiber.org\/pt\/#\/schema\/person\/image\/","url":"https:\/\/secure.gravatar.com\/avatar\/b5a02967a8912eb95241dfff01da0fab?s=96&d=mm&r=g","contentUrl":"https:\/\/secure.gravatar.com\/avatar\/b5a02967a8912eb95241dfff01da0fab?s=96&d=mm&r=g","caption":"Contenido GT2"},"url":"https:\/\/www.funiber.blog\/pt\/author\/contenido-gt2"}]}},"jetpack_featured_media_url":"https:\/\/www.funiber.blog\/pt\/wp-content\/uploads\/2025\/03\/internacionalizacion-universitaria-portada.webp","jetpack_shortlink":"https:\/\/wp.me\/p7ee1t-88B","jetpack_sharing_enabled":true,"_links":{"self":[{"href":"https:\/\/www.funiber.blog\/pt\/wp-json\/wp\/v2\/posts\/31285"}],"collection":[{"href":"https:\/\/www.funiber.blog\/pt\/wp-json\/wp\/v2\/posts"}],"about":[{"href":"https:\/\/www.funiber.blog\/pt\/wp-json\/wp\/v2\/types\/post"}],"author":[{"embeddable":true,"href":"https:\/\/www.funiber.blog\/pt\/wp-json\/wp\/v2\/users\/33"}],"replies":[{"embeddable":true,"href":"https:\/\/www.funiber.blog\/pt\/wp-json\/wp\/v2\/comments?post=31285"}],"version-history":[{"count":1,"href":"https:\/\/www.funiber.blog\/pt\/wp-json\/wp\/v2\/posts\/31285\/revisions"}],"predecessor-version":[{"id":31288,"href":"https:\/\/www.funiber.blog\/pt\/wp-json\/wp\/v2\/posts\/31285\/revisions\/31288"}],"wp:featuredmedia":[{"embeddable":true,"href":"https:\/\/www.funiber.blog\/pt\/wp-json\/wp\/v2\/media\/31286"}],"wp:attachment":[{"href":"https:\/\/www.funiber.blog\/pt\/wp-json\/wp\/v2\/media?parent=31285"}],"wp:term":[{"taxonomy":"category","embeddable":true,"href":"https:\/\/www.funiber.blog\/pt\/wp-json\/wp\/v2\/categories?post=31285"},{"taxonomy":"post_tag","embeddable":true,"href":"https:\/\/www.funiber.blog\/pt\/wp-json\/wp\/v2\/tags?post=31285"}],"curies":[{"name":"wp","href":"https:\/\/api.w.org\/{rel}","templated":true}]}}