{"id":31776,"date":"2025-08-25T15:29:21","date_gmt":"2025-08-25T20:29:21","guid":{"rendered":"https:\/\/blogs.funiber.org\/pt\/?p=31776"},"modified":"2025-08-28T15:56:24","modified_gmt":"2025-08-28T20:56:24","slug":"vulnerabilidade-midiatica-adolescentes-sob-tutela","status":"publish","type":"post","link":"https:\/\/www.funiber.blog\/pt\/empresas-e-rh\/2025\/08\/25\/vulnerabilidade-midiatica-adolescentes-sob-tutela","title":{"rendered":"Quem ensina os adolescentes tutelados a usar a internet?"},"content":{"rendered":"\n<p>Thomas Andr\u00e9 Prola, professor e pesquisador em Tecnologias na Educa\u00e7\u00e3o na Universidade Europeia do Atl\u00e2ntico (UNEATLANTICO), parte da rede FUNIBER, e tamb\u00e9m vinculado \u00e0 Universidade de Barcelona, aborda um tema cr\u00edtico em seu recente artigo: a falta de prepara\u00e7\u00e3o dos adolescentes tutelados para navegar com seguran\u00e7a no ambiente digital. Sua pesquisa destaca como a vulnerabilidade emocional e social desses jovens se transfere para o ambiente digital, expondo-os a riscos significativos.<\/p>\n\n\n\n<h2 class=\"wp-block-heading\"><strong>Vulnerabilidade midi\u00e1tica: um problema estrutural<\/strong><\/h2>\n\n\n\n<p>Em sua pesquisa de doutorado, Prola introduz o conceito de \u00abvulnerabilidade midi\u00e1tica\u00bb, que vai al\u00e9m do simples uso indevido das redes sociais. Este termo descreve como a situa\u00e7\u00e3o de desvantagem social dos adolescentes sob tutela \u00e9 amplificada no espa\u00e7o digital, onde a autoexposi\u00e7\u00e3o pode ter consequ\u00eancias graves para sua sa\u00fade mental e f\u00edsica. Na Catalunha, mais de 5.000 jovens vivem em centros residenciais de prote\u00e7\u00e3o, e muitos deles enfrentam esses desafios sem uma forma\u00e7\u00e3o adequada em alfabetiza\u00e7\u00e3o digital.<\/p>\n\n\n\n<p>O caso de Sara, uma adolescente que sofreu explora\u00e7\u00e3o atrav\u00e9s das redes sociais, exemplifica essa problem\u00e1tica. Sem uma orienta\u00e7\u00e3o adequada, as plataformas digitais se tornam espa\u00e7os de risco, especialmente para as meninas, que s\u00e3o mais propensas a enfrentar perigos como a prostitui\u00e7\u00e3o digitalizada e a exposi\u00e7\u00e3o de seu corpo como moeda simb\u00f3lica.<\/p>\n\n\n\n<h2 class=\"wp-block-heading\"><strong>Desigualdade no acesso digital<\/strong><\/h2>\n\n\n\n<p>Embora os centros residenciais busquem normalizar a vida dos adolescentes sob tutela, permitindo-lhes usar as redes sociais como qualquer outro jovem, essa igualdade formal n\u00e3o leva em considera\u00e7\u00e3o as desigualdades estruturais. Os jovens institucionalizados geralmente t\u00eam menos recursos emocionais, educacionais e tecnol\u00f3gicos, o que os coloca em desvantagem em rela\u00e7\u00e3o aos seus pares.<\/p>\n\n\n\n<p>Prola identifica cinco fatores-chave que influenciam essa vulnerabilidade: o ambiente familiar anterior, a sa\u00fade mental, o acesso \u00e0 tecnologia, o n\u00edvel de alfabetiza\u00e7\u00e3o midi\u00e1tica e a rede de contatos. Sem abordar essas dimens\u00f5es, as redes sociais podem se tornar \u00abespelhos distorcidos\u00bb que agravam as feridas emocionais desses adolescentes.<\/p>\n\n\n<div class=\"wp-block-image\">\n<figure class=\"aligncenter size-large\"><img loading=\"lazy\" decoding=\"async\" width=\"400\" height=\"267\" data-attachment-id=\"31778\" data-permalink=\"https:\/\/www.funiber.blog\/pt\/empresas-e-rh\/2025\/08\/25\/vulnerabilidade-midiatica-adolescentes-sob-tutela\/attachment\/portada-5\" data-orig-file=\"https:\/\/www.funiber.blog\/pt\/wp-content\/uploads\/2025\/08\/portada-3.webp\" data-orig-size=\"600,400\" data-comments-opened=\"0\" data-image-meta=\"{&quot;aperture&quot;:&quot;0&quot;,&quot;credit&quot;:&quot;&quot;,&quot;camera&quot;:&quot;&quot;,&quot;caption&quot;:&quot;&quot;,&quot;created_timestamp&quot;:&quot;0&quot;,&quot;copyright&quot;:&quot;&quot;,&quot;focal_length&quot;:&quot;0&quot;,&quot;iso&quot;:&quot;0&quot;,&quot;shutter_speed&quot;:&quot;0&quot;,&quot;title&quot;:&quot;&quot;,&quot;orientation&quot;:&quot;0&quot;}\" data-image-title=\"portada\" data-image-description=\"&lt;p&gt;portada&lt;\/p&gt;\n\" data-image-caption=\"&lt;p&gt;portada&lt;\/p&gt;\n\" data-medium-file=\"https:\/\/www.funiber.blog\/pt\/wp-content\/uploads\/2025\/08\/portada-3-400x267.webp\" data-large-file=\"https:\/\/www.funiber.blog\/pt\/wp-content\/uploads\/2025\/08\/portada-3-400x267.webp\" src=\"https:\/\/www.funiber.blog\/pt\/wp-content\/uploads\/2025\/08\/portada-3-400x267.webp\" alt=\"portada\" class=\"wp-image-31778\" srcset=\"https:\/\/www.funiber.blog\/pt\/wp-content\/uploads\/2025\/08\/portada-3-400x267.webp 400w, https:\/\/www.funiber.blog\/pt\/wp-content\/uploads\/2025\/08\/portada-3-300x200.webp 300w, https:\/\/www.funiber.blog\/pt\/wp-content\/uploads\/2025\/08\/portada-3-450x300.webp 450w, https:\/\/www.funiber.blog\/pt\/wp-content\/uploads\/2025\/08\/portada-3.webp 600w\" sizes=\"(max-width: 400px) 100vw, 400px\" \/><figcaption class=\"wp-element-caption\"><em>A vulnerabilidade midi\u00e1tica \u00e9 uma consequ\u00eancia direta da desprote\u00e7\u00e3o estrutural que enfrentam os adolescentes sob tutela.<\/em><\/figcaption><\/figure><\/div>\n\n\n<h2 class=\"wp-block-heading\"><strong>Rumo a uma solu\u00e7\u00e3o educacional<\/strong><\/h2>\n\n\n\n<p>Para abordar esse problema, Prola prop\u00f5e incorporar o conceito de vulnerabilidade midi\u00e1tica nas pol\u00edticas p\u00fablicas. Isso implica estabelecer crit\u00e9rios pedag\u00f3gicos comuns, formar equipes educativas em alfabetiza\u00e7\u00e3o digital e criar protocolos de interven\u00e7\u00e3o. Al\u00e9m de reorganiza\u00e7\u00f5es pol\u00edticas ou aumentos or\u00e7ament\u00e1rios, \u00e9 fundamental oferecer uma orienta\u00e7\u00e3o cr\u00edtica e educativa para garantir que as redes sociais sejam uma ferramenta de empoderamento e n\u00e3o um espa\u00e7o de precariedade.<\/p>\n\n\n\n<h2 class=\"wp-block-heading\"><strong>Continue sua carreira profissional<\/strong><\/h2>\n\n\n\n<p>Se voc\u00ea estiver interessado em aprofundar o impacto da tecnologia na educa\u00e7\u00e3o e como projetar estrat\u00e9gias para abordar desafios como a vulnerabilidade midi\u00e1tica, o <a href=\"https:\/\/www.funiber.org.br\/mestrado-em-educacao-com-especialidade-em-TIC-na-educacao\" target=\"_blank\" rel=\"noreferrer noopener\"><u>Mestrado em Educa\u00e7\u00e3o com especializa\u00e7\u00e3o em TIC<\/u><\/a> da FUNIBER pode ser uma excelente op\u00e7\u00e3o. Este programa ir\u00e1 prepar\u00e1-lo para liderar projetos educacionais inovadores e contribuir para o bem-estar de jovens em contextos vulner\u00e1veis. Descubra mais e fa\u00e7a a diferen\u00e7a no campo educacional!<\/p>\n\n\n\n<p>Fonte: <br><a href=\"https:\/\/theconversation.com\/quien-ensena-el-uso-de-internet-a-los-adolescentes-tutelados-257935\" target=\"_blank\" rel=\"noreferrer noopener\"><u>The Conversation<\/u><\/a><\/p>\n","protected":false},"excerpt":{"rendered":"<p>Thomas Andr\u00e9 Prola, professor e pesquisador em Tecnologias na Educa\u00e7\u00e3o na Universidade Europeia do Atl\u00e2ntico (UNEATLANTICO), parte da rede FUNIBER, e tamb\u00e9m vinculado \u00e0 Universidade de Barcelona, aborda um tema cr\u00edtico em seu recente artigo: a falta de prepara\u00e7\u00e3o dos adolescentes tutelados para navegar com seguran\u00e7a no ambiente digital. Sua pesquisa destaca como a vulnerabilidade [&hellip;]<\/p>\n","protected":false},"author":33,"featured_media":31777,"comment_status":"closed","ping_status":"closed","sticky":false,"template":"","format":"standard","meta":{"jetpack_post_was_ever_published":false,"_jetpack_newsletter_access":"","_jetpack_newsletter_tier_id":0,"footnotes":"","jetpack_publicize_message":"","jetpack_is_tweetstorm":false,"jetpack_publicize_feature_enabled":true,"jetpack_social_post_already_shared":true,"jetpack_social_options":{"image_generator_settings":{"template":"highway","enabled":false}}},"categories":[8],"tags":[10527,1615,10529,6457,248,10530,61,10528,4765,10526],"jetpack_publicize_connections":[],"yoast_head":"<!-- This site is optimized with the Yoast SEO plugin v21.7 - https:\/\/yoast.com\/wordpress\/plugins\/seo\/ -->\n<title>Quem ensina os adolescentes tutelados a usar a internet? - FuniBlogs - FUNIBER<\/title>\n<meta name=\"description\" content=\"Thomas Andr\u00e9 Prola, professor da UNEATLANTICO e membro da FUNIBER, analisa como a vulnerabilidade digital afeta os adolescentes sob tutela e prop\u00f5e solu\u00e7\u00f5es educacionais.\" \/>\n<meta name=\"robots\" content=\"index, follow, max-snippet:-1, max-image-preview:large, max-video-preview:-1\" \/>\n<link rel=\"canonical\" href=\"https:\/\/blogs.funiber.org\/pt\/empresas-e-rh\/2025\/08\/25\/vulnerabilidade-midiatica-adolescentes-sob-tutela\" \/>\n<meta property=\"og:locale\" content=\"pt_BR\" \/>\n<meta property=\"og:type\" content=\"article\" \/>\n<meta property=\"og:title\" content=\"Quem ensina os adolescentes tutelados a usar a internet? - FuniBlogs - FUNIBER\" \/>\n<meta property=\"og:description\" content=\"Thomas Andr\u00e9 Prola, professor da UNEATLANTICO e membro da FUNIBER, analisa como a vulnerabilidade digital afeta os adolescentes sob tutela e prop\u00f5e solu\u00e7\u00f5es educacionais.\" \/>\n<meta property=\"og:url\" content=\"https:\/\/blogs.funiber.org\/pt\/empresas-e-rh\/2025\/08\/25\/vulnerabilidade-midiatica-adolescentes-sob-tutela\" \/>\n<meta property=\"og:site_name\" content=\"FuniBlogs - FUNIBER\" \/>\n<meta property=\"article:publisher\" content=\"https:\/\/www.facebook.com\/funiber\" \/>\n<meta property=\"article:published_time\" content=\"2025-08-25T20:29:21+00:00\" \/>\n<meta property=\"article:modified_time\" content=\"2025-08-28T20:56:24+00:00\" \/>\n<meta property=\"og:image\" content=\"https:\/\/blogs.funiber.org\/pt\/wp-content\/uploads\/2025\/08\/gal-3.webp\" \/>\n\t<meta property=\"og:image:width\" content=\"600\" \/>\n\t<meta property=\"og:image:height\" content=\"375\" \/>\n\t<meta property=\"og:image:type\" content=\"image\/webp\" \/>\n<meta name=\"author\" content=\"Contenido GT2\" \/>\n<meta name=\"twitter:card\" content=\"summary_large_image\" \/>\n<meta name=\"twitter:creator\" content=\"@FUNIBER\" \/>\n<meta name=\"twitter:site\" content=\"@FUNIBER\" \/>\n<meta name=\"twitter:label1\" content=\"Escrito por\" \/>\n\t<meta name=\"twitter:data1\" content=\"Contenido GT2\" \/>\n\t<meta name=\"twitter:label2\" content=\"Est. tempo de leitura\" \/>\n\t<meta name=\"twitter:data2\" content=\"3 minutos\" \/>\n<script type=\"application\/ld+json\" class=\"yoast-schema-graph\">{\"@context\":\"https:\/\/schema.org\",\"@graph\":[{\"@type\":\"Article\",\"@id\":\"https:\/\/blogs.funiber.org\/pt\/empresas-e-rh\/2025\/08\/25\/vulnerabilidade-midiatica-adolescentes-sob-tutela#article\",\"isPartOf\":{\"@id\":\"https:\/\/blogs.funiber.org\/pt\/empresas-e-rh\/2025\/08\/25\/vulnerabilidade-midiatica-adolescentes-sob-tutela\"},\"author\":{\"name\":\"Contenido GT2\",\"@id\":\"https:\/\/blogs.funiber.org\/pt\/#\/schema\/person\/b677abb5cf2a95713b98e17c31742c09\"},\"headline\":\"Quem ensina os adolescentes tutelados a usar a internet?\",\"datePublished\":\"2025-08-25T20:29:21+00:00\",\"dateModified\":\"2025-08-28T20:56:24+00:00\",\"mainEntityOfPage\":{\"@id\":\"https:\/\/blogs.funiber.org\/pt\/empresas-e-rh\/2025\/08\/25\/vulnerabilidade-midiatica-adolescentes-sob-tutela\"},\"wordCount\":539,\"publisher\":{\"@id\":\"https:\/\/blogs.funiber.org\/pt\/#organization\"},\"keywords\":[\"adolescentes sob tutela\",\"Alfabetiza\u00e7\u00e3o digital\",\"desigualdade estrutural\",\"educa\u00e7\u00e3o digital\",\"Funiber\",\"prote\u00e7\u00e3o infantil\",\"Redes Sociais\",\"Thomas Andr\u00e9 Prola\",\"Uneatlantico\",\"vulnerabilidade midi\u00e1tica\"],\"articleSection\":[\"Empresas, Dire\u00e7\u00e3o e RH\"],\"inLanguage\":\"pt-BR\"},{\"@type\":\"WebPage\",\"@id\":\"https:\/\/blogs.funiber.org\/pt\/empresas-e-rh\/2025\/08\/25\/vulnerabilidade-midiatica-adolescentes-sob-tutela\",\"url\":\"https:\/\/blogs.funiber.org\/pt\/empresas-e-rh\/2025\/08\/25\/vulnerabilidade-midiatica-adolescentes-sob-tutela\",\"name\":\"Quem ensina os adolescentes tutelados a usar a internet? - FuniBlogs - FUNIBER\",\"isPartOf\":{\"@id\":\"https:\/\/blogs.funiber.org\/pt\/#website\"},\"datePublished\":\"2025-08-25T20:29:21+00:00\",\"dateModified\":\"2025-08-28T20:56:24+00:00\",\"description\":\"Thomas Andr\u00e9 Prola, professor da UNEATLANTICO e membro da FUNIBER, analisa como a vulnerabilidade digital afeta os adolescentes sob tutela e prop\u00f5e solu\u00e7\u00f5es educacionais.\",\"breadcrumb\":{\"@id\":\"https:\/\/blogs.funiber.org\/pt\/empresas-e-rh\/2025\/08\/25\/vulnerabilidade-midiatica-adolescentes-sob-tutela#breadcrumb\"},\"inLanguage\":\"pt-BR\",\"potentialAction\":[{\"@type\":\"ReadAction\",\"target\":[\"https:\/\/blogs.funiber.org\/pt\/empresas-e-rh\/2025\/08\/25\/vulnerabilidade-midiatica-adolescentes-sob-tutela\"]}]},{\"@type\":\"BreadcrumbList\",\"@id\":\"https:\/\/blogs.funiber.org\/pt\/empresas-e-rh\/2025\/08\/25\/vulnerabilidade-midiatica-adolescentes-sob-tutela#breadcrumb\",\"itemListElement\":[{\"@type\":\"ListItem\",\"position\":1,\"name\":\"In\u00edcio\",\"item\":\"https:\/\/blogs.funiber.org\/pt\"},{\"@type\":\"ListItem\",\"position\":2,\"name\":\"Quem ensina os adolescentes tutelados a usar a internet?\"}]},{\"@type\":\"WebSite\",\"@id\":\"https:\/\/blogs.funiber.org\/pt\/#website\",\"url\":\"https:\/\/blogs.funiber.org\/pt\/\",\"name\":\"FuniBlogs - FUNIBER\",\"description\":\"\",\"publisher\":{\"@id\":\"https:\/\/blogs.funiber.org\/pt\/#organization\"},\"potentialAction\":[{\"@type\":\"SearchAction\",\"target\":{\"@type\":\"EntryPoint\",\"urlTemplate\":\"https:\/\/blogs.funiber.org\/pt\/?s={search_term_string}\"},\"query-input\":\"required name=search_term_string\"}],\"inLanguage\":\"pt-BR\"},{\"@type\":\"Organization\",\"@id\":\"https:\/\/blogs.funiber.org\/pt\/#organization\",\"name\":\"FuniBlogs - FUNIBER\",\"url\":\"https:\/\/blogs.funiber.org\/pt\/\",\"logo\":{\"@type\":\"ImageObject\",\"inLanguage\":\"pt-BR\",\"@id\":\"https:\/\/blogs.funiber.org\/pt\/#\/schema\/logo\/image\/\",\"url\":\"https:\/\/www.funiber.blog\/pt\/wp-content\/uploads\/2022\/02\/logo-funiber-pt-br-v-dos.svg\",\"contentUrl\":\"https:\/\/www.funiber.blog\/pt\/wp-content\/uploads\/2022\/02\/logo-funiber-pt-br-v-dos.svg\",\"width\":1,\"height\":1,\"caption\":\"FuniBlogs - FUNIBER\"},\"image\":{\"@id\":\"https:\/\/blogs.funiber.org\/pt\/#\/schema\/logo\/image\/\"},\"sameAs\":[\"https:\/\/www.facebook.com\/funiber\",\"https:\/\/twitter.com\/FUNIBER\",\"https:\/\/www.instagram.com\/funiber_becas\",\"https:\/\/www.youtube.com\/user\/funiber\",\"https:\/\/www.linkedin.com\/company\/funiber\"]},{\"@type\":\"Person\",\"@id\":\"https:\/\/blogs.funiber.org\/pt\/#\/schema\/person\/b677abb5cf2a95713b98e17c31742c09\",\"name\":\"Contenido GT2\",\"image\":{\"@type\":\"ImageObject\",\"inLanguage\":\"pt-BR\",\"@id\":\"https:\/\/blogs.funiber.org\/pt\/#\/schema\/person\/image\/\",\"url\":\"https:\/\/secure.gravatar.com\/avatar\/b5a02967a8912eb95241dfff01da0fab?s=96&d=mm&r=g\",\"contentUrl\":\"https:\/\/secure.gravatar.com\/avatar\/b5a02967a8912eb95241dfff01da0fab?s=96&d=mm&r=g\",\"caption\":\"Contenido GT2\"},\"url\":\"https:\/\/www.funiber.blog\/pt\/author\/contenido-gt2\"}]}<\/script>\n<!-- \/ Yoast SEO plugin. -->","yoast_head_json":{"title":"Quem ensina os adolescentes tutelados a usar a internet? - FuniBlogs - FUNIBER","description":"Thomas Andr\u00e9 Prola, professor da UNEATLANTICO e membro da FUNIBER, analisa como a vulnerabilidade digital afeta os adolescentes sob tutela e prop\u00f5e solu\u00e7\u00f5es educacionais.","robots":{"index":"index","follow":"follow","max-snippet":"max-snippet:-1","max-image-preview":"max-image-preview:large","max-video-preview":"max-video-preview:-1"},"canonical":"https:\/\/blogs.funiber.org\/pt\/empresas-e-rh\/2025\/08\/25\/vulnerabilidade-midiatica-adolescentes-sob-tutela","og_locale":"pt_BR","og_type":"article","og_title":"Quem ensina os adolescentes tutelados a usar a internet? - FuniBlogs - FUNIBER","og_description":"Thomas Andr\u00e9 Prola, professor da UNEATLANTICO e membro da FUNIBER, analisa como a vulnerabilidade digital afeta os adolescentes sob tutela e prop\u00f5e solu\u00e7\u00f5es educacionais.","og_url":"https:\/\/blogs.funiber.org\/pt\/empresas-e-rh\/2025\/08\/25\/vulnerabilidade-midiatica-adolescentes-sob-tutela","og_site_name":"FuniBlogs - FUNIBER","article_publisher":"https:\/\/www.facebook.com\/funiber","article_published_time":"2025-08-25T20:29:21+00:00","article_modified_time":"2025-08-28T20:56:24+00:00","og_image":[{"width":600,"height":375,"url":"https:\/\/blogs.funiber.org\/pt\/wp-content\/uploads\/2025\/08\/gal-3.webp","type":"image\/webp"}],"author":"Contenido GT2","twitter_card":"summary_large_image","twitter_creator":"@FUNIBER","twitter_site":"@FUNIBER","twitter_misc":{"Escrito por":"Contenido GT2","Est. tempo de leitura":"3 minutos"},"schema":{"@context":"https:\/\/schema.org","@graph":[{"@type":"Article","@id":"https:\/\/blogs.funiber.org\/pt\/empresas-e-rh\/2025\/08\/25\/vulnerabilidade-midiatica-adolescentes-sob-tutela#article","isPartOf":{"@id":"https:\/\/blogs.funiber.org\/pt\/empresas-e-rh\/2025\/08\/25\/vulnerabilidade-midiatica-adolescentes-sob-tutela"},"author":{"name":"Contenido GT2","@id":"https:\/\/blogs.funiber.org\/pt\/#\/schema\/person\/b677abb5cf2a95713b98e17c31742c09"},"headline":"Quem ensina os adolescentes tutelados a usar a internet?","datePublished":"2025-08-25T20:29:21+00:00","dateModified":"2025-08-28T20:56:24+00:00","mainEntityOfPage":{"@id":"https:\/\/blogs.funiber.org\/pt\/empresas-e-rh\/2025\/08\/25\/vulnerabilidade-midiatica-adolescentes-sob-tutela"},"wordCount":539,"publisher":{"@id":"https:\/\/blogs.funiber.org\/pt\/#organization"},"keywords":["adolescentes sob tutela","Alfabetiza\u00e7\u00e3o digital","desigualdade estrutural","educa\u00e7\u00e3o digital","Funiber","prote\u00e7\u00e3o infantil","Redes Sociais","Thomas Andr\u00e9 Prola","Uneatlantico","vulnerabilidade midi\u00e1tica"],"articleSection":["Empresas, Dire\u00e7\u00e3o e RH"],"inLanguage":"pt-BR"},{"@type":"WebPage","@id":"https:\/\/blogs.funiber.org\/pt\/empresas-e-rh\/2025\/08\/25\/vulnerabilidade-midiatica-adolescentes-sob-tutela","url":"https:\/\/blogs.funiber.org\/pt\/empresas-e-rh\/2025\/08\/25\/vulnerabilidade-midiatica-adolescentes-sob-tutela","name":"Quem ensina os adolescentes tutelados a usar a internet? - FuniBlogs - FUNIBER","isPartOf":{"@id":"https:\/\/blogs.funiber.org\/pt\/#website"},"datePublished":"2025-08-25T20:29:21+00:00","dateModified":"2025-08-28T20:56:24+00:00","description":"Thomas Andr\u00e9 Prola, professor da UNEATLANTICO e membro da FUNIBER, analisa como a vulnerabilidade digital afeta os adolescentes sob tutela e prop\u00f5e solu\u00e7\u00f5es educacionais.","breadcrumb":{"@id":"https:\/\/blogs.funiber.org\/pt\/empresas-e-rh\/2025\/08\/25\/vulnerabilidade-midiatica-adolescentes-sob-tutela#breadcrumb"},"inLanguage":"pt-BR","potentialAction":[{"@type":"ReadAction","target":["https:\/\/blogs.funiber.org\/pt\/empresas-e-rh\/2025\/08\/25\/vulnerabilidade-midiatica-adolescentes-sob-tutela"]}]},{"@type":"BreadcrumbList","@id":"https:\/\/blogs.funiber.org\/pt\/empresas-e-rh\/2025\/08\/25\/vulnerabilidade-midiatica-adolescentes-sob-tutela#breadcrumb","itemListElement":[{"@type":"ListItem","position":1,"name":"In\u00edcio","item":"https:\/\/blogs.funiber.org\/pt"},{"@type":"ListItem","position":2,"name":"Quem ensina os adolescentes tutelados a usar a internet?"}]},{"@type":"WebSite","@id":"https:\/\/blogs.funiber.org\/pt\/#website","url":"https:\/\/blogs.funiber.org\/pt\/","name":"FuniBlogs - FUNIBER","description":"","publisher":{"@id":"https:\/\/blogs.funiber.org\/pt\/#organization"},"potentialAction":[{"@type":"SearchAction","target":{"@type":"EntryPoint","urlTemplate":"https:\/\/blogs.funiber.org\/pt\/?s={search_term_string}"},"query-input":"required name=search_term_string"}],"inLanguage":"pt-BR"},{"@type":"Organization","@id":"https:\/\/blogs.funiber.org\/pt\/#organization","name":"FuniBlogs - FUNIBER","url":"https:\/\/blogs.funiber.org\/pt\/","logo":{"@type":"ImageObject","inLanguage":"pt-BR","@id":"https:\/\/blogs.funiber.org\/pt\/#\/schema\/logo\/image\/","url":"https:\/\/www.funiber.blog\/pt\/wp-content\/uploads\/2022\/02\/logo-funiber-pt-br-v-dos.svg","contentUrl":"https:\/\/www.funiber.blog\/pt\/wp-content\/uploads\/2022\/02\/logo-funiber-pt-br-v-dos.svg","width":1,"height":1,"caption":"FuniBlogs - FUNIBER"},"image":{"@id":"https:\/\/blogs.funiber.org\/pt\/#\/schema\/logo\/image\/"},"sameAs":["https:\/\/www.facebook.com\/funiber","https:\/\/twitter.com\/FUNIBER","https:\/\/www.instagram.com\/funiber_becas","https:\/\/www.youtube.com\/user\/funiber","https:\/\/www.linkedin.com\/company\/funiber"]},{"@type":"Person","@id":"https:\/\/blogs.funiber.org\/pt\/#\/schema\/person\/b677abb5cf2a95713b98e17c31742c09","name":"Contenido GT2","image":{"@type":"ImageObject","inLanguage":"pt-BR","@id":"https:\/\/blogs.funiber.org\/pt\/#\/schema\/person\/image\/","url":"https:\/\/secure.gravatar.com\/avatar\/b5a02967a8912eb95241dfff01da0fab?s=96&d=mm&r=g","contentUrl":"https:\/\/secure.gravatar.com\/avatar\/b5a02967a8912eb95241dfff01da0fab?s=96&d=mm&r=g","caption":"Contenido GT2"},"url":"https:\/\/www.funiber.blog\/pt\/author\/contenido-gt2"}]}},"jetpack_featured_media_url":"https:\/\/www.funiber.blog\/pt\/wp-content\/uploads\/2025\/08\/gal-3.webp","jetpack_shortlink":"https:\/\/wp.me\/p7ee1t-8gw","jetpack_sharing_enabled":true,"_links":{"self":[{"href":"https:\/\/www.funiber.blog\/pt\/wp-json\/wp\/v2\/posts\/31776"}],"collection":[{"href":"https:\/\/www.funiber.blog\/pt\/wp-json\/wp\/v2\/posts"}],"about":[{"href":"https:\/\/www.funiber.blog\/pt\/wp-json\/wp\/v2\/types\/post"}],"author":[{"embeddable":true,"href":"https:\/\/www.funiber.blog\/pt\/wp-json\/wp\/v2\/users\/33"}],"replies":[{"embeddable":true,"href":"https:\/\/www.funiber.blog\/pt\/wp-json\/wp\/v2\/comments?post=31776"}],"version-history":[{"count":4,"href":"https:\/\/www.funiber.blog\/pt\/wp-json\/wp\/v2\/posts\/31776\/revisions"}],"predecessor-version":[{"id":31787,"href":"https:\/\/www.funiber.blog\/pt\/wp-json\/wp\/v2\/posts\/31776\/revisions\/31787"}],"wp:featuredmedia":[{"embeddable":true,"href":"https:\/\/www.funiber.blog\/pt\/wp-json\/wp\/v2\/media\/31777"}],"wp:attachment":[{"href":"https:\/\/www.funiber.blog\/pt\/wp-json\/wp\/v2\/media?parent=31776"}],"wp:term":[{"taxonomy":"category","embeddable":true,"href":"https:\/\/www.funiber.blog\/pt\/wp-json\/wp\/v2\/categories?post=31776"},{"taxonomy":"post_tag","embeddable":true,"href":"https:\/\/www.funiber.blog\/pt\/wp-json\/wp\/v2\/tags?post=31776"}],"curies":[{"name":"wp","href":"https:\/\/api.w.org\/{rel}","templated":true}]}}