{"id":32158,"date":"2025-12-11T16:31:08","date_gmt":"2025-12-11T21:31:08","guid":{"rendered":"https:\/\/blogs.funiber.org\/pt\/?p=32158"},"modified":"2025-10-14T16:43:24","modified_gmt":"2025-10-14T21:43:24","slug":"ouvir-sons-terra-conservacao-ambiental","status":"publish","type":"post","link":"https:\/\/www.funiber.blog\/pt\/meio-ambiente\/2025\/12\/11\/ouvir-sons-terra-conservacao-ambiental","title":{"rendered":"Ouvir os sons da Terra: uma ferramenta fundamental para a conserva\u00e7\u00e3o ambiental"},"content":{"rendered":"\n<p>Durante muito tempo, pensou-se que as profundezas marinhas eram um reino silencioso. No entanto, pesquisas recentes demonstraram que os oceanos s\u00e3o um vasto cen\u00e1rio sonoro, onde diversas esp\u00e9cies se comunicam atrav\u00e9s de sons. Essa sinfonia natural, que evoluiu desde as origens da vida, est\u00e1 sendo alterada pelas atividades humanas. Compreender e monitorar esses sons tornou-se uma ferramenta essencial para a conserva\u00e7\u00e3o do meio ambiente.<\/p>\n\n\n\n<p><strong>A import\u00e2ncia da bioac\u00fastica na conserva\u00e7\u00e3o:<\/strong><\/p>\n\n\n\n<p>A bioac\u00fastica \u00e9 a disciplina que estuda os sons produzidos pelos seres vivos e sua intera\u00e7\u00e3o com o ambiente. Michel Andr\u00e9, diretor do Laborat\u00f3rio de Aplica\u00e7\u00f5es Bioac\u00fasticas da Universidade Polit\u00e9cnica da Catalunha, destacou a relev\u00e2ncia dessa ci\u00eancia para entender como as esp\u00e9cies marinhas se comunicam e como as atividades humanas, como o tr\u00e1fego mar\u00edtimo, afetam seu bem-estar. Por meio de boias passivas e outros dispositivos, \u00e9 poss\u00edvel registrar e analisar esses sons, fornecendo dados valiosos para a prote\u00e7\u00e3o dos ecossistemas aqu\u00e1ticos.<\/p>\n\n\n<div class=\"wp-block-image\">\n<figure class=\"aligncenter size-large\"><img loading=\"lazy\" decoding=\"async\" width=\"400\" height=\"267\" data-attachment-id=\"32160\" data-permalink=\"https:\/\/www.funiber.blog\/pt\/meio-ambiente\/2025\/12\/11\/ouvir-sons-terra-conservacao-ambiental\/attachment\/beautiful-young-asian-woman-meditating-in-the-nature-with-her-eyes-closed-setting-herself-free-and-feeling-relieved-enjoying-fresh-air-and-breathing-in-the-calmness-with-head-up-freedom-in-nature\" data-orig-file=\"https:\/\/www.funiber.blog\/pt\/wp-content\/uploads\/2025\/10\/gettyimages-dosbill\u00f3nunociensesenta-nuevemill\u00f3nnueveciendiecisietemilseiscientreinta--copia.jpg\" data-orig-size=\"600,400\" data-comments-opened=\"0\" data-image-meta=\"{&quot;aperture&quot;:&quot;0&quot;,&quot;credit&quot;:&quot;Getty Images&quot;,&quot;camera&quot;:&quot;&quot;,&quot;caption&quot;:&quot;Beautiful young Asian woman meditating in the nature with her eyes closed, setting herself free and feeling relieved. Enjoying fresh air and breathing in the calmness with head up. Freedom in nature. Connecting with nature. Health and wellness concept&quot;,&quot;created_timestamp&quot;:&quot;1723248000&quot;,&quot;copyright&quot;:&quot;\\u00a9 2024 Yiu Yu Hoi&quot;,&quot;focal_length&quot;:&quot;0&quot;,&quot;iso&quot;:&quot;0&quot;,&quot;shutter_speed&quot;:&quot;0&quot;,&quot;title&quot;:&quot;Beautiful young Asian woman meditating in the nature with her eyes closed, setting herself free and feeling relieved. Enjoying fresh air and breathing in the calmness with head up. Freedom in nature. Connecting with nature. Health and wellness concept&quot;,&quot;orientation&quot;:&quot;1&quot;}\" data-image-title=\"\" data-image-description=\"\" data-image-caption=\"\" data-medium-file=\"https:\/\/www.funiber.blog\/pt\/wp-content\/uploads\/2025\/10\/gettyimages-dosbill\u00f3nunociensesenta-nuevemill\u00f3nnueveciendiecisietemilseiscientreinta--copia-400x267.jpg\" data-large-file=\"https:\/\/www.funiber.blog\/pt\/wp-content\/uploads\/2025\/10\/gettyimages-dosbill\u00f3nunociensesenta-nuevemill\u00f3nnueveciendiecisietemilseiscientreinta--copia-400x267.jpg\" src=\"https:\/\/www.funiber.blog\/pt\/wp-content\/uploads\/2025\/10\/gettyimages-dosbill\u00f3nunociensesenta-nuevemill\u00f3nnueveciendiecisietemilseiscientreinta--copia-400x267.jpg\" alt=\"\" class=\"wp-image-32160\" srcset=\"https:\/\/www.funiber.blog\/pt\/wp-content\/uploads\/2025\/10\/gettyimages-dosbill\u00f3nunociensesenta-nuevemill\u00f3nnueveciendiecisietemilseiscientreinta--copia-400x267.jpg 400w, https:\/\/www.funiber.blog\/pt\/wp-content\/uploads\/2025\/10\/gettyimages-dosbill\u00f3nunociensesenta-nuevemill\u00f3nnueveciendiecisietemilseiscientreinta--copia-300x200.jpg 300w, https:\/\/www.funiber.blog\/pt\/wp-content\/uploads\/2025\/10\/gettyimages-dosbill\u00f3nunociensesenta-nuevemill\u00f3nnueveciendiecisietemilseiscientreinta--copia-450x300.jpg 450w, https:\/\/www.funiber.blog\/pt\/wp-content\/uploads\/2025\/10\/gettyimages-dosbill\u00f3nunociensesenta-nuevemill\u00f3nnueveciendiecisietemilseiscientreinta--copia.jpg 600w\" sizes=\"(max-width: 400px) 100vw, 400px\" \/><figcaption class=\"wp-element-caption\"><em>O estudo dos sons da Terra \u00e9 essencial para compreender e proteger nossos ecossistemas<\/em><\/figcaption><\/figure><\/div>\n\n\n<p><strong>Impacto do ru\u00eddo antropog\u00eanico nos ecossistemas marinhos:<\/strong><\/p>\n\n\n\n<p>As atividades humanas geram ru\u00eddos que interferem na comunica\u00e7\u00e3o das esp\u00e9cies marinhas. Esses ru\u00eddos podem alterar comportamentos essenciais, como navega\u00e7\u00e3o, alimenta\u00e7\u00e3o e reprodu\u00e7\u00e3o. Al\u00e9m disso, a polui\u00e7\u00e3o sonora pode causar estresse fisiol\u00f3gico e comportamental nos animais, afetando sua sa\u00fade e sobreviv\u00eancia. Portanto, \u00e9 crucial implementar medidas para reduzir o ru\u00eddo antropog\u00eanico e mitigar seus efeitos nos ecossistemas marinhos.<\/p>\n\n\n\n<p><strong>Continue sua carreira profissional:<\/strong><\/p>\n\n\n\n<p>Para aqueles interessados em aprofundar a interse\u00e7\u00e3o entre tecnologia e meio ambiente, o programa de <a href=\"https:\/\/www.funiber.org.br\/mestrado-em-engenharia-e-tecnologia-ambiental\" target=\"_blank\" rel=\"noreferrer noopener\"><u>Mestrado em Engenharia e Tecnologia Ambiental<\/u><\/a> da FUNIBER oferece forma\u00e7\u00e3o no uso de ferramentas digitais para a educa\u00e7\u00e3o ambiental. Este programa fornece os conhecimentos necess\u00e1rios para desenvolver e implementar projetos educacionais que promovam a sustentabilidade e a conserva\u00e7\u00e3o do meio ambiente.<\/p>\n\n\n\n<p><strong>Fonte:<\/strong><br><a href=\"https:\/\/www.nationalgeographic.com.es\/medio-ambiente\/podcast-escuchando-los-sonidos-de-la-tierra_19194\" target=\"_blank\" rel=\"noreferrer noopener\">Escuchar los sonidos de la Tierra para proteger la naturaleza<\/a><\/p>\n","protected":false},"excerpt":{"rendered":"<p>Durante muito tempo, pensou-se que as profundezas marinhas eram um reino silencioso. No entanto, pesquisas recentes demonstraram que os oceanos s\u00e3o um vasto cen\u00e1rio sonoro, onde diversas esp\u00e9cies se comunicam atrav\u00e9s de sons. Essa sinfonia natural, que evoluiu desde as origens da vida, est\u00e1 sendo alterada pelas atividades humanas. Compreender e monitorar esses sons tornou-se [&hellip;]<\/p>\n","protected":false},"author":33,"featured_media":32159,"comment_status":"closed","ping_status":"closed","sticky":false,"template":"","format":"standard","meta":{"jetpack_post_was_ever_published":false,"_jetpack_newsletter_access":"","_jetpack_newsletter_tier_id":0,"footnotes":"","jetpack_publicize_message":"","jetpack_is_tweetstorm":false,"jetpack_publicize_feature_enabled":true,"jetpack_social_post_already_shared":true,"jetpack_social_options":{"image_generator_settings":{"template":"highway","enabled":false}}},"categories":[2],"tags":[10959,10963,10961,9900,10708,6068,835,7919,10962,10960,84,3203],"jetpack_publicize_connections":[],"yoast_head":"<!-- This site is optimized with the Yoast SEO plugin v21.7 - https:\/\/yoast.com\/wordpress\/plugins\/seo\/ -->\n<title>Ouvir os sons da Terra: uma ferramenta fundamental para a conserva\u00e7\u00e3o ambiental - FuniBlogs - FUNIBER<\/title>\n<meta name=\"description\" content=\"Descubra como a bioac\u00fastica ajuda a proteger os ecossistemas marinhos ao monitorar os sons da Terra.\" \/>\n<meta name=\"robots\" content=\"index, follow, max-snippet:-1, max-image-preview:large, max-video-preview:-1\" \/>\n<link rel=\"canonical\" href=\"https:\/\/www.funiber.blog\/pt\/meio-ambiente\/2025\/12\/11\/ouvir-sons-terra-conservacao-ambiental\" \/>\n<meta property=\"og:locale\" content=\"pt_BR\" \/>\n<meta property=\"og:type\" content=\"article\" \/>\n<meta property=\"og:title\" content=\"Ouvir os sons da Terra: uma ferramenta fundamental para a conserva\u00e7\u00e3o ambiental - FuniBlogs - FUNIBER\" \/>\n<meta property=\"og:description\" content=\"Descubra como a bioac\u00fastica ajuda a proteger os ecossistemas marinhos ao monitorar os sons da Terra.\" \/>\n<meta property=\"og:url\" content=\"https:\/\/www.funiber.blog\/pt\/meio-ambiente\/2025\/12\/11\/ouvir-sons-terra-conservacao-ambiental\" \/>\n<meta property=\"og:site_name\" content=\"FuniBlogs - FUNIBER\" \/>\n<meta property=\"article:publisher\" content=\"https:\/\/www.facebook.com\/funiber\" \/>\n<meta property=\"article:published_time\" content=\"2025-12-11T21:31:08+00:00\" \/>\n<meta property=\"article:modified_time\" content=\"2025-10-14T21:43:24+00:00\" \/>\n<meta property=\"og:image\" content=\"https:\/\/www.funiber.blog\/pt\/wp-content\/uploads\/2025\/10\/gettyimages-dosbill\u00f3nunociensetenta-mill\u00f3ndosciennuevemilcincociencincuenta-dos-copia.jpg\" \/>\n\t<meta property=\"og:image:width\" content=\"600\" \/>\n\t<meta property=\"og:image:height\" content=\"399\" \/>\n\t<meta property=\"og:image:type\" content=\"image\/jpeg\" \/>\n<meta name=\"author\" content=\"Contenido GT2\" \/>\n<meta name=\"twitter:card\" content=\"summary_large_image\" \/>\n<meta name=\"twitter:creator\" content=\"@FUNIBER\" \/>\n<meta name=\"twitter:site\" content=\"@FUNIBER\" \/>\n<meta name=\"twitter:label1\" content=\"Escrito por\" \/>\n\t<meta name=\"twitter:data1\" content=\"Contenido GT2\" \/>\n\t<meta name=\"twitter:label2\" content=\"Est. tempo de leitura\" \/>\n\t<meta name=\"twitter:data2\" content=\"3 minutos\" \/>\n<script type=\"application\/ld+json\" class=\"yoast-schema-graph\">{\"@context\":\"https:\/\/schema.org\",\"@graph\":[{\"@type\":\"Article\",\"@id\":\"https:\/\/www.funiber.blog\/pt\/meio-ambiente\/2025\/12\/11\/ouvir-sons-terra-conservacao-ambiental#article\",\"isPartOf\":{\"@id\":\"https:\/\/www.funiber.blog\/pt\/meio-ambiente\/2025\/12\/11\/ouvir-sons-terra-conservacao-ambiental\"},\"author\":{\"name\":\"Contenido GT2\",\"@id\":\"https:\/\/blogs.funiber.org\/pt\/#\/schema\/person\/b677abb5cf2a95713b98e17c31742c09\"},\"headline\":\"Ouvir os sons da Terra: uma ferramenta fundamental para a conserva\u00e7\u00e3o ambiental\",\"datePublished\":\"2025-12-11T21:31:08+00:00\",\"dateModified\":\"2025-10-14T21:43:24+00:00\",\"mainEntityOfPage\":{\"@id\":\"https:\/\/www.funiber.blog\/pt\/meio-ambiente\/2025\/12\/11\/ouvir-sons-terra-conservacao-ambiental\"},\"wordCount\":353,\"publisher\":{\"@id\":\"https:\/\/blogs.funiber.org\/pt\/#organization\"},\"keywords\":[\"bioac\u00fastica\",\"ci\u00eancia aplicada\",\"comunica\u00e7\u00e3o animal\",\"conserva\u00e7\u00e3o marinha\",\"ecossistemas aqu\u00e1ticos\",\"educa\u00e7\u00e3o ambiental\",\"Meio Ambiente\",\"pesquisa cient\u00edfica\",\"prote\u00e7\u00e3o da natureza\",\"ru\u00eddo antropog\u00eanico\",\"Sustentabilidade\",\"tecnologia ambiental\"],\"articleSection\":[\"Meio Ambiente\"],\"inLanguage\":\"pt-BR\"},{\"@type\":\"WebPage\",\"@id\":\"https:\/\/www.funiber.blog\/pt\/meio-ambiente\/2025\/12\/11\/ouvir-sons-terra-conservacao-ambiental\",\"url\":\"https:\/\/www.funiber.blog\/pt\/meio-ambiente\/2025\/12\/11\/ouvir-sons-terra-conservacao-ambiental\",\"name\":\"Ouvir os sons da Terra: uma ferramenta fundamental para a conserva\u00e7\u00e3o ambiental - FuniBlogs - FUNIBER\",\"isPartOf\":{\"@id\":\"https:\/\/blogs.funiber.org\/pt\/#website\"},\"datePublished\":\"2025-12-11T21:31:08+00:00\",\"dateModified\":\"2025-10-14T21:43:24+00:00\",\"description\":\"Descubra como a bioac\u00fastica ajuda a proteger os ecossistemas marinhos ao monitorar os sons da Terra.\",\"breadcrumb\":{\"@id\":\"https:\/\/www.funiber.blog\/pt\/meio-ambiente\/2025\/12\/11\/ouvir-sons-terra-conservacao-ambiental#breadcrumb\"},\"inLanguage\":\"pt-BR\",\"potentialAction\":[{\"@type\":\"ReadAction\",\"target\":[\"https:\/\/www.funiber.blog\/pt\/meio-ambiente\/2025\/12\/11\/ouvir-sons-terra-conservacao-ambiental\"]}]},{\"@type\":\"BreadcrumbList\",\"@id\":\"https:\/\/www.funiber.blog\/pt\/meio-ambiente\/2025\/12\/11\/ouvir-sons-terra-conservacao-ambiental#breadcrumb\",\"itemListElement\":[{\"@type\":\"ListItem\",\"position\":1,\"name\":\"In\u00edcio\",\"item\":\"https:\/\/blogs.funiber.org\/pt\"},{\"@type\":\"ListItem\",\"position\":2,\"name\":\"Ouvir os sons da Terra: uma ferramenta fundamental para a conserva\u00e7\u00e3o ambiental\"}]},{\"@type\":\"WebSite\",\"@id\":\"https:\/\/blogs.funiber.org\/pt\/#website\",\"url\":\"https:\/\/blogs.funiber.org\/pt\/\",\"name\":\"FuniBlogs - FUNIBER\",\"description\":\"\",\"publisher\":{\"@id\":\"https:\/\/blogs.funiber.org\/pt\/#organization\"},\"potentialAction\":[{\"@type\":\"SearchAction\",\"target\":{\"@type\":\"EntryPoint\",\"urlTemplate\":\"https:\/\/blogs.funiber.org\/pt\/?s={search_term_string}\"},\"query-input\":\"required name=search_term_string\"}],\"inLanguage\":\"pt-BR\"},{\"@type\":\"Organization\",\"@id\":\"https:\/\/blogs.funiber.org\/pt\/#organization\",\"name\":\"FuniBlogs - FUNIBER\",\"url\":\"https:\/\/blogs.funiber.org\/pt\/\",\"logo\":{\"@type\":\"ImageObject\",\"inLanguage\":\"pt-BR\",\"@id\":\"https:\/\/blogs.funiber.org\/pt\/#\/schema\/logo\/image\/\",\"url\":\"https:\/\/www.funiber.blog\/pt\/wp-content\/uploads\/2022\/02\/logo-funiber-pt-br-v-dos.svg\",\"contentUrl\":\"https:\/\/www.funiber.blog\/pt\/wp-content\/uploads\/2022\/02\/logo-funiber-pt-br-v-dos.svg\",\"width\":1,\"height\":1,\"caption\":\"FuniBlogs - FUNIBER\"},\"image\":{\"@id\":\"https:\/\/blogs.funiber.org\/pt\/#\/schema\/logo\/image\/\"},\"sameAs\":[\"https:\/\/www.facebook.com\/funiber\",\"https:\/\/twitter.com\/FUNIBER\",\"https:\/\/www.instagram.com\/funiber_becas\",\"https:\/\/www.youtube.com\/user\/funiber\",\"https:\/\/www.linkedin.com\/company\/funiber\"]},{\"@type\":\"Person\",\"@id\":\"https:\/\/blogs.funiber.org\/pt\/#\/schema\/person\/b677abb5cf2a95713b98e17c31742c09\",\"name\":\"Contenido GT2\",\"image\":{\"@type\":\"ImageObject\",\"inLanguage\":\"pt-BR\",\"@id\":\"https:\/\/blogs.funiber.org\/pt\/#\/schema\/person\/image\/\",\"url\":\"https:\/\/secure.gravatar.com\/avatar\/b5a02967a8912eb95241dfff01da0fab?s=96&d=mm&r=g\",\"contentUrl\":\"https:\/\/secure.gravatar.com\/avatar\/b5a02967a8912eb95241dfff01da0fab?s=96&d=mm&r=g\",\"caption\":\"Contenido GT2\"},\"url\":\"https:\/\/www.funiber.blog\/pt\/author\/contenido-gt2\"}]}<\/script>\n<!-- \/ Yoast SEO plugin. -->","yoast_head_json":{"title":"Ouvir os sons da Terra: uma ferramenta fundamental para a conserva\u00e7\u00e3o ambiental - FuniBlogs - FUNIBER","description":"Descubra como a bioac\u00fastica ajuda a proteger os ecossistemas marinhos ao monitorar os sons da Terra.","robots":{"index":"index","follow":"follow","max-snippet":"max-snippet:-1","max-image-preview":"max-image-preview:large","max-video-preview":"max-video-preview:-1"},"canonical":"https:\/\/www.funiber.blog\/pt\/meio-ambiente\/2025\/12\/11\/ouvir-sons-terra-conservacao-ambiental","og_locale":"pt_BR","og_type":"article","og_title":"Ouvir os sons da Terra: uma ferramenta fundamental para a conserva\u00e7\u00e3o ambiental - FuniBlogs - FUNIBER","og_description":"Descubra como a bioac\u00fastica ajuda a proteger os ecossistemas marinhos ao monitorar os sons da Terra.","og_url":"https:\/\/www.funiber.blog\/pt\/meio-ambiente\/2025\/12\/11\/ouvir-sons-terra-conservacao-ambiental","og_site_name":"FuniBlogs - FUNIBER","article_publisher":"https:\/\/www.facebook.com\/funiber","article_published_time":"2025-12-11T21:31:08+00:00","article_modified_time":"2025-10-14T21:43:24+00:00","og_image":[{"width":600,"height":399,"url":"https:\/\/www.funiber.blog\/pt\/wp-content\/uploads\/2025\/10\/gettyimages-dosbill\u00f3nunociensetenta-mill\u00f3ndosciennuevemilcincociencincuenta-dos-copia.jpg","type":"image\/jpeg"}],"author":"Contenido GT2","twitter_card":"summary_large_image","twitter_creator":"@FUNIBER","twitter_site":"@FUNIBER","twitter_misc":{"Escrito por":"Contenido GT2","Est. tempo de leitura":"3 minutos"},"schema":{"@context":"https:\/\/schema.org","@graph":[{"@type":"Article","@id":"https:\/\/www.funiber.blog\/pt\/meio-ambiente\/2025\/12\/11\/ouvir-sons-terra-conservacao-ambiental#article","isPartOf":{"@id":"https:\/\/www.funiber.blog\/pt\/meio-ambiente\/2025\/12\/11\/ouvir-sons-terra-conservacao-ambiental"},"author":{"name":"Contenido GT2","@id":"https:\/\/blogs.funiber.org\/pt\/#\/schema\/person\/b677abb5cf2a95713b98e17c31742c09"},"headline":"Ouvir os sons da Terra: uma ferramenta fundamental para a conserva\u00e7\u00e3o ambiental","datePublished":"2025-12-11T21:31:08+00:00","dateModified":"2025-10-14T21:43:24+00:00","mainEntityOfPage":{"@id":"https:\/\/www.funiber.blog\/pt\/meio-ambiente\/2025\/12\/11\/ouvir-sons-terra-conservacao-ambiental"},"wordCount":353,"publisher":{"@id":"https:\/\/blogs.funiber.org\/pt\/#organization"},"keywords":["bioac\u00fastica","ci\u00eancia aplicada","comunica\u00e7\u00e3o animal","conserva\u00e7\u00e3o marinha","ecossistemas aqu\u00e1ticos","educa\u00e7\u00e3o ambiental","Meio Ambiente","pesquisa cient\u00edfica","prote\u00e7\u00e3o da natureza","ru\u00eddo antropog\u00eanico","Sustentabilidade","tecnologia ambiental"],"articleSection":["Meio Ambiente"],"inLanguage":"pt-BR"},{"@type":"WebPage","@id":"https:\/\/www.funiber.blog\/pt\/meio-ambiente\/2025\/12\/11\/ouvir-sons-terra-conservacao-ambiental","url":"https:\/\/www.funiber.blog\/pt\/meio-ambiente\/2025\/12\/11\/ouvir-sons-terra-conservacao-ambiental","name":"Ouvir os sons da Terra: uma ferramenta fundamental para a conserva\u00e7\u00e3o ambiental - FuniBlogs - FUNIBER","isPartOf":{"@id":"https:\/\/blogs.funiber.org\/pt\/#website"},"datePublished":"2025-12-11T21:31:08+00:00","dateModified":"2025-10-14T21:43:24+00:00","description":"Descubra como a bioac\u00fastica ajuda a proteger os ecossistemas marinhos ao monitorar os sons da Terra.","breadcrumb":{"@id":"https:\/\/www.funiber.blog\/pt\/meio-ambiente\/2025\/12\/11\/ouvir-sons-terra-conservacao-ambiental#breadcrumb"},"inLanguage":"pt-BR","potentialAction":[{"@type":"ReadAction","target":["https:\/\/www.funiber.blog\/pt\/meio-ambiente\/2025\/12\/11\/ouvir-sons-terra-conservacao-ambiental"]}]},{"@type":"BreadcrumbList","@id":"https:\/\/www.funiber.blog\/pt\/meio-ambiente\/2025\/12\/11\/ouvir-sons-terra-conservacao-ambiental#breadcrumb","itemListElement":[{"@type":"ListItem","position":1,"name":"In\u00edcio","item":"https:\/\/blogs.funiber.org\/pt"},{"@type":"ListItem","position":2,"name":"Ouvir os sons da Terra: uma ferramenta fundamental para a conserva\u00e7\u00e3o ambiental"}]},{"@type":"WebSite","@id":"https:\/\/blogs.funiber.org\/pt\/#website","url":"https:\/\/blogs.funiber.org\/pt\/","name":"FuniBlogs - FUNIBER","description":"","publisher":{"@id":"https:\/\/blogs.funiber.org\/pt\/#organization"},"potentialAction":[{"@type":"SearchAction","target":{"@type":"EntryPoint","urlTemplate":"https:\/\/blogs.funiber.org\/pt\/?s={search_term_string}"},"query-input":"required name=search_term_string"}],"inLanguage":"pt-BR"},{"@type":"Organization","@id":"https:\/\/blogs.funiber.org\/pt\/#organization","name":"FuniBlogs - FUNIBER","url":"https:\/\/blogs.funiber.org\/pt\/","logo":{"@type":"ImageObject","inLanguage":"pt-BR","@id":"https:\/\/blogs.funiber.org\/pt\/#\/schema\/logo\/image\/","url":"https:\/\/www.funiber.blog\/pt\/wp-content\/uploads\/2022\/02\/logo-funiber-pt-br-v-dos.svg","contentUrl":"https:\/\/www.funiber.blog\/pt\/wp-content\/uploads\/2022\/02\/logo-funiber-pt-br-v-dos.svg","width":1,"height":1,"caption":"FuniBlogs - FUNIBER"},"image":{"@id":"https:\/\/blogs.funiber.org\/pt\/#\/schema\/logo\/image\/"},"sameAs":["https:\/\/www.facebook.com\/funiber","https:\/\/twitter.com\/FUNIBER","https:\/\/www.instagram.com\/funiber_becas","https:\/\/www.youtube.com\/user\/funiber","https:\/\/www.linkedin.com\/company\/funiber"]},{"@type":"Person","@id":"https:\/\/blogs.funiber.org\/pt\/#\/schema\/person\/b677abb5cf2a95713b98e17c31742c09","name":"Contenido GT2","image":{"@type":"ImageObject","inLanguage":"pt-BR","@id":"https:\/\/blogs.funiber.org\/pt\/#\/schema\/person\/image\/","url":"https:\/\/secure.gravatar.com\/avatar\/b5a02967a8912eb95241dfff01da0fab?s=96&d=mm&r=g","contentUrl":"https:\/\/secure.gravatar.com\/avatar\/b5a02967a8912eb95241dfff01da0fab?s=96&d=mm&r=g","caption":"Contenido GT2"},"url":"https:\/\/www.funiber.blog\/pt\/author\/contenido-gt2"}]}},"jetpack_featured_media_url":"https:\/\/www.funiber.blog\/pt\/wp-content\/uploads\/2025\/10\/gettyimages-dosbill\u00f3nunociensetenta-mill\u00f3ndosciennuevemilcincociencincuenta-dos-copia.jpg","jetpack_shortlink":"https:\/\/wp.me\/p7ee1t-8mG","jetpack_sharing_enabled":true,"_links":{"self":[{"href":"https:\/\/www.funiber.blog\/pt\/wp-json\/wp\/v2\/posts\/32158"}],"collection":[{"href":"https:\/\/www.funiber.blog\/pt\/wp-json\/wp\/v2\/posts"}],"about":[{"href":"https:\/\/www.funiber.blog\/pt\/wp-json\/wp\/v2\/types\/post"}],"author":[{"embeddable":true,"href":"https:\/\/www.funiber.blog\/pt\/wp-json\/wp\/v2\/users\/33"}],"replies":[{"embeddable":true,"href":"https:\/\/www.funiber.blog\/pt\/wp-json\/wp\/v2\/comments?post=32158"}],"version-history":[{"count":1,"href":"https:\/\/www.funiber.blog\/pt\/wp-json\/wp\/v2\/posts\/32158\/revisions"}],"predecessor-version":[{"id":32161,"href":"https:\/\/www.funiber.blog\/pt\/wp-json\/wp\/v2\/posts\/32158\/revisions\/32161"}],"wp:featuredmedia":[{"embeddable":true,"href":"https:\/\/www.funiber.blog\/pt\/wp-json\/wp\/v2\/media\/32159"}],"wp:attachment":[{"href":"https:\/\/www.funiber.blog\/pt\/wp-json\/wp\/v2\/media?parent=32158"}],"wp:term":[{"taxonomy":"category","embeddable":true,"href":"https:\/\/www.funiber.blog\/pt\/wp-json\/wp\/v2\/categories?post=32158"},{"taxonomy":"post_tag","embeddable":true,"href":"https:\/\/www.funiber.blog\/pt\/wp-json\/wp\/v2\/tags?post=32158"}],"curies":[{"name":"wp","href":"https:\/\/api.w.org\/{rel}","templated":true}]}}