{"id":32204,"date":"2025-12-11T05:48:01","date_gmt":"2025-12-11T10:48:01","guid":{"rendered":"https:\/\/www.funiber.blog\/pt\/?p=32204"},"modified":"2025-12-12T08:00:41","modified_gmt":"2025-12-12T13:00:41","slug":"o-impacto-ambiental-dos-centros-de-dados-de-inteligencia-artificial-desafios-e-oportunidades","status":"publish","type":"post","link":"https:\/\/www.funiber.blog\/pt\/tecnologias-tic\/2025\/12\/11\/o-impacto-ambiental-dos-centros-de-dados-de-inteligencia-artificial-desafios-e-oportunidades","title":{"rendered":"O impacto ambiental dos centros de dados de intelig\u00eancia artificial: desafios e oportunidades"},"content":{"rendered":"\n<p><\/p>\n\n\n\n<p>A r\u00e1pida expans\u00e3o da intelig\u00eancia artificial est\u00e1 a impulsionar a constru\u00e7\u00e3o de enormes centros de dados em todo o mundo. Estas infraestruturas, essenciais para treinar e operar modelos avan\u00e7ados, consomem quantidades crescentes de energia e \u00e1gua e levantam s\u00e9rias d\u00favidas sobre a sua sustentabilidade ambiental. O recente apelo das Na\u00e7\u00f5es Unidas para travar a expans\u00e3o descontrolada destes centros colocou em destaque um problema que j\u00e1 n\u00e3o \u00e9 apenas tecnol\u00f3gico, mas tamb\u00e9m clim\u00e1tico, regulat\u00f3rio e social. Compreender o impacto ambiental da IA \u00e9 fundamental para conceber pol\u00edticas p\u00fablicas, estrat\u00e9gias empresariais e modelos de desenvolvimento que integrem a inova\u00e7\u00e3o digital com a prote\u00e7\u00e3o do planeta.<\/p>\n\n\n\n<h2 class=\"wp-block-heading\">Centros de dados e intelig\u00eancia artificial: por que consomem tanto<\/h2>\n\n\n\n<p>Os centros de dados que alimentam a intelig\u00eancia artificial diferem das infraestruturas digitais tradicionais pela intensidade das suas cargas de trabalho. O treinamento e a execu\u00e7\u00e3o de modelos de IA generativa e de aprendizagem profunda requerem milh\u00f5es de opera\u00e7\u00f5es por segundo, executadas em unidades de processamento gr\u00e1fico e chips especializados que funcionam continuamente. Essa exig\u00eancia computacional se traduz em um consumo el\u00e9trico muito superior ao das aplica\u00e7\u00f5es digitais convencionais, tanto para alimentar os equipamentos quanto para refriger\u00e1-los.<\/p>\n\n\n\n<p>A concentra\u00e7\u00e3o de servidores em grandes instala\u00e7\u00f5es, projetadas para operar 24 horas por dia, multiplica a demanda energ\u00e9tica em regi\u00f5es espec\u00edficas e gera picos de consumo que podem sobrecarregar as redes el\u00e9tricas locais. Al\u00e9m disso, a necessidade de manter temperaturas est\u00e1veis obriga \u00e0 implanta\u00e7\u00e3o de sistemas de refrigera\u00e7\u00e3o intensivos, que em muitos casos ainda dependem de tecnologias pouco eficientes. A combina\u00e7\u00e3o de pot\u00eancia de c\u00e1lculo, opera\u00e7\u00e3o cont\u00ednua e necessidades de refrigera\u00e7\u00e3o torna estes centros em infraestruturas cr\u00edticas do ponto de vista energ\u00e9tico.<\/p>\n\n\n\n<h2 class=\"wp-block-heading\">\u00c1gua, energia e pegada de carbono da IA<\/h2>\n\n\n\n<p>O impacto ambiental dos centros de dados de IA manifesta-se de forma especialmente vis\u00edvel em duas dimens\u00f5es: o consumo de \u00e1gua e a pegada de carbono. Muitos sistemas de refrigera\u00e7\u00e3o utilizam \u00e1gua para dissipar o calor gerado pelos servidores, o que implica extrair grandes volumes de fontes locais. Em regi\u00f5es com escassez de \u00e1gua, a instala\u00e7\u00e3o de centros de dados pode agravar a competi\u00e7\u00e3o por um recurso j\u00e1 limitado, afetando comunidades, agricultura e ecossistemas. O debate intensifica-se quando estas infraestruturas est\u00e3o localizadas em zonas onde as secas s\u00e3o recorrentes.<\/p>\n\n\n\n<p>A pegada de carbono depende, em grande medida, da mistura energ\u00e9tica utilizada para alimentar os centros. Quando a eletricidade prov\u00e9m de combust\u00edveis f\u00f3sseis, o funcionamento da IA contribui significativamente para as emiss\u00f5es de gases com efeito de estufa. Estudos recentes mostraram que o treino de modelos de grande dimens\u00e3o pode gerar emiss\u00f5es compar\u00e1veis \u00e0s de milhares de voos de longa dist\u00e2ncia, o que despertou a preocupa\u00e7\u00e3o de organismos internacionais e organiza\u00e7\u00f5es ambientais. A combina\u00e7\u00e3o do uso intensivo de energia e \u00e1gua coloca a IA no centro do debate sobre a compatibilidade entre a transforma\u00e7\u00e3o digital e os objetivos clim\u00e1ticos.<\/p>\n\n\n\n<h2 class=\"wp-block-heading\">A advert\u00eancia das Na\u00e7\u00f5es Unidas e o debate regulat\u00f3rio<\/h2>\n\n\n\n<p>A Organiza\u00e7\u00e3o das Na\u00e7\u00f5es Unidas pediu para frear a expans\u00e3o indiscriminada dos centros de dados que alimentam a IA, ressaltando a necessidade de avaliar seus impactos antes de autorizar novas instala\u00e7\u00f5es. Este apelo n\u00e3o pretende travar o avan\u00e7o tecnol\u00f3gico, mas exigir que o planeamento das infraestruturas digitais incorpore crit\u00e9rios ambientais, sociais e de governa\u00e7\u00e3o mais rigorosos. A preocupa\u00e7\u00e3o centra-se na velocidade de implanta\u00e7\u00e3o, que em muitos casos excede a capacidade dos quadros regulat\u00f3rios atuais para avaliar riscos e estabelecer limites claros.<\/p>\n\n\n\n<p>O debate regulat\u00f3rio est\u00e1 a passar da mera prote\u00e7\u00e3o de dados e \u00e9tica algor\u00edtmica para uma vis\u00e3o mais ampla que inclui o consumo de recursos naturais e as emiss\u00f5es associadas \u00e0 IA. Alguns pa\u00edses e regi\u00f5es est\u00e3o a come\u00e7ar a exigir relat\u00f3rios de impacto ambiental espec\u00edficos para centros de dados, bem como requisitos de efici\u00eancia energ\u00e9tica e uso de energias renov\u00e1veis. Ao colocar o tema na agenda global, a ONU promove a coordena\u00e7\u00e3o entre governos, empresas de tecnologia e sociedade civil para evitar que a infraestrutura de IA se torne um novo fator de desequil\u00edbrio ambiental e territorial.<\/p>\n\n\n\n<h2 class=\"wp-block-heading\">Localiza\u00e7\u00e3o, planeamento urbano e justi\u00e7a ambiental<\/h2>\n\n\n\n<p>A localiza\u00e7\u00e3o dos centros de dados de IA n\u00e3o \u00e9 uma quest\u00e3o neutra do ponto de vista social e ambiental. Muitas dessas infraestruturas s\u00e3o instaladas em \u00e1reas com energia relativamente barata, disponibilidade de solo e marcos regulat\u00f3rios flex\u00edveis, o que pode gerar desequil\u00edbrios entre os benef\u00edcios econ\u00f3micos e os custos ambientais assumidos pelas comunidades locais. O uso intensivo de \u00e1gua em regi\u00f5es com estresse h\u00eddrico ou o aumento da demanda el\u00e9trica em redes j\u00e1 sobrecarregadas s\u00e3o exemplos de impactos que nem sempre s\u00e3o distribu\u00eddos de forma equitativa.<\/p>\n\n\n\n<p>O planeamento urbano e territorial deve integrar a implanta\u00e7\u00e3o de centros de dados como parte de uma estrat\u00e9gia mais ampla de desenvolvimento sustent\u00e1vel. Isso implica avaliar a capacidade das bacias hidrogr\u00e1ficas, a resili\u00eancia das redes el\u00e9tricas, a proximidade de \u00e1reas residenciais e a compatibilidade com outros usos do solo. Requer tamb\u00e9m mecanismos de participa\u00e7\u00e3o cidad\u00e3 que permitam \u00e0s comunidades conhecer, debater e, se for o caso, influenciar as decis\u00f5es sobre a instala\u00e7\u00e3o dessas infraestruturas. A justi\u00e7a ambiental torna-se um componente fundamental quando a inova\u00e7\u00e3o tecnol\u00f3gica se traduz em cargas desproporcionais para determinados territ\u00f3rios.<\/p>\n\n\n\n<h2 class=\"wp-block-heading\">Inova\u00e7\u00e3o tecnol\u00f3gica para centros de dados mais sustent\u00e1veis<\/h2>\n\n\n\n<p>Perante os avisos e preocupa\u00e7\u00f5es, a ind\u00fastria tecnol\u00f3gica e o setor energ\u00e9tico est\u00e3o a desenvolver solu\u00e7\u00f5es para reduzir o impacto ambiental dos centros de dados de IA. Uma das linhas mais relevantes \u00e9 a melhoria da efici\u00eancia energ\u00e9tica dos equipamentos e a otimiza\u00e7\u00e3o da utiliza\u00e7\u00e3o dos recursos atrav\u00e9s de algoritmos de gest\u00e3o inteligente. A consolida\u00e7\u00e3o de cargas de trabalho, a virtualiza\u00e7\u00e3o e o uso de hardware especializado permitem reduzir o consumo por unidade de c\u00e1lculo, embora o crescimento global da demanda continue sendo um desafio.<\/p>\n\n\n\n<p>Outra via fundamental \u00e9 a integra\u00e7\u00e3o de energias renov\u00e1veis no fornecimento el\u00e9trico dos centros de dados, bem como o uso de sistemas de armazenamento que permitam gerenciar a intermit\u00eancia de fontes como a solar e a e\u00f3lica. Algumas empresas est\u00e3o a experimentar locais em climas frios para reduzir a necessidade de refrigera\u00e7\u00e3o ou tecnologias de refrigera\u00e7\u00e3o l\u00edquida e por imers\u00e3o que consomem menos \u00e1gua. Tamb\u00e9m est\u00e3o a ser explorados modelos de economia circular para reutilizar o calor residual em redes de aquecimento urbano e minimizar o desperd\u00edcio de equipamentos. A sustentabilidade da IA depende, em grande medida, da ado\u00e7\u00e3o massiva dessas inova\u00e7\u00f5es.<\/p>\n\n\n\n<h2 class=\"wp-block-heading\">Governan\u00e7a global e responsabilidade partilhada<\/h2>\n\n\n\n<p>O impacto ambiental da IA n\u00e3o pode ser abordado apenas da perspectiva das empresas de tecnologia ou dos pa\u00edses onde os centros de dados est\u00e3o localizados. Trata-se de um problema global, ligado a cadeias de valor transnacionais e a servi\u00e7os digitais consumidos em todo o mundo. A governan\u00e7a da infraestrutura de IA requer estruturas multilaterais que harmonizem padr\u00f5es ambientais, incentivem boas pr\u00e1ticas e evitem a concorr\u00eancia descendente em regulamenta\u00e7\u00f5es para atrair investimentos.<\/p>\n\n\n\n<p>A responsabilidade tamb\u00e9m recai sobre os utilizadores institucionais e corporativos de IA, que podem exigir transpar\u00eancia sobre a pegada de carbono dos servi\u00e7os que contratam e priorizar fornecedores comprometidos com objetivos clim\u00e1ticos verific\u00e1veis. A ado\u00e7\u00e3o de m\u00e9tricas padronizadas para medir o impacto ambiental de modelos e servi\u00e7os de IA facilitaria a compara\u00e7\u00e3o e permitiria integrar esses crit\u00e9rios nas decis\u00f5es de compra e design. A combina\u00e7\u00e3o de regulamenta\u00e7\u00e3o, autorregula\u00e7\u00e3o setorial e press\u00e3o social pode orientar o desenvolvimento da IA para trajet\u00f3rias mais compat\u00edveis com os limites planet\u00e1rios.<\/p>\n\n\n\n<h2 class=\"wp-block-heading\">Forma\u00e7\u00e3o especializada para uma transforma\u00e7\u00e3o digital sustent\u00e1vel<\/h2>\n\n\n\n<p>A tens\u00e3o entre o avan\u00e7o acelerado da intelig\u00eancia artificial e a necessidade de preservar o ambiente evidencia a import\u00e2ncia de contar com profissionais capazes de integrar a dimens\u00e3o tecnol\u00f3gica com a estrat\u00e9gica e a ambiental. O design, a gest\u00e3o e a auditoria de infraestruturas digitais, como os centros de dados de IA, exigem compet\u00eancias em transforma\u00e7\u00e3o digital, an\u00e1lise de dados, gest\u00e3o energ\u00e9tica e sustentabilidade. Neste contexto, programas acad\u00e9micos como o <a href=\"https:\/\/www.funiber.org\/maestria-en-transformacion-digital\">Mestrado em Transforma\u00e7\u00e3o Digital<\/a> oferecido pela FUNIBER proporcionam uma forma\u00e7\u00e3o integral para liderar projetos tecnol\u00f3gicos que considerem n\u00e3o s\u00f3 a efici\u00eancia e a inova\u00e7\u00e3o, mas tamb\u00e9m a responsabilidade ambiental e social. Atrav\u00e9s deste tipo de estudos, \u00e9 poss\u00edvel formar profissionais capazes de responder aos desafios colocados pelos centros de dados de IA e contribuir para uma transforma\u00e7\u00e3o digital alinhada com os objetivos de desenvolvimento sustent\u00e1vel.<\/p>\n\n\n\n<h4 class=\"wp-block-heading\"><\/h4>\n\n\n\n<p><\/p>\n","protected":false},"excerpt":{"rendered":"<p>A r\u00e1pida expans\u00e3o da intelig\u00eancia artificial est\u00e1 a impulsionar a constru\u00e7\u00e3o de enormes centros de dados em todo o mundo. Estas infraestruturas, essenciais para treinar e operar modelos avan\u00e7ados, consomem quantidades crescentes de energia e \u00e1gua e levantam s\u00e9rias d\u00favidas sobre a sua sustentabilidade ambiental. O recente apelo das Na\u00e7\u00f5es Unidas para travar a expans\u00e3o [&hellip;]<\/p>\n","protected":false},"author":46,"featured_media":32205,"comment_status":"closed","ping_status":"closed","sticky":false,"template":"","format":"standard","meta":{"jetpack_post_was_ever_published":false,"_jetpack_newsletter_access":"","_jetpack_newsletter_tier_id":0,"footnotes":"","jetpack_publicize_message":"","jetpack_is_tweetstorm":false,"jetpack_publicize_feature_enabled":true,"jetpack_social_post_already_shared":true,"jetpack_social_options":{"image_generator_settings":{"template":"highway","enabled":false}}},"categories":[6],"tags":[5095,1111,2971,3229,609,10992,372,8055,10991,9287],"jetpack_publicize_connections":[],"yoast_head":"<!-- This site is optimized with the Yoast SEO plugin v21.7 - https:\/\/yoast.com\/wordpress\/plugins\/seo\/ -->\n<title>O impacto ambiental dos centros de dados de intelig\u00eancia artificial: desafios e oportunidades - FuniBlogs - FUNIBER<\/title>\n<meta name=\"robots\" content=\"index, follow, max-snippet:-1, max-image-preview:large, max-video-preview:-1\" \/>\n<link rel=\"canonical\" href=\"https:\/\/www.funiber.blog\/pt\/tecnologias-tic\/2025\/12\/11\/o-impacto-ambiental-dos-centros-de-dados-de-inteligencia-artificial-desafios-e-oportunidades\" \/>\n<meta property=\"og:locale\" content=\"pt_BR\" \/>\n<meta property=\"og:type\" content=\"article\" \/>\n<meta property=\"og:title\" content=\"O impacto ambiental dos centros de dados de intelig\u00eancia artificial: desafios e oportunidades - FuniBlogs - FUNIBER\" \/>\n<meta property=\"og:description\" content=\"A r\u00e1pida expans\u00e3o da intelig\u00eancia artificial est\u00e1 a impulsionar a constru\u00e7\u00e3o de enormes centros de dados em todo o mundo. Estas infraestruturas, essenciais para treinar e operar modelos avan\u00e7ados, consomem quantidades crescentes de energia e \u00e1gua e levantam s\u00e9rias d\u00favidas sobre a sua sustentabilidade ambiental. O recente apelo das Na\u00e7\u00f5es Unidas para travar a expans\u00e3o [&hellip;]\" \/>\n<meta property=\"og:url\" content=\"https:\/\/www.funiber.blog\/pt\/tecnologias-tic\/2025\/12\/11\/o-impacto-ambiental-dos-centros-de-dados-de-inteligencia-artificial-desafios-e-oportunidades\" \/>\n<meta property=\"og:site_name\" content=\"FuniBlogs - FUNIBER\" \/>\n<meta property=\"article:publisher\" content=\"https:\/\/www.facebook.com\/funiber\" \/>\n<meta property=\"article:published_time\" content=\"2025-12-11T10:48:01+00:00\" \/>\n<meta property=\"article:modified_time\" content=\"2025-12-12T13:00:41+00:00\" \/>\n<meta property=\"og:image\" content=\"https:\/\/www.funiber.blog\/pt\/wp-content\/uploads\/2025\/12\/gettyimages-seisciencuarenta-mill\u00f3nunocienochenta-cincomilcuatrocienveinte--seiscien-x-cuatrocien.webp\" \/>\n\t<meta property=\"og:image:width\" content=\"600\" \/>\n\t<meta property=\"og:image:height\" content=\"400\" \/>\n\t<meta property=\"og:image:type\" content=\"image\/webp\" \/>\n<meta name=\"author\" content=\"Lia Marzo\" \/>\n<meta name=\"twitter:card\" content=\"summary_large_image\" \/>\n<meta name=\"twitter:creator\" content=\"@FUNIBER\" \/>\n<meta name=\"twitter:site\" content=\"@FUNIBER\" \/>\n<meta name=\"twitter:label1\" content=\"Escrito por\" \/>\n\t<meta name=\"twitter:data1\" content=\"Lia Marzo\" \/>\n\t<meta name=\"twitter:label2\" content=\"Est. tempo de leitura\" \/>\n\t<meta name=\"twitter:data2\" content=\"8 minutos\" \/>\n<script type=\"application\/ld+json\" class=\"yoast-schema-graph\">{\"@context\":\"https:\/\/schema.org\",\"@graph\":[{\"@type\":\"Article\",\"@id\":\"https:\/\/www.funiber.blog\/pt\/tecnologias-tic\/2025\/12\/11\/o-impacto-ambiental-dos-centros-de-dados-de-inteligencia-artificial-desafios-e-oportunidades#article\",\"isPartOf\":{\"@id\":\"https:\/\/www.funiber.blog\/pt\/tecnologias-tic\/2025\/12\/11\/o-impacto-ambiental-dos-centros-de-dados-de-inteligencia-artificial-desafios-e-oportunidades\"},\"author\":{\"name\":\"Lia Marzo\",\"@id\":\"https:\/\/blogs.funiber.org\/pt\/#\/schema\/person\/884cb6650baecae66212900b70df665c\"},\"headline\":\"O impacto ambiental dos centros de dados de intelig\u00eancia artificial: desafios e oportunidades\",\"datePublished\":\"2025-12-11T10:48:01+00:00\",\"dateModified\":\"2025-12-12T13:00:41+00:00\",\"mainEntityOfPage\":{\"@id\":\"https:\/\/www.funiber.blog\/pt\/tecnologias-tic\/2025\/12\/11\/o-impacto-ambiental-dos-centros-de-dados-de-inteligencia-artificial-desafios-e-oportunidades\"},\"wordCount\":1567,\"publisher\":{\"@id\":\"https:\/\/blogs.funiber.org\/pt\/#organization\"},\"keywords\":[\"centros de dados\",\"Consumo energ\u00e9tico\",\"Energias Renov\u00e1veis\",\"impacto ambiental\",\"Intelig\u00eancia Artificial\",\"justi\u00e7a ambiental\",\"ONU\",\"pegada de carbono\",\"regula\u00e7\u00e3o tecnol\u00f3gica\",\"Sustentabilidade ambiental\"],\"articleSection\":[\"Tecnologias TIC\"],\"inLanguage\":\"pt-BR\"},{\"@type\":\"WebPage\",\"@id\":\"https:\/\/www.funiber.blog\/pt\/tecnologias-tic\/2025\/12\/11\/o-impacto-ambiental-dos-centros-de-dados-de-inteligencia-artificial-desafios-e-oportunidades\",\"url\":\"https:\/\/www.funiber.blog\/pt\/tecnologias-tic\/2025\/12\/11\/o-impacto-ambiental-dos-centros-de-dados-de-inteligencia-artificial-desafios-e-oportunidades\",\"name\":\"O impacto ambiental dos centros de dados de intelig\u00eancia artificial: desafios e oportunidades - FuniBlogs - FUNIBER\",\"isPartOf\":{\"@id\":\"https:\/\/blogs.funiber.org\/pt\/#website\"},\"datePublished\":\"2025-12-11T10:48:01+00:00\",\"dateModified\":\"2025-12-12T13:00:41+00:00\",\"breadcrumb\":{\"@id\":\"https:\/\/www.funiber.blog\/pt\/tecnologias-tic\/2025\/12\/11\/o-impacto-ambiental-dos-centros-de-dados-de-inteligencia-artificial-desafios-e-oportunidades#breadcrumb\"},\"inLanguage\":\"pt-BR\",\"potentialAction\":[{\"@type\":\"ReadAction\",\"target\":[\"https:\/\/www.funiber.blog\/pt\/tecnologias-tic\/2025\/12\/11\/o-impacto-ambiental-dos-centros-de-dados-de-inteligencia-artificial-desafios-e-oportunidades\"]}]},{\"@type\":\"BreadcrumbList\",\"@id\":\"https:\/\/www.funiber.blog\/pt\/tecnologias-tic\/2025\/12\/11\/o-impacto-ambiental-dos-centros-de-dados-de-inteligencia-artificial-desafios-e-oportunidades#breadcrumb\",\"itemListElement\":[{\"@type\":\"ListItem\",\"position\":1,\"name\":\"In\u00edcio\",\"item\":\"https:\/\/blogs.funiber.org\/pt\"},{\"@type\":\"ListItem\",\"position\":2,\"name\":\"O impacto ambiental dos centros de dados de intelig\u00eancia artificial: desafios e oportunidades\"}]},{\"@type\":\"WebSite\",\"@id\":\"https:\/\/blogs.funiber.org\/pt\/#website\",\"url\":\"https:\/\/blogs.funiber.org\/pt\/\",\"name\":\"FuniBlogs - FUNIBER\",\"description\":\"\",\"publisher\":{\"@id\":\"https:\/\/blogs.funiber.org\/pt\/#organization\"},\"potentialAction\":[{\"@type\":\"SearchAction\",\"target\":{\"@type\":\"EntryPoint\",\"urlTemplate\":\"https:\/\/blogs.funiber.org\/pt\/?s={search_term_string}\"},\"query-input\":\"required name=search_term_string\"}],\"inLanguage\":\"pt-BR\"},{\"@type\":\"Organization\",\"@id\":\"https:\/\/blogs.funiber.org\/pt\/#organization\",\"name\":\"FuniBlogs - FUNIBER\",\"url\":\"https:\/\/blogs.funiber.org\/pt\/\",\"logo\":{\"@type\":\"ImageObject\",\"inLanguage\":\"pt-BR\",\"@id\":\"https:\/\/blogs.funiber.org\/pt\/#\/schema\/logo\/image\/\",\"url\":\"https:\/\/www.funiber.blog\/pt\/wp-content\/uploads\/2022\/02\/logo-funiber-pt-br-v-dos.svg\",\"contentUrl\":\"https:\/\/www.funiber.blog\/pt\/wp-content\/uploads\/2022\/02\/logo-funiber-pt-br-v-dos.svg\",\"width\":1,\"height\":1,\"caption\":\"FuniBlogs - FUNIBER\"},\"image\":{\"@id\":\"https:\/\/blogs.funiber.org\/pt\/#\/schema\/logo\/image\/\"},\"sameAs\":[\"https:\/\/www.facebook.com\/funiber\",\"https:\/\/twitter.com\/FUNIBER\",\"https:\/\/www.instagram.com\/funiber_becas\",\"https:\/\/www.youtube.com\/user\/funiber\",\"https:\/\/www.linkedin.com\/company\/funiber\"]},{\"@type\":\"Person\",\"@id\":\"https:\/\/blogs.funiber.org\/pt\/#\/schema\/person\/884cb6650baecae66212900b70df665c\",\"name\":\"Lia Marzo\",\"image\":{\"@type\":\"ImageObject\",\"inLanguage\":\"pt-BR\",\"@id\":\"https:\/\/blogs.funiber.org\/pt\/#\/schema\/person\/image\/\",\"url\":\"https:\/\/secure.gravatar.com\/avatar\/4e6da8818e833bbe91d705fc4f22c774?s=96&d=mm&r=g\",\"contentUrl\":\"https:\/\/secure.gravatar.com\/avatar\/4e6da8818e833bbe91d705fc4f22c774?s=96&d=mm&r=g\",\"caption\":\"Lia Marzo\"},\"url\":\"https:\/\/www.funiber.blog\/pt\/author\/lia-marzo\"}]}<\/script>\n<!-- \/ Yoast SEO plugin. -->","yoast_head_json":{"title":"O impacto ambiental dos centros de dados de intelig\u00eancia artificial: desafios e oportunidades - FuniBlogs - FUNIBER","robots":{"index":"index","follow":"follow","max-snippet":"max-snippet:-1","max-image-preview":"max-image-preview:large","max-video-preview":"max-video-preview:-1"},"canonical":"https:\/\/www.funiber.blog\/pt\/tecnologias-tic\/2025\/12\/11\/o-impacto-ambiental-dos-centros-de-dados-de-inteligencia-artificial-desafios-e-oportunidades","og_locale":"pt_BR","og_type":"article","og_title":"O impacto ambiental dos centros de dados de intelig\u00eancia artificial: desafios e oportunidades - FuniBlogs - FUNIBER","og_description":"A r\u00e1pida expans\u00e3o da intelig\u00eancia artificial est\u00e1 a impulsionar a constru\u00e7\u00e3o de enormes centros de dados em todo o mundo. Estas infraestruturas, essenciais para treinar e operar modelos avan\u00e7ados, consomem quantidades crescentes de energia e \u00e1gua e levantam s\u00e9rias d\u00favidas sobre a sua sustentabilidade ambiental. O recente apelo das Na\u00e7\u00f5es Unidas para travar a expans\u00e3o [&hellip;]","og_url":"https:\/\/www.funiber.blog\/pt\/tecnologias-tic\/2025\/12\/11\/o-impacto-ambiental-dos-centros-de-dados-de-inteligencia-artificial-desafios-e-oportunidades","og_site_name":"FuniBlogs - FUNIBER","article_publisher":"https:\/\/www.facebook.com\/funiber","article_published_time":"2025-12-11T10:48:01+00:00","article_modified_time":"2025-12-12T13:00:41+00:00","og_image":[{"width":600,"height":400,"url":"https:\/\/www.funiber.blog\/pt\/wp-content\/uploads\/2025\/12\/gettyimages-seisciencuarenta-mill\u00f3nunocienochenta-cincomilcuatrocienveinte--seiscien-x-cuatrocien.webp","type":"image\/webp"}],"author":"Lia Marzo","twitter_card":"summary_large_image","twitter_creator":"@FUNIBER","twitter_site":"@FUNIBER","twitter_misc":{"Escrito por":"Lia Marzo","Est. tempo de leitura":"8 minutos"},"schema":{"@context":"https:\/\/schema.org","@graph":[{"@type":"Article","@id":"https:\/\/www.funiber.blog\/pt\/tecnologias-tic\/2025\/12\/11\/o-impacto-ambiental-dos-centros-de-dados-de-inteligencia-artificial-desafios-e-oportunidades#article","isPartOf":{"@id":"https:\/\/www.funiber.blog\/pt\/tecnologias-tic\/2025\/12\/11\/o-impacto-ambiental-dos-centros-de-dados-de-inteligencia-artificial-desafios-e-oportunidades"},"author":{"name":"Lia Marzo","@id":"https:\/\/blogs.funiber.org\/pt\/#\/schema\/person\/884cb6650baecae66212900b70df665c"},"headline":"O impacto ambiental dos centros de dados de intelig\u00eancia artificial: desafios e oportunidades","datePublished":"2025-12-11T10:48:01+00:00","dateModified":"2025-12-12T13:00:41+00:00","mainEntityOfPage":{"@id":"https:\/\/www.funiber.blog\/pt\/tecnologias-tic\/2025\/12\/11\/o-impacto-ambiental-dos-centros-de-dados-de-inteligencia-artificial-desafios-e-oportunidades"},"wordCount":1567,"publisher":{"@id":"https:\/\/blogs.funiber.org\/pt\/#organization"},"keywords":["centros de dados","Consumo energ\u00e9tico","Energias Renov\u00e1veis","impacto ambiental","Intelig\u00eancia Artificial","justi\u00e7a ambiental","ONU","pegada de carbono","regula\u00e7\u00e3o tecnol\u00f3gica","Sustentabilidade ambiental"],"articleSection":["Tecnologias TIC"],"inLanguage":"pt-BR"},{"@type":"WebPage","@id":"https:\/\/www.funiber.blog\/pt\/tecnologias-tic\/2025\/12\/11\/o-impacto-ambiental-dos-centros-de-dados-de-inteligencia-artificial-desafios-e-oportunidades","url":"https:\/\/www.funiber.blog\/pt\/tecnologias-tic\/2025\/12\/11\/o-impacto-ambiental-dos-centros-de-dados-de-inteligencia-artificial-desafios-e-oportunidades","name":"O impacto ambiental dos centros de dados de intelig\u00eancia artificial: desafios e oportunidades - FuniBlogs - FUNIBER","isPartOf":{"@id":"https:\/\/blogs.funiber.org\/pt\/#website"},"datePublished":"2025-12-11T10:48:01+00:00","dateModified":"2025-12-12T13:00:41+00:00","breadcrumb":{"@id":"https:\/\/www.funiber.blog\/pt\/tecnologias-tic\/2025\/12\/11\/o-impacto-ambiental-dos-centros-de-dados-de-inteligencia-artificial-desafios-e-oportunidades#breadcrumb"},"inLanguage":"pt-BR","potentialAction":[{"@type":"ReadAction","target":["https:\/\/www.funiber.blog\/pt\/tecnologias-tic\/2025\/12\/11\/o-impacto-ambiental-dos-centros-de-dados-de-inteligencia-artificial-desafios-e-oportunidades"]}]},{"@type":"BreadcrumbList","@id":"https:\/\/www.funiber.blog\/pt\/tecnologias-tic\/2025\/12\/11\/o-impacto-ambiental-dos-centros-de-dados-de-inteligencia-artificial-desafios-e-oportunidades#breadcrumb","itemListElement":[{"@type":"ListItem","position":1,"name":"In\u00edcio","item":"https:\/\/blogs.funiber.org\/pt"},{"@type":"ListItem","position":2,"name":"O impacto ambiental dos centros de dados de intelig\u00eancia artificial: desafios e oportunidades"}]},{"@type":"WebSite","@id":"https:\/\/blogs.funiber.org\/pt\/#website","url":"https:\/\/blogs.funiber.org\/pt\/","name":"FuniBlogs - FUNIBER","description":"","publisher":{"@id":"https:\/\/blogs.funiber.org\/pt\/#organization"},"potentialAction":[{"@type":"SearchAction","target":{"@type":"EntryPoint","urlTemplate":"https:\/\/blogs.funiber.org\/pt\/?s={search_term_string}"},"query-input":"required name=search_term_string"}],"inLanguage":"pt-BR"},{"@type":"Organization","@id":"https:\/\/blogs.funiber.org\/pt\/#organization","name":"FuniBlogs - FUNIBER","url":"https:\/\/blogs.funiber.org\/pt\/","logo":{"@type":"ImageObject","inLanguage":"pt-BR","@id":"https:\/\/blogs.funiber.org\/pt\/#\/schema\/logo\/image\/","url":"https:\/\/www.funiber.blog\/pt\/wp-content\/uploads\/2022\/02\/logo-funiber-pt-br-v-dos.svg","contentUrl":"https:\/\/www.funiber.blog\/pt\/wp-content\/uploads\/2022\/02\/logo-funiber-pt-br-v-dos.svg","width":1,"height":1,"caption":"FuniBlogs - FUNIBER"},"image":{"@id":"https:\/\/blogs.funiber.org\/pt\/#\/schema\/logo\/image\/"},"sameAs":["https:\/\/www.facebook.com\/funiber","https:\/\/twitter.com\/FUNIBER","https:\/\/www.instagram.com\/funiber_becas","https:\/\/www.youtube.com\/user\/funiber","https:\/\/www.linkedin.com\/company\/funiber"]},{"@type":"Person","@id":"https:\/\/blogs.funiber.org\/pt\/#\/schema\/person\/884cb6650baecae66212900b70df665c","name":"Lia Marzo","image":{"@type":"ImageObject","inLanguage":"pt-BR","@id":"https:\/\/blogs.funiber.org\/pt\/#\/schema\/person\/image\/","url":"https:\/\/secure.gravatar.com\/avatar\/4e6da8818e833bbe91d705fc4f22c774?s=96&d=mm&r=g","contentUrl":"https:\/\/secure.gravatar.com\/avatar\/4e6da8818e833bbe91d705fc4f22c774?s=96&d=mm&r=g","caption":"Lia Marzo"},"url":"https:\/\/www.funiber.blog\/pt\/author\/lia-marzo"}]}},"jetpack_featured_media_url":"https:\/\/www.funiber.blog\/pt\/wp-content\/uploads\/2025\/12\/gettyimages-seisciencuarenta-mill\u00f3nunocienochenta-cincomilcuatrocienveinte--seiscien-x-cuatrocien.webp","jetpack_shortlink":"https:\/\/wp.me\/p7ee1t-8nq","jetpack_sharing_enabled":true,"_links":{"self":[{"href":"https:\/\/www.funiber.blog\/pt\/wp-json\/wp\/v2\/posts\/32204"}],"collection":[{"href":"https:\/\/www.funiber.blog\/pt\/wp-json\/wp\/v2\/posts"}],"about":[{"href":"https:\/\/www.funiber.blog\/pt\/wp-json\/wp\/v2\/types\/post"}],"author":[{"embeddable":true,"href":"https:\/\/www.funiber.blog\/pt\/wp-json\/wp\/v2\/users\/46"}],"replies":[{"embeddable":true,"href":"https:\/\/www.funiber.blog\/pt\/wp-json\/wp\/v2\/comments?post=32204"}],"version-history":[{"count":1,"href":"https:\/\/www.funiber.blog\/pt\/wp-json\/wp\/v2\/posts\/32204\/revisions"}],"predecessor-version":[{"id":32208,"href":"https:\/\/www.funiber.blog\/pt\/wp-json\/wp\/v2\/posts\/32204\/revisions\/32208"}],"wp:featuredmedia":[{"embeddable":true,"href":"https:\/\/www.funiber.blog\/pt\/wp-json\/wp\/v2\/media\/32205"}],"wp:attachment":[{"href":"https:\/\/www.funiber.blog\/pt\/wp-json\/wp\/v2\/media?parent=32204"}],"wp:term":[{"taxonomy":"category","embeddable":true,"href":"https:\/\/www.funiber.blog\/pt\/wp-json\/wp\/v2\/categories?post=32204"},{"taxonomy":"post_tag","embeddable":true,"href":"https:\/\/www.funiber.blog\/pt\/wp-json\/wp\/v2\/tags?post=32204"}],"curies":[{"name":"wp","href":"https:\/\/api.w.org\/{rel}","templated":true}]}}