{"id":32261,"date":"2026-01-16T05:48:42","date_gmt":"2026-01-16T10:48:42","guid":{"rendered":"https:\/\/www.funiber.blog\/pt\/?p=32261"},"modified":"2026-01-27T05:57:41","modified_gmt":"2026-01-27T10:57:41","slug":"ondas-ocultas-na-groenlandia-uma-ameaca-silenciosa-para-o-nivel-do-mar","status":"publish","type":"post","link":"https:\/\/www.funiber.blog\/pt\/meio-ambiente\/2026\/01\/16\/ondas-ocultas-na-groenlandia-uma-ameaca-silenciosa-para-o-nivel-do-mar","title":{"rendered":"Ondas ocultas na Groenl\u00e2ndia: uma amea\u00e7a silenciosa para o n\u00edvel do mar"},"content":{"rendered":"\n<h2 class=\"wp-block-heading\"><strong>Um novo fator que acelera o derretimento da Groenl\u00e2ndia<\/strong><\/h2>\n\n\n\n<p>A camada de gelo da Groenl\u00e2ndia \u00e9 um dos pilares do sistema clim\u00e1tico terrestre. Ela cobre uma \u00e1rea aproximadamente 40 vezes maior que a Su\u00ed\u00e7a e armazena gelo suficiente para elevar o n\u00edvel do mar em cerca de sete metros se derreter completamente. Tradicionalmente, a aten\u00e7\u00e3o cient\u00edfica tem se concentrado no aumento da temperatura do ar e do oceano como motores do derretimento. No entanto, pesquisas recentes lideradas pela Universidade de Zurique e pela Universidade de Washington revelaram um mecanismo adicional e menos vis\u00edvel: ondas submarinas gigantescas que intensificam a perda de gelo muito mais rapidamente do que se pensava.<\/p>\n\n\n\n<p>Esta descoberta, publicada na revista Nature, mostra que o sistema de gelo da Groenl\u00e2ndia \u00e9 ainda mais fr\u00e1gil face ao aquecimento global do que os modelos anteriores indicavam, o que tem implica\u00e7\u00f5es diretas para a gest\u00e3o do risco costeiro e as pol\u00edticas clim\u00e1ticas \u00e0 escala global.<\/p>\n\n\n\n<h2 class=\"wp-block-heading\"><strong>O que acontece quando um iceberg se desprende<\/strong><\/h2>\n\n\n\n<p>O desprendimento de icebergs, conhecido como \u201ccalving\u201d, ocorre quando grandes blocos de gelo se separam da frente de uma geleira e caem no oceano. Esse processo \u00e9 uma das principais formas de perda de massa da camada de gelo da Groenl\u00e2ndia. Na geleira Eqalorutsit Kangilliit Sermiat, no sul da ilha, estima-se que cerca de 3,6 km\u00b3 de gelo sejam liberados no mar a cada ano, quase tr\u00eas vezes o volume anual da geleira do R\u00f3dano, na Su\u00ed\u00e7a.<\/p>\n\n\n\n<p>Quando um iceberg colide com a \u00e1gua, ele gera tsunamis superficiais que percorrem o fiorde e misturam as camadas superiores do oceano. Mas o novo estudo demonstra que o efeito mais importante n\u00e3o \u00e9 vis\u00edvel a olho nu. Sob a superf\u00edcie, s\u00e3o desencadeadas enormes ondas internas que se propagam entre camadas de \u00e1gua de diferente densidade e temperatura. Estas ondas podem atingir alturas compar\u00e1veis a arranha-c\u00e9us e persistir muito tempo depois de a superf\u00edcie parecer calma, mantendo um intenso processo de mistura no interior da coluna de \u00e1gua.<\/p>\n\n\n\n<h2 class=\"wp-block-heading\"><strong>Como as ondas internas ocultas foram detectadas<\/strong><\/h2>\n\n\n\n<p>Medir detalhadamente esses processos em fiordes cheios de icebergs \u00e9 extremamente complexo e perigoso. As observa\u00e7\u00f5es por sat\u00e9lite n\u00e3o permitem ver o que acontece debaixo d&#8217;\u00e1gua, e os instrumentos tradicionais enfrentam riscos constantes devido ao gelo em movimento e aos desprendimentos. Para superar essas limita\u00e7\u00f5es, a equipe internacional implantou uma tecnologia inovadora de fibra \u00f3ptica no fundo do mar.<\/p>\n\n\n\n<p>Os pesquisadores colocaram um cabo de fibra \u00f3ptica de dez quil\u00f4metros de comprimento a poucas centenas de metros da frente glacial, atrav\u00e9s do fiorde e sobre um fundo de cerca de 300 metros de profundidade. Por meio de uma t\u00e9cnica chamada \u201cDistributed Acoustic Sensing\u201d (DAS), eles usaram o cabo como uma rede cont\u00ednua de sensores capazes de registrar vibra\u00e7\u00f5es min\u00fasculas produzidas por rachaduras no gelo, blocos que caem, ondas oce\u00e2nicas e mudan\u00e7as de temperatura. Essa abordagem permitiu medir, pela primeira vez com grande detalhe, a variedade de ondas geradas ap\u00f3s o desprendimento de icebergs e quantificar seu efeito na mistura entre a \u00e1gua fria do degelo e a \u00e1gua mais quente do mar.<\/p>\n\n\n\n<h2 class=\"wp-block-heading\"><strong>O efeito multiplicador do degelo nas geleiras da Groenl\u00e2ndia<\/strong><\/h2>\n\n\n\n<p>O mecanismo identificado funciona como um \u201cmultiplicador de calving\u201d. A \u00e1gua do mar nos fiordes da Groenl\u00e2ndia costuma ser mais quente e densa do que a \u00e1gua do degelo proveniente da geleira. Quando as ondas internas se propagam, empurram a \u00e1gua quente para cima, at\u00e9 a base da frente vertical de gelo. Esse contato aumenta a eros\u00e3o induzida pelo mar e acelera o derretimento na zona submersa da geleira. Por sua vez, a perda de suporte na base favorece novos desprendimentos de icebergs, realimentando o ciclo.<\/p>\n\n\n\n<p>Este processo, dif\u00edcil de quantificar at\u00e9 agora, sugere que a intera\u00e7\u00e3o entre o gelo e o oceano est\u00e1 provocando uma perda de massa da camada de gelo da Groenl\u00e2ndia muito mais intensa do que refletiam os modelos clim\u00e1ticos. O estudo ressalta que o sistema \u00e9 extremamente sens\u00edvel ao aumento da temperatura e que pequenas varia\u00e7\u00f5es t\u00e9rmicas podem se traduzir em grandes aumentos no derretimento quando se consideram esses mecanismos ocultos.<\/p>\n\n\n\n<h2 class=\"wp-block-heading\"><strong>Implica\u00e7\u00f5es globais: n\u00edvel do mar e clima europeu<\/strong><\/h2>\n\n\n\n<p>O derretimento acelerado da Groenl\u00e2ndia n\u00e3o \u00e9 um fen\u00f4meno isolado. O aumento do n\u00edvel do mar associado amea\u00e7a infraestruturas costeiras, aqu\u00edferos e ecossistemas em todo o mundo. Al\u00e9m disso, os grandes volumes de \u00e1gua doce que s\u00e3o despejados no Atl\u00e2ntico Norte podem alterar correntes oce\u00e2nicas importantes, como a Circula\u00e7\u00e3o de Retorno do Atl\u00e2ntico, da qual faz parte a Corrente do Golfo. Mudan\u00e7as significativas nessa circula\u00e7\u00e3o teriam consequ\u00eancias profundas para o clima da Europa, incluindo altera\u00e7\u00f5es nos padr\u00f5es de temperatura, precipita\u00e7\u00e3o e eventos extremos.<\/p>\n\n\n\n<p>A investiga\u00e7\u00e3o na Gronel\u00e2ndia evidencia a necessidade de integrar melhor os processos f\u00edsico-oce\u00e2nicos nas estrat\u00e9gias de gest\u00e3o ambiental e nas pol\u00edticas de adapta\u00e7\u00e3o \u00e0s altera\u00e7\u00f5es clim\u00e1ticas. Compreender e monitorizar estes mecanismos \u00e9 essencial para antecipar cen\u00e1rios de risco e conceber respostas baseadas em evid\u00eancias cient\u00edficas s\u00f3lidas.<\/p>\n\n\n\n<p>Neste contexto, a forma\u00e7\u00e3o avan\u00e7ada em gest\u00e3o ambiental assume um papel estrat\u00e9gico.<\/p>\n\n\n\n<p>Programas como o<a href=\"https:\/\/www.funiber.org\/maestria-en-gestion-y-auditorias-ambientales\"> Mestrado em Gest\u00e3o e Auditorias Ambientais da FUNIBER<\/a> oferecem a profissionais e respons\u00e1veis por pol\u00edticas as ferramentas necess\u00e1rias para interpretar pesquisas de ponta como esta, avaliar suas implica\u00e7\u00f5es no planejamento territorial e clim\u00e1tico e projetar sistemas de gest\u00e3o que integrem a complexidade dos processos que afetam o gelo, os oceanos e os ecossistemas em escala global.<\/p>\n\n\n\n<p><strong>Fonte:<\/strong> Adaptado da Universidade de Zurique atrav\u00e9s do<a href=\"https:\/\/www.sciencedaily.com\/releases\/2025\/11\/251113071623.htm\"> ScienceDaily<\/a><\/p>\n","protected":false},"excerpt":{"rendered":"<p>Um novo fator que acelera o derretimento da Groenl\u00e2ndia A camada de gelo da Groenl\u00e2ndia \u00e9 um dos pilares do sistema clim\u00e1tico terrestre. Ela cobre uma \u00e1rea aproximadamente 40 vezes maior que a Su\u00ed\u00e7a e armazena gelo suficiente para elevar o n\u00edvel do mar em cerca de sete metros se derreter completamente. Tradicionalmente, a aten\u00e7\u00e3o [&hellip;]<\/p>\n","protected":false},"author":42,"featured_media":32262,"comment_status":"closed","ping_status":"closed","sticky":false,"template":"","format":"standard","meta":{"jetpack_post_was_ever_published":false,"_jetpack_newsletter_access":"","_jetpack_newsletter_tier_id":0,"footnotes":"","jetpack_publicize_message":"","jetpack_is_tweetstorm":false,"jetpack_publicize_feature_enabled":true,"jetpack_social_post_already_shared":true,"jetpack_social_options":{"image_generator_settings":{"template":"highway","enabled":false}}},"categories":[2],"tags":[7026,105,11022,11023,11024,248,2405,11026,2237,11025,11027,11028],"jetpack_publicize_connections":[],"yoast_head":"<!-- This site is optimized with the Yoast SEO plugin v21.7 - https:\/\/yoast.com\/wordpress\/plugins\/seo\/ -->\n<title>Ondas ocultas na Groenl\u00e2ndia: uma amea\u00e7a silenciosa para o n\u00edvel do mar - FuniBlogs - FUNIBER<\/title>\n<meta name=\"description\" content=\"Camada de gelo da Groenl\u00e2ndia \u00e9 um dos pilares do sistema clim\u00e1tico terrestre e armazena gelo suficiente para elevar o n\u00edvel do mar.\" \/>\n<meta name=\"robots\" content=\"index, follow, max-snippet:-1, max-image-preview:large, max-video-preview:-1\" \/>\n<link rel=\"canonical\" href=\"https:\/\/www.funiber.blog\/pt\/meio-ambiente\/2026\/01\/16\/ondas-ocultas-na-groenlandia-uma-ameaca-silenciosa-para-o-nivel-do-mar\" \/>\n<meta property=\"og:locale\" content=\"pt_BR\" \/>\n<meta property=\"og:type\" content=\"article\" \/>\n<meta property=\"og:title\" content=\"Ondas ocultas na Groenl\u00e2ndia: uma amea\u00e7a silenciosa para o n\u00edvel do mar - FuniBlogs - FUNIBER\" \/>\n<meta property=\"og:description\" content=\"Camada de gelo da Groenl\u00e2ndia \u00e9 um dos pilares do sistema clim\u00e1tico terrestre e armazena gelo suficiente para elevar o n\u00edvel do mar.\" \/>\n<meta property=\"og:url\" content=\"https:\/\/www.funiber.blog\/pt\/meio-ambiente\/2026\/01\/16\/ondas-ocultas-na-groenlandia-uma-ameaca-silenciosa-para-o-nivel-do-mar\" \/>\n<meta property=\"og:site_name\" content=\"FuniBlogs - FUNIBER\" \/>\n<meta property=\"article:publisher\" content=\"https:\/\/www.facebook.com\/funiber\" \/>\n<meta property=\"article:published_time\" content=\"2026-01-16T10:48:42+00:00\" \/>\n<meta property=\"article:modified_time\" content=\"2026-01-27T10:57:41+00:00\" \/>\n<meta property=\"og:image\" content=\"https:\/\/www.funiber.blog\/pt\/wp-content\/uploads\/2026\/01\/groenlandia-iceberg.png\" \/>\n\t<meta property=\"og:image:width\" content=\"600\" \/>\n\t<meta property=\"og:image:height\" content=\"400\" \/>\n\t<meta property=\"og:image:type\" content=\"image\/png\" \/>\n<meta name=\"author\" content=\"Brenda Mart\u00ednez\" \/>\n<meta name=\"twitter:card\" content=\"summary_large_image\" \/>\n<meta name=\"twitter:creator\" content=\"@FUNIBER\" \/>\n<meta name=\"twitter:site\" content=\"@FUNIBER\" \/>\n<meta name=\"twitter:label1\" content=\"Escrito por\" \/>\n\t<meta name=\"twitter:data1\" content=\"Brenda Mart\u00ednez\" \/>\n\t<meta name=\"twitter:label2\" content=\"Est. tempo de leitura\" \/>\n\t<meta name=\"twitter:data2\" content=\"6 minutos\" \/>\n<script type=\"application\/ld+json\" class=\"yoast-schema-graph\">{\"@context\":\"https:\/\/schema.org\",\"@graph\":[{\"@type\":\"Article\",\"@id\":\"https:\/\/www.funiber.blog\/pt\/meio-ambiente\/2026\/01\/16\/ondas-ocultas-na-groenlandia-uma-ameaca-silenciosa-para-o-nivel-do-mar#article\",\"isPartOf\":{\"@id\":\"https:\/\/www.funiber.blog\/pt\/meio-ambiente\/2026\/01\/16\/ondas-ocultas-na-groenlandia-uma-ameaca-silenciosa-para-o-nivel-do-mar\"},\"author\":{\"name\":\"Brenda Mart\u00ednez\",\"@id\":\"https:\/\/blogs.funiber.org\/pt\/#\/schema\/person\/f0e8adbb9bf1979b9eb7abc019099db7\"},\"headline\":\"Ondas ocultas na Groenl\u00e2ndia: uma amea\u00e7a silenciosa para o n\u00edvel do mar\",\"datePublished\":\"2026-01-16T10:48:42+00:00\",\"dateModified\":\"2026-01-27T10:57:41+00:00\",\"mainEntityOfPage\":{\"@id\":\"https:\/\/www.funiber.blog\/pt\/meio-ambiente\/2026\/01\/16\/ondas-ocultas-na-groenlandia-uma-ameaca-silenciosa-para-o-nivel-do-mar\"},\"wordCount\":987,\"publisher\":{\"@id\":\"https:\/\/blogs.funiber.org\/pt\/#organization\"},\"keywords\":[\"altera\u00e7\u00f5es clim\u00e1ticas\",\"Aquecimento Global\",\"camada de gelo\",\"degelo da Gronel\u00e2ndia\",\"fiordes\",\"Funiber\",\"Gest\u00e3o ambiental\",\"glaciares\",\"N\u00edvel do Mar\",\"oceanografia\",\"ondas continentais\",\"tsunamis de desprendimento de icebergues\"],\"articleSection\":[\"Meio Ambiente\"],\"inLanguage\":\"pt-BR\"},{\"@type\":\"WebPage\",\"@id\":\"https:\/\/www.funiber.blog\/pt\/meio-ambiente\/2026\/01\/16\/ondas-ocultas-na-groenlandia-uma-ameaca-silenciosa-para-o-nivel-do-mar\",\"url\":\"https:\/\/www.funiber.blog\/pt\/meio-ambiente\/2026\/01\/16\/ondas-ocultas-na-groenlandia-uma-ameaca-silenciosa-para-o-nivel-do-mar\",\"name\":\"Ondas ocultas na Groenl\u00e2ndia: uma amea\u00e7a silenciosa para o n\u00edvel do mar - FuniBlogs - FUNIBER\",\"isPartOf\":{\"@id\":\"https:\/\/blogs.funiber.org\/pt\/#website\"},\"datePublished\":\"2026-01-16T10:48:42+00:00\",\"dateModified\":\"2026-01-27T10:57:41+00:00\",\"description\":\"Camada de gelo da Groenl\u00e2ndia \u00e9 um dos pilares do sistema clim\u00e1tico terrestre e armazena gelo suficiente para elevar o n\u00edvel do mar.\",\"breadcrumb\":{\"@id\":\"https:\/\/www.funiber.blog\/pt\/meio-ambiente\/2026\/01\/16\/ondas-ocultas-na-groenlandia-uma-ameaca-silenciosa-para-o-nivel-do-mar#breadcrumb\"},\"inLanguage\":\"pt-BR\",\"potentialAction\":[{\"@type\":\"ReadAction\",\"target\":[\"https:\/\/www.funiber.blog\/pt\/meio-ambiente\/2026\/01\/16\/ondas-ocultas-na-groenlandia-uma-ameaca-silenciosa-para-o-nivel-do-mar\"]}]},{\"@type\":\"BreadcrumbList\",\"@id\":\"https:\/\/www.funiber.blog\/pt\/meio-ambiente\/2026\/01\/16\/ondas-ocultas-na-groenlandia-uma-ameaca-silenciosa-para-o-nivel-do-mar#breadcrumb\",\"itemListElement\":[{\"@type\":\"ListItem\",\"position\":1,\"name\":\"In\u00edcio\",\"item\":\"https:\/\/blogs.funiber.org\/pt\"},{\"@type\":\"ListItem\",\"position\":2,\"name\":\"Ondas ocultas na Groenl\u00e2ndia: uma amea\u00e7a silenciosa para o n\u00edvel do mar\"}]},{\"@type\":\"WebSite\",\"@id\":\"https:\/\/blogs.funiber.org\/pt\/#website\",\"url\":\"https:\/\/blogs.funiber.org\/pt\/\",\"name\":\"FuniBlogs - FUNIBER\",\"description\":\"\",\"publisher\":{\"@id\":\"https:\/\/blogs.funiber.org\/pt\/#organization\"},\"potentialAction\":[{\"@type\":\"SearchAction\",\"target\":{\"@type\":\"EntryPoint\",\"urlTemplate\":\"https:\/\/blogs.funiber.org\/pt\/?s={search_term_string}\"},\"query-input\":\"required name=search_term_string\"}],\"inLanguage\":\"pt-BR\"},{\"@type\":\"Organization\",\"@id\":\"https:\/\/blogs.funiber.org\/pt\/#organization\",\"name\":\"FuniBlogs - FUNIBER\",\"url\":\"https:\/\/blogs.funiber.org\/pt\/\",\"logo\":{\"@type\":\"ImageObject\",\"inLanguage\":\"pt-BR\",\"@id\":\"https:\/\/blogs.funiber.org\/pt\/#\/schema\/logo\/image\/\",\"url\":\"https:\/\/www.funiber.blog\/pt\/wp-content\/uploads\/2022\/02\/logo-funiber-pt-br-v-dos.svg\",\"contentUrl\":\"https:\/\/www.funiber.blog\/pt\/wp-content\/uploads\/2022\/02\/logo-funiber-pt-br-v-dos.svg\",\"width\":1,\"height\":1,\"caption\":\"FuniBlogs - FUNIBER\"},\"image\":{\"@id\":\"https:\/\/blogs.funiber.org\/pt\/#\/schema\/logo\/image\/\"},\"sameAs\":[\"https:\/\/www.facebook.com\/funiber\",\"https:\/\/twitter.com\/FUNIBER\",\"https:\/\/www.instagram.com\/funiber_becas\",\"https:\/\/www.youtube.com\/user\/funiber\",\"https:\/\/www.linkedin.com\/company\/funiber\"]},{\"@type\":\"Person\",\"@id\":\"https:\/\/blogs.funiber.org\/pt\/#\/schema\/person\/f0e8adbb9bf1979b9eb7abc019099db7\",\"name\":\"Brenda Mart\u00ednez\",\"image\":{\"@type\":\"ImageObject\",\"inLanguage\":\"pt-BR\",\"@id\":\"https:\/\/blogs.funiber.org\/pt\/#\/schema\/person\/image\/\",\"url\":\"https:\/\/secure.gravatar.com\/avatar\/6e0bfdc1f9f6960ab6f5de768969ad36?s=96&d=mm&r=g\",\"contentUrl\":\"https:\/\/secure.gravatar.com\/avatar\/6e0bfdc1f9f6960ab6f5de768969ad36?s=96&d=mm&r=g\",\"caption\":\"Brenda Mart\u00ednez\"},\"url\":\"https:\/\/www.funiber.blog\/pt\/author\/brenda-martinez\"}]}<\/script>\n<!-- \/ Yoast SEO plugin. -->","yoast_head_json":{"title":"Ondas ocultas na Groenl\u00e2ndia: uma amea\u00e7a silenciosa para o n\u00edvel do mar - FuniBlogs - FUNIBER","description":"Camada de gelo da Groenl\u00e2ndia \u00e9 um dos pilares do sistema clim\u00e1tico terrestre e armazena gelo suficiente para elevar o n\u00edvel do mar.","robots":{"index":"index","follow":"follow","max-snippet":"max-snippet:-1","max-image-preview":"max-image-preview:large","max-video-preview":"max-video-preview:-1"},"canonical":"https:\/\/www.funiber.blog\/pt\/meio-ambiente\/2026\/01\/16\/ondas-ocultas-na-groenlandia-uma-ameaca-silenciosa-para-o-nivel-do-mar","og_locale":"pt_BR","og_type":"article","og_title":"Ondas ocultas na Groenl\u00e2ndia: uma amea\u00e7a silenciosa para o n\u00edvel do mar - FuniBlogs - FUNIBER","og_description":"Camada de gelo da Groenl\u00e2ndia \u00e9 um dos pilares do sistema clim\u00e1tico terrestre e armazena gelo suficiente para elevar o n\u00edvel do mar.","og_url":"https:\/\/www.funiber.blog\/pt\/meio-ambiente\/2026\/01\/16\/ondas-ocultas-na-groenlandia-uma-ameaca-silenciosa-para-o-nivel-do-mar","og_site_name":"FuniBlogs - FUNIBER","article_publisher":"https:\/\/www.facebook.com\/funiber","article_published_time":"2026-01-16T10:48:42+00:00","article_modified_time":"2026-01-27T10:57:41+00:00","og_image":[{"width":600,"height":400,"url":"https:\/\/www.funiber.blog\/pt\/wp-content\/uploads\/2026\/01\/groenlandia-iceberg.png","type":"image\/png"}],"author":"Brenda Mart\u00ednez","twitter_card":"summary_large_image","twitter_creator":"@FUNIBER","twitter_site":"@FUNIBER","twitter_misc":{"Escrito por":"Brenda Mart\u00ednez","Est. tempo de leitura":"6 minutos"},"schema":{"@context":"https:\/\/schema.org","@graph":[{"@type":"Article","@id":"https:\/\/www.funiber.blog\/pt\/meio-ambiente\/2026\/01\/16\/ondas-ocultas-na-groenlandia-uma-ameaca-silenciosa-para-o-nivel-do-mar#article","isPartOf":{"@id":"https:\/\/www.funiber.blog\/pt\/meio-ambiente\/2026\/01\/16\/ondas-ocultas-na-groenlandia-uma-ameaca-silenciosa-para-o-nivel-do-mar"},"author":{"name":"Brenda Mart\u00ednez","@id":"https:\/\/blogs.funiber.org\/pt\/#\/schema\/person\/f0e8adbb9bf1979b9eb7abc019099db7"},"headline":"Ondas ocultas na Groenl\u00e2ndia: uma amea\u00e7a silenciosa para o n\u00edvel do mar","datePublished":"2026-01-16T10:48:42+00:00","dateModified":"2026-01-27T10:57:41+00:00","mainEntityOfPage":{"@id":"https:\/\/www.funiber.blog\/pt\/meio-ambiente\/2026\/01\/16\/ondas-ocultas-na-groenlandia-uma-ameaca-silenciosa-para-o-nivel-do-mar"},"wordCount":987,"publisher":{"@id":"https:\/\/blogs.funiber.org\/pt\/#organization"},"keywords":["altera\u00e7\u00f5es clim\u00e1ticas","Aquecimento Global","camada de gelo","degelo da Gronel\u00e2ndia","fiordes","Funiber","Gest\u00e3o ambiental","glaciares","N\u00edvel do Mar","oceanografia","ondas continentais","tsunamis de desprendimento de icebergues"],"articleSection":["Meio Ambiente"],"inLanguage":"pt-BR"},{"@type":"WebPage","@id":"https:\/\/www.funiber.blog\/pt\/meio-ambiente\/2026\/01\/16\/ondas-ocultas-na-groenlandia-uma-ameaca-silenciosa-para-o-nivel-do-mar","url":"https:\/\/www.funiber.blog\/pt\/meio-ambiente\/2026\/01\/16\/ondas-ocultas-na-groenlandia-uma-ameaca-silenciosa-para-o-nivel-do-mar","name":"Ondas ocultas na Groenl\u00e2ndia: uma amea\u00e7a silenciosa para o n\u00edvel do mar - FuniBlogs - FUNIBER","isPartOf":{"@id":"https:\/\/blogs.funiber.org\/pt\/#website"},"datePublished":"2026-01-16T10:48:42+00:00","dateModified":"2026-01-27T10:57:41+00:00","description":"Camada de gelo da Groenl\u00e2ndia \u00e9 um dos pilares do sistema clim\u00e1tico terrestre e armazena gelo suficiente para elevar o n\u00edvel do mar.","breadcrumb":{"@id":"https:\/\/www.funiber.blog\/pt\/meio-ambiente\/2026\/01\/16\/ondas-ocultas-na-groenlandia-uma-ameaca-silenciosa-para-o-nivel-do-mar#breadcrumb"},"inLanguage":"pt-BR","potentialAction":[{"@type":"ReadAction","target":["https:\/\/www.funiber.blog\/pt\/meio-ambiente\/2026\/01\/16\/ondas-ocultas-na-groenlandia-uma-ameaca-silenciosa-para-o-nivel-do-mar"]}]},{"@type":"BreadcrumbList","@id":"https:\/\/www.funiber.blog\/pt\/meio-ambiente\/2026\/01\/16\/ondas-ocultas-na-groenlandia-uma-ameaca-silenciosa-para-o-nivel-do-mar#breadcrumb","itemListElement":[{"@type":"ListItem","position":1,"name":"In\u00edcio","item":"https:\/\/blogs.funiber.org\/pt"},{"@type":"ListItem","position":2,"name":"Ondas ocultas na Groenl\u00e2ndia: uma amea\u00e7a silenciosa para o n\u00edvel do mar"}]},{"@type":"WebSite","@id":"https:\/\/blogs.funiber.org\/pt\/#website","url":"https:\/\/blogs.funiber.org\/pt\/","name":"FuniBlogs - FUNIBER","description":"","publisher":{"@id":"https:\/\/blogs.funiber.org\/pt\/#organization"},"potentialAction":[{"@type":"SearchAction","target":{"@type":"EntryPoint","urlTemplate":"https:\/\/blogs.funiber.org\/pt\/?s={search_term_string}"},"query-input":"required name=search_term_string"}],"inLanguage":"pt-BR"},{"@type":"Organization","@id":"https:\/\/blogs.funiber.org\/pt\/#organization","name":"FuniBlogs - FUNIBER","url":"https:\/\/blogs.funiber.org\/pt\/","logo":{"@type":"ImageObject","inLanguage":"pt-BR","@id":"https:\/\/blogs.funiber.org\/pt\/#\/schema\/logo\/image\/","url":"https:\/\/www.funiber.blog\/pt\/wp-content\/uploads\/2022\/02\/logo-funiber-pt-br-v-dos.svg","contentUrl":"https:\/\/www.funiber.blog\/pt\/wp-content\/uploads\/2022\/02\/logo-funiber-pt-br-v-dos.svg","width":1,"height":1,"caption":"FuniBlogs - FUNIBER"},"image":{"@id":"https:\/\/blogs.funiber.org\/pt\/#\/schema\/logo\/image\/"},"sameAs":["https:\/\/www.facebook.com\/funiber","https:\/\/twitter.com\/FUNIBER","https:\/\/www.instagram.com\/funiber_becas","https:\/\/www.youtube.com\/user\/funiber","https:\/\/www.linkedin.com\/company\/funiber"]},{"@type":"Person","@id":"https:\/\/blogs.funiber.org\/pt\/#\/schema\/person\/f0e8adbb9bf1979b9eb7abc019099db7","name":"Brenda Mart\u00ednez","image":{"@type":"ImageObject","inLanguage":"pt-BR","@id":"https:\/\/blogs.funiber.org\/pt\/#\/schema\/person\/image\/","url":"https:\/\/secure.gravatar.com\/avatar\/6e0bfdc1f9f6960ab6f5de768969ad36?s=96&d=mm&r=g","contentUrl":"https:\/\/secure.gravatar.com\/avatar\/6e0bfdc1f9f6960ab6f5de768969ad36?s=96&d=mm&r=g","caption":"Brenda Mart\u00ednez"},"url":"https:\/\/www.funiber.blog\/pt\/author\/brenda-martinez"}]}},"jetpack_featured_media_url":"https:\/\/www.funiber.blog\/pt\/wp-content\/uploads\/2026\/01\/groenlandia-iceberg.png","jetpack_shortlink":"https:\/\/wp.me\/p7ee1t-8ol","jetpack_sharing_enabled":true,"_links":{"self":[{"href":"https:\/\/www.funiber.blog\/pt\/wp-json\/wp\/v2\/posts\/32261"}],"collection":[{"href":"https:\/\/www.funiber.blog\/pt\/wp-json\/wp\/v2\/posts"}],"about":[{"href":"https:\/\/www.funiber.blog\/pt\/wp-json\/wp\/v2\/types\/post"}],"author":[{"embeddable":true,"href":"https:\/\/www.funiber.blog\/pt\/wp-json\/wp\/v2\/users\/42"}],"replies":[{"embeddable":true,"href":"https:\/\/www.funiber.blog\/pt\/wp-json\/wp\/v2\/comments?post=32261"}],"version-history":[{"count":1,"href":"https:\/\/www.funiber.blog\/pt\/wp-json\/wp\/v2\/posts\/32261\/revisions"}],"predecessor-version":[{"id":32263,"href":"https:\/\/www.funiber.blog\/pt\/wp-json\/wp\/v2\/posts\/32261\/revisions\/32263"}],"wp:featuredmedia":[{"embeddable":true,"href":"https:\/\/www.funiber.blog\/pt\/wp-json\/wp\/v2\/media\/32262"}],"wp:attachment":[{"href":"https:\/\/www.funiber.blog\/pt\/wp-json\/wp\/v2\/media?parent=32261"}],"wp:term":[{"taxonomy":"category","embeddable":true,"href":"https:\/\/www.funiber.blog\/pt\/wp-json\/wp\/v2\/categories?post=32261"},{"taxonomy":"post_tag","embeddable":true,"href":"https:\/\/www.funiber.blog\/pt\/wp-json\/wp\/v2\/tags?post=32261"}],"curies":[{"name":"wp","href":"https:\/\/api.w.org\/{rel}","templated":true}]}}