{"id":32370,"date":"2026-03-11T07:20:59","date_gmt":"2026-03-11T12:20:59","guid":{"rendered":"https:\/\/www.funiber.blog\/pt\/?p=32370"},"modified":"2026-04-28T09:28:12","modified_gmt":"2026-04-28T14:28:12","slug":"e-criado-um-sistema-para-transformar-ar-poluido-em-materia-prima-sustentavel","status":"publish","type":"post","link":"https:\/\/www.funiber.blog\/pt\/meio-ambiente\/2026\/03\/11\/e-criado-um-sistema-para-transformar-ar-poluido-em-materia-prima-sustentavel","title":{"rendered":"\u00c9 criado um sistema para transformar ar polu\u00eddo em mat\u00e9ria-prima sustent\u00e1vel"},"content":{"rendered":"\n<h2 class=\"wp-block-heading\">Um desafio global com uma solu\u00e7\u00e3o bioinspirada<\/h2>\n\n\n\n<p>A polui\u00e7\u00e3o atmosf\u00e9rica \u00e9 um dos problemas ambientais e de sa\u00fade p\u00fablica mais urgentes do s\u00e9culo XXI. A Organiza\u00e7\u00e3o Mundial da Sa\u00fade estima que praticamente toda a popula\u00e7\u00e3o mundial respira ar que excede os limites recomendados de qualidade, com impactos diretos sobre doen\u00e7as respirat\u00f3rias, cardiovasculares e mortalidade prematura. Na Col\u00f4mbia, 99,3% da popula\u00e7\u00e3o vive em \u00e1reas que excedem essas diretrizes, o que torna o pa\u00eds um dos mais afetados da Am\u00e9rica Latina. Nesse contexto surge a proposta da jovem inventora colombiana <strong>Mariana P\u00e9rez<\/strong>, que desenvolveu um sistema capaz de capturar poluentes do ar e transform\u00e1-los em materiais biodegrad\u00e1veis de valor industrial.<\/p>\n\n\n\n<h2 class=\"wp-block-heading\">Como funciona o sistema inspirado nos pulm\u00f5es humanos<\/h2>\n\n\n\n<p>O dispositivo criado por P\u00e9rez e sua startup Ecol-Air se diferencia das tecnologias tradicionais de captura de carbono porque n\u00e3o se limita ao di\u00f3xido de carbono, mas tamb\u00e9m captura di\u00f3xido de nitrog\u00eanio e di\u00f3xido de enxofre, gases intimamente relacionados a doen\u00e7as respirat\u00f3rias e \u00e0 forma\u00e7\u00e3o de chuva \u00e1cida. A chave est\u00e1 em seu design bioinspirado: o sistema imita o funcionamento do aparelho respirat\u00f3rio humano por meio de uma rede de \u201cbronqu\u00edolos\u201d e \u201calv\u00e9olos\u201d artificiais que aumentam a superf\u00edcie de contato com o ar contaminado. Dessa forma, a m\u00e1quina atua como um grande aspirador que absorve um volume de ar, faz com que ele passe por esses microcanais e separa os contaminantes, que se concentram em um tanque para posterior transforma\u00e7\u00e3o.<\/p>\n\n\n\n<p>Instalado em chamin\u00e9s industriais ou como esta\u00e7\u00f5es independentes de purifica\u00e7\u00e3o do ar, o sistema pode ser integrado em diferentes contextos urbanos e industriais. Segundo dados da empresa, na f\u00e1brica de Girardota, na Col\u00f4mbia, s\u00e3o processadas diariamente 70 toneladas de ar com uma efici\u00eancia de 82%, o que ilustra seu potencial como ferramenta de mitiga\u00e7\u00e3o da polui\u00e7\u00e3o em zonas com alta carga industrial.<\/p>\n\n\n\n<h2 class=\"wp-block-heading\">De poluentes a pol\u00edmeros biodegrad\u00e1veis<\/h2>\n\n\n\n<p>Um dos aspectos mais inovadores do projeto Ecol-Air \u00e9 que ele n\u00e3o se limita a capturar poluentes, mas os transforma em mat\u00e9ria-prima \u00fatil. Ap\u00f3s o processo de separa\u00e7\u00e3o, as toxinas s\u00e3o transformadas em pol\u00edmeros biodegrad\u00e1veis que podem ser utilizados na fabrica\u00e7\u00e3o de embalagens sustent\u00e1veis, ladrilhos, sacolas ou outros componentes industriais. Essa abordagem est\u00e1 alinhada com os princ\u00edpios da economia circular, ao considerar os res\u00edduos como recursos que podem ser reintroduzidos na cadeia produtiva com menor impacto ambiental. A possibilidade de substituir materiais pl\u00e1sticos convencionais por pol\u00edmeros biodegrad\u00e1veis derivados de poluentes atmosf\u00e9ricos abre uma via dupla de benef\u00edcio: reduz-se a carga de emiss\u00f5es na atmosfera e diminui-se a depend\u00eancia de mat\u00e9rias-primas f\u00f3sseis para a ind\u00fastria do pl\u00e1stico.<\/p>\n\n\n\n<h2 class=\"wp-block-heading\">Da curiosidade infantil ao empreendedorismo tecnol\u00f3gico<\/h2>\n\n\n\n<p>A origem dessa inova\u00e7\u00e3o remonta a uma pergunta aparentemente simples na inf\u00e2ncia de Mariana P\u00e9rez: o que acontecia com a poeira preta que a chuva arrastava do carro de seu pai. Essa curiosidade inicial transformou-se em interesse pela ci\u00eancia, participa\u00e7\u00e3o em feiras escolares e, mais tarde, nos primeiros prot\u00f3tipos da tecnologia que daria origem \u00e0 Ecol-Air.<\/p>\n\n\n\n<p>A transi\u00e7\u00e3o da ideia para o empreendedorismo n\u00e3o esteve isenta de d\u00favidas e ceticismo por parte da ind\u00fastria, o que levou a inventora a oferecer instala\u00e7\u00f5es gratuitas em grandes f\u00e1bricas para demonstrar a efic\u00e1cia do sistema. Empresas como a Sumicol e a Incolmotos Yamaha foram as primeiras a adotar comercialmente a tecnologia, validando sua viabilidade t\u00e9cnica e econ\u00f4mica. Essa trajet\u00f3ria ilustra a import\u00e2ncia de combinar capacidades cient\u00edficas com vis\u00e3o empresarial para que as solu\u00e7\u00f5es ambientais alcancem escala industrial e tenham um impacto real.<\/p>\n\n\n\n<h2 class=\"wp-block-heading\">Expans\u00e3o global e contribui\u00e7\u00e3o para os Objetivos de Desenvolvimento Sustent\u00e1vel<\/h2>\n\n\n\n<p>Atualmente, P\u00e9rez reside em Nova York e trabalha na expans\u00e3o internacional da Ecol-Air. O sistema encontra-se no n\u00edvel 9 de maturidade comercial, o que indica que est\u00e1 totalmente operacional e pronto para ado\u00e7\u00e3o em larga escala pelo mercado. Sua aplica\u00e7\u00e3o em grandes ind\u00fastrias de diferentes regi\u00f5es poderia contribuir diretamente para v\u00e1rios Objetivos de Desenvolvimento Sustent\u00e1vel da ONU, entre eles o ODS 3, relacionado \u00e0 sa\u00fade e ao bem-estar, o ODS 11, vinculado a cidades e comunidades sustent\u00e1veis, e o ODS 13, centrado na a\u00e7\u00e3o clim\u00e1tica. A proposta de transformar a polui\u00e7\u00e3o em recurso ajuda a repensar a abordagem tradicional da gest\u00e3o ambiental, que geralmente se concentra no controle e na redu\u00e7\u00e3o de danos, rumo a um modelo em que os res\u00edduos s\u00e3o integrados em ciclos produtivos mais sustent\u00e1veis.<\/p>\n\n\n\n<h2 class=\"wp-block-heading\">Forma\u00e7\u00e3o em gest\u00e3o ambiental e inova\u00e7\u00e3o tecnol\u00f3gica<\/h2>\n\n\n\n<p>Iniciativas como a de Mariana P\u00e9rez mostram a necessidade de profissionais capazes de integrar conhecimentos cient\u00edficos, gest\u00e3o ambiental e vis\u00e3o estrat\u00e9gica para desenvolver solu\u00e7\u00f5es inovadoras contra a polui\u00e7\u00e3o e as mudan\u00e7as clim\u00e1ticas. Nesse sentido, a FUNIBER concede bolsas de estudo para cursos acad\u00eamicos como o <a href=\"https:\/\/www.funiber.org\/maestria-en-gestion-y-auditorias-ambientales\">Mestrado em Gest\u00e3o e Auditorias Ambientais<\/a>, que proporcionam uma base s\u00f3lida para compreender os impactos ambientais das atividades produtivas, projetar sistemas de gest\u00e3o e avaliar tecnologias limpas. Essa forma\u00e7\u00e3o \u00e9 fundamental para impulsionar projetos que, como o Ecol-Air, combinam inova\u00e7\u00e3o tecnol\u00f3gica, responsabilidade ambiental e oportunidades de neg\u00f3cios no \u00e2mbito de uma economia mais sustent\u00e1vel.<\/p>\n\n\n\n<p>Fonte: Adaptado de um artigo sobre a inventora colombiana Mariana P\u00e9rez e sua tecnologia de captura de poluentes atmosf\u00e9ricos publicado em colabora\u00e7\u00e3o com o Escrit\u00f3rio Europeu de Patentes (EPO) em: https:\/\/es.euronews.com\/next\/2025\/06\/16\/ o-sistema-da-inventora-colombiana-mariana-perez-transforma-ar-polu\u00eddo-em-mat\u00e9ria-<\/p>\n","protected":false},"excerpt":{"rendered":"<p>Um desafio global com uma solu\u00e7\u00e3o bioinspirada A polui\u00e7\u00e3o atmosf\u00e9rica \u00e9 um dos problemas ambientais e de sa\u00fade p\u00fablica mais urgentes do s\u00e9culo XXI. A Organiza\u00e7\u00e3o Mundial da Sa\u00fade estima que praticamente toda a popula\u00e7\u00e3o mundial respira ar que excede os limites recomendados de qualidade, com impactos diretos sobre doen\u00e7as respirat\u00f3rias, cardiovasculares e mortalidade prematura. [&hellip;]<\/p>\n","protected":false},"author":42,"featured_media":32371,"comment_status":"closed","ping_status":"closed","sticky":false,"template":"","format":"standard","meta":{"jetpack_post_was_ever_published":false,"_jetpack_newsletter_access":"","_jetpack_newsletter_tier_id":0,"footnotes":"","jetpack_publicize_message":"","jetpack_is_tweetstorm":false,"jetpack_publicize_feature_enabled":true,"jetpack_social_post_already_shared":true,"jetpack_social_options":{"image_generator_settings":{"template":"highway","enabled":false}}},"categories":[2],"tags":[3833,11200,248,2405,9370,11199,2458,7565,11198,9150,1501,11201],"jetpack_publicize_connections":[],"yoast_head":"<!-- This site is optimized with the Yoast SEO plugin v21.7 - https:\/\/yoast.com\/wordpress\/plugins\/seo\/ -->\n<title>\u00c9 criado um sistema para transformar ar polu\u00eddo em mat\u00e9ria-prima sustent\u00e1vel - FuniBlogs - FUNIBER<\/title>\n<meta name=\"description\" content=\"O meio ambiente \u00e9 importante, e a polui\u00e7\u00e3o atmosf\u00e9rica \u00e9 um dos problemas ambientais e de sa\u00fade mais urgentes do s\u00e9culo XXI.\" \/>\n<meta name=\"robots\" content=\"index, follow, max-snippet:-1, max-image-preview:large, max-video-preview:-1\" \/>\n<link rel=\"canonical\" href=\"https:\/\/www.funiber.blog\/pt\/meio-ambiente\/2026\/03\/11\/e-criado-um-sistema-para-transformar-ar-poluido-em-materia-prima-sustentavel\" \/>\n<meta property=\"og:locale\" content=\"pt_BR\" \/>\n<meta property=\"og:type\" content=\"article\" \/>\n<meta property=\"og:title\" content=\"\u00c9 criado um sistema para transformar ar polu\u00eddo em mat\u00e9ria-prima sustent\u00e1vel - FuniBlogs - FUNIBER\" \/>\n<meta property=\"og:description\" content=\"O meio ambiente \u00e9 importante, e a polui\u00e7\u00e3o atmosf\u00e9rica \u00e9 um dos problemas ambientais e de sa\u00fade mais urgentes do s\u00e9culo XXI.\" \/>\n<meta property=\"og:url\" content=\"https:\/\/www.funiber.blog\/pt\/meio-ambiente\/2026\/03\/11\/e-criado-um-sistema-para-transformar-ar-poluido-em-materia-prima-sustentavel\" \/>\n<meta property=\"og:site_name\" content=\"FuniBlogs - FUNIBER\" \/>\n<meta property=\"article:publisher\" content=\"https:\/\/www.facebook.com\/funiber\" \/>\n<meta property=\"article:published_time\" content=\"2026-03-11T12:20:59+00:00\" \/>\n<meta property=\"article:modified_time\" content=\"2026-04-28T14:28:12+00:00\" \/>\n<meta property=\"og:image\" content=\"https:\/\/www.funiber.blog\/pt\/wp-content\/uploads\/2026\/03\/sistema-de-aire-sostenible-seiscien-x-cuatrocien.webp\" \/>\n\t<meta property=\"og:image:width\" content=\"600\" \/>\n\t<meta property=\"og:image:height\" content=\"400\" \/>\n\t<meta property=\"og:image:type\" content=\"image\/webp\" \/>\n<meta name=\"author\" content=\"Brenda Mart\u00ednez\" \/>\n<meta name=\"twitter:card\" content=\"summary_large_image\" \/>\n<meta name=\"twitter:creator\" content=\"@FUNIBER\" \/>\n<meta name=\"twitter:site\" content=\"@FUNIBER\" \/>\n<meta name=\"twitter:label1\" content=\"Escrito por\" \/>\n\t<meta name=\"twitter:data1\" content=\"Brenda Mart\u00ednez\" \/>\n\t<meta name=\"twitter:label2\" content=\"Est. tempo de leitura\" \/>\n\t<meta name=\"twitter:data2\" content=\"5 minutos\" \/>\n<script type=\"application\/ld+json\" class=\"yoast-schema-graph\">{\"@context\":\"https:\/\/schema.org\",\"@graph\":[{\"@type\":\"Article\",\"@id\":\"https:\/\/www.funiber.blog\/pt\/meio-ambiente\/2026\/03\/11\/e-criado-um-sistema-para-transformar-ar-poluido-em-materia-prima-sustentavel#article\",\"isPartOf\":{\"@id\":\"https:\/\/www.funiber.blog\/pt\/meio-ambiente\/2026\/03\/11\/e-criado-um-sistema-para-transformar-ar-poluido-em-materia-prima-sustentavel\"},\"author\":{\"name\":\"Brenda Mart\u00ednez\",\"@id\":\"https:\/\/blogs.funiber.org\/pt\/#\/schema\/person\/f0e8adbb9bf1979b9eb7abc019099db7\"},\"headline\":\"\u00c9 criado um sistema para transformar ar polu\u00eddo em mat\u00e9ria-prima sustent\u00e1vel\",\"datePublished\":\"2026-03-11T12:20:59+00:00\",\"dateModified\":\"2026-04-28T14:28:12+00:00\",\"mainEntityOfPage\":{\"@id\":\"https:\/\/www.funiber.blog\/pt\/meio-ambiente\/2026\/03\/11\/e-criado-um-sistema-para-transformar-ar-poluido-em-materia-prima-sustentavel\"},\"wordCount\":983,\"publisher\":{\"@id\":\"https:\/\/blogs.funiber.org\/pt\/#organization\"},\"keywords\":[\"economia circular\",\"empreendedorismo verde\",\"Funiber\",\"Gest\u00e3o ambiental\",\"Inova\u00e7\u00e3o Ambiental\",\"Mariana P\u00e9rez\",\"Mestrado em Gest\u00e3o e Auditorias Ambientais\",\"ODS\",\"pol\u00edmeros biodegrad\u00e1veis\",\"polui\u00e7\u00e3o do ar\",\"Qualidade do Ar\",\"tecnologia limpa\"],\"articleSection\":[\"Meio Ambiente\"],\"inLanguage\":\"pt-BR\"},{\"@type\":\"WebPage\",\"@id\":\"https:\/\/www.funiber.blog\/pt\/meio-ambiente\/2026\/03\/11\/e-criado-um-sistema-para-transformar-ar-poluido-em-materia-prima-sustentavel\",\"url\":\"https:\/\/www.funiber.blog\/pt\/meio-ambiente\/2026\/03\/11\/e-criado-um-sistema-para-transformar-ar-poluido-em-materia-prima-sustentavel\",\"name\":\"\u00c9 criado um sistema para transformar ar polu\u00eddo em mat\u00e9ria-prima sustent\u00e1vel - FuniBlogs - FUNIBER\",\"isPartOf\":{\"@id\":\"https:\/\/blogs.funiber.org\/pt\/#website\"},\"datePublished\":\"2026-03-11T12:20:59+00:00\",\"dateModified\":\"2026-04-28T14:28:12+00:00\",\"description\":\"O meio ambiente \u00e9 importante, e a polui\u00e7\u00e3o atmosf\u00e9rica \u00e9 um dos problemas ambientais e de sa\u00fade mais urgentes do s\u00e9culo XXI.\",\"breadcrumb\":{\"@id\":\"https:\/\/www.funiber.blog\/pt\/meio-ambiente\/2026\/03\/11\/e-criado-um-sistema-para-transformar-ar-poluido-em-materia-prima-sustentavel#breadcrumb\"},\"inLanguage\":\"pt-BR\",\"potentialAction\":[{\"@type\":\"ReadAction\",\"target\":[\"https:\/\/www.funiber.blog\/pt\/meio-ambiente\/2026\/03\/11\/e-criado-um-sistema-para-transformar-ar-poluido-em-materia-prima-sustentavel\"]}]},{\"@type\":\"BreadcrumbList\",\"@id\":\"https:\/\/www.funiber.blog\/pt\/meio-ambiente\/2026\/03\/11\/e-criado-um-sistema-para-transformar-ar-poluido-em-materia-prima-sustentavel#breadcrumb\",\"itemListElement\":[{\"@type\":\"ListItem\",\"position\":1,\"name\":\"In\u00edcio\",\"item\":\"https:\/\/blogs.funiber.org\/pt\"},{\"@type\":\"ListItem\",\"position\":2,\"name\":\"\u00c9 criado um sistema para transformar ar polu\u00eddo em mat\u00e9ria-prima sustent\u00e1vel\"}]},{\"@type\":\"WebSite\",\"@id\":\"https:\/\/blogs.funiber.org\/pt\/#website\",\"url\":\"https:\/\/blogs.funiber.org\/pt\/\",\"name\":\"FuniBlogs - FUNIBER\",\"description\":\"\",\"publisher\":{\"@id\":\"https:\/\/blogs.funiber.org\/pt\/#organization\"},\"potentialAction\":[{\"@type\":\"SearchAction\",\"target\":{\"@type\":\"EntryPoint\",\"urlTemplate\":\"https:\/\/blogs.funiber.org\/pt\/?s={search_term_string}\"},\"query-input\":\"required name=search_term_string\"}],\"inLanguage\":\"pt-BR\"},{\"@type\":\"Organization\",\"@id\":\"https:\/\/blogs.funiber.org\/pt\/#organization\",\"name\":\"FuniBlogs - FUNIBER\",\"url\":\"https:\/\/blogs.funiber.org\/pt\/\",\"logo\":{\"@type\":\"ImageObject\",\"inLanguage\":\"pt-BR\",\"@id\":\"https:\/\/blogs.funiber.org\/pt\/#\/schema\/logo\/image\/\",\"url\":\"https:\/\/www.funiber.blog\/pt\/wp-content\/uploads\/2022\/02\/logo-funiber-pt-br-v-dos.svg\",\"contentUrl\":\"https:\/\/www.funiber.blog\/pt\/wp-content\/uploads\/2022\/02\/logo-funiber-pt-br-v-dos.svg\",\"width\":1,\"height\":1,\"caption\":\"FuniBlogs - FUNIBER\"},\"image\":{\"@id\":\"https:\/\/blogs.funiber.org\/pt\/#\/schema\/logo\/image\/\"},\"sameAs\":[\"https:\/\/www.facebook.com\/funiber\",\"https:\/\/twitter.com\/FUNIBER\",\"https:\/\/www.instagram.com\/funiber_becas\",\"https:\/\/www.youtube.com\/user\/funiber\",\"https:\/\/www.linkedin.com\/company\/funiber\"]},{\"@type\":\"Person\",\"@id\":\"https:\/\/blogs.funiber.org\/pt\/#\/schema\/person\/f0e8adbb9bf1979b9eb7abc019099db7\",\"name\":\"Brenda Mart\u00ednez\",\"image\":{\"@type\":\"ImageObject\",\"inLanguage\":\"pt-BR\",\"@id\":\"https:\/\/blogs.funiber.org\/pt\/#\/schema\/person\/image\/\",\"url\":\"https:\/\/secure.gravatar.com\/avatar\/6e0bfdc1f9f6960ab6f5de768969ad36?s=96&d=mm&r=g\",\"contentUrl\":\"https:\/\/secure.gravatar.com\/avatar\/6e0bfdc1f9f6960ab6f5de768969ad36?s=96&d=mm&r=g\",\"caption\":\"Brenda Mart\u00ednez\"},\"url\":\"https:\/\/www.funiber.blog\/pt\/author\/brenda-martinez\"}]}<\/script>\n<!-- \/ Yoast SEO plugin. -->","yoast_head_json":{"title":"\u00c9 criado um sistema para transformar ar polu\u00eddo em mat\u00e9ria-prima sustent\u00e1vel - FuniBlogs - FUNIBER","description":"O meio ambiente \u00e9 importante, e a polui\u00e7\u00e3o atmosf\u00e9rica \u00e9 um dos problemas ambientais e de sa\u00fade mais urgentes do s\u00e9culo XXI.","robots":{"index":"index","follow":"follow","max-snippet":"max-snippet:-1","max-image-preview":"max-image-preview:large","max-video-preview":"max-video-preview:-1"},"canonical":"https:\/\/www.funiber.blog\/pt\/meio-ambiente\/2026\/03\/11\/e-criado-um-sistema-para-transformar-ar-poluido-em-materia-prima-sustentavel","og_locale":"pt_BR","og_type":"article","og_title":"\u00c9 criado um sistema para transformar ar polu\u00eddo em mat\u00e9ria-prima sustent\u00e1vel - FuniBlogs - FUNIBER","og_description":"O meio ambiente \u00e9 importante, e a polui\u00e7\u00e3o atmosf\u00e9rica \u00e9 um dos problemas ambientais e de sa\u00fade mais urgentes do s\u00e9culo XXI.","og_url":"https:\/\/www.funiber.blog\/pt\/meio-ambiente\/2026\/03\/11\/e-criado-um-sistema-para-transformar-ar-poluido-em-materia-prima-sustentavel","og_site_name":"FuniBlogs - FUNIBER","article_publisher":"https:\/\/www.facebook.com\/funiber","article_published_time":"2026-03-11T12:20:59+00:00","article_modified_time":"2026-04-28T14:28:12+00:00","og_image":[{"width":600,"height":400,"url":"https:\/\/www.funiber.blog\/pt\/wp-content\/uploads\/2026\/03\/sistema-de-aire-sostenible-seiscien-x-cuatrocien.webp","type":"image\/webp"}],"author":"Brenda Mart\u00ednez","twitter_card":"summary_large_image","twitter_creator":"@FUNIBER","twitter_site":"@FUNIBER","twitter_misc":{"Escrito por":"Brenda Mart\u00ednez","Est. tempo de leitura":"5 minutos"},"schema":{"@context":"https:\/\/schema.org","@graph":[{"@type":"Article","@id":"https:\/\/www.funiber.blog\/pt\/meio-ambiente\/2026\/03\/11\/e-criado-um-sistema-para-transformar-ar-poluido-em-materia-prima-sustentavel#article","isPartOf":{"@id":"https:\/\/www.funiber.blog\/pt\/meio-ambiente\/2026\/03\/11\/e-criado-um-sistema-para-transformar-ar-poluido-em-materia-prima-sustentavel"},"author":{"name":"Brenda Mart\u00ednez","@id":"https:\/\/blogs.funiber.org\/pt\/#\/schema\/person\/f0e8adbb9bf1979b9eb7abc019099db7"},"headline":"\u00c9 criado um sistema para transformar ar polu\u00eddo em mat\u00e9ria-prima sustent\u00e1vel","datePublished":"2026-03-11T12:20:59+00:00","dateModified":"2026-04-28T14:28:12+00:00","mainEntityOfPage":{"@id":"https:\/\/www.funiber.blog\/pt\/meio-ambiente\/2026\/03\/11\/e-criado-um-sistema-para-transformar-ar-poluido-em-materia-prima-sustentavel"},"wordCount":983,"publisher":{"@id":"https:\/\/blogs.funiber.org\/pt\/#organization"},"keywords":["economia circular","empreendedorismo verde","Funiber","Gest\u00e3o ambiental","Inova\u00e7\u00e3o Ambiental","Mariana P\u00e9rez","Mestrado em Gest\u00e3o e Auditorias Ambientais","ODS","pol\u00edmeros biodegrad\u00e1veis","polui\u00e7\u00e3o do ar","Qualidade do Ar","tecnologia limpa"],"articleSection":["Meio Ambiente"],"inLanguage":"pt-BR"},{"@type":"WebPage","@id":"https:\/\/www.funiber.blog\/pt\/meio-ambiente\/2026\/03\/11\/e-criado-um-sistema-para-transformar-ar-poluido-em-materia-prima-sustentavel","url":"https:\/\/www.funiber.blog\/pt\/meio-ambiente\/2026\/03\/11\/e-criado-um-sistema-para-transformar-ar-poluido-em-materia-prima-sustentavel","name":"\u00c9 criado um sistema para transformar ar polu\u00eddo em mat\u00e9ria-prima sustent\u00e1vel - FuniBlogs - FUNIBER","isPartOf":{"@id":"https:\/\/blogs.funiber.org\/pt\/#website"},"datePublished":"2026-03-11T12:20:59+00:00","dateModified":"2026-04-28T14:28:12+00:00","description":"O meio ambiente \u00e9 importante, e a polui\u00e7\u00e3o atmosf\u00e9rica \u00e9 um dos problemas ambientais e de sa\u00fade mais urgentes do s\u00e9culo XXI.","breadcrumb":{"@id":"https:\/\/www.funiber.blog\/pt\/meio-ambiente\/2026\/03\/11\/e-criado-um-sistema-para-transformar-ar-poluido-em-materia-prima-sustentavel#breadcrumb"},"inLanguage":"pt-BR","potentialAction":[{"@type":"ReadAction","target":["https:\/\/www.funiber.blog\/pt\/meio-ambiente\/2026\/03\/11\/e-criado-um-sistema-para-transformar-ar-poluido-em-materia-prima-sustentavel"]}]},{"@type":"BreadcrumbList","@id":"https:\/\/www.funiber.blog\/pt\/meio-ambiente\/2026\/03\/11\/e-criado-um-sistema-para-transformar-ar-poluido-em-materia-prima-sustentavel#breadcrumb","itemListElement":[{"@type":"ListItem","position":1,"name":"In\u00edcio","item":"https:\/\/blogs.funiber.org\/pt"},{"@type":"ListItem","position":2,"name":"\u00c9 criado um sistema para transformar ar polu\u00eddo em mat\u00e9ria-prima sustent\u00e1vel"}]},{"@type":"WebSite","@id":"https:\/\/blogs.funiber.org\/pt\/#website","url":"https:\/\/blogs.funiber.org\/pt\/","name":"FuniBlogs - FUNIBER","description":"","publisher":{"@id":"https:\/\/blogs.funiber.org\/pt\/#organization"},"potentialAction":[{"@type":"SearchAction","target":{"@type":"EntryPoint","urlTemplate":"https:\/\/blogs.funiber.org\/pt\/?s={search_term_string}"},"query-input":"required name=search_term_string"}],"inLanguage":"pt-BR"},{"@type":"Organization","@id":"https:\/\/blogs.funiber.org\/pt\/#organization","name":"FuniBlogs - FUNIBER","url":"https:\/\/blogs.funiber.org\/pt\/","logo":{"@type":"ImageObject","inLanguage":"pt-BR","@id":"https:\/\/blogs.funiber.org\/pt\/#\/schema\/logo\/image\/","url":"https:\/\/www.funiber.blog\/pt\/wp-content\/uploads\/2022\/02\/logo-funiber-pt-br-v-dos.svg","contentUrl":"https:\/\/www.funiber.blog\/pt\/wp-content\/uploads\/2022\/02\/logo-funiber-pt-br-v-dos.svg","width":1,"height":1,"caption":"FuniBlogs - FUNIBER"},"image":{"@id":"https:\/\/blogs.funiber.org\/pt\/#\/schema\/logo\/image\/"},"sameAs":["https:\/\/www.facebook.com\/funiber","https:\/\/twitter.com\/FUNIBER","https:\/\/www.instagram.com\/funiber_becas","https:\/\/www.youtube.com\/user\/funiber","https:\/\/www.linkedin.com\/company\/funiber"]},{"@type":"Person","@id":"https:\/\/blogs.funiber.org\/pt\/#\/schema\/person\/f0e8adbb9bf1979b9eb7abc019099db7","name":"Brenda Mart\u00ednez","image":{"@type":"ImageObject","inLanguage":"pt-BR","@id":"https:\/\/blogs.funiber.org\/pt\/#\/schema\/person\/image\/","url":"https:\/\/secure.gravatar.com\/avatar\/6e0bfdc1f9f6960ab6f5de768969ad36?s=96&d=mm&r=g","contentUrl":"https:\/\/secure.gravatar.com\/avatar\/6e0bfdc1f9f6960ab6f5de768969ad36?s=96&d=mm&r=g","caption":"Brenda Mart\u00ednez"},"url":"https:\/\/www.funiber.blog\/pt\/author\/brenda-martinez"}]}},"jetpack_featured_media_url":"https:\/\/www.funiber.blog\/pt\/wp-content\/uploads\/2026\/03\/sistema-de-aire-sostenible-seiscien-x-cuatrocien.webp","jetpack_shortlink":"https:\/\/wp.me\/p7ee1t-8q6","jetpack_sharing_enabled":true,"_links":{"self":[{"href":"https:\/\/www.funiber.blog\/pt\/wp-json\/wp\/v2\/posts\/32370"}],"collection":[{"href":"https:\/\/www.funiber.blog\/pt\/wp-json\/wp\/v2\/posts"}],"about":[{"href":"https:\/\/www.funiber.blog\/pt\/wp-json\/wp\/v2\/types\/post"}],"author":[{"embeddable":true,"href":"https:\/\/www.funiber.blog\/pt\/wp-json\/wp\/v2\/users\/42"}],"replies":[{"embeddable":true,"href":"https:\/\/www.funiber.blog\/pt\/wp-json\/wp\/v2\/comments?post=32370"}],"version-history":[{"count":1,"href":"https:\/\/www.funiber.blog\/pt\/wp-json\/wp\/v2\/posts\/32370\/revisions"}],"predecessor-version":[{"id":32372,"href":"https:\/\/www.funiber.blog\/pt\/wp-json\/wp\/v2\/posts\/32370\/revisions\/32372"}],"wp:featuredmedia":[{"embeddable":true,"href":"https:\/\/www.funiber.blog\/pt\/wp-json\/wp\/v2\/media\/32371"}],"wp:attachment":[{"href":"https:\/\/www.funiber.blog\/pt\/wp-json\/wp\/v2\/media?parent=32370"}],"wp:term":[{"taxonomy":"category","embeddable":true,"href":"https:\/\/www.funiber.blog\/pt\/wp-json\/wp\/v2\/categories?post=32370"},{"taxonomy":"post_tag","embeddable":true,"href":"https:\/\/www.funiber.blog\/pt\/wp-json\/wp\/v2\/tags?post=32370"}],"curies":[{"name":"wp","href":"https:\/\/api.w.org\/{rel}","templated":true}]}}