{"id":32394,"date":"2026-03-18T10:24:58","date_gmt":"2026-03-18T15:24:58","guid":{"rendered":"https:\/\/www.funiber.blog\/pt\/?p=32394"},"modified":"2026-03-18T10:25:01","modified_gmt":"2026-03-18T15:25:01","slug":"sustentabilidade-na-moda-rapida-o-desafio-de-comunicar-para-gerar-confianca","status":"publish","type":"post","link":"https:\/\/www.funiber.blog\/pt\/empresas-e-rh\/2026\/03\/18\/sustentabilidade-na-moda-rapida-o-desafio-de-comunicar-para-gerar-confianca","title":{"rendered":"Sustentabilidade na moda r\u00e1pida: o desafio de comunicar para gerar confian\u00e7a"},"content":{"rendered":"\n<p><strong>O paradoxo da sustentabilidade na ind\u00fastria t\u00eaxtil<\/strong><\/p>\n\n\n\n<p>A ind\u00fastria t\u00eaxtil est\u00e1 entre as mais poluentes do planeta, mas, ao mesmo tempo, algumas de suas grandes empresas tentam se apresentar como l\u00edderes em sustentabilidade. Esse \u00e9 o caso da Inditex, que busca convencer os consumidores de que seu compromisso com a sustentabilidade \u00e9 real e que, portanto, seus produtos podem justificar um pre\u00e7o mais alto. No entanto, um estudo recente realizado na Espanha com consumidores entre 15 e 75 anos revela uma forte desconex\u00e3o entre o discurso corporativo e a percep\u00e7\u00e3o do p\u00fablico. A sustentabilidade declarada n\u00e3o est\u00e1 se transformando em sustentabilidade cred\u00edvel.<\/p>\n\n\n\n<p><strong>Compromissos ambiciosos, percep\u00e7\u00e3o limitada<\/strong><\/p>\n\n\n\n<p>A Inditex anunciou compromissos ambientais e sociais que incluem a redu\u00e7\u00e3o de emiss\u00f5es, o uso de mat\u00e9rias-primas sustent\u00e1veis e a ado\u00e7\u00e3o de modelos de economia circular. Em teoria, esses pilares deveriam refor\u00e7ar sua reputa\u00e7\u00e3o e diferenci\u00e1-la de outros atores da moda r\u00e1pida. No entanto, a pesquisa mostra que a estrat\u00e9gia de comunica\u00e7\u00e3o, especialmente nas redes sociais, n\u00e3o est\u00e1 conseguindo se conectar nem gerar confian\u00e7a suficiente, sobretudo entre os consumidores mais jovens, que s\u00e3o justamente os que mais utilizam essas plataformas.<\/p>\n\n\n\n<p>A desconex\u00e3o \u00e9 clara: embora 56% dos entrevistados considerem a Inditex uma empresa sustent\u00e1vel, 64% admitem n\u00e3o conhecer nenhuma iniciativa concreta da empresa nessa \u00e1rea. Sem exemplos tang\u00edveis, a sustentabilidade \u00e9 percebida como um conceito abstrato e pouco relevante na decis\u00e3o de compra.<\/p>\n\n\n\n<p><strong>Iniciativas invis\u00edveis para o consumidor<\/strong><\/p>\n\n\n\n<p>O estudo destaca que muitas iniciativas de sustentabilidade passaram praticamente despercebidas. Programas de rotulagem como o Join Life da Inditex, o Committed da Mango ou o Conscious da H&amp;M mal deixaram marca na mem\u00f3ria do consumidor. O mesmo ocorre com propostas mais recentes, como os servi\u00e7os de conserto de roupas para prolongar a vida \u00fatil das pe\u00e7as, a revenda de segunda m\u00e3o entre clientes (Pre-Owned na Zara, Pre-Loved na H&amp;M) ou a doa\u00e7\u00e3o de roupas.<\/p>\n\n\n\n<p>Essa falta de visibilidade tamb\u00e9m se reflete na comunica\u00e7\u00e3o digital. 75% dos entrevistados n\u00e3o se lembram de ter visto mensagens de sustentabilidade nas redes sociais da empresa e, quando as viram, quase metade ficou indiferente. Embora 61% considerem que as mensagens s\u00e3o verdadeiras, isso n\u00e3o se traduz em um aumento na inten\u00e7\u00e3o de compra. Ou seja, a comunica\u00e7\u00e3o n\u00e3o gera impacto nem constr\u00f3i confian\u00e7a s\u00f3lida.<\/p>\n\n\n\n<p>Para compreender melhor esse contexto, organismos como a <a href=\"https:\/\/www.unep.org\/\">ONU Meio Ambiente<\/a><a href=\"https:\/\/www.ellenmacarthurfoundation.org\/\"> e a Funda\u00e7\u00e3o Ellen MacArthur<\/a> apontaram a necessidade de as empresas de moda integrarem a sustentabilidade em toda a cadeia de valor e comunicarem isso de forma clara e verific\u00e1vel, evitando o greenwashing.<\/p>\n\n\n\n<p><strong>O pre\u00e7o da sustentabilidade: um valor ainda difuso<\/strong><\/p>\n\n\n\n<p>Uma das principais perguntas do estudo foi se os consumidores estariam dispostos a pagar mais por roupas sustent\u00e1veis. 65% responderam que n\u00e3o, e essa recusa \u00e9 ainda mais acentuada entre os mais jovens, apesar de sua grande exposi\u00e7\u00e3o a mensagens sobre sustentabilidade nas redes sociais. Uma hip\u00f3tese \u00e9 que o consumidor ainda n\u00e3o percebe a sustentabilidade como um valor tang\u00edvel que justifique um pre\u00e7o mais elevado.<\/p>\n\n\n\n<p>Se a sustentabilidade n\u00e3o for associada a benef\u00edcios concretos, como melhor qualidade, maior durabilidade ou um impacto real e compreens\u00edvel, ela perde for\u00e7a como atributo diferenciador. O selo verde, por si s\u00f3, n\u00e3o \u00e9 suficiente para alterar a percep\u00e7\u00e3o de valor. A literatura acad\u00eamica sobre marketing sustent\u00e1vel, como a que \u00e9 reunida em revis\u00f5es do Journal of Business Ethics, concorda que a disposi\u00e7\u00e3o a pagar mais aumenta quando o consumidor compreende claramente o benef\u00edcio que obt\u00e9m e sente coer\u00eancia entre o que a empresa diz e o que faz.<\/p>\n\n\n\n<p><strong>A dimens\u00e3o social como uma oportunidade desperdi\u00e7ada<\/strong><\/p>\n\n\n\n<p>O estudo tamb\u00e9m mostra que, dentro do amplo conceito de sustentabilidade, a dimens\u00e3o social \u00e9 a que mais ressoa entre os consumidores, sobretudo em plataformas como Instagram, TikTok ou YouTube. Temas como condi\u00e7\u00f5es de trabalho, respeito aos direitos humanos ou igualdade de g\u00eanero geram conversas e engajamento com as marcas. No entanto, enquanto a empresa enfatiza em suas redes sociais suas conquistas ambientais, ela comunica muito pouco sobre suas a\u00e7\u00f5es sociais.<\/p>\n\n\n\n<p>Esse desalinhamento entre o que a empresa destaca e o que o p\u00fablico realmente valoriza limita o potencial de sua estrat\u00e9gia de marca. A transpar\u00eancia sobre o bem-estar dos trabalhadores, as pol\u00edticas salariais ou a colabora\u00e7\u00e3o com organiza\u00e7\u00f5es sociais s\u00e3o aspectos que o p\u00fablico deseja conhecer e que podem refor\u00e7ar a credibilidade quando comunicados com clareza e de forma cont\u00ednua.<\/p>\n\n\n\n<p><strong>Redesenhando a comunica\u00e7\u00e3o: do discurso t\u00e9cnico \u00e0s hist\u00f3rias reais<\/strong><\/p>\n\n\n\n<p>O desafio para a Inditex e para todo o setor da moda r\u00e1pida passa por redesenhar sua estrat\u00e9gia de comunica\u00e7\u00e3o digital com uma abordagem mais clara, segmentada e emocional. Nem todos os p\u00fablicos valorizam a sustentabilidade da mesma forma. Enquanto a Gera\u00e7\u00e3o Z se sente atra\u00edda por mensagens inspiradoras e formatos din\u00e2micos no TikTok, as pessoas com mais de 40 anos tendem a priorizar argumentos de qualidade, durabilidade e funcionalidade.<\/p>\n\n\n\n<p>A sustentabilidade deve ir al\u00e9m das promessas institucionais e dos relat\u00f3rios t\u00e9cnicos. Mostrar benef\u00edcios concretos para o planeta e para o consumidor, incorporar depoimentos, hist\u00f3rias reais de impacto e colaboradores ou influenciadores genuinamente comprometidos com a causa pode ter muito mais efeito do que a divulga\u00e7\u00e3o de mensagens gen\u00e9ricas. Al\u00e9m disso, as redes sociais podem se tornar um espa\u00e7o para educa\u00e7\u00e3o, conscientiza\u00e7\u00e3o e di\u00e1logo, desde que haja coer\u00eancia entre o discurso e a pr\u00e1tica empresarial.<\/p>\n\n\n\n<p><strong>Da sustentabilidade declarada \u00e0 sustentabilidade cred\u00edvel<\/strong><\/p>\n\n\n\n<p>Em resumo, os dados indicam que, embora as redes sociais sejam a principal fonte de informa\u00e7\u00e3o sobre sustentabilidade para mais da metade dos entrevistados, a Inditex n\u00e3o as est\u00e1 utilizando de forma eficaz para transmitir seu compromisso ambiental e social. O desafio fundamental \u00e9 passar da sustentabilidade declarada para a sustentabilidade cred\u00edvel. Para isso, a empresa deve transformar sua forma de comunica\u00e7\u00e3o, adaptar as mensagens a cada segmento de p\u00fablico e alinhar o que diz com o que realmente faz.<\/p>\n\n\n\n<p>A constru\u00e7\u00e3o de uma reputa\u00e7\u00e3o sustent\u00e1vel s\u00f3lida n\u00e3o \u00e9 apenas uma quest\u00e3o de responsabilidade, mas tamb\u00e9m uma fonte potencial de vantagem competitiva e diferencia\u00e7\u00e3o. Esse tipo de desafio ilustra a import\u00e2ncia de contar com profissionais formados em comunica\u00e7\u00e3o estrat\u00e9gica e gest\u00e3o da sustentabilidade. A <a href=\"https:\/\/funiber.org\/br\">FUNIBER<\/a> oferece bolsas de estudo para cursos como o <a href=\"https:\/\/funiber.org\/br\/mestrado-em-comunicacao\">Mestrado em Comunica\u00e7\u00e3o,<\/a> que fornecem ferramentas avan\u00e7adas para projetar, implementar e avaliar estrat\u00e9gias de comunica\u00e7\u00e3o corporativa capazes de gerar confian\u00e7a, gerenciar a reputa\u00e7\u00e3o e conectar-se de forma aut\u00eantica com as preocupa\u00e7\u00f5es sociais e ambientais dos consumidores.<\/p>\n","protected":false},"excerpt":{"rendered":"<p>O paradoxo da sustentabilidade na ind\u00fastria t\u00eaxtil A ind\u00fastria t\u00eaxtil est\u00e1 entre as mais poluentes do planeta, mas, ao mesmo tempo, algumas de suas grandes empresas tentam se apresentar como l\u00edderes em sustentabilidade. Esse \u00e9 o caso da Inditex, que busca convencer os consumidores de que seu compromisso com a sustentabilidade \u00e9 real e que, [&hellip;]<\/p>\n","protected":false},"author":42,"featured_media":32395,"comment_status":"closed","ping_status":"closed","sticky":false,"template":"","format":"standard","meta":{"jetpack_post_was_ever_published":false,"_jetpack_newsletter_access":"","_jetpack_newsletter_tier_id":0,"footnotes":"","jetpack_publicize_message":"","jetpack_is_tweetstorm":false,"jetpack_publicize_feature_enabled":true,"jetpack_social_post_already_shared":true,"jetpack_social_options":{"image_generator_settings":{"template":"highway","enabled":false}}},"categories":[8],"tags":[4209,11216,11219,3833,11220,11218,7073,11217,11221,61,84],"jetpack_publicize_connections":[],"yoast_head":"<!-- This site is optimized with the Yoast SEO plugin v21.7 - https:\/\/yoast.com\/wordpress\/plugins\/seo\/ -->\n<title>Sustentabilidade na moda r\u00e1pida: o desafio de comunicar para gerar confian\u00e7a - FuniBlogs - FUNIBER<\/title>\n<meta name=\"description\" content=\"Ind\u00fastria t\u00eaxtil est\u00e1 entre as mais poluentes do planeta, algumas grandes empresas tentam se apresentar como l\u00edderes em sustentabilidade.\" \/>\n<meta name=\"robots\" content=\"index, follow, max-snippet:-1, max-image-preview:large, max-video-preview:-1\" \/>\n<link rel=\"canonical\" href=\"https:\/\/www.funiber.blog\/pt\/empresas-e-rh\/2026\/03\/18\/sustentabilidade-na-moda-rapida-o-desafio-de-comunicar-para-gerar-confianca\" \/>\n<meta property=\"og:locale\" content=\"pt_BR\" \/>\n<meta property=\"og:type\" content=\"article\" \/>\n<meta property=\"og:title\" content=\"Sustentabilidade na moda r\u00e1pida: o desafio de comunicar para gerar confian\u00e7a - FuniBlogs - FUNIBER\" \/>\n<meta property=\"og:description\" content=\"Ind\u00fastria t\u00eaxtil est\u00e1 entre as mais poluentes do planeta, algumas grandes empresas tentam se apresentar como l\u00edderes em sustentabilidade.\" \/>\n<meta property=\"og:url\" content=\"https:\/\/www.funiber.blog\/pt\/empresas-e-rh\/2026\/03\/18\/sustentabilidade-na-moda-rapida-o-desafio-de-comunicar-para-gerar-confianca\" \/>\n<meta property=\"og:site_name\" content=\"FuniBlogs - FUNIBER\" \/>\n<meta property=\"article:publisher\" content=\"https:\/\/www.facebook.com\/funiber\" \/>\n<meta property=\"article:published_time\" content=\"2026-03-18T15:24:58+00:00\" \/>\n<meta property=\"article:modified_time\" content=\"2026-03-18T15:25:01+00:00\" \/>\n<meta property=\"og:image\" content=\"https:\/\/www.funiber.blog\/pt\/wp-content\/uploads\/2026\/03\/sostenibilidadempresas.jpg\" \/>\n\t<meta property=\"og:image:width\" content=\"600\" \/>\n\t<meta property=\"og:image:height\" content=\"400\" \/>\n\t<meta property=\"og:image:type\" content=\"image\/jpeg\" \/>\n<meta name=\"author\" content=\"Brenda Mart\u00ednez\" \/>\n<meta name=\"twitter:card\" content=\"summary_large_image\" \/>\n<meta name=\"twitter:creator\" content=\"@FUNIBER\" \/>\n<meta name=\"twitter:site\" content=\"@FUNIBER\" \/>\n<meta name=\"twitter:label1\" content=\"Escrito por\" \/>\n\t<meta name=\"twitter:data1\" content=\"Brenda Mart\u00ednez\" \/>\n\t<meta name=\"twitter:label2\" content=\"Est. tempo de leitura\" \/>\n\t<meta name=\"twitter:data2\" content=\"6 minutos\" \/>\n<script type=\"application\/ld+json\" class=\"yoast-schema-graph\">{\"@context\":\"https:\/\/schema.org\",\"@graph\":[{\"@type\":\"Article\",\"@id\":\"https:\/\/www.funiber.blog\/pt\/empresas-e-rh\/2026\/03\/18\/sustentabilidade-na-moda-rapida-o-desafio-de-comunicar-para-gerar-confianca#article\",\"isPartOf\":{\"@id\":\"https:\/\/www.funiber.blog\/pt\/empresas-e-rh\/2026\/03\/18\/sustentabilidade-na-moda-rapida-o-desafio-de-comunicar-para-gerar-confianca\"},\"author\":{\"name\":\"Brenda Mart\u00ednez\",\"@id\":\"https:\/\/blogs.funiber.org\/pt\/#\/schema\/person\/f0e8adbb9bf1979b9eb7abc019099db7\"},\"headline\":\"Sustentabilidade na moda r\u00e1pida: o desafio de comunicar para gerar confian\u00e7a\",\"datePublished\":\"2026-03-18T15:24:58+00:00\",\"dateModified\":\"2026-03-18T15:25:01+00:00\",\"mainEntityOfPage\":{\"@id\":\"https:\/\/www.funiber.blog\/pt\/empresas-e-rh\/2026\/03\/18\/sustentabilidade-na-moda-rapida-o-desafio-de-comunicar-para-gerar-confianca\"},\"wordCount\":1183,\"publisher\":{\"@id\":\"https:\/\/blogs.funiber.org\/pt\/#organization\"},\"keywords\":[\"comunica\u00e7\u00e3o digital\",\"consumidor jovem\",\"dimens\u00e3o social\",\"economia circular\",\"fast fashion\",\"Inditex\",\"ind\u00fastria t\u00eaxtil\",\"marca sustent\u00e1vel\",\"percep\u00e7\u00e3o do consumidor\",\"Redes Sociais\",\"Sustentabilidade\"],\"articleSection\":[\"Empresas, Dire\u00e7\u00e3o e RH\"],\"inLanguage\":\"pt-BR\"},{\"@type\":\"WebPage\",\"@id\":\"https:\/\/www.funiber.blog\/pt\/empresas-e-rh\/2026\/03\/18\/sustentabilidade-na-moda-rapida-o-desafio-de-comunicar-para-gerar-confianca\",\"url\":\"https:\/\/www.funiber.blog\/pt\/empresas-e-rh\/2026\/03\/18\/sustentabilidade-na-moda-rapida-o-desafio-de-comunicar-para-gerar-confianca\",\"name\":\"Sustentabilidade na moda r\u00e1pida: o desafio de comunicar para gerar confian\u00e7a - FuniBlogs - FUNIBER\",\"isPartOf\":{\"@id\":\"https:\/\/blogs.funiber.org\/pt\/#website\"},\"datePublished\":\"2026-03-18T15:24:58+00:00\",\"dateModified\":\"2026-03-18T15:25:01+00:00\",\"description\":\"Ind\u00fastria t\u00eaxtil est\u00e1 entre as mais poluentes do planeta, algumas grandes empresas tentam se apresentar como l\u00edderes em sustentabilidade.\",\"breadcrumb\":{\"@id\":\"https:\/\/www.funiber.blog\/pt\/empresas-e-rh\/2026\/03\/18\/sustentabilidade-na-moda-rapida-o-desafio-de-comunicar-para-gerar-confianca#breadcrumb\"},\"inLanguage\":\"pt-BR\",\"potentialAction\":[{\"@type\":\"ReadAction\",\"target\":[\"https:\/\/www.funiber.blog\/pt\/empresas-e-rh\/2026\/03\/18\/sustentabilidade-na-moda-rapida-o-desafio-de-comunicar-para-gerar-confianca\"]}]},{\"@type\":\"BreadcrumbList\",\"@id\":\"https:\/\/www.funiber.blog\/pt\/empresas-e-rh\/2026\/03\/18\/sustentabilidade-na-moda-rapida-o-desafio-de-comunicar-para-gerar-confianca#breadcrumb\",\"itemListElement\":[{\"@type\":\"ListItem\",\"position\":1,\"name\":\"In\u00edcio\",\"item\":\"https:\/\/blogs.funiber.org\/pt\"},{\"@type\":\"ListItem\",\"position\":2,\"name\":\"Sustentabilidade na moda r\u00e1pida: o desafio de comunicar para gerar confian\u00e7a\"}]},{\"@type\":\"WebSite\",\"@id\":\"https:\/\/blogs.funiber.org\/pt\/#website\",\"url\":\"https:\/\/blogs.funiber.org\/pt\/\",\"name\":\"FuniBlogs - FUNIBER\",\"description\":\"\",\"publisher\":{\"@id\":\"https:\/\/blogs.funiber.org\/pt\/#organization\"},\"potentialAction\":[{\"@type\":\"SearchAction\",\"target\":{\"@type\":\"EntryPoint\",\"urlTemplate\":\"https:\/\/blogs.funiber.org\/pt\/?s={search_term_string}\"},\"query-input\":\"required name=search_term_string\"}],\"inLanguage\":\"pt-BR\"},{\"@type\":\"Organization\",\"@id\":\"https:\/\/blogs.funiber.org\/pt\/#organization\",\"name\":\"FuniBlogs - FUNIBER\",\"url\":\"https:\/\/blogs.funiber.org\/pt\/\",\"logo\":{\"@type\":\"ImageObject\",\"inLanguage\":\"pt-BR\",\"@id\":\"https:\/\/blogs.funiber.org\/pt\/#\/schema\/logo\/image\/\",\"url\":\"https:\/\/www.funiber.blog\/pt\/wp-content\/uploads\/2022\/02\/logo-funiber-pt-br-v-dos.svg\",\"contentUrl\":\"https:\/\/www.funiber.blog\/pt\/wp-content\/uploads\/2022\/02\/logo-funiber-pt-br-v-dos.svg\",\"width\":1,\"height\":1,\"caption\":\"FuniBlogs - FUNIBER\"},\"image\":{\"@id\":\"https:\/\/blogs.funiber.org\/pt\/#\/schema\/logo\/image\/\"},\"sameAs\":[\"https:\/\/www.facebook.com\/funiber\",\"https:\/\/twitter.com\/FUNIBER\",\"https:\/\/www.instagram.com\/funiber_becas\",\"https:\/\/www.youtube.com\/user\/funiber\",\"https:\/\/www.linkedin.com\/company\/funiber\"]},{\"@type\":\"Person\",\"@id\":\"https:\/\/blogs.funiber.org\/pt\/#\/schema\/person\/f0e8adbb9bf1979b9eb7abc019099db7\",\"name\":\"Brenda Mart\u00ednez\",\"image\":{\"@type\":\"ImageObject\",\"inLanguage\":\"pt-BR\",\"@id\":\"https:\/\/blogs.funiber.org\/pt\/#\/schema\/person\/image\/\",\"url\":\"https:\/\/secure.gravatar.com\/avatar\/6e0bfdc1f9f6960ab6f5de768969ad36?s=96&d=mm&r=g\",\"contentUrl\":\"https:\/\/secure.gravatar.com\/avatar\/6e0bfdc1f9f6960ab6f5de768969ad36?s=96&d=mm&r=g\",\"caption\":\"Brenda Mart\u00ednez\"},\"url\":\"https:\/\/www.funiber.blog\/pt\/author\/brenda-martinez\"}]}<\/script>\n<!-- \/ Yoast SEO plugin. -->","yoast_head_json":{"title":"Sustentabilidade na moda r\u00e1pida: o desafio de comunicar para gerar confian\u00e7a - FuniBlogs - FUNIBER","description":"Ind\u00fastria t\u00eaxtil est\u00e1 entre as mais poluentes do planeta, algumas grandes empresas tentam se apresentar como l\u00edderes em sustentabilidade.","robots":{"index":"index","follow":"follow","max-snippet":"max-snippet:-1","max-image-preview":"max-image-preview:large","max-video-preview":"max-video-preview:-1"},"canonical":"https:\/\/www.funiber.blog\/pt\/empresas-e-rh\/2026\/03\/18\/sustentabilidade-na-moda-rapida-o-desafio-de-comunicar-para-gerar-confianca","og_locale":"pt_BR","og_type":"article","og_title":"Sustentabilidade na moda r\u00e1pida: o desafio de comunicar para gerar confian\u00e7a - FuniBlogs - FUNIBER","og_description":"Ind\u00fastria t\u00eaxtil est\u00e1 entre as mais poluentes do planeta, algumas grandes empresas tentam se apresentar como l\u00edderes em sustentabilidade.","og_url":"https:\/\/www.funiber.blog\/pt\/empresas-e-rh\/2026\/03\/18\/sustentabilidade-na-moda-rapida-o-desafio-de-comunicar-para-gerar-confianca","og_site_name":"FuniBlogs - FUNIBER","article_publisher":"https:\/\/www.facebook.com\/funiber","article_published_time":"2026-03-18T15:24:58+00:00","article_modified_time":"2026-03-18T15:25:01+00:00","og_image":[{"width":600,"height":400,"url":"https:\/\/www.funiber.blog\/pt\/wp-content\/uploads\/2026\/03\/sostenibilidadempresas.jpg","type":"image\/jpeg"}],"author":"Brenda Mart\u00ednez","twitter_card":"summary_large_image","twitter_creator":"@FUNIBER","twitter_site":"@FUNIBER","twitter_misc":{"Escrito por":"Brenda Mart\u00ednez","Est. tempo de leitura":"6 minutos"},"schema":{"@context":"https:\/\/schema.org","@graph":[{"@type":"Article","@id":"https:\/\/www.funiber.blog\/pt\/empresas-e-rh\/2026\/03\/18\/sustentabilidade-na-moda-rapida-o-desafio-de-comunicar-para-gerar-confianca#article","isPartOf":{"@id":"https:\/\/www.funiber.blog\/pt\/empresas-e-rh\/2026\/03\/18\/sustentabilidade-na-moda-rapida-o-desafio-de-comunicar-para-gerar-confianca"},"author":{"name":"Brenda Mart\u00ednez","@id":"https:\/\/blogs.funiber.org\/pt\/#\/schema\/person\/f0e8adbb9bf1979b9eb7abc019099db7"},"headline":"Sustentabilidade na moda r\u00e1pida: o desafio de comunicar para gerar confian\u00e7a","datePublished":"2026-03-18T15:24:58+00:00","dateModified":"2026-03-18T15:25:01+00:00","mainEntityOfPage":{"@id":"https:\/\/www.funiber.blog\/pt\/empresas-e-rh\/2026\/03\/18\/sustentabilidade-na-moda-rapida-o-desafio-de-comunicar-para-gerar-confianca"},"wordCount":1183,"publisher":{"@id":"https:\/\/blogs.funiber.org\/pt\/#organization"},"keywords":["comunica\u00e7\u00e3o digital","consumidor jovem","dimens\u00e3o social","economia circular","fast fashion","Inditex","ind\u00fastria t\u00eaxtil","marca sustent\u00e1vel","percep\u00e7\u00e3o do consumidor","Redes Sociais","Sustentabilidade"],"articleSection":["Empresas, Dire\u00e7\u00e3o e RH"],"inLanguage":"pt-BR"},{"@type":"WebPage","@id":"https:\/\/www.funiber.blog\/pt\/empresas-e-rh\/2026\/03\/18\/sustentabilidade-na-moda-rapida-o-desafio-de-comunicar-para-gerar-confianca","url":"https:\/\/www.funiber.blog\/pt\/empresas-e-rh\/2026\/03\/18\/sustentabilidade-na-moda-rapida-o-desafio-de-comunicar-para-gerar-confianca","name":"Sustentabilidade na moda r\u00e1pida: o desafio de comunicar para gerar confian\u00e7a - FuniBlogs - FUNIBER","isPartOf":{"@id":"https:\/\/blogs.funiber.org\/pt\/#website"},"datePublished":"2026-03-18T15:24:58+00:00","dateModified":"2026-03-18T15:25:01+00:00","description":"Ind\u00fastria t\u00eaxtil est\u00e1 entre as mais poluentes do planeta, algumas grandes empresas tentam se apresentar como l\u00edderes em sustentabilidade.","breadcrumb":{"@id":"https:\/\/www.funiber.blog\/pt\/empresas-e-rh\/2026\/03\/18\/sustentabilidade-na-moda-rapida-o-desafio-de-comunicar-para-gerar-confianca#breadcrumb"},"inLanguage":"pt-BR","potentialAction":[{"@type":"ReadAction","target":["https:\/\/www.funiber.blog\/pt\/empresas-e-rh\/2026\/03\/18\/sustentabilidade-na-moda-rapida-o-desafio-de-comunicar-para-gerar-confianca"]}]},{"@type":"BreadcrumbList","@id":"https:\/\/www.funiber.blog\/pt\/empresas-e-rh\/2026\/03\/18\/sustentabilidade-na-moda-rapida-o-desafio-de-comunicar-para-gerar-confianca#breadcrumb","itemListElement":[{"@type":"ListItem","position":1,"name":"In\u00edcio","item":"https:\/\/blogs.funiber.org\/pt"},{"@type":"ListItem","position":2,"name":"Sustentabilidade na moda r\u00e1pida: o desafio de comunicar para gerar confian\u00e7a"}]},{"@type":"WebSite","@id":"https:\/\/blogs.funiber.org\/pt\/#website","url":"https:\/\/blogs.funiber.org\/pt\/","name":"FuniBlogs - FUNIBER","description":"","publisher":{"@id":"https:\/\/blogs.funiber.org\/pt\/#organization"},"potentialAction":[{"@type":"SearchAction","target":{"@type":"EntryPoint","urlTemplate":"https:\/\/blogs.funiber.org\/pt\/?s={search_term_string}"},"query-input":"required name=search_term_string"}],"inLanguage":"pt-BR"},{"@type":"Organization","@id":"https:\/\/blogs.funiber.org\/pt\/#organization","name":"FuniBlogs - FUNIBER","url":"https:\/\/blogs.funiber.org\/pt\/","logo":{"@type":"ImageObject","inLanguage":"pt-BR","@id":"https:\/\/blogs.funiber.org\/pt\/#\/schema\/logo\/image\/","url":"https:\/\/www.funiber.blog\/pt\/wp-content\/uploads\/2022\/02\/logo-funiber-pt-br-v-dos.svg","contentUrl":"https:\/\/www.funiber.blog\/pt\/wp-content\/uploads\/2022\/02\/logo-funiber-pt-br-v-dos.svg","width":1,"height":1,"caption":"FuniBlogs - FUNIBER"},"image":{"@id":"https:\/\/blogs.funiber.org\/pt\/#\/schema\/logo\/image\/"},"sameAs":["https:\/\/www.facebook.com\/funiber","https:\/\/twitter.com\/FUNIBER","https:\/\/www.instagram.com\/funiber_becas","https:\/\/www.youtube.com\/user\/funiber","https:\/\/www.linkedin.com\/company\/funiber"]},{"@type":"Person","@id":"https:\/\/blogs.funiber.org\/pt\/#\/schema\/person\/f0e8adbb9bf1979b9eb7abc019099db7","name":"Brenda Mart\u00ednez","image":{"@type":"ImageObject","inLanguage":"pt-BR","@id":"https:\/\/blogs.funiber.org\/pt\/#\/schema\/person\/image\/","url":"https:\/\/secure.gravatar.com\/avatar\/6e0bfdc1f9f6960ab6f5de768969ad36?s=96&d=mm&r=g","contentUrl":"https:\/\/secure.gravatar.com\/avatar\/6e0bfdc1f9f6960ab6f5de768969ad36?s=96&d=mm&r=g","caption":"Brenda Mart\u00ednez"},"url":"https:\/\/www.funiber.blog\/pt\/author\/brenda-martinez"}]}},"jetpack_featured_media_url":"https:\/\/www.funiber.blog\/pt\/wp-content\/uploads\/2026\/03\/sostenibilidadempresas.jpg","jetpack_shortlink":"https:\/\/wp.me\/p7ee1t-8qu","jetpack_sharing_enabled":true,"_links":{"self":[{"href":"https:\/\/www.funiber.blog\/pt\/wp-json\/wp\/v2\/posts\/32394"}],"collection":[{"href":"https:\/\/www.funiber.blog\/pt\/wp-json\/wp\/v2\/posts"}],"about":[{"href":"https:\/\/www.funiber.blog\/pt\/wp-json\/wp\/v2\/types\/post"}],"author":[{"embeddable":true,"href":"https:\/\/www.funiber.blog\/pt\/wp-json\/wp\/v2\/users\/42"}],"replies":[{"embeddable":true,"href":"https:\/\/www.funiber.blog\/pt\/wp-json\/wp\/v2\/comments?post=32394"}],"version-history":[{"count":1,"href":"https:\/\/www.funiber.blog\/pt\/wp-json\/wp\/v2\/posts\/32394\/revisions"}],"predecessor-version":[{"id":32396,"href":"https:\/\/www.funiber.blog\/pt\/wp-json\/wp\/v2\/posts\/32394\/revisions\/32396"}],"wp:featuredmedia":[{"embeddable":true,"href":"https:\/\/www.funiber.blog\/pt\/wp-json\/wp\/v2\/media\/32395"}],"wp:attachment":[{"href":"https:\/\/www.funiber.blog\/pt\/wp-json\/wp\/v2\/media?parent=32394"}],"wp:term":[{"taxonomy":"category","embeddable":true,"href":"https:\/\/www.funiber.blog\/pt\/wp-json\/wp\/v2\/categories?post=32394"},{"taxonomy":"post_tag","embeddable":true,"href":"https:\/\/www.funiber.blog\/pt\/wp-json\/wp\/v2\/tags?post=32394"}],"curies":[{"name":"wp","href":"https:\/\/api.w.org\/{rel}","templated":true}]}}