{"id":3591,"date":"2014-01-23T12:01:47","date_gmt":"2014-01-23T12:01:47","guid":{"rendered":"http:\/\/blogs.funiber.org\/pt\/?p=3591"},"modified":"2014-01-23T12:02:34","modified_gmt":"2014-01-23T12:02:34","slug":"ciberjornalismo-novos-desafios-para-os-meios-de-comunicacao-e-para-os-profissionais","status":"publish","type":"post","link":"https:\/\/www.funiber.blog\/pt\/empresas-e-rh\/2014\/01\/23\/ciberjornalismo-novos-desafios-para-os-meios-de-comunicacao-e-para-os-profissionais","title":{"rendered":"Ciberjornalismo: novos desafios para os meios de comunica\u00e7\u00e3o e para os profissionais"},"content":{"rendered":"<p>A imprensa \u00e9 um antigo neg\u00f3cio que foi evoluindo junto com os meios de comunica\u00e7\u00e3o. A imprensa, o r\u00e1dio e a televis\u00e3o permitiram que a informa\u00e7\u00e3o chegasse a milh\u00f5es de pessoas em poucas horas ou minutos, e os meios ganharam tanta relev\u00e2ncia que chegaram a se estabelecer como o quarto poder. Por muito tempo os meios costumaram estabelecer uma comunica\u00e7\u00e3o quase unidirecional, mas a Internet chegou para mudar os formatos e a velocidade de transmiss\u00e3o da informa\u00e7\u00e3o, e este novo entorno exige que os jornalistas se transformem em ciberjornalistas, profissionais acostumados a trabalhar com as novas ferramentas digitais e interagir com grandes audi\u00eancias.<!--more--><\/p>\n<p>Para a maioria dos neg\u00f3cios a chegada da Internet significa uma mudan\u00e7a significativa em sua estrat\u00e9gia de comunica\u00e7\u00e3o e promo\u00e7\u00e3o, mas para a imprensa a Internet \u00e9 um entorno que implica uma mudan\u00e7a na alma do neg\u00f3cio, uma mudan\u00e7a na forma como s\u00e3o produzidas e distribu\u00eddas as not\u00edcias para a audi\u00eancia. Hoje os meios digitais recebem coment\u00e1rios e cr\u00edticas sobre a informa\u00e7\u00e3o que apresentam quase de forma instant\u00e2nea, e manter uma estrutura unidirecional de comunica\u00e7\u00e3o \u00e9 imposs\u00edvel em um novo cen\u00e1rio em que os celulares e computadores oferecem a possibilidade de se manter informados e interagir com o meio que produz a informa\u00e7\u00e3o em tempo real.<\/p>\n<p>H\u00e1 alguns anos atr\u00e1s o jornalista podia produzir algumas notas durante o dia e o conte\u00fado era revisado pelo editor para sua posterior publica\u00e7\u00e3o. Com a mudan\u00e7a para os formatos digitais, o fluxo de produ\u00e7\u00e3o mudou e hoje a produ\u00e7\u00e3o do conte\u00fado \u00e9 realizada quase em tempo real, e em muitos casos s\u00e3o realizadas transmiss\u00f5es ao vivo a partir de qualquer lugar do planeta que tenha acesso \u00e0 Internet.<\/p>\n<p>Os novos ciberjornalistas devem ter um amplo conhecimento das ferramentas tradicionais utilizadas para a produ\u00e7\u00e3o de conte\u00fado, mas tamb\u00e9m devem dominar as ferramentas eletr\u00f4nicas utilizadas para produzir texto, \u00e1udio, v\u00eddeo e multim\u00eddia para informar \u00e0 audi\u00eancia. Al\u00e9m disso, devem ter um profundo conhecimento dos assuntos tratados, considerando que receber\u00e1 centenas de respostas de um p\u00fablico que tem acesso a uma vasta fonte de informa\u00e7\u00e3o: a Internet.<\/p>\n<p>As escolas de jornalismo ficaram ultrapassadas e s\u00e3o muito poucas as que conseguiram se adaptar \u00e0s novas tecnologias. Al\u00e9m das mudan\u00e7as internas dos meios de comunica\u00e7\u00e3o, \u00e9 preciso tamb\u00e9m uma mudan\u00e7a nas escolas que formam os futuros jornalistas, para formar ciberjornalistas que tenham a capacidade e uma atitude mental aberta para novos formatos e plataformas. \u00c9 preciso profissionais preparados para adaptar o conte\u00fado a diversos formatos, e utilizar em cada contexto a linguagem apropriada, de acordo com o meio que ser\u00e1 utilizado. \u00c9 preciso jornalistas de qualidade com uma prepara\u00e7\u00e3o t\u00e9cnica focada nos novos meios digitais.<\/p>\n<p>Os novos ciberjornalistas devem manter um esp\u00edrito de autoforma\u00e7\u00e3o que lhes permita ampliar seus conhecimentos tanto em n\u00edvel t\u00e9cnico quanto em torno dos diversos assuntos sobre os quais devem criar informa\u00e7\u00e3o. As novas ferramentas tecnol\u00f3gicas mudam com grande rapidez e configuram meios de comunica\u00e7\u00e3o multidirecionais que abrem espa\u00e7os din\u00e2micos para a intera\u00e7\u00e3o de enormes audi\u00eancias.<\/p>\n<p>Para fazer enfrentar os novos desafios levantados pela forma\u00e7\u00e3o de novos ciberjornalistas, a Funiber oferece aos profissionais de fala hispana o programa de Especializa\u00e7\u00e3o em Jornalismo e Ci\u00eancias da Informa\u00e7\u00e3o, um programa que \u201cbusca desenvolver nos profissionais uma consci\u00eancia cr\u00edtica, fundamentada em conhecimentos pr\u00e1ticos e modernos, para que possam n\u00e3o apenas se adaptar a este novo panorama, mas tamb\u00e9m se converter em pioneiros no tratamento da informa\u00e7\u00e3o jornal\u00edstica\u201d.<\/p>\n<p>Especializa\u00e7\u00e3o em Jornalismo e Ci\u00eancias da Informa\u00e7\u00e3o:<br \/>\n<a href=\"http:\/\/www.funiber.org\/areas-de-conocimiento\/audiovisual-y-multimedia\/periodismo\/\" target=\"_blank\">http:\/\/www.funiber.org\/areas-de-conocimiento\/audiovisual-y-multimedia\/periodismo\/<\/a><\/p>\n<p>Foto: Alguns direitos reservados por\u00a0birdyartworks\/Flickr.<\/p>\n","protected":false},"excerpt":{"rendered":"<p>A imprensa \u00e9 um antigo neg\u00f3cio que foi evoluindo junto com os meios de comunica\u00e7\u00e3o. A imprensa, o r\u00e1dio e a televis\u00e3o permitiram que a informa\u00e7\u00e3o chegasse a milh\u00f5es de pessoas em poucas horas ou minutos, e os meios ganharam tanta relev\u00e2ncia que chegaram a se estabelecer como o quarto poder. Por muito tempo os [&hellip;]<\/p>\n","protected":false},"author":10,"featured_media":3592,"comment_status":"closed","ping_status":"closed","sticky":false,"template":"","format":"standard","meta":{"jetpack_post_was_ever_published":false,"_jetpack_newsletter_access":"","_jetpack_newsletter_tier_id":0,"footnotes":"","jetpack_publicize_message":"","jetpack_is_tweetstorm":false,"jetpack_publicize_feature_enabled":true,"jetpack_social_post_already_shared":false,"jetpack_social_options":{"image_generator_settings":{"template":"highway","enabled":false}}},"categories":[8],"tags":[215],"jetpack_publicize_connections":[],"yoast_head":"<!-- This site is optimized with the Yoast SEO plugin v21.7 - https:\/\/yoast.com\/wordpress\/plugins\/seo\/ -->\n<title>Ciberjornalismo: novos desafios para os meios de comunica\u00e7\u00e3o e para os profissionais - FuniBlogs - FUNIBER<\/title>\n<meta name=\"robots\" content=\"index, follow, max-snippet:-1, max-image-preview:large, max-video-preview:-1\" \/>\n<link rel=\"canonical\" href=\"https:\/\/blogs.funiber.org\/pt\/empresas-e-rh\/2014\/01\/23\/ciberjornalismo-novos-desafios-para-os-meios-de-comunicacao-e-para-os-profissionais\" \/>\n<meta property=\"og:locale\" content=\"pt_BR\" \/>\n<meta property=\"og:type\" content=\"article\" \/>\n<meta property=\"og:title\" content=\"Ciberjornalismo: novos desafios para os meios de comunica\u00e7\u00e3o e para os profissionais - FuniBlogs - FUNIBER\" \/>\n<meta property=\"og:description\" content=\"A imprensa \u00e9 um antigo neg\u00f3cio que foi evoluindo junto com os meios de comunica\u00e7\u00e3o. A imprensa, o r\u00e1dio e a televis\u00e3o permitiram que a informa\u00e7\u00e3o chegasse a milh\u00f5es de pessoas em poucas horas ou minutos, e os meios ganharam tanta relev\u00e2ncia que chegaram a se estabelecer como o quarto poder. Por muito tempo os [&hellip;]\" \/>\n<meta property=\"og:url\" content=\"https:\/\/blogs.funiber.org\/pt\/empresas-e-rh\/2014\/01\/23\/ciberjornalismo-novos-desafios-para-os-meios-de-comunicacao-e-para-os-profissionais\" \/>\n<meta property=\"og:site_name\" content=\"FuniBlogs - FUNIBER\" \/>\n<meta property=\"article:publisher\" content=\"https:\/\/www.facebook.com\/funiber\" \/>\n<meta property=\"article:published_time\" content=\"2014-01-23T12:01:47+00:00\" \/>\n<meta property=\"article:modified_time\" content=\"2014-01-23T12:02:34+00:00\" \/>\n<meta property=\"og:image\" content=\"https:\/\/blogs.funiber.org\/pt\/wp-content\/uploads\/2014\/01\/EMP_cameraman.jpg\" \/>\n\t<meta property=\"og:image:width\" content=\"500\" \/>\n\t<meta property=\"og:image:height\" content=\"375\" \/>\n\t<meta property=\"og:image:type\" content=\"image\/jpeg\" \/>\n<meta name=\"author\" content=\"Michelle\" \/>\n<meta name=\"twitter:card\" content=\"summary_large_image\" \/>\n<meta name=\"twitter:creator\" content=\"@FUNIBER\" \/>\n<meta name=\"twitter:site\" content=\"@FUNIBER\" \/>\n<meta name=\"twitter:label1\" content=\"Escrito por\" \/>\n\t<meta name=\"twitter:data1\" content=\"Michelle\" \/>\n\t<meta name=\"twitter:label2\" content=\"Est. tempo de leitura\" \/>\n\t<meta name=\"twitter:data2\" content=\"3 minutos\" \/>\n<script type=\"application\/ld+json\" class=\"yoast-schema-graph\">{\"@context\":\"https:\/\/schema.org\",\"@graph\":[{\"@type\":\"Article\",\"@id\":\"https:\/\/blogs.funiber.org\/pt\/empresas-e-rh\/2014\/01\/23\/ciberjornalismo-novos-desafios-para-os-meios-de-comunicacao-e-para-os-profissionais#article\",\"isPartOf\":{\"@id\":\"https:\/\/blogs.funiber.org\/pt\/empresas-e-rh\/2014\/01\/23\/ciberjornalismo-novos-desafios-para-os-meios-de-comunicacao-e-para-os-profissionais\"},\"author\":{\"name\":\"Michelle\",\"@id\":\"https:\/\/blogs.funiber.org\/pt\/#\/schema\/person\/a1eaaa5e57eac866a8c5946946bcf80d\"},\"headline\":\"Ciberjornalismo: novos desafios para os meios de comunica\u00e7\u00e3o e para os profissionais\",\"datePublished\":\"2014-01-23T12:01:47+00:00\",\"dateModified\":\"2014-01-23T12:02:34+00:00\",\"mainEntityOfPage\":{\"@id\":\"https:\/\/blogs.funiber.org\/pt\/empresas-e-rh\/2014\/01\/23\/ciberjornalismo-novos-desafios-para-os-meios-de-comunicacao-e-para-os-profissionais\"},\"wordCount\":672,\"publisher\":{\"@id\":\"https:\/\/blogs.funiber.org\/pt\/#organization\"},\"keywords\":[\"Meios de Comunica\u00e7\u00e3o\"],\"articleSection\":[\"Empresas, Dire\u00e7\u00e3o e RH\"],\"inLanguage\":\"pt-BR\"},{\"@type\":\"WebPage\",\"@id\":\"https:\/\/blogs.funiber.org\/pt\/empresas-e-rh\/2014\/01\/23\/ciberjornalismo-novos-desafios-para-os-meios-de-comunicacao-e-para-os-profissionais\",\"url\":\"https:\/\/blogs.funiber.org\/pt\/empresas-e-rh\/2014\/01\/23\/ciberjornalismo-novos-desafios-para-os-meios-de-comunicacao-e-para-os-profissionais\",\"name\":\"Ciberjornalismo: novos desafios para os meios de comunica\u00e7\u00e3o e para os profissionais - FuniBlogs - FUNIBER\",\"isPartOf\":{\"@id\":\"https:\/\/blogs.funiber.org\/pt\/#website\"},\"datePublished\":\"2014-01-23T12:01:47+00:00\",\"dateModified\":\"2014-01-23T12:02:34+00:00\",\"breadcrumb\":{\"@id\":\"https:\/\/blogs.funiber.org\/pt\/empresas-e-rh\/2014\/01\/23\/ciberjornalismo-novos-desafios-para-os-meios-de-comunicacao-e-para-os-profissionais#breadcrumb\"},\"inLanguage\":\"pt-BR\",\"potentialAction\":[{\"@type\":\"ReadAction\",\"target\":[\"https:\/\/blogs.funiber.org\/pt\/empresas-e-rh\/2014\/01\/23\/ciberjornalismo-novos-desafios-para-os-meios-de-comunicacao-e-para-os-profissionais\"]}]},{\"@type\":\"BreadcrumbList\",\"@id\":\"https:\/\/blogs.funiber.org\/pt\/empresas-e-rh\/2014\/01\/23\/ciberjornalismo-novos-desafios-para-os-meios-de-comunicacao-e-para-os-profissionais#breadcrumb\",\"itemListElement\":[{\"@type\":\"ListItem\",\"position\":1,\"name\":\"In\u00edcio\",\"item\":\"https:\/\/blogs.funiber.org\/pt\"},{\"@type\":\"ListItem\",\"position\":2,\"name\":\"Ciberjornalismo: novos desafios para os meios de comunica\u00e7\u00e3o e para os profissionais\"}]},{\"@type\":\"WebSite\",\"@id\":\"https:\/\/blogs.funiber.org\/pt\/#website\",\"url\":\"https:\/\/blogs.funiber.org\/pt\/\",\"name\":\"FuniBlogs - FUNIBER\",\"description\":\"\",\"publisher\":{\"@id\":\"https:\/\/blogs.funiber.org\/pt\/#organization\"},\"potentialAction\":[{\"@type\":\"SearchAction\",\"target\":{\"@type\":\"EntryPoint\",\"urlTemplate\":\"https:\/\/blogs.funiber.org\/pt\/?s={search_term_string}\"},\"query-input\":\"required name=search_term_string\"}],\"inLanguage\":\"pt-BR\"},{\"@type\":\"Organization\",\"@id\":\"https:\/\/blogs.funiber.org\/pt\/#organization\",\"name\":\"FuniBlogs - FUNIBER\",\"url\":\"https:\/\/blogs.funiber.org\/pt\/\",\"logo\":{\"@type\":\"ImageObject\",\"inLanguage\":\"pt-BR\",\"@id\":\"https:\/\/blogs.funiber.org\/pt\/#\/schema\/logo\/image\/\",\"url\":\"https:\/\/www.funiber.blog\/pt\/wp-content\/uploads\/2022\/02\/logo-funiber-pt-br-v-dos.svg\",\"contentUrl\":\"https:\/\/www.funiber.blog\/pt\/wp-content\/uploads\/2022\/02\/logo-funiber-pt-br-v-dos.svg\",\"width\":1,\"height\":1,\"caption\":\"FuniBlogs - FUNIBER\"},\"image\":{\"@id\":\"https:\/\/blogs.funiber.org\/pt\/#\/schema\/logo\/image\/\"},\"sameAs\":[\"https:\/\/www.facebook.com\/funiber\",\"https:\/\/twitter.com\/FUNIBER\",\"https:\/\/www.instagram.com\/funiber_becas\",\"https:\/\/www.youtube.com\/user\/funiber\",\"https:\/\/www.linkedin.com\/company\/funiber\"]},{\"@type\":\"Person\",\"@id\":\"https:\/\/blogs.funiber.org\/pt\/#\/schema\/person\/a1eaaa5e57eac866a8c5946946bcf80d\",\"name\":\"Michelle\",\"image\":{\"@type\":\"ImageObject\",\"inLanguage\":\"pt-BR\",\"@id\":\"https:\/\/blogs.funiber.org\/pt\/#\/schema\/person\/image\/\",\"url\":\"https:\/\/secure.gravatar.com\/avatar\/5e87041f7609dc50493cf216754fece1?s=96&d=mm&r=g\",\"contentUrl\":\"https:\/\/secure.gravatar.com\/avatar\/5e87041f7609dc50493cf216754fece1?s=96&d=mm&r=g\",\"caption\":\"Michelle\"},\"url\":\"https:\/\/www.funiber.blog\/pt\/author\/michelle-moreira\"}]}<\/script>\n<!-- \/ Yoast SEO plugin. -->","yoast_head_json":{"title":"Ciberjornalismo: novos desafios para os meios de comunica\u00e7\u00e3o e para os profissionais - FuniBlogs - FUNIBER","robots":{"index":"index","follow":"follow","max-snippet":"max-snippet:-1","max-image-preview":"max-image-preview:large","max-video-preview":"max-video-preview:-1"},"canonical":"https:\/\/blogs.funiber.org\/pt\/empresas-e-rh\/2014\/01\/23\/ciberjornalismo-novos-desafios-para-os-meios-de-comunicacao-e-para-os-profissionais","og_locale":"pt_BR","og_type":"article","og_title":"Ciberjornalismo: novos desafios para os meios de comunica\u00e7\u00e3o e para os profissionais - FuniBlogs - FUNIBER","og_description":"A imprensa \u00e9 um antigo neg\u00f3cio que foi evoluindo junto com os meios de comunica\u00e7\u00e3o. A imprensa, o r\u00e1dio e a televis\u00e3o permitiram que a informa\u00e7\u00e3o chegasse a milh\u00f5es de pessoas em poucas horas ou minutos, e os meios ganharam tanta relev\u00e2ncia que chegaram a se estabelecer como o quarto poder. Por muito tempo os [&hellip;]","og_url":"https:\/\/blogs.funiber.org\/pt\/empresas-e-rh\/2014\/01\/23\/ciberjornalismo-novos-desafios-para-os-meios-de-comunicacao-e-para-os-profissionais","og_site_name":"FuniBlogs - FUNIBER","article_publisher":"https:\/\/www.facebook.com\/funiber","article_published_time":"2014-01-23T12:01:47+00:00","article_modified_time":"2014-01-23T12:02:34+00:00","og_image":[{"width":500,"height":375,"url":"https:\/\/blogs.funiber.org\/pt\/wp-content\/uploads\/2014\/01\/EMP_cameraman.jpg","type":"image\/jpeg"}],"author":"Michelle","twitter_card":"summary_large_image","twitter_creator":"@FUNIBER","twitter_site":"@FUNIBER","twitter_misc":{"Escrito por":"Michelle","Est. tempo de leitura":"3 minutos"},"schema":{"@context":"https:\/\/schema.org","@graph":[{"@type":"Article","@id":"https:\/\/blogs.funiber.org\/pt\/empresas-e-rh\/2014\/01\/23\/ciberjornalismo-novos-desafios-para-os-meios-de-comunicacao-e-para-os-profissionais#article","isPartOf":{"@id":"https:\/\/blogs.funiber.org\/pt\/empresas-e-rh\/2014\/01\/23\/ciberjornalismo-novos-desafios-para-os-meios-de-comunicacao-e-para-os-profissionais"},"author":{"name":"Michelle","@id":"https:\/\/blogs.funiber.org\/pt\/#\/schema\/person\/a1eaaa5e57eac866a8c5946946bcf80d"},"headline":"Ciberjornalismo: novos desafios para os meios de comunica\u00e7\u00e3o e para os profissionais","datePublished":"2014-01-23T12:01:47+00:00","dateModified":"2014-01-23T12:02:34+00:00","mainEntityOfPage":{"@id":"https:\/\/blogs.funiber.org\/pt\/empresas-e-rh\/2014\/01\/23\/ciberjornalismo-novos-desafios-para-os-meios-de-comunicacao-e-para-os-profissionais"},"wordCount":672,"publisher":{"@id":"https:\/\/blogs.funiber.org\/pt\/#organization"},"keywords":["Meios de Comunica\u00e7\u00e3o"],"articleSection":["Empresas, Dire\u00e7\u00e3o e RH"],"inLanguage":"pt-BR"},{"@type":"WebPage","@id":"https:\/\/blogs.funiber.org\/pt\/empresas-e-rh\/2014\/01\/23\/ciberjornalismo-novos-desafios-para-os-meios-de-comunicacao-e-para-os-profissionais","url":"https:\/\/blogs.funiber.org\/pt\/empresas-e-rh\/2014\/01\/23\/ciberjornalismo-novos-desafios-para-os-meios-de-comunicacao-e-para-os-profissionais","name":"Ciberjornalismo: novos desafios para os meios de comunica\u00e7\u00e3o e para os profissionais - FuniBlogs - FUNIBER","isPartOf":{"@id":"https:\/\/blogs.funiber.org\/pt\/#website"},"datePublished":"2014-01-23T12:01:47+00:00","dateModified":"2014-01-23T12:02:34+00:00","breadcrumb":{"@id":"https:\/\/blogs.funiber.org\/pt\/empresas-e-rh\/2014\/01\/23\/ciberjornalismo-novos-desafios-para-os-meios-de-comunicacao-e-para-os-profissionais#breadcrumb"},"inLanguage":"pt-BR","potentialAction":[{"@type":"ReadAction","target":["https:\/\/blogs.funiber.org\/pt\/empresas-e-rh\/2014\/01\/23\/ciberjornalismo-novos-desafios-para-os-meios-de-comunicacao-e-para-os-profissionais"]}]},{"@type":"BreadcrumbList","@id":"https:\/\/blogs.funiber.org\/pt\/empresas-e-rh\/2014\/01\/23\/ciberjornalismo-novos-desafios-para-os-meios-de-comunicacao-e-para-os-profissionais#breadcrumb","itemListElement":[{"@type":"ListItem","position":1,"name":"In\u00edcio","item":"https:\/\/blogs.funiber.org\/pt"},{"@type":"ListItem","position":2,"name":"Ciberjornalismo: novos desafios para os meios de comunica\u00e7\u00e3o e para os profissionais"}]},{"@type":"WebSite","@id":"https:\/\/blogs.funiber.org\/pt\/#website","url":"https:\/\/blogs.funiber.org\/pt\/","name":"FuniBlogs - FUNIBER","description":"","publisher":{"@id":"https:\/\/blogs.funiber.org\/pt\/#organization"},"potentialAction":[{"@type":"SearchAction","target":{"@type":"EntryPoint","urlTemplate":"https:\/\/blogs.funiber.org\/pt\/?s={search_term_string}"},"query-input":"required name=search_term_string"}],"inLanguage":"pt-BR"},{"@type":"Organization","@id":"https:\/\/blogs.funiber.org\/pt\/#organization","name":"FuniBlogs - FUNIBER","url":"https:\/\/blogs.funiber.org\/pt\/","logo":{"@type":"ImageObject","inLanguage":"pt-BR","@id":"https:\/\/blogs.funiber.org\/pt\/#\/schema\/logo\/image\/","url":"https:\/\/www.funiber.blog\/pt\/wp-content\/uploads\/2022\/02\/logo-funiber-pt-br-v-dos.svg","contentUrl":"https:\/\/www.funiber.blog\/pt\/wp-content\/uploads\/2022\/02\/logo-funiber-pt-br-v-dos.svg","width":1,"height":1,"caption":"FuniBlogs - FUNIBER"},"image":{"@id":"https:\/\/blogs.funiber.org\/pt\/#\/schema\/logo\/image\/"},"sameAs":["https:\/\/www.facebook.com\/funiber","https:\/\/twitter.com\/FUNIBER","https:\/\/www.instagram.com\/funiber_becas","https:\/\/www.youtube.com\/user\/funiber","https:\/\/www.linkedin.com\/company\/funiber"]},{"@type":"Person","@id":"https:\/\/blogs.funiber.org\/pt\/#\/schema\/person\/a1eaaa5e57eac866a8c5946946bcf80d","name":"Michelle","image":{"@type":"ImageObject","inLanguage":"pt-BR","@id":"https:\/\/blogs.funiber.org\/pt\/#\/schema\/person\/image\/","url":"https:\/\/secure.gravatar.com\/avatar\/5e87041f7609dc50493cf216754fece1?s=96&d=mm&r=g","contentUrl":"https:\/\/secure.gravatar.com\/avatar\/5e87041f7609dc50493cf216754fece1?s=96&d=mm&r=g","caption":"Michelle"},"url":"https:\/\/www.funiber.blog\/pt\/author\/michelle-moreira"}]}},"jetpack_featured_media_url":"https:\/\/www.funiber.blog\/pt\/wp-content\/uploads\/2014\/01\/EMP_cameraman.jpg","jetpack_shortlink":"https:\/\/wp.me\/p7ee1t-VV","jetpack_sharing_enabled":true,"_links":{"self":[{"href":"https:\/\/www.funiber.blog\/pt\/wp-json\/wp\/v2\/posts\/3591"}],"collection":[{"href":"https:\/\/www.funiber.blog\/pt\/wp-json\/wp\/v2\/posts"}],"about":[{"href":"https:\/\/www.funiber.blog\/pt\/wp-json\/wp\/v2\/types\/post"}],"author":[{"embeddable":true,"href":"https:\/\/www.funiber.blog\/pt\/wp-json\/wp\/v2\/users\/10"}],"replies":[{"embeddable":true,"href":"https:\/\/www.funiber.blog\/pt\/wp-json\/wp\/v2\/comments?post=3591"}],"version-history":[{"count":3,"href":"https:\/\/www.funiber.blog\/pt\/wp-json\/wp\/v2\/posts\/3591\/revisions"}],"predecessor-version":[{"id":3595,"href":"https:\/\/www.funiber.blog\/pt\/wp-json\/wp\/v2\/posts\/3591\/revisions\/3595"}],"wp:featuredmedia":[{"embeddable":true,"href":"https:\/\/www.funiber.blog\/pt\/wp-json\/wp\/v2\/media\/3592"}],"wp:attachment":[{"href":"https:\/\/www.funiber.blog\/pt\/wp-json\/wp\/v2\/media?parent=3591"}],"wp:term":[{"taxonomy":"category","embeddable":true,"href":"https:\/\/www.funiber.blog\/pt\/wp-json\/wp\/v2\/categories?post=3591"},{"taxonomy":"post_tag","embeddable":true,"href":"https:\/\/www.funiber.blog\/pt\/wp-json\/wp\/v2\/tags?post=3591"}],"curies":[{"name":"wp","href":"https:\/\/api.w.org\/{rel}","templated":true}]}}