{"id":3876,"date":"2014-02-24T09:45:58","date_gmt":"2014-02-24T09:45:58","guid":{"rendered":"http:\/\/blogs.funiber.org\/pt\/?p=3876"},"modified":"2014-02-24T09:45:58","modified_gmt":"2014-02-24T09:45:58","slug":"o-pacto-global-rumo-a-uma-nova-etica-nos-negocios","status":"publish","type":"post","link":"https:\/\/www.funiber.blog\/pt\/empresas-e-rh\/2014\/02\/24\/o-pacto-global-rumo-a-uma-nova-etica-nos-negocios","title":{"rendered":"O pacto global: rumo a uma nova \u00e9tica nos neg\u00f3cios"},"content":{"rendered":"<p>O secret\u00e1rio geral da Organiza\u00e7\u00e3o de Na\u00e7\u00f5es Unidas (ONU), Kofi Annan, anunciou o Pacto Global durante o F\u00f3rum Econ\u00f4mico de Davos, em 1999, propondo como lema para este novo pacto \u201co poder do mercado com a autoridade e os valores morais\u201d, considerando desta maneira um novo mercado com princ\u00edpios \u00e9ticos, com valores. Neste contexto, a responsabilidade social empresarial (RSE) assume maior relev\u00e2ncia.<!--more--><\/p>\n<p>Vivemos em um mundo onde a pobreza e a deteriora\u00e7\u00e3o ambiental crescem dia a dia, e \u00e9 necess\u00e1rio que as empresas assumam seu papel na constru\u00e7\u00e3o de uma sociedade mais segura, justa, respons\u00e1vel com o meio ambiente e onde a empresa ofere\u00e7a oportunidades para favorecer o crescimento sustentado.<\/p>\n<p>A nova proposta indica que o mercado \u00e9 capaz de gerar bem-estar, mas \u00e9 preciso um compromisso \u00e9tico, entendendo isso como o desenvolvimento da sociedade al\u00e9m do mero crescimento econ\u00f4mico e buscando introduzir educa\u00e7\u00e3o, sa\u00fade, esperan\u00e7a de vida e cultura.<\/p>\n<p>\u00c9 preciso que as empresas adotem novos acordos globais. Compromissos com o objetivo de respeitar o meio ambiente, as condi\u00e7\u00f5es trabalhistas, erradicar a escravid\u00e3o e o trabalho infantil. Os princ\u00edpios est\u00e3o agrupados em quatro grandes pilares: direitos humanos, padr\u00f5es trabalhistas, meio ambiente e anticorrup\u00e7\u00e3o.<\/p>\n<p><strong>Os dez princ\u00edpios s\u00e3o os seguintes:<\/strong><br \/>\nPrinc\u00edpio 1: As Empresas devem apoiar e respeitar a prote\u00e7\u00e3o dos direitos humanos fundamentais reconhecidos universalmente, dentro de seu \u00e2mbito de influ\u00eancia.<\/p>\n<p>Princ\u00edpio 2: As Empresas devem garantir que n\u00e3o s\u00e3o c\u00famplices da viola\u00e7\u00e3o dos direitos humanos.<\/p>\n<p>Princ\u00edpio 3: As empresas devem apoiar a liberdade de Associa\u00e7\u00e3o e o reconhecimento efetivo do direito \u00e0 negocia\u00e7\u00e3o coletiva.<\/p>\n<p>Princ\u00edpio 4: As Empresas devem apoiar a elimina\u00e7\u00e3o de toda forma de trabalho for\u00e7ado ou realizado sob coa\u00e7\u00e3o.<\/p>\n<p>Princ\u00edpio 5: As Empresas devem apoiar a erradica\u00e7\u00e3o do trabalho infantil.<\/p>\n<p>Princ\u00edpio 6: As Empresas devem apoiar a aboli\u00e7\u00e3o das pr\u00e1ticas de discrimina\u00e7\u00e3o no emprego e ocupa\u00e7\u00e3o.<\/p>\n<p>Princ\u00edpio 7: As Empresas dever\u00e3o manter um enfoque preventivo que favore\u00e7a o meio ambiente.<\/p>\n<p>Princ\u00edpio 8: As empresas devem fomentar as iniciativas que promovam uma maior responsabilidade ambiental.<\/p>\n<p>Princ\u00edpio 9: As Empresas devem favorecer o desenvolvimento e a difus\u00e3o das tecnologias que protejam o meio ambiente.<\/p>\n<p>Princ\u00edpio 10: As Empresas devem trabalhar contra a corrup\u00e7\u00e3o em todas as suas formas, incluindo a extors\u00e3o e o suborno.<\/p>\n<p>Os dez princ\u00edpios do Pacto mundial est\u00e3o dispon\u00edveis no seguinte endere\u00e7o:<\/p>\n<p>http:\/\/www.unglobalcompact.org\/Languages\/portuguese\/index.html<\/p>\n<p>&nbsp;<\/p>\n","protected":false},"excerpt":{"rendered":"<p>O secret\u00e1rio geral da Organiza\u00e7\u00e3o de Na\u00e7\u00f5es Unidas (ONU), Kofi Annan, anunciou o Pacto Global durante o F\u00f3rum Econ\u00f4mico de Davos, em 1999, propondo como lema para este novo pacto \u201co poder do mercado com a autoridade e os valores morais\u201d, considerando desta maneira um novo mercado com princ\u00edpios \u00e9ticos, com valores. Neste contexto, a [&hellip;]<\/p>\n","protected":false},"author":10,"featured_media":3877,"comment_status":"closed","ping_status":"closed","sticky":false,"template":"","format":"standard","meta":{"jetpack_post_was_ever_published":false,"_jetpack_newsletter_access":"","_jetpack_newsletter_tier_id":0,"footnotes":"","jetpack_publicize_message":"","jetpack_is_tweetstorm":false,"jetpack_publicize_feature_enabled":true,"jetpack_social_post_already_shared":false,"jetpack_social_options":{"image_generator_settings":{"template":"highway","enabled":false}}},"categories":[8],"tags":[],"jetpack_publicize_connections":[],"yoast_head":"<!-- This site is optimized with the Yoast SEO plugin v21.7 - https:\/\/yoast.com\/wordpress\/plugins\/seo\/ -->\n<title>O pacto global: rumo a uma nova \u00e9tica nos neg\u00f3cios - FuniBlogs - FUNIBER<\/title>\n<meta name=\"robots\" content=\"noindex, nofollow\" \/>\n<meta property=\"og:locale\" content=\"pt_BR\" \/>\n<meta property=\"og:type\" content=\"article\" \/>\n<meta property=\"og:title\" content=\"O pacto global: rumo a uma nova \u00e9tica nos neg\u00f3cios - FuniBlogs - FUNIBER\" \/>\n<meta property=\"og:description\" content=\"O secret\u00e1rio geral da Organiza\u00e7\u00e3o de Na\u00e7\u00f5es Unidas (ONU), Kofi Annan, anunciou o Pacto Global durante o F\u00f3rum Econ\u00f4mico de Davos, em 1999, propondo como lema para este novo pacto \u201co poder do mercado com a autoridade e os valores morais\u201d, considerando desta maneira um novo mercado com princ\u00edpios \u00e9ticos, com valores. Neste contexto, a [&hellip;]\" \/>\n<meta property=\"og:url\" content=\"https:\/\/blogs.funiber.org\/pt\/empresas-e-rh\/2014\/02\/24\/o-pacto-global-rumo-a-uma-nova-etica-nos-negocios\" \/>\n<meta property=\"og:site_name\" content=\"FuniBlogs - FUNIBER\" \/>\n<meta property=\"article:publisher\" content=\"https:\/\/www.facebook.com\/funiber\" \/>\n<meta property=\"article:published_time\" content=\"2014-02-24T09:45:58+00:00\" \/>\n<meta property=\"og:image\" content=\"https:\/\/blogs.funiber.org\/pt\/wp-content\/uploads\/2014\/02\/EMP_pactoglobal.jpg\" \/>\n\t<meta property=\"og:image:width\" content=\"928\" \/>\n\t<meta property=\"og:image:height\" content=\"654\" \/>\n\t<meta property=\"og:image:type\" content=\"image\/jpeg\" \/>\n<meta name=\"author\" content=\"Michelle\" \/>\n<meta name=\"twitter:card\" content=\"summary_large_image\" \/>\n<meta name=\"twitter:creator\" content=\"@FUNIBER\" \/>\n<meta name=\"twitter:site\" content=\"@FUNIBER\" \/>\n<meta name=\"twitter:label1\" content=\"Escrito por\" \/>\n\t<meta name=\"twitter:data1\" content=\"Michelle\" \/>\n\t<meta name=\"twitter:label2\" content=\"Est. tempo de leitura\" \/>\n\t<meta name=\"twitter:data2\" content=\"2 minutos\" \/>\n<script type=\"application\/ld+json\" class=\"yoast-schema-graph\">{\"@context\":\"https:\/\/schema.org\",\"@graph\":[{\"@type\":\"Article\",\"@id\":\"https:\/\/blogs.funiber.org\/pt\/empresas-e-rh\/2014\/02\/24\/o-pacto-global-rumo-a-uma-nova-etica-nos-negocios#article\",\"isPartOf\":{\"@id\":\"https:\/\/blogs.funiber.org\/pt\/empresas-e-rh\/2014\/02\/24\/o-pacto-global-rumo-a-uma-nova-etica-nos-negocios\"},\"author\":{\"name\":\"Michelle\",\"@id\":\"https:\/\/blogs.funiber.org\/pt\/#\/schema\/person\/a1eaaa5e57eac866a8c5946946bcf80d\"},\"headline\":\"O pacto global: rumo a uma nova \u00e9tica nos neg\u00f3cios\",\"datePublished\":\"2014-02-24T09:45:58+00:00\",\"dateModified\":\"2014-02-24T09:45:58+00:00\",\"mainEntityOfPage\":{\"@id\":\"https:\/\/blogs.funiber.org\/pt\/empresas-e-rh\/2014\/02\/24\/o-pacto-global-rumo-a-uma-nova-etica-nos-negocios\"},\"wordCount\":442,\"publisher\":{\"@id\":\"https:\/\/blogs.funiber.org\/pt\/#organization\"},\"articleSection\":[\"Empresas, Dire\u00e7\u00e3o e RH\"],\"inLanguage\":\"pt-BR\"},{\"@type\":\"WebPage\",\"@id\":\"https:\/\/blogs.funiber.org\/pt\/empresas-e-rh\/2014\/02\/24\/o-pacto-global-rumo-a-uma-nova-etica-nos-negocios\",\"url\":\"https:\/\/blogs.funiber.org\/pt\/empresas-e-rh\/2014\/02\/24\/o-pacto-global-rumo-a-uma-nova-etica-nos-negocios\",\"name\":\"O pacto global: rumo a uma nova \u00e9tica nos neg\u00f3cios - FuniBlogs - FUNIBER\",\"isPartOf\":{\"@id\":\"https:\/\/blogs.funiber.org\/pt\/#website\"},\"datePublished\":\"2014-02-24T09:45:58+00:00\",\"dateModified\":\"2014-02-24T09:45:58+00:00\",\"breadcrumb\":{\"@id\":\"https:\/\/blogs.funiber.org\/pt\/empresas-e-rh\/2014\/02\/24\/o-pacto-global-rumo-a-uma-nova-etica-nos-negocios#breadcrumb\"},\"inLanguage\":\"pt-BR\",\"potentialAction\":[{\"@type\":\"ReadAction\",\"target\":[\"https:\/\/blogs.funiber.org\/pt\/empresas-e-rh\/2014\/02\/24\/o-pacto-global-rumo-a-uma-nova-etica-nos-negocios\"]}]},{\"@type\":\"BreadcrumbList\",\"@id\":\"https:\/\/blogs.funiber.org\/pt\/empresas-e-rh\/2014\/02\/24\/o-pacto-global-rumo-a-uma-nova-etica-nos-negocios#breadcrumb\",\"itemListElement\":[{\"@type\":\"ListItem\",\"position\":1,\"name\":\"In\u00edcio\",\"item\":\"https:\/\/blogs.funiber.org\/pt\"},{\"@type\":\"ListItem\",\"position\":2,\"name\":\"O pacto global: rumo a uma nova \u00e9tica nos neg\u00f3cios\"}]},{\"@type\":\"WebSite\",\"@id\":\"https:\/\/blogs.funiber.org\/pt\/#website\",\"url\":\"https:\/\/blogs.funiber.org\/pt\/\",\"name\":\"FuniBlogs - FUNIBER\",\"description\":\"\",\"publisher\":{\"@id\":\"https:\/\/blogs.funiber.org\/pt\/#organization\"},\"potentialAction\":[{\"@type\":\"SearchAction\",\"target\":{\"@type\":\"EntryPoint\",\"urlTemplate\":\"https:\/\/blogs.funiber.org\/pt\/?s={search_term_string}\"},\"query-input\":\"required name=search_term_string\"}],\"inLanguage\":\"pt-BR\"},{\"@type\":\"Organization\",\"@id\":\"https:\/\/blogs.funiber.org\/pt\/#organization\",\"name\":\"FuniBlogs - FUNIBER\",\"url\":\"https:\/\/blogs.funiber.org\/pt\/\",\"logo\":{\"@type\":\"ImageObject\",\"inLanguage\":\"pt-BR\",\"@id\":\"https:\/\/blogs.funiber.org\/pt\/#\/schema\/logo\/image\/\",\"url\":\"https:\/\/www.funiber.blog\/pt\/wp-content\/uploads\/2022\/02\/logo-funiber-pt-br-v-dos.svg\",\"contentUrl\":\"https:\/\/www.funiber.blog\/pt\/wp-content\/uploads\/2022\/02\/logo-funiber-pt-br-v-dos.svg\",\"width\":1,\"height\":1,\"caption\":\"FuniBlogs - FUNIBER\"},\"image\":{\"@id\":\"https:\/\/blogs.funiber.org\/pt\/#\/schema\/logo\/image\/\"},\"sameAs\":[\"https:\/\/www.facebook.com\/funiber\",\"https:\/\/twitter.com\/FUNIBER\",\"https:\/\/www.instagram.com\/funiber_becas\",\"https:\/\/www.youtube.com\/user\/funiber\",\"https:\/\/www.linkedin.com\/company\/funiber\"]},{\"@type\":\"Person\",\"@id\":\"https:\/\/blogs.funiber.org\/pt\/#\/schema\/person\/a1eaaa5e57eac866a8c5946946bcf80d\",\"name\":\"Michelle\",\"image\":{\"@type\":\"ImageObject\",\"inLanguage\":\"pt-BR\",\"@id\":\"https:\/\/blogs.funiber.org\/pt\/#\/schema\/person\/image\/\",\"url\":\"https:\/\/secure.gravatar.com\/avatar\/5e87041f7609dc50493cf216754fece1?s=96&d=mm&r=g\",\"contentUrl\":\"https:\/\/secure.gravatar.com\/avatar\/5e87041f7609dc50493cf216754fece1?s=96&d=mm&r=g\",\"caption\":\"Michelle\"},\"url\":\"https:\/\/www.funiber.blog\/pt\/author\/michelle-moreira\"}]}<\/script>\n<!-- \/ Yoast SEO plugin. -->","yoast_head_json":{"title":"O pacto global: rumo a uma nova \u00e9tica nos neg\u00f3cios - FuniBlogs - FUNIBER","robots":{"index":"noindex","follow":"nofollow"},"og_locale":"pt_BR","og_type":"article","og_title":"O pacto global: rumo a uma nova \u00e9tica nos neg\u00f3cios - FuniBlogs - FUNIBER","og_description":"O secret\u00e1rio geral da Organiza\u00e7\u00e3o de Na\u00e7\u00f5es Unidas (ONU), Kofi Annan, anunciou o Pacto Global durante o F\u00f3rum Econ\u00f4mico de Davos, em 1999, propondo como lema para este novo pacto \u201co poder do mercado com a autoridade e os valores morais\u201d, considerando desta maneira um novo mercado com princ\u00edpios \u00e9ticos, com valores. Neste contexto, a [&hellip;]","og_url":"https:\/\/blogs.funiber.org\/pt\/empresas-e-rh\/2014\/02\/24\/o-pacto-global-rumo-a-uma-nova-etica-nos-negocios","og_site_name":"FuniBlogs - FUNIBER","article_publisher":"https:\/\/www.facebook.com\/funiber","article_published_time":"2014-02-24T09:45:58+00:00","og_image":[{"width":928,"height":654,"url":"https:\/\/blogs.funiber.org\/pt\/wp-content\/uploads\/2014\/02\/EMP_pactoglobal.jpg","type":"image\/jpeg"}],"author":"Michelle","twitter_card":"summary_large_image","twitter_creator":"@FUNIBER","twitter_site":"@FUNIBER","twitter_misc":{"Escrito por":"Michelle","Est. tempo de leitura":"2 minutos"},"schema":{"@context":"https:\/\/schema.org","@graph":[{"@type":"Article","@id":"https:\/\/blogs.funiber.org\/pt\/empresas-e-rh\/2014\/02\/24\/o-pacto-global-rumo-a-uma-nova-etica-nos-negocios#article","isPartOf":{"@id":"https:\/\/blogs.funiber.org\/pt\/empresas-e-rh\/2014\/02\/24\/o-pacto-global-rumo-a-uma-nova-etica-nos-negocios"},"author":{"name":"Michelle","@id":"https:\/\/blogs.funiber.org\/pt\/#\/schema\/person\/a1eaaa5e57eac866a8c5946946bcf80d"},"headline":"O pacto global: rumo a uma nova \u00e9tica nos neg\u00f3cios","datePublished":"2014-02-24T09:45:58+00:00","dateModified":"2014-02-24T09:45:58+00:00","mainEntityOfPage":{"@id":"https:\/\/blogs.funiber.org\/pt\/empresas-e-rh\/2014\/02\/24\/o-pacto-global-rumo-a-uma-nova-etica-nos-negocios"},"wordCount":442,"publisher":{"@id":"https:\/\/blogs.funiber.org\/pt\/#organization"},"articleSection":["Empresas, Dire\u00e7\u00e3o e RH"],"inLanguage":"pt-BR"},{"@type":"WebPage","@id":"https:\/\/blogs.funiber.org\/pt\/empresas-e-rh\/2014\/02\/24\/o-pacto-global-rumo-a-uma-nova-etica-nos-negocios","url":"https:\/\/blogs.funiber.org\/pt\/empresas-e-rh\/2014\/02\/24\/o-pacto-global-rumo-a-uma-nova-etica-nos-negocios","name":"O pacto global: rumo a uma nova \u00e9tica nos neg\u00f3cios - FuniBlogs - FUNIBER","isPartOf":{"@id":"https:\/\/blogs.funiber.org\/pt\/#website"},"datePublished":"2014-02-24T09:45:58+00:00","dateModified":"2014-02-24T09:45:58+00:00","breadcrumb":{"@id":"https:\/\/blogs.funiber.org\/pt\/empresas-e-rh\/2014\/02\/24\/o-pacto-global-rumo-a-uma-nova-etica-nos-negocios#breadcrumb"},"inLanguage":"pt-BR","potentialAction":[{"@type":"ReadAction","target":["https:\/\/blogs.funiber.org\/pt\/empresas-e-rh\/2014\/02\/24\/o-pacto-global-rumo-a-uma-nova-etica-nos-negocios"]}]},{"@type":"BreadcrumbList","@id":"https:\/\/blogs.funiber.org\/pt\/empresas-e-rh\/2014\/02\/24\/o-pacto-global-rumo-a-uma-nova-etica-nos-negocios#breadcrumb","itemListElement":[{"@type":"ListItem","position":1,"name":"In\u00edcio","item":"https:\/\/blogs.funiber.org\/pt"},{"@type":"ListItem","position":2,"name":"O pacto global: rumo a uma nova \u00e9tica nos neg\u00f3cios"}]},{"@type":"WebSite","@id":"https:\/\/blogs.funiber.org\/pt\/#website","url":"https:\/\/blogs.funiber.org\/pt\/","name":"FuniBlogs - FUNIBER","description":"","publisher":{"@id":"https:\/\/blogs.funiber.org\/pt\/#organization"},"potentialAction":[{"@type":"SearchAction","target":{"@type":"EntryPoint","urlTemplate":"https:\/\/blogs.funiber.org\/pt\/?s={search_term_string}"},"query-input":"required name=search_term_string"}],"inLanguage":"pt-BR"},{"@type":"Organization","@id":"https:\/\/blogs.funiber.org\/pt\/#organization","name":"FuniBlogs - FUNIBER","url":"https:\/\/blogs.funiber.org\/pt\/","logo":{"@type":"ImageObject","inLanguage":"pt-BR","@id":"https:\/\/blogs.funiber.org\/pt\/#\/schema\/logo\/image\/","url":"https:\/\/www.funiber.blog\/pt\/wp-content\/uploads\/2022\/02\/logo-funiber-pt-br-v-dos.svg","contentUrl":"https:\/\/www.funiber.blog\/pt\/wp-content\/uploads\/2022\/02\/logo-funiber-pt-br-v-dos.svg","width":1,"height":1,"caption":"FuniBlogs - FUNIBER"},"image":{"@id":"https:\/\/blogs.funiber.org\/pt\/#\/schema\/logo\/image\/"},"sameAs":["https:\/\/www.facebook.com\/funiber","https:\/\/twitter.com\/FUNIBER","https:\/\/www.instagram.com\/funiber_becas","https:\/\/www.youtube.com\/user\/funiber","https:\/\/www.linkedin.com\/company\/funiber"]},{"@type":"Person","@id":"https:\/\/blogs.funiber.org\/pt\/#\/schema\/person\/a1eaaa5e57eac866a8c5946946bcf80d","name":"Michelle","image":{"@type":"ImageObject","inLanguage":"pt-BR","@id":"https:\/\/blogs.funiber.org\/pt\/#\/schema\/person\/image\/","url":"https:\/\/secure.gravatar.com\/avatar\/5e87041f7609dc50493cf216754fece1?s=96&d=mm&r=g","contentUrl":"https:\/\/secure.gravatar.com\/avatar\/5e87041f7609dc50493cf216754fece1?s=96&d=mm&r=g","caption":"Michelle"},"url":"https:\/\/www.funiber.blog\/pt\/author\/michelle-moreira"}]}},"jetpack_featured_media_url":"https:\/\/www.funiber.blog\/pt\/wp-content\/uploads\/2014\/02\/EMP_pactoglobal.jpg","jetpack_shortlink":"https:\/\/wp.me\/p7ee1t-10w","jetpack_sharing_enabled":true,"_links":{"self":[{"href":"https:\/\/www.funiber.blog\/pt\/wp-json\/wp\/v2\/posts\/3876"}],"collection":[{"href":"https:\/\/www.funiber.blog\/pt\/wp-json\/wp\/v2\/posts"}],"about":[{"href":"https:\/\/www.funiber.blog\/pt\/wp-json\/wp\/v2\/types\/post"}],"author":[{"embeddable":true,"href":"https:\/\/www.funiber.blog\/pt\/wp-json\/wp\/v2\/users\/10"}],"replies":[{"embeddable":true,"href":"https:\/\/www.funiber.blog\/pt\/wp-json\/wp\/v2\/comments?post=3876"}],"version-history":[{"count":2,"href":"https:\/\/www.funiber.blog\/pt\/wp-json\/wp\/v2\/posts\/3876\/revisions"}],"predecessor-version":[{"id":3879,"href":"https:\/\/www.funiber.blog\/pt\/wp-json\/wp\/v2\/posts\/3876\/revisions\/3879"}],"wp:featuredmedia":[{"embeddable":true,"href":"https:\/\/www.funiber.blog\/pt\/wp-json\/wp\/v2\/media\/3877"}],"wp:attachment":[{"href":"https:\/\/www.funiber.blog\/pt\/wp-json\/wp\/v2\/media?parent=3876"}],"wp:term":[{"taxonomy":"category","embeddable":true,"href":"https:\/\/www.funiber.blog\/pt\/wp-json\/wp\/v2\/categories?post=3876"},{"taxonomy":"post_tag","embeddable":true,"href":"https:\/\/www.funiber.blog\/pt\/wp-json\/wp\/v2\/tags?post=3876"}],"curies":[{"name":"wp","href":"https:\/\/api.w.org\/{rel}","templated":true}]}}