{"id":4175,"date":"2014-03-26T11:01:09","date_gmt":"2014-03-26T11:01:09","guid":{"rendered":"http:\/\/blogs.funiber.org\/pt\/?p=4175"},"modified":"2014-03-26T11:01:09","modified_gmt":"2014-03-26T11:01:09","slug":"panorama-das-pmes-na-america-latina","status":"publish","type":"post","link":"https:\/\/www.funiber.blog\/pt\/empresas-e-rh\/2014\/03\/26\/panorama-das-pmes-na-america-latina","title":{"rendered":"Panorama das PMEs na Am\u00e9rica Latina"},"content":{"rendered":"<p>A divis\u00e3o de PMEs da Cisco realizou no final de 2011 uma an\u00e1lise da situa\u00e7\u00e3o das PMEs na Am\u00e9rica Latina. De acordo com os dados da multinacional, no momento da coleta de dados havia 716 mil empresas pequenas, enquanto que 145 mil eram registradas como m\u00e9dias. O relat\u00f3rio indica que a Am\u00e9rica Latina tem 11% das PMEs do mundo, e esta classe de empresas gera 90% dos empregos nesta regi\u00e3o.<!--more--><\/p>\n<p>O documento revela que Brasil, M\u00e9xico e Argentina s\u00e3o os pa\u00edses com maior quantidade do PMEs registradas na Am\u00e9rica Latina.<\/p>\n<p>O relat\u00f3rio registra que as microempresas geram 63% dos empregos, enquanto que as empresas pequenas contribuem com 18% e as empresas m\u00e9dias com 9%.<\/p>\n<p>A Cisco assinala em seu relat\u00f3rio que o maior gasto das PMEs est\u00e1 relacionado \u00e0s \u00e1reas de mat\u00e9rias-primas, insumos e invent\u00e1rio (56%), al\u00e9m dos gastos recorrentes (32%), os gastos de opera\u00e7\u00f5es que correspondem a 10%, enquanto que os gastos de viagens e gastos de representa\u00e7\u00e3o representam apenas 2%. Al\u00e9m disso, 22% das empresas consideram que aumentar\u00e1 sua for\u00e7a de trabalho, ou 84% aumentaria seu n\u00edvel de investimentos.<\/p>\n<p>Quanto aos desafios ou problemas, as PMEs consideram que t\u00eam problemas operacionais, carecem de acesso a financiamento, desconhecem as ferramentas de financiamento do mercado e t\u00eam dificuldades para definir suas demandas.<\/p>\n<p>Quanto \u00e0 tecnologia, 75% das PMEs indicam que n\u00e3o est\u00e3o acostumados a usar solu\u00e7\u00f5es na nuvem, 60% das empresas t\u00eam Website, menos de 40% usam sistemas de gest\u00e3o como ERP ou CRM e apenas 18% das empresas utilizam algum gateway de pagamento para transa\u00e7\u00f5es on-line.<\/p>\n<p>Fonte:<\/p>\n<p>http:\/\/www.cisco-pymes.com\/2011\/06\/pymes-latinas-infografia\/<\/p>\n<p>Foto: Alguns direitos reservados por\u00a0<a href=\"http:\/\/www.flickr.com\/photos\/bancochile\/\">bancochile<\/a>\/Flickr.<\/p>\n","protected":false},"excerpt":{"rendered":"<p>A divis\u00e3o de PMEs da Cisco realizou no final de 2011 uma an\u00e1lise da situa\u00e7\u00e3o das PMEs na Am\u00e9rica Latina. De acordo com os dados da multinacional, no momento da coleta de dados havia 716 mil empresas pequenas, enquanto que 145 mil eram registradas como m\u00e9dias. O relat\u00f3rio indica que a Am\u00e9rica Latina tem 11% [&hellip;]<\/p>\n","protected":false},"author":10,"featured_media":4176,"comment_status":"closed","ping_status":"closed","sticky":false,"template":"","format":"standard","meta":{"jetpack_post_was_ever_published":false,"_jetpack_newsletter_access":"","_jetpack_newsletter_tier_id":0,"footnotes":"","jetpack_publicize_message":"","jetpack_is_tweetstorm":false,"jetpack_publicize_feature_enabled":true,"jetpack_social_post_already_shared":false,"jetpack_social_options":{"image_generator_settings":{"template":"highway","enabled":false}}},"categories":[8],"tags":[271],"jetpack_publicize_connections":[],"yoast_head":"<!-- This site is optimized with the Yoast SEO plugin v21.7 - https:\/\/yoast.com\/wordpress\/plugins\/seo\/ -->\n<title>Panorama das PMEs na Am\u00e9rica Latina - FuniBlogs - FUNIBER<\/title>\n<meta name=\"robots\" content=\"index, follow, max-snippet:-1, max-image-preview:large, max-video-preview:-1\" \/>\n<link rel=\"canonical\" href=\"https:\/\/blogs.funiber.org\/pt\/empresas-e-rh\/2014\/03\/26\/panorama-das-pmes-na-america-latina\" \/>\n<meta property=\"og:locale\" content=\"pt_BR\" \/>\n<meta property=\"og:type\" content=\"article\" \/>\n<meta property=\"og:title\" content=\"Panorama das PMEs na Am\u00e9rica Latina - FuniBlogs - FUNIBER\" \/>\n<meta property=\"og:description\" content=\"A divis\u00e3o de PMEs da Cisco realizou no final de 2011 uma an\u00e1lise da situa\u00e7\u00e3o das PMEs na Am\u00e9rica Latina. De acordo com os dados da multinacional, no momento da coleta de dados havia 716 mil empresas pequenas, enquanto que 145 mil eram registradas como m\u00e9dias. O relat\u00f3rio indica que a Am\u00e9rica Latina tem 11% [&hellip;]\" \/>\n<meta property=\"og:url\" content=\"https:\/\/blogs.funiber.org\/pt\/empresas-e-rh\/2014\/03\/26\/panorama-das-pmes-na-america-latina\" \/>\n<meta property=\"og:site_name\" content=\"FuniBlogs - FUNIBER\" \/>\n<meta property=\"article:publisher\" content=\"https:\/\/www.facebook.com\/funiber\" \/>\n<meta property=\"article:published_time\" content=\"2014-03-26T11:01:09+00:00\" \/>\n<meta property=\"og:image\" content=\"https:\/\/blogs.funiber.org\/pt\/wp-content\/uploads\/2014\/03\/EMP_PYME.jpg\" \/>\n\t<meta property=\"og:image:width\" content=\"640\" \/>\n\t<meta property=\"og:image:height\" content=\"427\" \/>\n\t<meta property=\"og:image:type\" content=\"image\/jpeg\" \/>\n<meta name=\"author\" content=\"Michelle\" \/>\n<meta name=\"twitter:card\" content=\"summary_large_image\" \/>\n<meta name=\"twitter:creator\" content=\"@FUNIBER\" \/>\n<meta name=\"twitter:site\" content=\"@FUNIBER\" \/>\n<meta name=\"twitter:label1\" content=\"Escrito por\" \/>\n\t<meta name=\"twitter:data1\" content=\"Michelle\" \/>\n\t<meta name=\"twitter:label2\" content=\"Est. tempo de leitura\" \/>\n\t<meta name=\"twitter:data2\" content=\"1 minuto\" \/>\n<script type=\"application\/ld+json\" class=\"yoast-schema-graph\">{\"@context\":\"https:\/\/schema.org\",\"@graph\":[{\"@type\":\"Article\",\"@id\":\"https:\/\/blogs.funiber.org\/pt\/empresas-e-rh\/2014\/03\/26\/panorama-das-pmes-na-america-latina#article\",\"isPartOf\":{\"@id\":\"https:\/\/blogs.funiber.org\/pt\/empresas-e-rh\/2014\/03\/26\/panorama-das-pmes-na-america-latina\"},\"author\":{\"name\":\"Michelle\",\"@id\":\"https:\/\/blogs.funiber.org\/pt\/#\/schema\/person\/a1eaaa5e57eac866a8c5946946bcf80d\"},\"headline\":\"Panorama das PMEs na Am\u00e9rica Latina\",\"datePublished\":\"2014-03-26T11:01:09+00:00\",\"dateModified\":\"2014-03-26T11:01:09+00:00\",\"mainEntityOfPage\":{\"@id\":\"https:\/\/blogs.funiber.org\/pt\/empresas-e-rh\/2014\/03\/26\/panorama-das-pmes-na-america-latina\"},\"wordCount\":289,\"publisher\":{\"@id\":\"https:\/\/blogs.funiber.org\/pt\/#organization\"},\"keywords\":[\"Pequenas e M\u00e9dias Empresas\"],\"articleSection\":[\"Empresas, Dire\u00e7\u00e3o e RH\"],\"inLanguage\":\"pt-BR\"},{\"@type\":\"WebPage\",\"@id\":\"https:\/\/blogs.funiber.org\/pt\/empresas-e-rh\/2014\/03\/26\/panorama-das-pmes-na-america-latina\",\"url\":\"https:\/\/blogs.funiber.org\/pt\/empresas-e-rh\/2014\/03\/26\/panorama-das-pmes-na-america-latina\",\"name\":\"Panorama das PMEs na Am\u00e9rica Latina - FuniBlogs - FUNIBER\",\"isPartOf\":{\"@id\":\"https:\/\/blogs.funiber.org\/pt\/#website\"},\"datePublished\":\"2014-03-26T11:01:09+00:00\",\"dateModified\":\"2014-03-26T11:01:09+00:00\",\"breadcrumb\":{\"@id\":\"https:\/\/blogs.funiber.org\/pt\/empresas-e-rh\/2014\/03\/26\/panorama-das-pmes-na-america-latina#breadcrumb\"},\"inLanguage\":\"pt-BR\",\"potentialAction\":[{\"@type\":\"ReadAction\",\"target\":[\"https:\/\/blogs.funiber.org\/pt\/empresas-e-rh\/2014\/03\/26\/panorama-das-pmes-na-america-latina\"]}]},{\"@type\":\"BreadcrumbList\",\"@id\":\"https:\/\/blogs.funiber.org\/pt\/empresas-e-rh\/2014\/03\/26\/panorama-das-pmes-na-america-latina#breadcrumb\",\"itemListElement\":[{\"@type\":\"ListItem\",\"position\":1,\"name\":\"In\u00edcio\",\"item\":\"https:\/\/blogs.funiber.org\/pt\"},{\"@type\":\"ListItem\",\"position\":2,\"name\":\"Panorama das PMEs na Am\u00e9rica Latina\"}]},{\"@type\":\"WebSite\",\"@id\":\"https:\/\/blogs.funiber.org\/pt\/#website\",\"url\":\"https:\/\/blogs.funiber.org\/pt\/\",\"name\":\"FuniBlogs - FUNIBER\",\"description\":\"\",\"publisher\":{\"@id\":\"https:\/\/blogs.funiber.org\/pt\/#organization\"},\"potentialAction\":[{\"@type\":\"SearchAction\",\"target\":{\"@type\":\"EntryPoint\",\"urlTemplate\":\"https:\/\/blogs.funiber.org\/pt\/?s={search_term_string}\"},\"query-input\":\"required name=search_term_string\"}],\"inLanguage\":\"pt-BR\"},{\"@type\":\"Organization\",\"@id\":\"https:\/\/blogs.funiber.org\/pt\/#organization\",\"name\":\"FuniBlogs - FUNIBER\",\"url\":\"https:\/\/blogs.funiber.org\/pt\/\",\"logo\":{\"@type\":\"ImageObject\",\"inLanguage\":\"pt-BR\",\"@id\":\"https:\/\/blogs.funiber.org\/pt\/#\/schema\/logo\/image\/\",\"url\":\"https:\/\/www.funiber.blog\/pt\/wp-content\/uploads\/2022\/02\/logo-funiber-pt-br-v-dos.svg\",\"contentUrl\":\"https:\/\/www.funiber.blog\/pt\/wp-content\/uploads\/2022\/02\/logo-funiber-pt-br-v-dos.svg\",\"width\":1,\"height\":1,\"caption\":\"FuniBlogs - FUNIBER\"},\"image\":{\"@id\":\"https:\/\/blogs.funiber.org\/pt\/#\/schema\/logo\/image\/\"},\"sameAs\":[\"https:\/\/www.facebook.com\/funiber\",\"https:\/\/twitter.com\/FUNIBER\",\"https:\/\/www.instagram.com\/funiber_becas\",\"https:\/\/www.youtube.com\/user\/funiber\",\"https:\/\/www.linkedin.com\/company\/funiber\"]},{\"@type\":\"Person\",\"@id\":\"https:\/\/blogs.funiber.org\/pt\/#\/schema\/person\/a1eaaa5e57eac866a8c5946946bcf80d\",\"name\":\"Michelle\",\"image\":{\"@type\":\"ImageObject\",\"inLanguage\":\"pt-BR\",\"@id\":\"https:\/\/blogs.funiber.org\/pt\/#\/schema\/person\/image\/\",\"url\":\"https:\/\/secure.gravatar.com\/avatar\/5e87041f7609dc50493cf216754fece1?s=96&d=mm&r=g\",\"contentUrl\":\"https:\/\/secure.gravatar.com\/avatar\/5e87041f7609dc50493cf216754fece1?s=96&d=mm&r=g\",\"caption\":\"Michelle\"},\"url\":\"https:\/\/www.funiber.blog\/pt\/author\/michelle-moreira\"}]}<\/script>\n<!-- \/ Yoast SEO plugin. -->","yoast_head_json":{"title":"Panorama das PMEs na Am\u00e9rica Latina - FuniBlogs - FUNIBER","robots":{"index":"index","follow":"follow","max-snippet":"max-snippet:-1","max-image-preview":"max-image-preview:large","max-video-preview":"max-video-preview:-1"},"canonical":"https:\/\/blogs.funiber.org\/pt\/empresas-e-rh\/2014\/03\/26\/panorama-das-pmes-na-america-latina","og_locale":"pt_BR","og_type":"article","og_title":"Panorama das PMEs na Am\u00e9rica Latina - FuniBlogs - FUNIBER","og_description":"A divis\u00e3o de PMEs da Cisco realizou no final de 2011 uma an\u00e1lise da situa\u00e7\u00e3o das PMEs na Am\u00e9rica Latina. De acordo com os dados da multinacional, no momento da coleta de dados havia 716 mil empresas pequenas, enquanto que 145 mil eram registradas como m\u00e9dias. O relat\u00f3rio indica que a Am\u00e9rica Latina tem 11% [&hellip;]","og_url":"https:\/\/blogs.funiber.org\/pt\/empresas-e-rh\/2014\/03\/26\/panorama-das-pmes-na-america-latina","og_site_name":"FuniBlogs - FUNIBER","article_publisher":"https:\/\/www.facebook.com\/funiber","article_published_time":"2014-03-26T11:01:09+00:00","og_image":[{"width":640,"height":427,"url":"https:\/\/blogs.funiber.org\/pt\/wp-content\/uploads\/2014\/03\/EMP_PYME.jpg","type":"image\/jpeg"}],"author":"Michelle","twitter_card":"summary_large_image","twitter_creator":"@FUNIBER","twitter_site":"@FUNIBER","twitter_misc":{"Escrito por":"Michelle","Est. tempo de leitura":"1 minuto"},"schema":{"@context":"https:\/\/schema.org","@graph":[{"@type":"Article","@id":"https:\/\/blogs.funiber.org\/pt\/empresas-e-rh\/2014\/03\/26\/panorama-das-pmes-na-america-latina#article","isPartOf":{"@id":"https:\/\/blogs.funiber.org\/pt\/empresas-e-rh\/2014\/03\/26\/panorama-das-pmes-na-america-latina"},"author":{"name":"Michelle","@id":"https:\/\/blogs.funiber.org\/pt\/#\/schema\/person\/a1eaaa5e57eac866a8c5946946bcf80d"},"headline":"Panorama das PMEs na Am\u00e9rica Latina","datePublished":"2014-03-26T11:01:09+00:00","dateModified":"2014-03-26T11:01:09+00:00","mainEntityOfPage":{"@id":"https:\/\/blogs.funiber.org\/pt\/empresas-e-rh\/2014\/03\/26\/panorama-das-pmes-na-america-latina"},"wordCount":289,"publisher":{"@id":"https:\/\/blogs.funiber.org\/pt\/#organization"},"keywords":["Pequenas e M\u00e9dias Empresas"],"articleSection":["Empresas, Dire\u00e7\u00e3o e RH"],"inLanguage":"pt-BR"},{"@type":"WebPage","@id":"https:\/\/blogs.funiber.org\/pt\/empresas-e-rh\/2014\/03\/26\/panorama-das-pmes-na-america-latina","url":"https:\/\/blogs.funiber.org\/pt\/empresas-e-rh\/2014\/03\/26\/panorama-das-pmes-na-america-latina","name":"Panorama das PMEs na Am\u00e9rica Latina - FuniBlogs - FUNIBER","isPartOf":{"@id":"https:\/\/blogs.funiber.org\/pt\/#website"},"datePublished":"2014-03-26T11:01:09+00:00","dateModified":"2014-03-26T11:01:09+00:00","breadcrumb":{"@id":"https:\/\/blogs.funiber.org\/pt\/empresas-e-rh\/2014\/03\/26\/panorama-das-pmes-na-america-latina#breadcrumb"},"inLanguage":"pt-BR","potentialAction":[{"@type":"ReadAction","target":["https:\/\/blogs.funiber.org\/pt\/empresas-e-rh\/2014\/03\/26\/panorama-das-pmes-na-america-latina"]}]},{"@type":"BreadcrumbList","@id":"https:\/\/blogs.funiber.org\/pt\/empresas-e-rh\/2014\/03\/26\/panorama-das-pmes-na-america-latina#breadcrumb","itemListElement":[{"@type":"ListItem","position":1,"name":"In\u00edcio","item":"https:\/\/blogs.funiber.org\/pt"},{"@type":"ListItem","position":2,"name":"Panorama das PMEs na Am\u00e9rica Latina"}]},{"@type":"WebSite","@id":"https:\/\/blogs.funiber.org\/pt\/#website","url":"https:\/\/blogs.funiber.org\/pt\/","name":"FuniBlogs - FUNIBER","description":"","publisher":{"@id":"https:\/\/blogs.funiber.org\/pt\/#organization"},"potentialAction":[{"@type":"SearchAction","target":{"@type":"EntryPoint","urlTemplate":"https:\/\/blogs.funiber.org\/pt\/?s={search_term_string}"},"query-input":"required name=search_term_string"}],"inLanguage":"pt-BR"},{"@type":"Organization","@id":"https:\/\/blogs.funiber.org\/pt\/#organization","name":"FuniBlogs - FUNIBER","url":"https:\/\/blogs.funiber.org\/pt\/","logo":{"@type":"ImageObject","inLanguage":"pt-BR","@id":"https:\/\/blogs.funiber.org\/pt\/#\/schema\/logo\/image\/","url":"https:\/\/www.funiber.blog\/pt\/wp-content\/uploads\/2022\/02\/logo-funiber-pt-br-v-dos.svg","contentUrl":"https:\/\/www.funiber.blog\/pt\/wp-content\/uploads\/2022\/02\/logo-funiber-pt-br-v-dos.svg","width":1,"height":1,"caption":"FuniBlogs - FUNIBER"},"image":{"@id":"https:\/\/blogs.funiber.org\/pt\/#\/schema\/logo\/image\/"},"sameAs":["https:\/\/www.facebook.com\/funiber","https:\/\/twitter.com\/FUNIBER","https:\/\/www.instagram.com\/funiber_becas","https:\/\/www.youtube.com\/user\/funiber","https:\/\/www.linkedin.com\/company\/funiber"]},{"@type":"Person","@id":"https:\/\/blogs.funiber.org\/pt\/#\/schema\/person\/a1eaaa5e57eac866a8c5946946bcf80d","name":"Michelle","image":{"@type":"ImageObject","inLanguage":"pt-BR","@id":"https:\/\/blogs.funiber.org\/pt\/#\/schema\/person\/image\/","url":"https:\/\/secure.gravatar.com\/avatar\/5e87041f7609dc50493cf216754fece1?s=96&d=mm&r=g","contentUrl":"https:\/\/secure.gravatar.com\/avatar\/5e87041f7609dc50493cf216754fece1?s=96&d=mm&r=g","caption":"Michelle"},"url":"https:\/\/www.funiber.blog\/pt\/author\/michelle-moreira"}]}},"jetpack_featured_media_url":"https:\/\/www.funiber.blog\/pt\/wp-content\/uploads\/2014\/03\/EMP_PYME.jpg","jetpack_shortlink":"https:\/\/wp.me\/p7ee1t-15l","jetpack_sharing_enabled":true,"_links":{"self":[{"href":"https:\/\/www.funiber.blog\/pt\/wp-json\/wp\/v2\/posts\/4175"}],"collection":[{"href":"https:\/\/www.funiber.blog\/pt\/wp-json\/wp\/v2\/posts"}],"about":[{"href":"https:\/\/www.funiber.blog\/pt\/wp-json\/wp\/v2\/types\/post"}],"author":[{"embeddable":true,"href":"https:\/\/www.funiber.blog\/pt\/wp-json\/wp\/v2\/users\/10"}],"replies":[{"embeddable":true,"href":"https:\/\/www.funiber.blog\/pt\/wp-json\/wp\/v2\/comments?post=4175"}],"version-history":[{"count":3,"href":"https:\/\/www.funiber.blog\/pt\/wp-json\/wp\/v2\/posts\/4175\/revisions"}],"predecessor-version":[{"id":4179,"href":"https:\/\/www.funiber.blog\/pt\/wp-json\/wp\/v2\/posts\/4175\/revisions\/4179"}],"wp:featuredmedia":[{"embeddable":true,"href":"https:\/\/www.funiber.blog\/pt\/wp-json\/wp\/v2\/media\/4176"}],"wp:attachment":[{"href":"https:\/\/www.funiber.blog\/pt\/wp-json\/wp\/v2\/media?parent=4175"}],"wp:term":[{"taxonomy":"category","embeddable":true,"href":"https:\/\/www.funiber.blog\/pt\/wp-json\/wp\/v2\/categories?post=4175"},{"taxonomy":"post_tag","embeddable":true,"href":"https:\/\/www.funiber.blog\/pt\/wp-json\/wp\/v2\/tags?post=4175"}],"curies":[{"name":"wp","href":"https:\/\/api.w.org\/{rel}","templated":true}]}}