{"id":4792,"date":"2014-05-23T11:07:05","date_gmt":"2014-05-23T11:07:05","guid":{"rendered":"http:\/\/blogs.funiber.org\/pt\/?p=4792"},"modified":"2014-05-23T11:07:05","modified_gmt":"2014-05-23T11:07:05","slug":"recomendacoes-a-serem-aplicadas-na-selecao-de-pessoal","status":"publish","type":"post","link":"https:\/\/www.funiber.blog\/pt\/empresas-e-rh\/2014\/05\/23\/recomendacoes-a-serem-aplicadas-na-selecao-de-pessoal","title":{"rendered":"Recomenda\u00e7\u00f5es a serem aplicadas na sele\u00e7\u00e3o de pessoal"},"content":{"rendered":"<p>Selecionar o pessoal adequado para uma empresa \u00e9 de suma import\u00e2ncia para o desenvolvimento da organiza\u00e7\u00e3o. Para escolher as pessoas adequadas, \u00e9 preciso que o avaliador utilize sua capacidade de an\u00e1lise, s\u00edntese e utilize ferramentas cient\u00edficas quantitativas, que permitam ampliar a vis\u00e3o das caracter\u00edsticas e qualidades pessoais que o candidato possui. Desde a publica\u00e7\u00e3o da convocat\u00f3ria at\u00e9 a assinatura do contrato, o candidato passar\u00e1 por muitos filtros que nos permitir\u00e3o identificar a pessoa adequada para o posto e reduzir a rota\u00e7\u00e3o de pessoal.<!--more--><\/p>\n<p>O recrutamento \u00e9 importante desde o primeiro passo. A convocat\u00f3ria deve ser realizada atrav\u00e9s dos meios corretos, procurando um desenho atrativo. A empresa deve ressaltar sua relev\u00e2ncia no mercado, j\u00e1 que o fator econ\u00f4mico n\u00e3o \u00e9 a \u00fanica coisa que conta. Deve-se informar detalhadamente sobre o posto, os requerimentos e, certamente, os benef\u00edcios que a empresa poderia oferecer ao novo trabalhador.<\/p>\n<p>Ao iniciar a sele\u00e7\u00e3o de pessoal, \u00e9 necess\u00e1rio aplicar testes psicom\u00e9tricos para obter informa\u00e7\u00e3o confi\u00e1vel sobre os fatores de personalidade do postulante, portanto, deve-se contar com pessoal de recursos humanos que saiba como operar esse tipo de ferramentas.<\/p>\n<p>Deve-se conhecer o entorno pr\u00f3ximo do postulante, deve-se procurar pedir refer\u00eancias, ouvir os coment\u00e1rios das pessoas que trabalharam com o candidato, obter informa\u00e7\u00e3o pessoal, familiar, de sa\u00fade e sobre sua situa\u00e7\u00e3o econ\u00f4mica, que nos permita obter uma figura mais completa do postulante.<\/p>\n<p>Depois de fazer uma an\u00e1lise minuciosa os especialistas de recursos humanos determinar\u00e3o se o candidato \u00e9 recomend\u00e1vel para o posto, recomend\u00e1vel com ressalvas ou se, definitivamente, n\u00e3o \u00e9 recomend\u00e1vel. \u00c9 necess\u00e1rio que um psic\u00f3logo fa\u00e7a um acompanhamento dos casos para garantir que os resultados obtidos sejam os mais adequados para a empresa que realiza a avalia\u00e7\u00e3o.<\/p>\n<p>Fonte: <a href=\"http:\/\/fnbr.es\/ny\">http:\/\/fnbr.es\/ny<\/a><\/p>\n","protected":false},"excerpt":{"rendered":"<p>Selecionar o pessoal adequado para uma empresa \u00e9 de suma import\u00e2ncia para o desenvolvimento da organiza\u00e7\u00e3o. Para escolher as pessoas adequadas, \u00e9 preciso que o avaliador utilize sua capacidade de an\u00e1lise, s\u00edntese e utilize ferramentas cient\u00edficas quantitativas, que permitam ampliar a vis\u00e3o das caracter\u00edsticas e qualidades pessoais que o candidato possui. Desde a publica\u00e7\u00e3o da [&hellip;]<\/p>\n","protected":false},"author":10,"featured_media":4793,"comment_status":"closed","ping_status":"closed","sticky":false,"template":"","format":"standard","meta":{"jetpack_post_was_ever_published":false,"_jetpack_newsletter_access":"","_jetpack_newsletter_tier_id":0,"footnotes":"","jetpack_publicize_message":"","jetpack_is_tweetstorm":false,"jetpack_publicize_feature_enabled":true,"jetpack_social_post_already_shared":false,"jetpack_social_options":{"image_generator_settings":{"template":"highway","enabled":false}}},"categories":[8],"tags":[364],"jetpack_publicize_connections":[],"yoast_head":"<!-- This site is optimized with the Yoast SEO plugin v21.7 - https:\/\/yoast.com\/wordpress\/plugins\/seo\/ -->\n<title>Recomenda\u00e7\u00f5es a serem aplicadas na sele\u00e7\u00e3o de pessoal - FuniBlogs - FUNIBER<\/title>\n<meta name=\"robots\" content=\"index, follow, max-snippet:-1, max-image-preview:large, max-video-preview:-1\" \/>\n<link rel=\"canonical\" href=\"https:\/\/blogs.funiber.org\/pt\/empresas-e-rh\/2014\/05\/23\/recomendacoes-a-serem-aplicadas-na-selecao-de-pessoal\" \/>\n<meta property=\"og:locale\" content=\"pt_BR\" \/>\n<meta property=\"og:type\" content=\"article\" \/>\n<meta property=\"og:title\" content=\"Recomenda\u00e7\u00f5es a serem aplicadas na sele\u00e7\u00e3o de pessoal - FuniBlogs - FUNIBER\" \/>\n<meta property=\"og:description\" content=\"Selecionar o pessoal adequado para uma empresa \u00e9 de suma import\u00e2ncia para o desenvolvimento da organiza\u00e7\u00e3o. Para escolher as pessoas adequadas, \u00e9 preciso que o avaliador utilize sua capacidade de an\u00e1lise, s\u00edntese e utilize ferramentas cient\u00edficas quantitativas, que permitam ampliar a vis\u00e3o das caracter\u00edsticas e qualidades pessoais que o candidato possui. Desde a publica\u00e7\u00e3o da [&hellip;]\" \/>\n<meta property=\"og:url\" content=\"https:\/\/blogs.funiber.org\/pt\/empresas-e-rh\/2014\/05\/23\/recomendacoes-a-serem-aplicadas-na-selecao-de-pessoal\" \/>\n<meta property=\"og:site_name\" content=\"FuniBlogs - FUNIBER\" \/>\n<meta property=\"article:publisher\" content=\"https:\/\/www.facebook.com\/funiber\" \/>\n<meta property=\"article:published_time\" content=\"2014-05-23T11:07:05+00:00\" \/>\n<meta property=\"og:image\" content=\"https:\/\/blogs.funiber.org\/pt\/wp-content\/uploads\/2014\/05\/EMP_candidato.jpg\" \/>\n\t<meta property=\"og:image:width\" content=\"500\" \/>\n\t<meta property=\"og:image:height\" content=\"332\" \/>\n\t<meta property=\"og:image:type\" content=\"image\/jpeg\" \/>\n<meta name=\"author\" content=\"Michelle\" \/>\n<meta name=\"twitter:card\" content=\"summary_large_image\" \/>\n<meta name=\"twitter:creator\" content=\"@FUNIBER\" \/>\n<meta name=\"twitter:site\" content=\"@FUNIBER\" \/>\n<meta name=\"twitter:label1\" content=\"Escrito por\" \/>\n\t<meta name=\"twitter:data1\" content=\"Michelle\" \/>\n\t<meta name=\"twitter:label2\" content=\"Est. tempo de leitura\" \/>\n\t<meta name=\"twitter:data2\" content=\"2 minutos\" \/>\n<script type=\"application\/ld+json\" class=\"yoast-schema-graph\">{\"@context\":\"https:\/\/schema.org\",\"@graph\":[{\"@type\":\"Article\",\"@id\":\"https:\/\/blogs.funiber.org\/pt\/empresas-e-rh\/2014\/05\/23\/recomendacoes-a-serem-aplicadas-na-selecao-de-pessoal#article\",\"isPartOf\":{\"@id\":\"https:\/\/blogs.funiber.org\/pt\/empresas-e-rh\/2014\/05\/23\/recomendacoes-a-serem-aplicadas-na-selecao-de-pessoal\"},\"author\":{\"name\":\"Michelle\",\"@id\":\"https:\/\/blogs.funiber.org\/pt\/#\/schema\/person\/a1eaaa5e57eac866a8c5946946bcf80d\"},\"headline\":\"Recomenda\u00e7\u00f5es a serem aplicadas na sele\u00e7\u00e3o de pessoal\",\"datePublished\":\"2014-05-23T11:07:05+00:00\",\"dateModified\":\"2014-05-23T11:07:05+00:00\",\"mainEntityOfPage\":{\"@id\":\"https:\/\/blogs.funiber.org\/pt\/empresas-e-rh\/2014\/05\/23\/recomendacoes-a-serem-aplicadas-na-selecao-de-pessoal\"},\"wordCount\":326,\"publisher\":{\"@id\":\"https:\/\/blogs.funiber.org\/pt\/#organization\"},\"keywords\":[\"Processo de Sele\u00e7\u00e3o\"],\"articleSection\":[\"Empresas, Dire\u00e7\u00e3o e RH\"],\"inLanguage\":\"pt-BR\"},{\"@type\":\"WebPage\",\"@id\":\"https:\/\/blogs.funiber.org\/pt\/empresas-e-rh\/2014\/05\/23\/recomendacoes-a-serem-aplicadas-na-selecao-de-pessoal\",\"url\":\"https:\/\/blogs.funiber.org\/pt\/empresas-e-rh\/2014\/05\/23\/recomendacoes-a-serem-aplicadas-na-selecao-de-pessoal\",\"name\":\"Recomenda\u00e7\u00f5es a serem aplicadas na sele\u00e7\u00e3o de pessoal - FuniBlogs - FUNIBER\",\"isPartOf\":{\"@id\":\"https:\/\/blogs.funiber.org\/pt\/#website\"},\"datePublished\":\"2014-05-23T11:07:05+00:00\",\"dateModified\":\"2014-05-23T11:07:05+00:00\",\"breadcrumb\":{\"@id\":\"https:\/\/blogs.funiber.org\/pt\/empresas-e-rh\/2014\/05\/23\/recomendacoes-a-serem-aplicadas-na-selecao-de-pessoal#breadcrumb\"},\"inLanguage\":\"pt-BR\",\"potentialAction\":[{\"@type\":\"ReadAction\",\"target\":[\"https:\/\/blogs.funiber.org\/pt\/empresas-e-rh\/2014\/05\/23\/recomendacoes-a-serem-aplicadas-na-selecao-de-pessoal\"]}]},{\"@type\":\"BreadcrumbList\",\"@id\":\"https:\/\/blogs.funiber.org\/pt\/empresas-e-rh\/2014\/05\/23\/recomendacoes-a-serem-aplicadas-na-selecao-de-pessoal#breadcrumb\",\"itemListElement\":[{\"@type\":\"ListItem\",\"position\":1,\"name\":\"In\u00edcio\",\"item\":\"https:\/\/blogs.funiber.org\/pt\"},{\"@type\":\"ListItem\",\"position\":2,\"name\":\"Recomenda\u00e7\u00f5es a serem aplicadas na sele\u00e7\u00e3o de pessoal\"}]},{\"@type\":\"WebSite\",\"@id\":\"https:\/\/blogs.funiber.org\/pt\/#website\",\"url\":\"https:\/\/blogs.funiber.org\/pt\/\",\"name\":\"FuniBlogs - FUNIBER\",\"description\":\"\",\"publisher\":{\"@id\":\"https:\/\/blogs.funiber.org\/pt\/#organization\"},\"potentialAction\":[{\"@type\":\"SearchAction\",\"target\":{\"@type\":\"EntryPoint\",\"urlTemplate\":\"https:\/\/blogs.funiber.org\/pt\/?s={search_term_string}\"},\"query-input\":\"required name=search_term_string\"}],\"inLanguage\":\"pt-BR\"},{\"@type\":\"Organization\",\"@id\":\"https:\/\/blogs.funiber.org\/pt\/#organization\",\"name\":\"FuniBlogs - FUNIBER\",\"url\":\"https:\/\/blogs.funiber.org\/pt\/\",\"logo\":{\"@type\":\"ImageObject\",\"inLanguage\":\"pt-BR\",\"@id\":\"https:\/\/blogs.funiber.org\/pt\/#\/schema\/logo\/image\/\",\"url\":\"https:\/\/www.funiber.blog\/pt\/wp-content\/uploads\/2022\/02\/logo-funiber-pt-br-v-dos.svg\",\"contentUrl\":\"https:\/\/www.funiber.blog\/pt\/wp-content\/uploads\/2022\/02\/logo-funiber-pt-br-v-dos.svg\",\"width\":1,\"height\":1,\"caption\":\"FuniBlogs - FUNIBER\"},\"image\":{\"@id\":\"https:\/\/blogs.funiber.org\/pt\/#\/schema\/logo\/image\/\"},\"sameAs\":[\"https:\/\/www.facebook.com\/funiber\",\"https:\/\/twitter.com\/FUNIBER\",\"https:\/\/www.instagram.com\/funiber_becas\",\"https:\/\/www.youtube.com\/user\/funiber\",\"https:\/\/www.linkedin.com\/company\/funiber\"]},{\"@type\":\"Person\",\"@id\":\"https:\/\/blogs.funiber.org\/pt\/#\/schema\/person\/a1eaaa5e57eac866a8c5946946bcf80d\",\"name\":\"Michelle\",\"image\":{\"@type\":\"ImageObject\",\"inLanguage\":\"pt-BR\",\"@id\":\"https:\/\/blogs.funiber.org\/pt\/#\/schema\/person\/image\/\",\"url\":\"https:\/\/secure.gravatar.com\/avatar\/5e87041f7609dc50493cf216754fece1?s=96&d=mm&r=g\",\"contentUrl\":\"https:\/\/secure.gravatar.com\/avatar\/5e87041f7609dc50493cf216754fece1?s=96&d=mm&r=g\",\"caption\":\"Michelle\"},\"url\":\"https:\/\/www.funiber.blog\/pt\/author\/michelle-moreira\"}]}<\/script>\n<!-- \/ Yoast SEO plugin. -->","yoast_head_json":{"title":"Recomenda\u00e7\u00f5es a serem aplicadas na sele\u00e7\u00e3o de pessoal - FuniBlogs - FUNIBER","robots":{"index":"index","follow":"follow","max-snippet":"max-snippet:-1","max-image-preview":"max-image-preview:large","max-video-preview":"max-video-preview:-1"},"canonical":"https:\/\/blogs.funiber.org\/pt\/empresas-e-rh\/2014\/05\/23\/recomendacoes-a-serem-aplicadas-na-selecao-de-pessoal","og_locale":"pt_BR","og_type":"article","og_title":"Recomenda\u00e7\u00f5es a serem aplicadas na sele\u00e7\u00e3o de pessoal - FuniBlogs - FUNIBER","og_description":"Selecionar o pessoal adequado para uma empresa \u00e9 de suma import\u00e2ncia para o desenvolvimento da organiza\u00e7\u00e3o. Para escolher as pessoas adequadas, \u00e9 preciso que o avaliador utilize sua capacidade de an\u00e1lise, s\u00edntese e utilize ferramentas cient\u00edficas quantitativas, que permitam ampliar a vis\u00e3o das caracter\u00edsticas e qualidades pessoais que o candidato possui. Desde a publica\u00e7\u00e3o da [&hellip;]","og_url":"https:\/\/blogs.funiber.org\/pt\/empresas-e-rh\/2014\/05\/23\/recomendacoes-a-serem-aplicadas-na-selecao-de-pessoal","og_site_name":"FuniBlogs - FUNIBER","article_publisher":"https:\/\/www.facebook.com\/funiber","article_published_time":"2014-05-23T11:07:05+00:00","og_image":[{"width":500,"height":332,"url":"https:\/\/blogs.funiber.org\/pt\/wp-content\/uploads\/2014\/05\/EMP_candidato.jpg","type":"image\/jpeg"}],"author":"Michelle","twitter_card":"summary_large_image","twitter_creator":"@FUNIBER","twitter_site":"@FUNIBER","twitter_misc":{"Escrito por":"Michelle","Est. tempo de leitura":"2 minutos"},"schema":{"@context":"https:\/\/schema.org","@graph":[{"@type":"Article","@id":"https:\/\/blogs.funiber.org\/pt\/empresas-e-rh\/2014\/05\/23\/recomendacoes-a-serem-aplicadas-na-selecao-de-pessoal#article","isPartOf":{"@id":"https:\/\/blogs.funiber.org\/pt\/empresas-e-rh\/2014\/05\/23\/recomendacoes-a-serem-aplicadas-na-selecao-de-pessoal"},"author":{"name":"Michelle","@id":"https:\/\/blogs.funiber.org\/pt\/#\/schema\/person\/a1eaaa5e57eac866a8c5946946bcf80d"},"headline":"Recomenda\u00e7\u00f5es a serem aplicadas na sele\u00e7\u00e3o de pessoal","datePublished":"2014-05-23T11:07:05+00:00","dateModified":"2014-05-23T11:07:05+00:00","mainEntityOfPage":{"@id":"https:\/\/blogs.funiber.org\/pt\/empresas-e-rh\/2014\/05\/23\/recomendacoes-a-serem-aplicadas-na-selecao-de-pessoal"},"wordCount":326,"publisher":{"@id":"https:\/\/blogs.funiber.org\/pt\/#organization"},"keywords":["Processo de Sele\u00e7\u00e3o"],"articleSection":["Empresas, Dire\u00e7\u00e3o e RH"],"inLanguage":"pt-BR"},{"@type":"WebPage","@id":"https:\/\/blogs.funiber.org\/pt\/empresas-e-rh\/2014\/05\/23\/recomendacoes-a-serem-aplicadas-na-selecao-de-pessoal","url":"https:\/\/blogs.funiber.org\/pt\/empresas-e-rh\/2014\/05\/23\/recomendacoes-a-serem-aplicadas-na-selecao-de-pessoal","name":"Recomenda\u00e7\u00f5es a serem aplicadas na sele\u00e7\u00e3o de pessoal - FuniBlogs - FUNIBER","isPartOf":{"@id":"https:\/\/blogs.funiber.org\/pt\/#website"},"datePublished":"2014-05-23T11:07:05+00:00","dateModified":"2014-05-23T11:07:05+00:00","breadcrumb":{"@id":"https:\/\/blogs.funiber.org\/pt\/empresas-e-rh\/2014\/05\/23\/recomendacoes-a-serem-aplicadas-na-selecao-de-pessoal#breadcrumb"},"inLanguage":"pt-BR","potentialAction":[{"@type":"ReadAction","target":["https:\/\/blogs.funiber.org\/pt\/empresas-e-rh\/2014\/05\/23\/recomendacoes-a-serem-aplicadas-na-selecao-de-pessoal"]}]},{"@type":"BreadcrumbList","@id":"https:\/\/blogs.funiber.org\/pt\/empresas-e-rh\/2014\/05\/23\/recomendacoes-a-serem-aplicadas-na-selecao-de-pessoal#breadcrumb","itemListElement":[{"@type":"ListItem","position":1,"name":"In\u00edcio","item":"https:\/\/blogs.funiber.org\/pt"},{"@type":"ListItem","position":2,"name":"Recomenda\u00e7\u00f5es a serem aplicadas na sele\u00e7\u00e3o de pessoal"}]},{"@type":"WebSite","@id":"https:\/\/blogs.funiber.org\/pt\/#website","url":"https:\/\/blogs.funiber.org\/pt\/","name":"FuniBlogs - FUNIBER","description":"","publisher":{"@id":"https:\/\/blogs.funiber.org\/pt\/#organization"},"potentialAction":[{"@type":"SearchAction","target":{"@type":"EntryPoint","urlTemplate":"https:\/\/blogs.funiber.org\/pt\/?s={search_term_string}"},"query-input":"required name=search_term_string"}],"inLanguage":"pt-BR"},{"@type":"Organization","@id":"https:\/\/blogs.funiber.org\/pt\/#organization","name":"FuniBlogs - FUNIBER","url":"https:\/\/blogs.funiber.org\/pt\/","logo":{"@type":"ImageObject","inLanguage":"pt-BR","@id":"https:\/\/blogs.funiber.org\/pt\/#\/schema\/logo\/image\/","url":"https:\/\/www.funiber.blog\/pt\/wp-content\/uploads\/2022\/02\/logo-funiber-pt-br-v-dos.svg","contentUrl":"https:\/\/www.funiber.blog\/pt\/wp-content\/uploads\/2022\/02\/logo-funiber-pt-br-v-dos.svg","width":1,"height":1,"caption":"FuniBlogs - FUNIBER"},"image":{"@id":"https:\/\/blogs.funiber.org\/pt\/#\/schema\/logo\/image\/"},"sameAs":["https:\/\/www.facebook.com\/funiber","https:\/\/twitter.com\/FUNIBER","https:\/\/www.instagram.com\/funiber_becas","https:\/\/www.youtube.com\/user\/funiber","https:\/\/www.linkedin.com\/company\/funiber"]},{"@type":"Person","@id":"https:\/\/blogs.funiber.org\/pt\/#\/schema\/person\/a1eaaa5e57eac866a8c5946946bcf80d","name":"Michelle","image":{"@type":"ImageObject","inLanguage":"pt-BR","@id":"https:\/\/blogs.funiber.org\/pt\/#\/schema\/person\/image\/","url":"https:\/\/secure.gravatar.com\/avatar\/5e87041f7609dc50493cf216754fece1?s=96&d=mm&r=g","contentUrl":"https:\/\/secure.gravatar.com\/avatar\/5e87041f7609dc50493cf216754fece1?s=96&d=mm&r=g","caption":"Michelle"},"url":"https:\/\/www.funiber.blog\/pt\/author\/michelle-moreira"}]}},"jetpack_featured_media_url":"https:\/\/www.funiber.blog\/pt\/wp-content\/uploads\/2014\/05\/EMP_candidato.jpg","jetpack_shortlink":"https:\/\/wp.me\/p7ee1t-1fi","jetpack_sharing_enabled":true,"_links":{"self":[{"href":"https:\/\/www.funiber.blog\/pt\/wp-json\/wp\/v2\/posts\/4792"}],"collection":[{"href":"https:\/\/www.funiber.blog\/pt\/wp-json\/wp\/v2\/posts"}],"about":[{"href":"https:\/\/www.funiber.blog\/pt\/wp-json\/wp\/v2\/types\/post"}],"author":[{"embeddable":true,"href":"https:\/\/www.funiber.blog\/pt\/wp-json\/wp\/v2\/users\/10"}],"replies":[{"embeddable":true,"href":"https:\/\/www.funiber.blog\/pt\/wp-json\/wp\/v2\/comments?post=4792"}],"version-history":[{"count":3,"href":"https:\/\/www.funiber.blog\/pt\/wp-json\/wp\/v2\/posts\/4792\/revisions"}],"predecessor-version":[{"id":4796,"href":"https:\/\/www.funiber.blog\/pt\/wp-json\/wp\/v2\/posts\/4792\/revisions\/4796"}],"wp:featuredmedia":[{"embeddable":true,"href":"https:\/\/www.funiber.blog\/pt\/wp-json\/wp\/v2\/media\/4793"}],"wp:attachment":[{"href":"https:\/\/www.funiber.blog\/pt\/wp-json\/wp\/v2\/media?parent=4792"}],"wp:term":[{"taxonomy":"category","embeddable":true,"href":"https:\/\/www.funiber.blog\/pt\/wp-json\/wp\/v2\/categories?post=4792"},{"taxonomy":"post_tag","embeddable":true,"href":"https:\/\/www.funiber.blog\/pt\/wp-json\/wp\/v2\/tags?post=4792"}],"curies":[{"name":"wp","href":"https:\/\/api.w.org\/{rel}","templated":true}]}}