{"id":5160,"date":"2014-07-23T13:04:52","date_gmt":"2014-07-23T13:04:52","guid":{"rendered":"http:\/\/blogs.funiber.org\/pt\/?p=5160"},"modified":"2014-07-23T13:04:52","modified_gmt":"2014-07-23T13:04:52","slug":"educacao-emocional-na-escola","status":"publish","type":"post","link":"https:\/\/www.funiber.blog\/pt\/formacao-professores\/2014\/07\/23\/educacao-emocional-na-escola","title":{"rendered":"Educa\u00e7\u00e3o Emocional na Escola"},"content":{"rendered":"<p>Uma boa escola deve saber desenvolver nos seus alunos compet\u00eancias emocionais para garantir benef\u00edcios pessoais nas rela\u00e7\u00f5es sociais, na autoestima, na adapta\u00e7\u00e3o escolar e familiar, al\u00e9m de evitar alguns problemas futuros de rendimento e intera\u00e7\u00e3o social.<\/p>\n<p>Esta pr\u00e1tica de ensino \u00e9 chamada de Educa\u00e7\u00e3o Emocional, fundamentada a partir de teorias da emo\u00e7\u00e3o, neuroci\u00eancia, intelig\u00eancia emocional e outras.<!--more--><\/p>\n<p>De acordo com Rafael Bisquerra, catedr\u00e1tico da Universidade de Barcelona, na Espanha, e co-fundador da Funda\u00e7\u00e3o para a Educa\u00e7\u00e3o Emocional (FEM), o objetivo da Educa\u00e7\u00e3o Emocional \u00e9 desenvolver a consci\u00eancia emocional, a autonomia pessoal e compet\u00eancias sociais, para a vida e para o bem-estar.<\/p>\n<p>As professoras da escola Garb\u00ed Esplugues-Badalona, na regi\u00e3o metropolitana de Barcelona, v\u00eam desenvolvendo uma pr\u00e1tica sistem\u00e1tica da educa\u00e7\u00e3o emocional. No ensino prim\u00e1rio, educa-se para favorecer que os alunos consigam estrat\u00e9gias e recursos de gest\u00e3o emocional na adolesc\u00eancia. Na educa\u00e7\u00e3o secund\u00e1ria, o trabalho emocional \u00e9 trabalhado na consci\u00eancia da responsabilidade atrav\u00e9s de atitudes positivas, comunica\u00e7\u00e3o assertiva e atitude emp\u00e1tica.<\/p>\n<p>No artigo publicado no site educaweb, as professoras Martina Brugu\u00e9s, Cristina Chiquero, Mar P\u00e9rez e Raquel Turull sugerem um roteiro para a aplica\u00e7\u00e3o de um projeto de educa\u00e7\u00e3o emocional na escola. De acordo com elas, \u00e9 necess\u00e1rio dedicar dois cursos escolares \u00e0 implementa\u00e7\u00e3o do programa de educa\u00e7\u00e3o emocional, incluir um curso de forma\u00e7\u00e3o de 15 horas para os docentes em equipes de trabalho (educa\u00e7\u00e3o infantil, prim\u00e1ria e secund\u00e1ria) e realizar uma metodologia da forma\u00e7\u00e3o com sess\u00f5es presenciais e viv\u00eancias alternadas, avaliadas no final.<\/p>\n<p>Com o ensino da Educa\u00e7\u00e3o Emocional, a escola al\u00e9m de ensinar mat\u00e9rias, poder\u00e1 desenvolver habilidades interpessoais primordiais no avan\u00e7o do processo de aprendizagem e na forma\u00e7\u00e3o de cidad\u00e3os plenos.<\/p>\n<p>Fonte: <a href=\"http:\/\/www.educaweb.com\/noticia\/2014\/06\/25\/educacion-emocional-desarrollo-personal-academico-profesional-8304\/\">http:\/\/www.educaweb.com\/noticia\/2014\/06\/25\/educacion-emocional-desarrollo-personal-academico-profesional-8304\/<\/a><\/p>\n<p><a href=\"http:\/\/www.rafaelbisquerra.com\/es\/biografia.html\">http:\/\/www.rafaelbisquerra.com\/es\/biografia.html<\/a><\/p>\n<p><a href=\"http:\/\/www.ienaescola.com.br\/\">http:\/\/www.ienaescola.com.br\/<\/a><\/p>\n<p>Foto: Alguns direitos reservados por <a title=\"User:Christiaan\" href=\"http:\/\/commons.wikimedia.org\/wiki\/User:Christiaan\">Christiaan Briggs<\/a>\u00a0\/Wikimedia Commons<\/p>\n","protected":false},"excerpt":{"rendered":"<p>Uma boa escola deve saber desenvolver nos seus alunos compet\u00eancias emocionais para garantir benef\u00edcios pessoais nas rela\u00e7\u00f5es sociais, na autoestima, na adapta\u00e7\u00e3o escolar e familiar, al\u00e9m de evitar alguns problemas futuros de rendimento e intera\u00e7\u00e3o social. Esta pr\u00e1tica de ensino \u00e9 chamada de Educa\u00e7\u00e3o Emocional, fundamentada a partir de teorias da emo\u00e7\u00e3o, neuroci\u00eancia, intelig\u00eancia emocional [&hellip;]<\/p>\n","protected":false},"author":10,"featured_media":5161,"comment_status":"closed","ping_status":"closed","sticky":false,"template":"","format":"standard","meta":{"jetpack_post_was_ever_published":false,"_jetpack_newsletter_access":"","_jetpack_newsletter_tier_id":0,"footnotes":"","jetpack_publicize_message":"","jetpack_is_tweetstorm":false,"jetpack_publicize_feature_enabled":true,"jetpack_social_post_already_shared":false,"jetpack_social_options":{"image_generator_settings":{"template":"highway","enabled":false}}},"categories":[5],"tags":[415],"jetpack_publicize_connections":[],"yoast_head":"<!-- This site is optimized with the Yoast SEO plugin v21.7 - https:\/\/yoast.com\/wordpress\/plugins\/seo\/ -->\n<title>Educa\u00e7\u00e3o Emocional na Escola - FuniBlogs - FUNIBER<\/title>\n<meta name=\"robots\" content=\"noindex, nofollow\" \/>\n<meta property=\"og:locale\" content=\"pt_BR\" \/>\n<meta property=\"og:type\" content=\"article\" \/>\n<meta property=\"og:title\" content=\"Educa\u00e7\u00e3o Emocional na Escola - FuniBlogs - FUNIBER\" \/>\n<meta property=\"og:description\" content=\"Uma boa escola deve saber desenvolver nos seus alunos compet\u00eancias emocionais para garantir benef\u00edcios pessoais nas rela\u00e7\u00f5es sociais, na autoestima, na adapta\u00e7\u00e3o escolar e familiar, al\u00e9m de evitar alguns problemas futuros de rendimento e intera\u00e7\u00e3o social. Esta pr\u00e1tica de ensino \u00e9 chamada de Educa\u00e7\u00e3o Emocional, fundamentada a partir de teorias da emo\u00e7\u00e3o, neuroci\u00eancia, intelig\u00eancia emocional [&hellip;]\" \/>\n<meta property=\"og:url\" content=\"https:\/\/blogs.funiber.org\/pt\/formacao-professores\/2014\/07\/23\/educacao-emocional-na-escola\" \/>\n<meta property=\"og:site_name\" content=\"FuniBlogs - FUNIBER\" \/>\n<meta property=\"article:publisher\" content=\"https:\/\/www.facebook.com\/funiber\" \/>\n<meta property=\"article:published_time\" content=\"2014-07-23T13:04:52+00:00\" \/>\n<meta property=\"og:image\" content=\"https:\/\/blogs.funiber.org\/pt\/wp-content\/uploads\/2014\/07\/640px-Iraqi_boys_giving_peace_sign.jpg\" \/>\n\t<meta property=\"og:image:width\" content=\"640\" \/>\n\t<meta property=\"og:image:height\" content=\"480\" \/>\n\t<meta property=\"og:image:type\" content=\"image\/jpeg\" \/>\n<meta name=\"author\" content=\"Michelle\" \/>\n<meta name=\"twitter:card\" content=\"summary_large_image\" \/>\n<meta name=\"twitter:creator\" content=\"@FUNIBER\" \/>\n<meta name=\"twitter:site\" content=\"@FUNIBER\" \/>\n<meta name=\"twitter:label1\" content=\"Escrito por\" \/>\n\t<meta name=\"twitter:data1\" content=\"Michelle\" \/>\n\t<meta name=\"twitter:label2\" content=\"Est. tempo de leitura\" \/>\n\t<meta name=\"twitter:data2\" content=\"2 minutos\" \/>\n<script type=\"application\/ld+json\" class=\"yoast-schema-graph\">{\"@context\":\"https:\/\/schema.org\",\"@graph\":[{\"@type\":\"Article\",\"@id\":\"https:\/\/blogs.funiber.org\/pt\/formacao-professores\/2014\/07\/23\/educacao-emocional-na-escola#article\",\"isPartOf\":{\"@id\":\"https:\/\/blogs.funiber.org\/pt\/formacao-professores\/2014\/07\/23\/educacao-emocional-na-escola\"},\"author\":{\"name\":\"Michelle\",\"@id\":\"https:\/\/blogs.funiber.org\/pt\/#\/schema\/person\/a1eaaa5e57eac866a8c5946946bcf80d\"},\"headline\":\"Educa\u00e7\u00e3o Emocional na Escola\",\"datePublished\":\"2014-07-23T13:04:52+00:00\",\"dateModified\":\"2014-07-23T13:04:52+00:00\",\"mainEntityOfPage\":{\"@id\":\"https:\/\/blogs.funiber.org\/pt\/formacao-professores\/2014\/07\/23\/educacao-emocional-na-escola\"},\"wordCount\":350,\"publisher\":{\"@id\":\"https:\/\/blogs.funiber.org\/pt\/#organization\"},\"keywords\":[\"Educa\u00e7\u00e3o Emocional\"],\"articleSection\":[\"Educa\u00e7\u00e3o,\u00a0Forma\u00e7\u00e3o Professores\"],\"inLanguage\":\"pt-BR\"},{\"@type\":\"WebPage\",\"@id\":\"https:\/\/blogs.funiber.org\/pt\/formacao-professores\/2014\/07\/23\/educacao-emocional-na-escola\",\"url\":\"https:\/\/blogs.funiber.org\/pt\/formacao-professores\/2014\/07\/23\/educacao-emocional-na-escola\",\"name\":\"Educa\u00e7\u00e3o Emocional na Escola - FuniBlogs - FUNIBER\",\"isPartOf\":{\"@id\":\"https:\/\/blogs.funiber.org\/pt\/#website\"},\"datePublished\":\"2014-07-23T13:04:52+00:00\",\"dateModified\":\"2014-07-23T13:04:52+00:00\",\"breadcrumb\":{\"@id\":\"https:\/\/blogs.funiber.org\/pt\/formacao-professores\/2014\/07\/23\/educacao-emocional-na-escola#breadcrumb\"},\"inLanguage\":\"pt-BR\",\"potentialAction\":[{\"@type\":\"ReadAction\",\"target\":[\"https:\/\/blogs.funiber.org\/pt\/formacao-professores\/2014\/07\/23\/educacao-emocional-na-escola\"]}]},{\"@type\":\"BreadcrumbList\",\"@id\":\"https:\/\/blogs.funiber.org\/pt\/formacao-professores\/2014\/07\/23\/educacao-emocional-na-escola#breadcrumb\",\"itemListElement\":[{\"@type\":\"ListItem\",\"position\":1,\"name\":\"In\u00edcio\",\"item\":\"https:\/\/blogs.funiber.org\/pt\"},{\"@type\":\"ListItem\",\"position\":2,\"name\":\"Educa\u00e7\u00e3o Emocional na Escola\"}]},{\"@type\":\"WebSite\",\"@id\":\"https:\/\/blogs.funiber.org\/pt\/#website\",\"url\":\"https:\/\/blogs.funiber.org\/pt\/\",\"name\":\"FuniBlogs - FUNIBER\",\"description\":\"\",\"publisher\":{\"@id\":\"https:\/\/blogs.funiber.org\/pt\/#organization\"},\"potentialAction\":[{\"@type\":\"SearchAction\",\"target\":{\"@type\":\"EntryPoint\",\"urlTemplate\":\"https:\/\/blogs.funiber.org\/pt\/?s={search_term_string}\"},\"query-input\":\"required name=search_term_string\"}],\"inLanguage\":\"pt-BR\"},{\"@type\":\"Organization\",\"@id\":\"https:\/\/blogs.funiber.org\/pt\/#organization\",\"name\":\"FuniBlogs - FUNIBER\",\"url\":\"https:\/\/blogs.funiber.org\/pt\/\",\"logo\":{\"@type\":\"ImageObject\",\"inLanguage\":\"pt-BR\",\"@id\":\"https:\/\/blogs.funiber.org\/pt\/#\/schema\/logo\/image\/\",\"url\":\"https:\/\/www.funiber.blog\/pt\/wp-content\/uploads\/2022\/02\/logo-funiber-pt-br-v-dos.svg\",\"contentUrl\":\"https:\/\/www.funiber.blog\/pt\/wp-content\/uploads\/2022\/02\/logo-funiber-pt-br-v-dos.svg\",\"width\":1,\"height\":1,\"caption\":\"FuniBlogs - FUNIBER\"},\"image\":{\"@id\":\"https:\/\/blogs.funiber.org\/pt\/#\/schema\/logo\/image\/\"},\"sameAs\":[\"https:\/\/www.facebook.com\/funiber\",\"https:\/\/twitter.com\/FUNIBER\",\"https:\/\/www.instagram.com\/funiber_becas\",\"https:\/\/www.youtube.com\/user\/funiber\",\"https:\/\/www.linkedin.com\/company\/funiber\"]},{\"@type\":\"Person\",\"@id\":\"https:\/\/blogs.funiber.org\/pt\/#\/schema\/person\/a1eaaa5e57eac866a8c5946946bcf80d\",\"name\":\"Michelle\",\"image\":{\"@type\":\"ImageObject\",\"inLanguage\":\"pt-BR\",\"@id\":\"https:\/\/blogs.funiber.org\/pt\/#\/schema\/person\/image\/\",\"url\":\"https:\/\/secure.gravatar.com\/avatar\/5e87041f7609dc50493cf216754fece1?s=96&d=mm&r=g\",\"contentUrl\":\"https:\/\/secure.gravatar.com\/avatar\/5e87041f7609dc50493cf216754fece1?s=96&d=mm&r=g\",\"caption\":\"Michelle\"},\"url\":\"https:\/\/www.funiber.blog\/pt\/author\/michelle-moreira\"}]}<\/script>\n<!-- \/ Yoast SEO plugin. -->","yoast_head_json":{"title":"Educa\u00e7\u00e3o Emocional na Escola - FuniBlogs - FUNIBER","robots":{"index":"noindex","follow":"nofollow"},"og_locale":"pt_BR","og_type":"article","og_title":"Educa\u00e7\u00e3o Emocional na Escola - FuniBlogs - FUNIBER","og_description":"Uma boa escola deve saber desenvolver nos seus alunos compet\u00eancias emocionais para garantir benef\u00edcios pessoais nas rela\u00e7\u00f5es sociais, na autoestima, na adapta\u00e7\u00e3o escolar e familiar, al\u00e9m de evitar alguns problemas futuros de rendimento e intera\u00e7\u00e3o social. Esta pr\u00e1tica de ensino \u00e9 chamada de Educa\u00e7\u00e3o Emocional, fundamentada a partir de teorias da emo\u00e7\u00e3o, neuroci\u00eancia, intelig\u00eancia emocional [&hellip;]","og_url":"https:\/\/blogs.funiber.org\/pt\/formacao-professores\/2014\/07\/23\/educacao-emocional-na-escola","og_site_name":"FuniBlogs - FUNIBER","article_publisher":"https:\/\/www.facebook.com\/funiber","article_published_time":"2014-07-23T13:04:52+00:00","og_image":[{"width":640,"height":480,"url":"https:\/\/blogs.funiber.org\/pt\/wp-content\/uploads\/2014\/07\/640px-Iraqi_boys_giving_peace_sign.jpg","type":"image\/jpeg"}],"author":"Michelle","twitter_card":"summary_large_image","twitter_creator":"@FUNIBER","twitter_site":"@FUNIBER","twitter_misc":{"Escrito por":"Michelle","Est. tempo de leitura":"2 minutos"},"schema":{"@context":"https:\/\/schema.org","@graph":[{"@type":"Article","@id":"https:\/\/blogs.funiber.org\/pt\/formacao-professores\/2014\/07\/23\/educacao-emocional-na-escola#article","isPartOf":{"@id":"https:\/\/blogs.funiber.org\/pt\/formacao-professores\/2014\/07\/23\/educacao-emocional-na-escola"},"author":{"name":"Michelle","@id":"https:\/\/blogs.funiber.org\/pt\/#\/schema\/person\/a1eaaa5e57eac866a8c5946946bcf80d"},"headline":"Educa\u00e7\u00e3o Emocional na Escola","datePublished":"2014-07-23T13:04:52+00:00","dateModified":"2014-07-23T13:04:52+00:00","mainEntityOfPage":{"@id":"https:\/\/blogs.funiber.org\/pt\/formacao-professores\/2014\/07\/23\/educacao-emocional-na-escola"},"wordCount":350,"publisher":{"@id":"https:\/\/blogs.funiber.org\/pt\/#organization"},"keywords":["Educa\u00e7\u00e3o Emocional"],"articleSection":["Educa\u00e7\u00e3o,\u00a0Forma\u00e7\u00e3o Professores"],"inLanguage":"pt-BR"},{"@type":"WebPage","@id":"https:\/\/blogs.funiber.org\/pt\/formacao-professores\/2014\/07\/23\/educacao-emocional-na-escola","url":"https:\/\/blogs.funiber.org\/pt\/formacao-professores\/2014\/07\/23\/educacao-emocional-na-escola","name":"Educa\u00e7\u00e3o Emocional na Escola - FuniBlogs - FUNIBER","isPartOf":{"@id":"https:\/\/blogs.funiber.org\/pt\/#website"},"datePublished":"2014-07-23T13:04:52+00:00","dateModified":"2014-07-23T13:04:52+00:00","breadcrumb":{"@id":"https:\/\/blogs.funiber.org\/pt\/formacao-professores\/2014\/07\/23\/educacao-emocional-na-escola#breadcrumb"},"inLanguage":"pt-BR","potentialAction":[{"@type":"ReadAction","target":["https:\/\/blogs.funiber.org\/pt\/formacao-professores\/2014\/07\/23\/educacao-emocional-na-escola"]}]},{"@type":"BreadcrumbList","@id":"https:\/\/blogs.funiber.org\/pt\/formacao-professores\/2014\/07\/23\/educacao-emocional-na-escola#breadcrumb","itemListElement":[{"@type":"ListItem","position":1,"name":"In\u00edcio","item":"https:\/\/blogs.funiber.org\/pt"},{"@type":"ListItem","position":2,"name":"Educa\u00e7\u00e3o Emocional na Escola"}]},{"@type":"WebSite","@id":"https:\/\/blogs.funiber.org\/pt\/#website","url":"https:\/\/blogs.funiber.org\/pt\/","name":"FuniBlogs - FUNIBER","description":"","publisher":{"@id":"https:\/\/blogs.funiber.org\/pt\/#organization"},"potentialAction":[{"@type":"SearchAction","target":{"@type":"EntryPoint","urlTemplate":"https:\/\/blogs.funiber.org\/pt\/?s={search_term_string}"},"query-input":"required name=search_term_string"}],"inLanguage":"pt-BR"},{"@type":"Organization","@id":"https:\/\/blogs.funiber.org\/pt\/#organization","name":"FuniBlogs - FUNIBER","url":"https:\/\/blogs.funiber.org\/pt\/","logo":{"@type":"ImageObject","inLanguage":"pt-BR","@id":"https:\/\/blogs.funiber.org\/pt\/#\/schema\/logo\/image\/","url":"https:\/\/www.funiber.blog\/pt\/wp-content\/uploads\/2022\/02\/logo-funiber-pt-br-v-dos.svg","contentUrl":"https:\/\/www.funiber.blog\/pt\/wp-content\/uploads\/2022\/02\/logo-funiber-pt-br-v-dos.svg","width":1,"height":1,"caption":"FuniBlogs - FUNIBER"},"image":{"@id":"https:\/\/blogs.funiber.org\/pt\/#\/schema\/logo\/image\/"},"sameAs":["https:\/\/www.facebook.com\/funiber","https:\/\/twitter.com\/FUNIBER","https:\/\/www.instagram.com\/funiber_becas","https:\/\/www.youtube.com\/user\/funiber","https:\/\/www.linkedin.com\/company\/funiber"]},{"@type":"Person","@id":"https:\/\/blogs.funiber.org\/pt\/#\/schema\/person\/a1eaaa5e57eac866a8c5946946bcf80d","name":"Michelle","image":{"@type":"ImageObject","inLanguage":"pt-BR","@id":"https:\/\/blogs.funiber.org\/pt\/#\/schema\/person\/image\/","url":"https:\/\/secure.gravatar.com\/avatar\/5e87041f7609dc50493cf216754fece1?s=96&d=mm&r=g","contentUrl":"https:\/\/secure.gravatar.com\/avatar\/5e87041f7609dc50493cf216754fece1?s=96&d=mm&r=g","caption":"Michelle"},"url":"https:\/\/www.funiber.blog\/pt\/author\/michelle-moreira"}]}},"jetpack_featured_media_url":"https:\/\/www.funiber.blog\/pt\/wp-content\/uploads\/2014\/07\/640px-Iraqi_boys_giving_peace_sign.jpg","jetpack_shortlink":"https:\/\/wp.me\/p7ee1t-1le","jetpack_sharing_enabled":true,"_links":{"self":[{"href":"https:\/\/www.funiber.blog\/pt\/wp-json\/wp\/v2\/posts\/5160"}],"collection":[{"href":"https:\/\/www.funiber.blog\/pt\/wp-json\/wp\/v2\/posts"}],"about":[{"href":"https:\/\/www.funiber.blog\/pt\/wp-json\/wp\/v2\/types\/post"}],"author":[{"embeddable":true,"href":"https:\/\/www.funiber.blog\/pt\/wp-json\/wp\/v2\/users\/10"}],"replies":[{"embeddable":true,"href":"https:\/\/www.funiber.blog\/pt\/wp-json\/wp\/v2\/comments?post=5160"}],"version-history":[{"count":2,"href":"https:\/\/www.funiber.blog\/pt\/wp-json\/wp\/v2\/posts\/5160\/revisions"}],"predecessor-version":[{"id":5163,"href":"https:\/\/www.funiber.blog\/pt\/wp-json\/wp\/v2\/posts\/5160\/revisions\/5163"}],"wp:featuredmedia":[{"embeddable":true,"href":"https:\/\/www.funiber.blog\/pt\/wp-json\/wp\/v2\/media\/5161"}],"wp:attachment":[{"href":"https:\/\/www.funiber.blog\/pt\/wp-json\/wp\/v2\/media?parent=5160"}],"wp:term":[{"taxonomy":"category","embeddable":true,"href":"https:\/\/www.funiber.blog\/pt\/wp-json\/wp\/v2\/categories?post=5160"},{"taxonomy":"post_tag","embeddable":true,"href":"https:\/\/www.funiber.blog\/pt\/wp-json\/wp\/v2\/tags?post=5160"}],"curies":[{"name":"wp","href":"https:\/\/api.w.org\/{rel}","templated":true}]}}