{"id":5190,"date":"2014-07-28T13:06:20","date_gmt":"2014-07-28T13:06:20","guid":{"rendered":"http:\/\/blogs.funiber.org\/pt\/?p=5190"},"modified":"2014-07-28T13:06:20","modified_gmt":"2014-07-28T13:06:20","slug":"a-estrategia-de-protecao-de-marcas-na-copa-do-mundo-no-brasil-2014","status":"publish","type":"post","link":"https:\/\/www.funiber.blog\/pt\/empresas-e-rh\/2014\/07\/28\/a-estrategia-de-protecao-de-marcas-na-copa-do-mundo-no-brasil-2014","title":{"rendered":"A estrat\u00e9gia de prote\u00e7\u00e3o de marcas na Copa do Mundo no Brasil 2014"},"content":{"rendered":"<p>Terminou a Copa do Mundo no Brasil 2014, um evento esportivo que \u00e9 ao mesmo tempo um enorme neg\u00f3cio. De acordo com o portal <i>expansion.com<\/i>, durante o evento deste ano foram mobilizados mais de 1.091 bilh\u00f5es de euros em patroc\u00ednios. Para proteger as marcas patrocinadoras e as marcas pr\u00f3prias, a FIFA, organizadora do evento esportivo, conseguiu estabelecer no pa\u00eds anfitri\u00e3o uma legisla\u00e7\u00e3o para oferecer prote\u00e7\u00e3o \u00e0s empresas e evitar o uso de certas marcas e imagens durante a Copa.<!--more--><\/p>\n<p>Durante eventos t\u00e3o grandes como a Copa do Mundo no Brasil, muitas pequenas e m\u00e9dias empresas poderiam cair na tenta\u00e7\u00e3o de utilizar imagens, logotipos, marcas ou emblemas oficiais para promover seus pr\u00f3prios eventos, produtos ou servi\u00e7os. Para evitar situa\u00e7\u00f5es em que fosse poss\u00edvel utilizar propriedade intelectual dos patrocinadores da Copa de forma inadequada ou sem autoriza\u00e7\u00e3o, a presidente do Brasil, Dilma Roussef, aprovou uma lei em 2012 para refor\u00e7ar a prote\u00e7\u00e3o da propriedade industrial e intelectual, em especial com as marcas de propriedade da FIFA.<\/p>\n<p>Geri Dimitrova, advogada especialista em esportes, explica que os elementos que receberam prote\u00e7\u00e3o especial durante a Copa incluem: \u201co emblema, o mascote, o lema e o p\u00f4ster oficial, assim como os p\u00f4steres das cidades anfitri\u00e3s e as frases: Brasil 2014, FIFA, World Cup e Copa 2014.<\/p>\n<p>Mas n\u00e3o somente a FIFA conseguiu prote\u00e7\u00e3o para suas marcas durante a Copa. As marcas patrocinadoras tamb\u00e9m conseguiram uma prote\u00e7\u00e3o legal especial, de modo que, embora as marcas n\u00e3o tivessem seus nomes ou emblemas registrados no Brasil, era atribu\u00edda a elas a categoria de marca not\u00f3ria para proteger a propriedade intelectual da organiza\u00e7\u00e3o.<\/p>\n<p>A FIFA cumpriu com o estabelecimento de uma estrita vigil\u00e2ncia para evitar que seus s\u00edmbolos, palavras e imagens fossem utilizados sem autoriza\u00e7\u00e3o. O uso de material protegido pela FIFA \u00e9 punido com multas e inclusive com alguns meses da pris\u00e3o, mas antes de se recorrer aos tribunais foi solicitado aos infratores que encerrassem sua atividade il\u00edcita, desse modo, aqueles neg\u00f3cios que desconheciam a lei n\u00e3o seriam afetados.<\/p>\n<p>Dimitrova recomendou aos neg\u00f3cios que, em caso de d\u00favida, deviam evitar o uso de qualquer s\u00edmbolo ou material relacionado \u00e0 FIFA para que fossem evitados processos.<\/p>\n<p>Fonte: http:\/\/www.expansion.com\/2014\/06\/02\/empresas\/deporte\/1401736611.html<\/p>\n<p>Foto: Fifa.com<\/p>\n","protected":false},"excerpt":{"rendered":"<p>Terminou a Copa do Mundo no Brasil 2014, um evento esportivo que \u00e9 ao mesmo tempo um enorme neg\u00f3cio. De acordo com o portal expansion.com, durante o evento deste ano foram mobilizados mais de 1.091 bilh\u00f5es de euros em patroc\u00ednios. Para proteger as marcas patrocinadoras e as marcas pr\u00f3prias, a FIFA, organizadora do evento esportivo, [&hellip;]<\/p>\n","protected":false},"author":10,"featured_media":5191,"comment_status":"closed","ping_status":"closed","sticky":false,"template":"","format":"standard","meta":{"jetpack_post_was_ever_published":false,"_jetpack_newsletter_access":"","_jetpack_newsletter_tier_id":0,"footnotes":"","jetpack_publicize_message":"","jetpack_is_tweetstorm":false,"jetpack_publicize_feature_enabled":true,"jetpack_social_post_already_shared":false,"jetpack_social_options":{"image_generator_settings":{"template":"highway","enabled":false}}},"categories":[8],"tags":[],"jetpack_publicize_connections":[],"yoast_head":"<!-- This site is optimized with the Yoast SEO plugin v21.7 - https:\/\/yoast.com\/wordpress\/plugins\/seo\/ -->\n<title>A estrat\u00e9gia de prote\u00e7\u00e3o de marcas na Copa do Mundo no Brasil 2014 - FuniBlogs - FUNIBER<\/title>\n<meta name=\"robots\" content=\"index, follow, max-snippet:-1, max-image-preview:large, max-video-preview:-1\" \/>\n<link rel=\"canonical\" href=\"https:\/\/blogs.funiber.org\/pt\/empresas-e-rh\/2014\/07\/28\/a-estrategia-de-protecao-de-marcas-na-copa-do-mundo-no-brasil-2014\" \/>\n<meta property=\"og:locale\" content=\"pt_BR\" \/>\n<meta property=\"og:type\" content=\"article\" \/>\n<meta property=\"og:title\" content=\"A estrat\u00e9gia de prote\u00e7\u00e3o de marcas na Copa do Mundo no Brasil 2014 - FuniBlogs - FUNIBER\" \/>\n<meta property=\"og:description\" content=\"Terminou a Copa do Mundo no Brasil 2014, um evento esportivo que \u00e9 ao mesmo tempo um enorme neg\u00f3cio. De acordo com o portal expansion.com, durante o evento deste ano foram mobilizados mais de 1.091 bilh\u00f5es de euros em patroc\u00ednios. Para proteger as marcas patrocinadoras e as marcas pr\u00f3prias, a FIFA, organizadora do evento esportivo, [&hellip;]\" \/>\n<meta property=\"og:url\" content=\"https:\/\/blogs.funiber.org\/pt\/empresas-e-rh\/2014\/07\/28\/a-estrategia-de-protecao-de-marcas-na-copa-do-mundo-no-brasil-2014\" \/>\n<meta property=\"og:site_name\" content=\"FuniBlogs - FUNIBER\" \/>\n<meta property=\"article:publisher\" content=\"https:\/\/www.facebook.com\/funiber\" \/>\n<meta property=\"article:published_time\" content=\"2014-07-28T13:06:20+00:00\" \/>\n<meta property=\"og:image\" content=\"https:\/\/blogs.funiber.org\/pt\/wp-content\/uploads\/2014\/07\/EMP_FIFA.jpg\" \/>\n\t<meta property=\"og:image:width\" content=\"475\" \/>\n\t<meta property=\"og:image:height\" content=\"352\" \/>\n\t<meta property=\"og:image:type\" content=\"image\/jpeg\" \/>\n<meta name=\"author\" content=\"Michelle\" \/>\n<meta name=\"twitter:card\" content=\"summary_large_image\" \/>\n<meta name=\"twitter:creator\" content=\"@FUNIBER\" \/>\n<meta name=\"twitter:site\" content=\"@FUNIBER\" \/>\n<meta name=\"twitter:label1\" content=\"Escrito por\" \/>\n\t<meta name=\"twitter:data1\" content=\"Michelle\" \/>\n\t<meta name=\"twitter:label2\" content=\"Est. tempo de leitura\" \/>\n\t<meta name=\"twitter:data2\" content=\"2 minutos\" \/>\n<script type=\"application\/ld+json\" class=\"yoast-schema-graph\">{\"@context\":\"https:\/\/schema.org\",\"@graph\":[{\"@type\":\"Article\",\"@id\":\"https:\/\/blogs.funiber.org\/pt\/empresas-e-rh\/2014\/07\/28\/a-estrategia-de-protecao-de-marcas-na-copa-do-mundo-no-brasil-2014#article\",\"isPartOf\":{\"@id\":\"https:\/\/blogs.funiber.org\/pt\/empresas-e-rh\/2014\/07\/28\/a-estrategia-de-protecao-de-marcas-na-copa-do-mundo-no-brasil-2014\"},\"author\":{\"name\":\"Michelle\",\"@id\":\"https:\/\/blogs.funiber.org\/pt\/#\/schema\/person\/a1eaaa5e57eac866a8c5946946bcf80d\"},\"headline\":\"A estrat\u00e9gia de prote\u00e7\u00e3o de marcas na Copa do Mundo no Brasil 2014\",\"datePublished\":\"2014-07-28T13:06:20+00:00\",\"dateModified\":\"2014-07-28T13:06:20+00:00\",\"mainEntityOfPage\":{\"@id\":\"https:\/\/blogs.funiber.org\/pt\/empresas-e-rh\/2014\/07\/28\/a-estrategia-de-protecao-de-marcas-na-copa-do-mundo-no-brasil-2014\"},\"wordCount\":414,\"publisher\":{\"@id\":\"https:\/\/blogs.funiber.org\/pt\/#organization\"},\"articleSection\":[\"Empresas, Dire\u00e7\u00e3o e RH\"],\"inLanguage\":\"pt-BR\"},{\"@type\":\"WebPage\",\"@id\":\"https:\/\/blogs.funiber.org\/pt\/empresas-e-rh\/2014\/07\/28\/a-estrategia-de-protecao-de-marcas-na-copa-do-mundo-no-brasil-2014\",\"url\":\"https:\/\/blogs.funiber.org\/pt\/empresas-e-rh\/2014\/07\/28\/a-estrategia-de-protecao-de-marcas-na-copa-do-mundo-no-brasil-2014\",\"name\":\"A estrat\u00e9gia de prote\u00e7\u00e3o de marcas na Copa do Mundo no Brasil 2014 - FuniBlogs - FUNIBER\",\"isPartOf\":{\"@id\":\"https:\/\/blogs.funiber.org\/pt\/#website\"},\"datePublished\":\"2014-07-28T13:06:20+00:00\",\"dateModified\":\"2014-07-28T13:06:20+00:00\",\"breadcrumb\":{\"@id\":\"https:\/\/blogs.funiber.org\/pt\/empresas-e-rh\/2014\/07\/28\/a-estrategia-de-protecao-de-marcas-na-copa-do-mundo-no-brasil-2014#breadcrumb\"},\"inLanguage\":\"pt-BR\",\"potentialAction\":[{\"@type\":\"ReadAction\",\"target\":[\"https:\/\/blogs.funiber.org\/pt\/empresas-e-rh\/2014\/07\/28\/a-estrategia-de-protecao-de-marcas-na-copa-do-mundo-no-brasil-2014\"]}]},{\"@type\":\"BreadcrumbList\",\"@id\":\"https:\/\/blogs.funiber.org\/pt\/empresas-e-rh\/2014\/07\/28\/a-estrategia-de-protecao-de-marcas-na-copa-do-mundo-no-brasil-2014#breadcrumb\",\"itemListElement\":[{\"@type\":\"ListItem\",\"position\":1,\"name\":\"In\u00edcio\",\"item\":\"https:\/\/blogs.funiber.org\/pt\"},{\"@type\":\"ListItem\",\"position\":2,\"name\":\"A estrat\u00e9gia de prote\u00e7\u00e3o de marcas na Copa do Mundo no Brasil 2014\"}]},{\"@type\":\"WebSite\",\"@id\":\"https:\/\/blogs.funiber.org\/pt\/#website\",\"url\":\"https:\/\/blogs.funiber.org\/pt\/\",\"name\":\"FuniBlogs - FUNIBER\",\"description\":\"\",\"publisher\":{\"@id\":\"https:\/\/blogs.funiber.org\/pt\/#organization\"},\"potentialAction\":[{\"@type\":\"SearchAction\",\"target\":{\"@type\":\"EntryPoint\",\"urlTemplate\":\"https:\/\/blogs.funiber.org\/pt\/?s={search_term_string}\"},\"query-input\":\"required name=search_term_string\"}],\"inLanguage\":\"pt-BR\"},{\"@type\":\"Organization\",\"@id\":\"https:\/\/blogs.funiber.org\/pt\/#organization\",\"name\":\"FuniBlogs - FUNIBER\",\"url\":\"https:\/\/blogs.funiber.org\/pt\/\",\"logo\":{\"@type\":\"ImageObject\",\"inLanguage\":\"pt-BR\",\"@id\":\"https:\/\/blogs.funiber.org\/pt\/#\/schema\/logo\/image\/\",\"url\":\"https:\/\/www.funiber.blog\/pt\/wp-content\/uploads\/2022\/02\/logo-funiber-pt-br-v-dos.svg\",\"contentUrl\":\"https:\/\/www.funiber.blog\/pt\/wp-content\/uploads\/2022\/02\/logo-funiber-pt-br-v-dos.svg\",\"width\":1,\"height\":1,\"caption\":\"FuniBlogs - FUNIBER\"},\"image\":{\"@id\":\"https:\/\/blogs.funiber.org\/pt\/#\/schema\/logo\/image\/\"},\"sameAs\":[\"https:\/\/www.facebook.com\/funiber\",\"https:\/\/twitter.com\/FUNIBER\",\"https:\/\/www.instagram.com\/funiber_becas\",\"https:\/\/www.youtube.com\/user\/funiber\",\"https:\/\/www.linkedin.com\/company\/funiber\"]},{\"@type\":\"Person\",\"@id\":\"https:\/\/blogs.funiber.org\/pt\/#\/schema\/person\/a1eaaa5e57eac866a8c5946946bcf80d\",\"name\":\"Michelle\",\"image\":{\"@type\":\"ImageObject\",\"inLanguage\":\"pt-BR\",\"@id\":\"https:\/\/blogs.funiber.org\/pt\/#\/schema\/person\/image\/\",\"url\":\"https:\/\/secure.gravatar.com\/avatar\/5e87041f7609dc50493cf216754fece1?s=96&d=mm&r=g\",\"contentUrl\":\"https:\/\/secure.gravatar.com\/avatar\/5e87041f7609dc50493cf216754fece1?s=96&d=mm&r=g\",\"caption\":\"Michelle\"},\"url\":\"https:\/\/www.funiber.blog\/pt\/author\/michelle-moreira\"}]}<\/script>\n<!-- \/ Yoast SEO plugin. -->","yoast_head_json":{"title":"A estrat\u00e9gia de prote\u00e7\u00e3o de marcas na Copa do Mundo no Brasil 2014 - FuniBlogs - FUNIBER","robots":{"index":"index","follow":"follow","max-snippet":"max-snippet:-1","max-image-preview":"max-image-preview:large","max-video-preview":"max-video-preview:-1"},"canonical":"https:\/\/blogs.funiber.org\/pt\/empresas-e-rh\/2014\/07\/28\/a-estrategia-de-protecao-de-marcas-na-copa-do-mundo-no-brasil-2014","og_locale":"pt_BR","og_type":"article","og_title":"A estrat\u00e9gia de prote\u00e7\u00e3o de marcas na Copa do Mundo no Brasil 2014 - FuniBlogs - FUNIBER","og_description":"Terminou a Copa do Mundo no Brasil 2014, um evento esportivo que \u00e9 ao mesmo tempo um enorme neg\u00f3cio. De acordo com o portal expansion.com, durante o evento deste ano foram mobilizados mais de 1.091 bilh\u00f5es de euros em patroc\u00ednios. Para proteger as marcas patrocinadoras e as marcas pr\u00f3prias, a FIFA, organizadora do evento esportivo, [&hellip;]","og_url":"https:\/\/blogs.funiber.org\/pt\/empresas-e-rh\/2014\/07\/28\/a-estrategia-de-protecao-de-marcas-na-copa-do-mundo-no-brasil-2014","og_site_name":"FuniBlogs - FUNIBER","article_publisher":"https:\/\/www.facebook.com\/funiber","article_published_time":"2014-07-28T13:06:20+00:00","og_image":[{"width":475,"height":352,"url":"https:\/\/blogs.funiber.org\/pt\/wp-content\/uploads\/2014\/07\/EMP_FIFA.jpg","type":"image\/jpeg"}],"author":"Michelle","twitter_card":"summary_large_image","twitter_creator":"@FUNIBER","twitter_site":"@FUNIBER","twitter_misc":{"Escrito por":"Michelle","Est. tempo de leitura":"2 minutos"},"schema":{"@context":"https:\/\/schema.org","@graph":[{"@type":"Article","@id":"https:\/\/blogs.funiber.org\/pt\/empresas-e-rh\/2014\/07\/28\/a-estrategia-de-protecao-de-marcas-na-copa-do-mundo-no-brasil-2014#article","isPartOf":{"@id":"https:\/\/blogs.funiber.org\/pt\/empresas-e-rh\/2014\/07\/28\/a-estrategia-de-protecao-de-marcas-na-copa-do-mundo-no-brasil-2014"},"author":{"name":"Michelle","@id":"https:\/\/blogs.funiber.org\/pt\/#\/schema\/person\/a1eaaa5e57eac866a8c5946946bcf80d"},"headline":"A estrat\u00e9gia de prote\u00e7\u00e3o de marcas na Copa do Mundo no Brasil 2014","datePublished":"2014-07-28T13:06:20+00:00","dateModified":"2014-07-28T13:06:20+00:00","mainEntityOfPage":{"@id":"https:\/\/blogs.funiber.org\/pt\/empresas-e-rh\/2014\/07\/28\/a-estrategia-de-protecao-de-marcas-na-copa-do-mundo-no-brasil-2014"},"wordCount":414,"publisher":{"@id":"https:\/\/blogs.funiber.org\/pt\/#organization"},"articleSection":["Empresas, Dire\u00e7\u00e3o e RH"],"inLanguage":"pt-BR"},{"@type":"WebPage","@id":"https:\/\/blogs.funiber.org\/pt\/empresas-e-rh\/2014\/07\/28\/a-estrategia-de-protecao-de-marcas-na-copa-do-mundo-no-brasil-2014","url":"https:\/\/blogs.funiber.org\/pt\/empresas-e-rh\/2014\/07\/28\/a-estrategia-de-protecao-de-marcas-na-copa-do-mundo-no-brasil-2014","name":"A estrat\u00e9gia de prote\u00e7\u00e3o de marcas na Copa do Mundo no Brasil 2014 - FuniBlogs - FUNIBER","isPartOf":{"@id":"https:\/\/blogs.funiber.org\/pt\/#website"},"datePublished":"2014-07-28T13:06:20+00:00","dateModified":"2014-07-28T13:06:20+00:00","breadcrumb":{"@id":"https:\/\/blogs.funiber.org\/pt\/empresas-e-rh\/2014\/07\/28\/a-estrategia-de-protecao-de-marcas-na-copa-do-mundo-no-brasil-2014#breadcrumb"},"inLanguage":"pt-BR","potentialAction":[{"@type":"ReadAction","target":["https:\/\/blogs.funiber.org\/pt\/empresas-e-rh\/2014\/07\/28\/a-estrategia-de-protecao-de-marcas-na-copa-do-mundo-no-brasil-2014"]}]},{"@type":"BreadcrumbList","@id":"https:\/\/blogs.funiber.org\/pt\/empresas-e-rh\/2014\/07\/28\/a-estrategia-de-protecao-de-marcas-na-copa-do-mundo-no-brasil-2014#breadcrumb","itemListElement":[{"@type":"ListItem","position":1,"name":"In\u00edcio","item":"https:\/\/blogs.funiber.org\/pt"},{"@type":"ListItem","position":2,"name":"A estrat\u00e9gia de prote\u00e7\u00e3o de marcas na Copa do Mundo no Brasil 2014"}]},{"@type":"WebSite","@id":"https:\/\/blogs.funiber.org\/pt\/#website","url":"https:\/\/blogs.funiber.org\/pt\/","name":"FuniBlogs - FUNIBER","description":"","publisher":{"@id":"https:\/\/blogs.funiber.org\/pt\/#organization"},"potentialAction":[{"@type":"SearchAction","target":{"@type":"EntryPoint","urlTemplate":"https:\/\/blogs.funiber.org\/pt\/?s={search_term_string}"},"query-input":"required name=search_term_string"}],"inLanguage":"pt-BR"},{"@type":"Organization","@id":"https:\/\/blogs.funiber.org\/pt\/#organization","name":"FuniBlogs - FUNIBER","url":"https:\/\/blogs.funiber.org\/pt\/","logo":{"@type":"ImageObject","inLanguage":"pt-BR","@id":"https:\/\/blogs.funiber.org\/pt\/#\/schema\/logo\/image\/","url":"https:\/\/www.funiber.blog\/pt\/wp-content\/uploads\/2022\/02\/logo-funiber-pt-br-v-dos.svg","contentUrl":"https:\/\/www.funiber.blog\/pt\/wp-content\/uploads\/2022\/02\/logo-funiber-pt-br-v-dos.svg","width":1,"height":1,"caption":"FuniBlogs - FUNIBER"},"image":{"@id":"https:\/\/blogs.funiber.org\/pt\/#\/schema\/logo\/image\/"},"sameAs":["https:\/\/www.facebook.com\/funiber","https:\/\/twitter.com\/FUNIBER","https:\/\/www.instagram.com\/funiber_becas","https:\/\/www.youtube.com\/user\/funiber","https:\/\/www.linkedin.com\/company\/funiber"]},{"@type":"Person","@id":"https:\/\/blogs.funiber.org\/pt\/#\/schema\/person\/a1eaaa5e57eac866a8c5946946bcf80d","name":"Michelle","image":{"@type":"ImageObject","inLanguage":"pt-BR","@id":"https:\/\/blogs.funiber.org\/pt\/#\/schema\/person\/image\/","url":"https:\/\/secure.gravatar.com\/avatar\/5e87041f7609dc50493cf216754fece1?s=96&d=mm&r=g","contentUrl":"https:\/\/secure.gravatar.com\/avatar\/5e87041f7609dc50493cf216754fece1?s=96&d=mm&r=g","caption":"Michelle"},"url":"https:\/\/www.funiber.blog\/pt\/author\/michelle-moreira"}]}},"jetpack_featured_media_url":"https:\/\/www.funiber.blog\/pt\/wp-content\/uploads\/2014\/07\/EMP_FIFA.jpg","jetpack_shortlink":"https:\/\/wp.me\/p7ee1t-1lI","jetpack_sharing_enabled":true,"_links":{"self":[{"href":"https:\/\/www.funiber.blog\/pt\/wp-json\/wp\/v2\/posts\/5190"}],"collection":[{"href":"https:\/\/www.funiber.blog\/pt\/wp-json\/wp\/v2\/posts"}],"about":[{"href":"https:\/\/www.funiber.blog\/pt\/wp-json\/wp\/v2\/types\/post"}],"author":[{"embeddable":true,"href":"https:\/\/www.funiber.blog\/pt\/wp-json\/wp\/v2\/users\/10"}],"replies":[{"embeddable":true,"href":"https:\/\/www.funiber.blog\/pt\/wp-json\/wp\/v2\/comments?post=5190"}],"version-history":[{"count":1,"href":"https:\/\/www.funiber.blog\/pt\/wp-json\/wp\/v2\/posts\/5190\/revisions"}],"predecessor-version":[{"id":5192,"href":"https:\/\/www.funiber.blog\/pt\/wp-json\/wp\/v2\/posts\/5190\/revisions\/5192"}],"wp:featuredmedia":[{"embeddable":true,"href":"https:\/\/www.funiber.blog\/pt\/wp-json\/wp\/v2\/media\/5191"}],"wp:attachment":[{"href":"https:\/\/www.funiber.blog\/pt\/wp-json\/wp\/v2\/media?parent=5190"}],"wp:term":[{"taxonomy":"category","embeddable":true,"href":"https:\/\/www.funiber.blog\/pt\/wp-json\/wp\/v2\/categories?post=5190"},{"taxonomy":"post_tag","embeddable":true,"href":"https:\/\/www.funiber.blog\/pt\/wp-json\/wp\/v2\/tags?post=5190"}],"curies":[{"name":"wp","href":"https:\/\/api.w.org\/{rel}","templated":true}]}}