{"id":5198,"date":"2014-07-29T09:19:39","date_gmt":"2014-07-29T09:19:39","guid":{"rendered":"http:\/\/blogs.funiber.org\/pt\/?p=5198"},"modified":"2014-07-29T09:19:39","modified_gmt":"2014-07-29T09:19:39","slug":"xiv-congresso-nacional-de-educacao-comparada","status":"publish","type":"post","link":"https:\/\/www.funiber.blog\/pt\/formacao-professores\/2014\/07\/29\/xiv-congresso-nacional-de-educacao-comparada","title":{"rendered":"XIV Congresso Nacional de Educa\u00e7\u00e3o Comparada"},"content":{"rendered":"<p>A sociedade Espanhola de Educa\u00e7\u00e3o Comparada (SEEC) realiza entre os dias 18 e 21 de novembro de 2014, o XIV Congresso Nacional de Educa\u00e7\u00e3o Comparada, em Madri. O evento aproveita a ocasi\u00e3o para se reunir com pesquisadores da Pen\u00ednsula Ib\u00e9rica e da Am\u00e9rica Latina, e celebra o I Congresso Iberoamericano com o apoio da Organiza\u00e7\u00e3o dos Estados Iberoamericanos (OEI).<!--more--><\/p>\n<p>O Congresso acontece na Faculdade de Forma\u00e7\u00e3o de Professorado e Educa\u00e7\u00e3o da Universidade Aut\u00f4noma de Madri, com a tem\u00e1tica \u201cEduca\u00e7\u00e3o, Supranacionalidade e Cidadania\u201d. Os realizadores esperam que o tema provoque debates reflexivos em torno da educa\u00e7\u00e3o para a cidadania em contextos novos, complexos e globalizados.<\/p>\n<p>O evento prev\u00ea confer\u00eancias, pain\u00e9is, comunica\u00e7\u00f5es, assembleia, p\u00f4steres e mesas redondas. As comunica\u00e7\u00f5es ser\u00e3o apresentadas em sess\u00f5es de 1,5 hora, nos idiomas portugu\u00eas ou espanhol. Tamb\u00e9m ser\u00e1 poss\u00edvel apresentar na modalidade online.<\/p>\n<p>Entre os conferencistas, est\u00e3o confirmadas as presen\u00e7as de alguns nomes como Carlos Alberto Torres, professor de Ci\u00eancias Sociais e Educa\u00e7\u00e3o Comparada que j\u00e1 foi diretor do Centro de Estudos Latino-americanos da Universidade da Calif\u00f3rnia (UCLA), \u00e9 diretor fundador do Instituto Paulo Freire, em S\u00e3o Paulo, al\u00e9m de autor e editor de centenas de artigos de pesquisa. Tamb\u00e9m estar\u00e1 Alejandro Tiana, reitor da Universidade Nacional de Educa\u00e7\u00e3o \u00e0 Dist\u00e2ncia (UNED), autor de dezenas de livros dedicados a temas como os sistemas educativos contempor\u00e2neos, pol\u00edtica e legisla\u00e7\u00e3o educativa e avalia\u00e7\u00e3o dos sistemas educativos.<\/p>\n<p>O pre\u00e7o para se inscrever varia de acordo com o per\u00edodo de inscri\u00e7\u00e3o e a condi\u00e7\u00e3o do participante. Para saber sobre valores, acesse: <a href=\"http:\/\/fnbr.es\/r4\">http:\/\/fnbr.es\/r4<\/a><\/p>\n<p>Fonte: <a href=\"http:\/\/www.congresoseec2014.org\/\">http:\/\/www.congresoseec2014.org\/<\/a><\/p>\n<p>Foto: Alguns direitos reservados por \u00a0<a href=\"https:\/\/www.flickr.com\/photos\/unescosantiago\/\">OREALC\/UNESCO Santiago<\/a>\/Flickr.<\/p>\n","protected":false},"excerpt":{"rendered":"<p>A sociedade Espanhola de Educa\u00e7\u00e3o Comparada (SEEC) realiza entre os dias 18 e 21 de novembro de 2014, o XIV Congresso Nacional de Educa\u00e7\u00e3o Comparada, em Madri. O evento aproveita a ocasi\u00e3o para se reunir com pesquisadores da Pen\u00ednsula Ib\u00e9rica e da Am\u00e9rica Latina, e celebra o I Congresso Iberoamericano com o apoio da Organiza\u00e7\u00e3o [&hellip;]<\/p>\n","protected":false},"author":10,"featured_media":5199,"comment_status":"closed","ping_status":"closed","sticky":false,"template":"","format":"standard","meta":{"jetpack_post_was_ever_published":false,"_jetpack_newsletter_access":"","_jetpack_newsletter_tier_id":0,"footnotes":"","jetpack_publicize_message":"","jetpack_is_tweetstorm":false,"jetpack_publicize_feature_enabled":true,"jetpack_social_post_already_shared":false,"jetpack_social_options":{"image_generator_settings":{"template":"highway","enabled":false}}},"categories":[5],"tags":[251,285],"jetpack_publicize_connections":[],"yoast_head":"<!-- This site is optimized with the Yoast SEO plugin v21.7 - https:\/\/yoast.com\/wordpress\/plugins\/seo\/ -->\n<title>XIV Congresso Nacional de Educa\u00e7\u00e3o Comparada - FuniBlogs - FUNIBER<\/title>\n<meta name=\"robots\" content=\"noindex, nofollow\" \/>\n<meta property=\"og:locale\" content=\"pt_BR\" \/>\n<meta property=\"og:type\" content=\"article\" \/>\n<meta property=\"og:title\" content=\"XIV Congresso Nacional de Educa\u00e7\u00e3o Comparada - FuniBlogs - FUNIBER\" \/>\n<meta property=\"og:description\" content=\"A sociedade Espanhola de Educa\u00e7\u00e3o Comparada (SEEC) realiza entre os dias 18 e 21 de novembro de 2014, o XIV Congresso Nacional de Educa\u00e7\u00e3o Comparada, em Madri. O evento aproveita a ocasi\u00e3o para se reunir com pesquisadores da Pen\u00ednsula Ib\u00e9rica e da Am\u00e9rica Latina, e celebra o I Congresso Iberoamericano com o apoio da Organiza\u00e7\u00e3o [&hellip;]\" \/>\n<meta property=\"og:url\" content=\"https:\/\/blogs.funiber.org\/pt\/formacao-professores\/2014\/07\/29\/xiv-congresso-nacional-de-educacao-comparada\" \/>\n<meta property=\"og:site_name\" content=\"FuniBlogs - FUNIBER\" \/>\n<meta property=\"article:publisher\" content=\"https:\/\/www.facebook.com\/funiber\" \/>\n<meta property=\"article:published_time\" content=\"2014-07-29T09:19:39+00:00\" \/>\n<meta property=\"og:image\" content=\"https:\/\/blogs.funiber.org\/pt\/wp-content\/uploads\/2014\/07\/FP_congreso_ed.comparada.jpg\" \/>\n\t<meta property=\"og:image:width\" content=\"640\" \/>\n\t<meta property=\"og:image:height\" content=\"360\" \/>\n\t<meta property=\"og:image:type\" content=\"image\/jpeg\" \/>\n<meta name=\"author\" content=\"Michelle\" \/>\n<meta name=\"twitter:card\" content=\"summary_large_image\" \/>\n<meta name=\"twitter:creator\" content=\"@FUNIBER\" \/>\n<meta name=\"twitter:site\" content=\"@FUNIBER\" \/>\n<meta name=\"twitter:label1\" content=\"Escrito por\" \/>\n\t<meta name=\"twitter:data1\" content=\"Michelle\" \/>\n\t<meta name=\"twitter:label2\" content=\"Est. tempo de leitura\" \/>\n\t<meta name=\"twitter:data2\" content=\"2 minutos\" \/>\n<script type=\"application\/ld+json\" class=\"yoast-schema-graph\">{\"@context\":\"https:\/\/schema.org\",\"@graph\":[{\"@type\":\"Article\",\"@id\":\"https:\/\/blogs.funiber.org\/pt\/formacao-professores\/2014\/07\/29\/xiv-congresso-nacional-de-educacao-comparada#article\",\"isPartOf\":{\"@id\":\"https:\/\/blogs.funiber.org\/pt\/formacao-professores\/2014\/07\/29\/xiv-congresso-nacional-de-educacao-comparada\"},\"author\":{\"name\":\"Michelle\",\"@id\":\"https:\/\/blogs.funiber.org\/pt\/#\/schema\/person\/a1eaaa5e57eac866a8c5946946bcf80d\"},\"headline\":\"XIV Congresso Nacional de Educa\u00e7\u00e3o Comparada\",\"datePublished\":\"2014-07-29T09:19:39+00:00\",\"dateModified\":\"2014-07-29T09:19:39+00:00\",\"mainEntityOfPage\":{\"@id\":\"https:\/\/blogs.funiber.org\/pt\/formacao-professores\/2014\/07\/29\/xiv-congresso-nacional-de-educacao-comparada\"},\"wordCount\":310,\"publisher\":{\"@id\":\"https:\/\/blogs.funiber.org\/pt\/#organization\"},\"keywords\":[\"Congresso\",\"Educa\u00e7\u00e3o\"],\"articleSection\":[\"Educa\u00e7\u00e3o,\u00a0Forma\u00e7\u00e3o Professores\"],\"inLanguage\":\"pt-BR\"},{\"@type\":\"WebPage\",\"@id\":\"https:\/\/blogs.funiber.org\/pt\/formacao-professores\/2014\/07\/29\/xiv-congresso-nacional-de-educacao-comparada\",\"url\":\"https:\/\/blogs.funiber.org\/pt\/formacao-professores\/2014\/07\/29\/xiv-congresso-nacional-de-educacao-comparada\",\"name\":\"XIV Congresso Nacional de Educa\u00e7\u00e3o Comparada - FuniBlogs - FUNIBER\",\"isPartOf\":{\"@id\":\"https:\/\/blogs.funiber.org\/pt\/#website\"},\"datePublished\":\"2014-07-29T09:19:39+00:00\",\"dateModified\":\"2014-07-29T09:19:39+00:00\",\"breadcrumb\":{\"@id\":\"https:\/\/blogs.funiber.org\/pt\/formacao-professores\/2014\/07\/29\/xiv-congresso-nacional-de-educacao-comparada#breadcrumb\"},\"inLanguage\":\"pt-BR\",\"potentialAction\":[{\"@type\":\"ReadAction\",\"target\":[\"https:\/\/blogs.funiber.org\/pt\/formacao-professores\/2014\/07\/29\/xiv-congresso-nacional-de-educacao-comparada\"]}]},{\"@type\":\"BreadcrumbList\",\"@id\":\"https:\/\/blogs.funiber.org\/pt\/formacao-professores\/2014\/07\/29\/xiv-congresso-nacional-de-educacao-comparada#breadcrumb\",\"itemListElement\":[{\"@type\":\"ListItem\",\"position\":1,\"name\":\"In\u00edcio\",\"item\":\"https:\/\/blogs.funiber.org\/pt\"},{\"@type\":\"ListItem\",\"position\":2,\"name\":\"XIV Congresso Nacional de Educa\u00e7\u00e3o Comparada\"}]},{\"@type\":\"WebSite\",\"@id\":\"https:\/\/blogs.funiber.org\/pt\/#website\",\"url\":\"https:\/\/blogs.funiber.org\/pt\/\",\"name\":\"FuniBlogs - FUNIBER\",\"description\":\"\",\"publisher\":{\"@id\":\"https:\/\/blogs.funiber.org\/pt\/#organization\"},\"potentialAction\":[{\"@type\":\"SearchAction\",\"target\":{\"@type\":\"EntryPoint\",\"urlTemplate\":\"https:\/\/blogs.funiber.org\/pt\/?s={search_term_string}\"},\"query-input\":\"required name=search_term_string\"}],\"inLanguage\":\"pt-BR\"},{\"@type\":\"Organization\",\"@id\":\"https:\/\/blogs.funiber.org\/pt\/#organization\",\"name\":\"FuniBlogs - FUNIBER\",\"url\":\"https:\/\/blogs.funiber.org\/pt\/\",\"logo\":{\"@type\":\"ImageObject\",\"inLanguage\":\"pt-BR\",\"@id\":\"https:\/\/blogs.funiber.org\/pt\/#\/schema\/logo\/image\/\",\"url\":\"https:\/\/www.funiber.blog\/pt\/wp-content\/uploads\/2022\/02\/logo-funiber-pt-br-v-dos.svg\",\"contentUrl\":\"https:\/\/www.funiber.blog\/pt\/wp-content\/uploads\/2022\/02\/logo-funiber-pt-br-v-dos.svg\",\"width\":1,\"height\":1,\"caption\":\"FuniBlogs - FUNIBER\"},\"image\":{\"@id\":\"https:\/\/blogs.funiber.org\/pt\/#\/schema\/logo\/image\/\"},\"sameAs\":[\"https:\/\/www.facebook.com\/funiber\",\"https:\/\/twitter.com\/FUNIBER\",\"https:\/\/www.instagram.com\/funiber_becas\",\"https:\/\/www.youtube.com\/user\/funiber\",\"https:\/\/www.linkedin.com\/company\/funiber\"]},{\"@type\":\"Person\",\"@id\":\"https:\/\/blogs.funiber.org\/pt\/#\/schema\/person\/a1eaaa5e57eac866a8c5946946bcf80d\",\"name\":\"Michelle\",\"image\":{\"@type\":\"ImageObject\",\"inLanguage\":\"pt-BR\",\"@id\":\"https:\/\/blogs.funiber.org\/pt\/#\/schema\/person\/image\/\",\"url\":\"https:\/\/secure.gravatar.com\/avatar\/5e87041f7609dc50493cf216754fece1?s=96&d=mm&r=g\",\"contentUrl\":\"https:\/\/secure.gravatar.com\/avatar\/5e87041f7609dc50493cf216754fece1?s=96&d=mm&r=g\",\"caption\":\"Michelle\"},\"url\":\"https:\/\/www.funiber.blog\/pt\/author\/michelle-moreira\"}]}<\/script>\n<!-- \/ Yoast SEO plugin. -->","yoast_head_json":{"title":"XIV Congresso Nacional de Educa\u00e7\u00e3o Comparada - FuniBlogs - FUNIBER","robots":{"index":"noindex","follow":"nofollow"},"og_locale":"pt_BR","og_type":"article","og_title":"XIV Congresso Nacional de Educa\u00e7\u00e3o Comparada - FuniBlogs - FUNIBER","og_description":"A sociedade Espanhola de Educa\u00e7\u00e3o Comparada (SEEC) realiza entre os dias 18 e 21 de novembro de 2014, o XIV Congresso Nacional de Educa\u00e7\u00e3o Comparada, em Madri. O evento aproveita a ocasi\u00e3o para se reunir com pesquisadores da Pen\u00ednsula Ib\u00e9rica e da Am\u00e9rica Latina, e celebra o I Congresso Iberoamericano com o apoio da Organiza\u00e7\u00e3o [&hellip;]","og_url":"https:\/\/blogs.funiber.org\/pt\/formacao-professores\/2014\/07\/29\/xiv-congresso-nacional-de-educacao-comparada","og_site_name":"FuniBlogs - FUNIBER","article_publisher":"https:\/\/www.facebook.com\/funiber","article_published_time":"2014-07-29T09:19:39+00:00","og_image":[{"width":640,"height":360,"url":"https:\/\/blogs.funiber.org\/pt\/wp-content\/uploads\/2014\/07\/FP_congreso_ed.comparada.jpg","type":"image\/jpeg"}],"author":"Michelle","twitter_card":"summary_large_image","twitter_creator":"@FUNIBER","twitter_site":"@FUNIBER","twitter_misc":{"Escrito por":"Michelle","Est. tempo de leitura":"2 minutos"},"schema":{"@context":"https:\/\/schema.org","@graph":[{"@type":"Article","@id":"https:\/\/blogs.funiber.org\/pt\/formacao-professores\/2014\/07\/29\/xiv-congresso-nacional-de-educacao-comparada#article","isPartOf":{"@id":"https:\/\/blogs.funiber.org\/pt\/formacao-professores\/2014\/07\/29\/xiv-congresso-nacional-de-educacao-comparada"},"author":{"name":"Michelle","@id":"https:\/\/blogs.funiber.org\/pt\/#\/schema\/person\/a1eaaa5e57eac866a8c5946946bcf80d"},"headline":"XIV Congresso Nacional de Educa\u00e7\u00e3o Comparada","datePublished":"2014-07-29T09:19:39+00:00","dateModified":"2014-07-29T09:19:39+00:00","mainEntityOfPage":{"@id":"https:\/\/blogs.funiber.org\/pt\/formacao-professores\/2014\/07\/29\/xiv-congresso-nacional-de-educacao-comparada"},"wordCount":310,"publisher":{"@id":"https:\/\/blogs.funiber.org\/pt\/#organization"},"keywords":["Congresso","Educa\u00e7\u00e3o"],"articleSection":["Educa\u00e7\u00e3o,\u00a0Forma\u00e7\u00e3o Professores"],"inLanguage":"pt-BR"},{"@type":"WebPage","@id":"https:\/\/blogs.funiber.org\/pt\/formacao-professores\/2014\/07\/29\/xiv-congresso-nacional-de-educacao-comparada","url":"https:\/\/blogs.funiber.org\/pt\/formacao-professores\/2014\/07\/29\/xiv-congresso-nacional-de-educacao-comparada","name":"XIV Congresso Nacional de Educa\u00e7\u00e3o Comparada - FuniBlogs - FUNIBER","isPartOf":{"@id":"https:\/\/blogs.funiber.org\/pt\/#website"},"datePublished":"2014-07-29T09:19:39+00:00","dateModified":"2014-07-29T09:19:39+00:00","breadcrumb":{"@id":"https:\/\/blogs.funiber.org\/pt\/formacao-professores\/2014\/07\/29\/xiv-congresso-nacional-de-educacao-comparada#breadcrumb"},"inLanguage":"pt-BR","potentialAction":[{"@type":"ReadAction","target":["https:\/\/blogs.funiber.org\/pt\/formacao-professores\/2014\/07\/29\/xiv-congresso-nacional-de-educacao-comparada"]}]},{"@type":"BreadcrumbList","@id":"https:\/\/blogs.funiber.org\/pt\/formacao-professores\/2014\/07\/29\/xiv-congresso-nacional-de-educacao-comparada#breadcrumb","itemListElement":[{"@type":"ListItem","position":1,"name":"In\u00edcio","item":"https:\/\/blogs.funiber.org\/pt"},{"@type":"ListItem","position":2,"name":"XIV Congresso Nacional de Educa\u00e7\u00e3o Comparada"}]},{"@type":"WebSite","@id":"https:\/\/blogs.funiber.org\/pt\/#website","url":"https:\/\/blogs.funiber.org\/pt\/","name":"FuniBlogs - FUNIBER","description":"","publisher":{"@id":"https:\/\/blogs.funiber.org\/pt\/#organization"},"potentialAction":[{"@type":"SearchAction","target":{"@type":"EntryPoint","urlTemplate":"https:\/\/blogs.funiber.org\/pt\/?s={search_term_string}"},"query-input":"required name=search_term_string"}],"inLanguage":"pt-BR"},{"@type":"Organization","@id":"https:\/\/blogs.funiber.org\/pt\/#organization","name":"FuniBlogs - FUNIBER","url":"https:\/\/blogs.funiber.org\/pt\/","logo":{"@type":"ImageObject","inLanguage":"pt-BR","@id":"https:\/\/blogs.funiber.org\/pt\/#\/schema\/logo\/image\/","url":"https:\/\/www.funiber.blog\/pt\/wp-content\/uploads\/2022\/02\/logo-funiber-pt-br-v-dos.svg","contentUrl":"https:\/\/www.funiber.blog\/pt\/wp-content\/uploads\/2022\/02\/logo-funiber-pt-br-v-dos.svg","width":1,"height":1,"caption":"FuniBlogs - FUNIBER"},"image":{"@id":"https:\/\/blogs.funiber.org\/pt\/#\/schema\/logo\/image\/"},"sameAs":["https:\/\/www.facebook.com\/funiber","https:\/\/twitter.com\/FUNIBER","https:\/\/www.instagram.com\/funiber_becas","https:\/\/www.youtube.com\/user\/funiber","https:\/\/www.linkedin.com\/company\/funiber"]},{"@type":"Person","@id":"https:\/\/blogs.funiber.org\/pt\/#\/schema\/person\/a1eaaa5e57eac866a8c5946946bcf80d","name":"Michelle","image":{"@type":"ImageObject","inLanguage":"pt-BR","@id":"https:\/\/blogs.funiber.org\/pt\/#\/schema\/person\/image\/","url":"https:\/\/secure.gravatar.com\/avatar\/5e87041f7609dc50493cf216754fece1?s=96&d=mm&r=g","contentUrl":"https:\/\/secure.gravatar.com\/avatar\/5e87041f7609dc50493cf216754fece1?s=96&d=mm&r=g","caption":"Michelle"},"url":"https:\/\/www.funiber.blog\/pt\/author\/michelle-moreira"}]}},"jetpack_featured_media_url":"https:\/\/www.funiber.blog\/pt\/wp-content\/uploads\/2014\/07\/FP_congreso_ed.comparada.jpg","jetpack_shortlink":"https:\/\/wp.me\/p7ee1t-1lQ","jetpack_sharing_enabled":true,"_links":{"self":[{"href":"https:\/\/www.funiber.blog\/pt\/wp-json\/wp\/v2\/posts\/5198"}],"collection":[{"href":"https:\/\/www.funiber.blog\/pt\/wp-json\/wp\/v2\/posts"}],"about":[{"href":"https:\/\/www.funiber.blog\/pt\/wp-json\/wp\/v2\/types\/post"}],"author":[{"embeddable":true,"href":"https:\/\/www.funiber.blog\/pt\/wp-json\/wp\/v2\/users\/10"}],"replies":[{"embeddable":true,"href":"https:\/\/www.funiber.blog\/pt\/wp-json\/wp\/v2\/comments?post=5198"}],"version-history":[{"count":3,"href":"https:\/\/www.funiber.blog\/pt\/wp-json\/wp\/v2\/posts\/5198\/revisions"}],"predecessor-version":[{"id":5202,"href":"https:\/\/www.funiber.blog\/pt\/wp-json\/wp\/v2\/posts\/5198\/revisions\/5202"}],"wp:featuredmedia":[{"embeddable":true,"href":"https:\/\/www.funiber.blog\/pt\/wp-json\/wp\/v2\/media\/5199"}],"wp:attachment":[{"href":"https:\/\/www.funiber.blog\/pt\/wp-json\/wp\/v2\/media?parent=5198"}],"wp:term":[{"taxonomy":"category","embeddable":true,"href":"https:\/\/www.funiber.blog\/pt\/wp-json\/wp\/v2\/categories?post=5198"},{"taxonomy":"post_tag","embeddable":true,"href":"https:\/\/www.funiber.blog\/pt\/wp-json\/wp\/v2\/tags?post=5198"}],"curies":[{"name":"wp","href":"https:\/\/api.w.org\/{rel}","templated":true}]}}