{"id":5234,"date":"2014-07-30T10:50:05","date_gmt":"2014-07-30T10:50:05","guid":{"rendered":"http:\/\/blogs.funiber.org\/pt\/?p=5234"},"modified":"2014-07-30T10:50:05","modified_gmt":"2014-07-30T10:50:05","slug":"o-hoje-e-o-amanha-junto-as-tic-xvii-congresso-internacional-edutec-2014","status":"publish","type":"post","link":"https:\/\/www.funiber.blog\/pt\/formacao-professores\/2014\/07\/30\/o-hoje-e-o-amanha-junto-as-tic-xvii-congresso-internacional-edutec-2014","title":{"rendered":"\u201cO hoje e o amanh\u00e3 junto \u00e0s TIC\u201d: XVII Congresso Internacional EDUTEC 2014"},"content":{"rendered":"<p>Acontece entre os dias 12 e 14 de novembro de 2014, em C\u00f3rdoba, na Espanha, o XVII Congresso Internacional EDUTEC: \u201cO hoje e o amanh\u00e3 junto \u00e0s TIC\u201d. A EDUTEC \u00e9 uma associa\u00e7\u00e3o de profissionais da educa\u00e7\u00e3o que buscam promover a aplica\u00e7\u00e3o de novas tecnologias na educa\u00e7\u00e3o, em programas educativos, e difundir a implanta\u00e7\u00e3o da Tecnologia Educativa nos sistemas de ensino.<!--more--><\/p>\n<p>Atrav\u00e9s de espa\u00e7os destinados \u00e0s comunica\u00e7\u00f5es e aos p\u00f4steres, tanto de maneira presencial como online, os congressistas poder\u00e3o compartilhar as experi\u00eancias e ideias em torno ao contexto das TI na educa\u00e7\u00e3o. Os interessados em participar tem at\u00e9 o dia 24 de setembro para enviar a comunica\u00e7\u00e3o. As normas de apresenta\u00e7\u00e3o podem ser encontradas em: <a href=\"http:\/\/fnbr.es\/ra\">http:\/\/fnbr.es\/ra<\/a><\/p>\n<p>Os temas se dividem em quatro eixos: forma\u00e7\u00e3o para o uso de tecnologias e compet\u00eancia digital, Ferramentas tecnol\u00f3gicas aplicadas \u00e0 educa\u00e7\u00e3o, Implica\u00e7\u00f5es sociais do uso de tecnologias e tecnologias para a inclus\u00e3o, e Pedagogia flex\u00edvel e aberta com apoio nas TIC.<\/p>\n<p>Os valores de inscri\u00e7\u00e3o variam de acordo com a categoria ou o per\u00edodo de inscri\u00e7\u00e3o. Para saber mais: <a href=\"http:\/\/fnbr.es\/rb\">http:\/\/fnbr.es\/rb<\/a><\/p>\n<p>Fonte: <a href=\"http:\/\/www.uco.es\/edutec2014\/\">http:\/\/www.uco.es\/edutec2014\/<\/a><\/p>\n<p>Foto: Alguns direitos reservados por <a href=\"https:\/\/www.flickr.com\/photos\/nestoralonso\/\">nestoralonso<\/a>\/Flickr.<\/p>\n","protected":false},"excerpt":{"rendered":"<p>Acontece entre os dias 12 e 14 de novembro de 2014, em C\u00f3rdoba, na Espanha, o XVII Congresso Internacional EDUTEC: \u201cO hoje e o amanh\u00e3 junto \u00e0s TIC\u201d. A EDUTEC \u00e9 uma associa\u00e7\u00e3o de profissionais da educa\u00e7\u00e3o que buscam promover a aplica\u00e7\u00e3o de novas tecnologias na educa\u00e7\u00e3o, em programas educativos, e difundir a implanta\u00e7\u00e3o da [&hellip;]<\/p>\n","protected":false},"author":10,"featured_media":5236,"comment_status":"closed","ping_status":"closed","sticky":false,"template":"","format":"standard","meta":{"jetpack_post_was_ever_published":false,"_jetpack_newsletter_access":"","_jetpack_newsletter_tier_id":0,"footnotes":"","jetpack_publicize_message":"","jetpack_is_tweetstorm":false,"jetpack_publicize_feature_enabled":true,"jetpack_social_post_already_shared":false,"jetpack_social_options":{"image_generator_settings":{"template":"highway","enabled":false}}},"categories":[5],"tags":[251,285,198],"jetpack_publicize_connections":[],"yoast_head":"<!-- This site is optimized with the Yoast SEO plugin v21.7 - https:\/\/yoast.com\/wordpress\/plugins\/seo\/ -->\n<title>\u201cO hoje e o amanh\u00e3 junto \u00e0s TIC\u201d: XVII Congresso Internacional EDUTEC 2014 - FuniBlogs - FUNIBER<\/title>\n<meta name=\"robots\" content=\"index, follow, max-snippet:-1, max-image-preview:large, max-video-preview:-1\" \/>\n<link rel=\"canonical\" href=\"https:\/\/blogs.funiber.org\/pt\/formacao-professores\/2014\/07\/30\/o-hoje-e-o-amanha-junto-as-tic-xvii-congresso-internacional-edutec-2014\" \/>\n<meta property=\"og:locale\" content=\"pt_BR\" \/>\n<meta property=\"og:type\" content=\"article\" \/>\n<meta property=\"og:title\" content=\"\u201cO hoje e o amanh\u00e3 junto \u00e0s TIC\u201d: XVII Congresso Internacional EDUTEC 2014 - FuniBlogs - FUNIBER\" \/>\n<meta property=\"og:description\" content=\"Acontece entre os dias 12 e 14 de novembro de 2014, em C\u00f3rdoba, na Espanha, o XVII Congresso Internacional EDUTEC: \u201cO hoje e o amanh\u00e3 junto \u00e0s TIC\u201d. A EDUTEC \u00e9 uma associa\u00e7\u00e3o de profissionais da educa\u00e7\u00e3o que buscam promover a aplica\u00e7\u00e3o de novas tecnologias na educa\u00e7\u00e3o, em programas educativos, e difundir a implanta\u00e7\u00e3o da [&hellip;]\" \/>\n<meta property=\"og:url\" content=\"https:\/\/blogs.funiber.org\/pt\/formacao-professores\/2014\/07\/30\/o-hoje-e-o-amanha-junto-as-tic-xvii-congresso-internacional-edutec-2014\" \/>\n<meta property=\"og:site_name\" content=\"FuniBlogs - FUNIBER\" \/>\n<meta property=\"article:publisher\" content=\"https:\/\/www.facebook.com\/funiber\" \/>\n<meta property=\"article:published_time\" content=\"2014-07-30T10:50:05+00:00\" \/>\n<meta property=\"og:image\" content=\"https:\/\/blogs.funiber.org\/pt\/wp-content\/uploads\/2014\/07\/FP_congreso_ti.jpg\" \/>\n\t<meta property=\"og:image:width\" content=\"450\" \/>\n\t<meta property=\"og:image:height\" content=\"270\" \/>\n\t<meta property=\"og:image:type\" content=\"image\/jpeg\" \/>\n<meta name=\"author\" content=\"Michelle\" \/>\n<meta name=\"twitter:card\" content=\"summary_large_image\" \/>\n<meta name=\"twitter:creator\" content=\"@FUNIBER\" \/>\n<meta name=\"twitter:site\" content=\"@FUNIBER\" \/>\n<meta name=\"twitter:label1\" content=\"Escrito por\" \/>\n\t<meta name=\"twitter:data1\" content=\"Michelle\" \/>\n\t<meta name=\"twitter:label2\" content=\"Est. tempo de leitura\" \/>\n\t<meta name=\"twitter:data2\" content=\"1 minuto\" \/>\n<script type=\"application\/ld+json\" class=\"yoast-schema-graph\">{\"@context\":\"https:\/\/schema.org\",\"@graph\":[{\"@type\":\"Article\",\"@id\":\"https:\/\/blogs.funiber.org\/pt\/formacao-professores\/2014\/07\/30\/o-hoje-e-o-amanha-junto-as-tic-xvii-congresso-internacional-edutec-2014#article\",\"isPartOf\":{\"@id\":\"https:\/\/blogs.funiber.org\/pt\/formacao-professores\/2014\/07\/30\/o-hoje-e-o-amanha-junto-as-tic-xvii-congresso-internacional-edutec-2014\"},\"author\":{\"name\":\"Michelle\",\"@id\":\"https:\/\/blogs.funiber.org\/pt\/#\/schema\/person\/a1eaaa5e57eac866a8c5946946bcf80d\"},\"headline\":\"\u201cO hoje e o amanh\u00e3 junto \u00e0s TIC\u201d: XVII Congresso Internacional EDUTEC 2014\",\"datePublished\":\"2014-07-30T10:50:05+00:00\",\"dateModified\":\"2014-07-30T10:50:05+00:00\",\"mainEntityOfPage\":{\"@id\":\"https:\/\/blogs.funiber.org\/pt\/formacao-professores\/2014\/07\/30\/o-hoje-e-o-amanha-junto-as-tic-xvii-congresso-internacional-edutec-2014\"},\"wordCount\":226,\"publisher\":{\"@id\":\"https:\/\/blogs.funiber.org\/pt\/#organization\"},\"keywords\":[\"Congresso\",\"Educa\u00e7\u00e3o\",\"TIC\"],\"articleSection\":[\"Educa\u00e7\u00e3o,\u00a0Forma\u00e7\u00e3o Professores\"],\"inLanguage\":\"pt-BR\"},{\"@type\":\"WebPage\",\"@id\":\"https:\/\/blogs.funiber.org\/pt\/formacao-professores\/2014\/07\/30\/o-hoje-e-o-amanha-junto-as-tic-xvii-congresso-internacional-edutec-2014\",\"url\":\"https:\/\/blogs.funiber.org\/pt\/formacao-professores\/2014\/07\/30\/o-hoje-e-o-amanha-junto-as-tic-xvii-congresso-internacional-edutec-2014\",\"name\":\"\u201cO hoje e o amanh\u00e3 junto \u00e0s TIC\u201d: XVII Congresso Internacional EDUTEC 2014 - FuniBlogs - FUNIBER\",\"isPartOf\":{\"@id\":\"https:\/\/blogs.funiber.org\/pt\/#website\"},\"datePublished\":\"2014-07-30T10:50:05+00:00\",\"dateModified\":\"2014-07-30T10:50:05+00:00\",\"breadcrumb\":{\"@id\":\"https:\/\/blogs.funiber.org\/pt\/formacao-professores\/2014\/07\/30\/o-hoje-e-o-amanha-junto-as-tic-xvii-congresso-internacional-edutec-2014#breadcrumb\"},\"inLanguage\":\"pt-BR\",\"potentialAction\":[{\"@type\":\"ReadAction\",\"target\":[\"https:\/\/blogs.funiber.org\/pt\/formacao-professores\/2014\/07\/30\/o-hoje-e-o-amanha-junto-as-tic-xvii-congresso-internacional-edutec-2014\"]}]},{\"@type\":\"BreadcrumbList\",\"@id\":\"https:\/\/blogs.funiber.org\/pt\/formacao-professores\/2014\/07\/30\/o-hoje-e-o-amanha-junto-as-tic-xvii-congresso-internacional-edutec-2014#breadcrumb\",\"itemListElement\":[{\"@type\":\"ListItem\",\"position\":1,\"name\":\"In\u00edcio\",\"item\":\"https:\/\/blogs.funiber.org\/pt\"},{\"@type\":\"ListItem\",\"position\":2,\"name\":\"\u201cO hoje e o amanh\u00e3 junto \u00e0s TIC\u201d: XVII Congresso Internacional EDUTEC 2014\"}]},{\"@type\":\"WebSite\",\"@id\":\"https:\/\/blogs.funiber.org\/pt\/#website\",\"url\":\"https:\/\/blogs.funiber.org\/pt\/\",\"name\":\"FuniBlogs - FUNIBER\",\"description\":\"\",\"publisher\":{\"@id\":\"https:\/\/blogs.funiber.org\/pt\/#organization\"},\"potentialAction\":[{\"@type\":\"SearchAction\",\"target\":{\"@type\":\"EntryPoint\",\"urlTemplate\":\"https:\/\/blogs.funiber.org\/pt\/?s={search_term_string}\"},\"query-input\":\"required name=search_term_string\"}],\"inLanguage\":\"pt-BR\"},{\"@type\":\"Organization\",\"@id\":\"https:\/\/blogs.funiber.org\/pt\/#organization\",\"name\":\"FuniBlogs - FUNIBER\",\"url\":\"https:\/\/blogs.funiber.org\/pt\/\",\"logo\":{\"@type\":\"ImageObject\",\"inLanguage\":\"pt-BR\",\"@id\":\"https:\/\/blogs.funiber.org\/pt\/#\/schema\/logo\/image\/\",\"url\":\"https:\/\/www.funiber.blog\/pt\/wp-content\/uploads\/2022\/02\/logo-funiber-pt-br-v-dos.svg\",\"contentUrl\":\"https:\/\/www.funiber.blog\/pt\/wp-content\/uploads\/2022\/02\/logo-funiber-pt-br-v-dos.svg\",\"width\":1,\"height\":1,\"caption\":\"FuniBlogs - FUNIBER\"},\"image\":{\"@id\":\"https:\/\/blogs.funiber.org\/pt\/#\/schema\/logo\/image\/\"},\"sameAs\":[\"https:\/\/www.facebook.com\/funiber\",\"https:\/\/twitter.com\/FUNIBER\",\"https:\/\/www.instagram.com\/funiber_becas\",\"https:\/\/www.youtube.com\/user\/funiber\",\"https:\/\/www.linkedin.com\/company\/funiber\"]},{\"@type\":\"Person\",\"@id\":\"https:\/\/blogs.funiber.org\/pt\/#\/schema\/person\/a1eaaa5e57eac866a8c5946946bcf80d\",\"name\":\"Michelle\",\"image\":{\"@type\":\"ImageObject\",\"inLanguage\":\"pt-BR\",\"@id\":\"https:\/\/blogs.funiber.org\/pt\/#\/schema\/person\/image\/\",\"url\":\"https:\/\/secure.gravatar.com\/avatar\/5e87041f7609dc50493cf216754fece1?s=96&d=mm&r=g\",\"contentUrl\":\"https:\/\/secure.gravatar.com\/avatar\/5e87041f7609dc50493cf216754fece1?s=96&d=mm&r=g\",\"caption\":\"Michelle\"},\"url\":\"https:\/\/www.funiber.blog\/pt\/author\/michelle-moreira\"}]}<\/script>\n<!-- \/ Yoast SEO plugin. -->","yoast_head_json":{"title":"\u201cO hoje e o amanh\u00e3 junto \u00e0s TIC\u201d: XVII Congresso Internacional EDUTEC 2014 - FuniBlogs - FUNIBER","robots":{"index":"index","follow":"follow","max-snippet":"max-snippet:-1","max-image-preview":"max-image-preview:large","max-video-preview":"max-video-preview:-1"},"canonical":"https:\/\/blogs.funiber.org\/pt\/formacao-professores\/2014\/07\/30\/o-hoje-e-o-amanha-junto-as-tic-xvii-congresso-internacional-edutec-2014","og_locale":"pt_BR","og_type":"article","og_title":"\u201cO hoje e o amanh\u00e3 junto \u00e0s TIC\u201d: XVII Congresso Internacional EDUTEC 2014 - FuniBlogs - FUNIBER","og_description":"Acontece entre os dias 12 e 14 de novembro de 2014, em C\u00f3rdoba, na Espanha, o XVII Congresso Internacional EDUTEC: \u201cO hoje e o amanh\u00e3 junto \u00e0s TIC\u201d. A EDUTEC \u00e9 uma associa\u00e7\u00e3o de profissionais da educa\u00e7\u00e3o que buscam promover a aplica\u00e7\u00e3o de novas tecnologias na educa\u00e7\u00e3o, em programas educativos, e difundir a implanta\u00e7\u00e3o da [&hellip;]","og_url":"https:\/\/blogs.funiber.org\/pt\/formacao-professores\/2014\/07\/30\/o-hoje-e-o-amanha-junto-as-tic-xvii-congresso-internacional-edutec-2014","og_site_name":"FuniBlogs - FUNIBER","article_publisher":"https:\/\/www.facebook.com\/funiber","article_published_time":"2014-07-30T10:50:05+00:00","og_image":[{"width":450,"height":270,"url":"https:\/\/blogs.funiber.org\/pt\/wp-content\/uploads\/2014\/07\/FP_congreso_ti.jpg","type":"image\/jpeg"}],"author":"Michelle","twitter_card":"summary_large_image","twitter_creator":"@FUNIBER","twitter_site":"@FUNIBER","twitter_misc":{"Escrito por":"Michelle","Est. tempo de leitura":"1 minuto"},"schema":{"@context":"https:\/\/schema.org","@graph":[{"@type":"Article","@id":"https:\/\/blogs.funiber.org\/pt\/formacao-professores\/2014\/07\/30\/o-hoje-e-o-amanha-junto-as-tic-xvii-congresso-internacional-edutec-2014#article","isPartOf":{"@id":"https:\/\/blogs.funiber.org\/pt\/formacao-professores\/2014\/07\/30\/o-hoje-e-o-amanha-junto-as-tic-xvii-congresso-internacional-edutec-2014"},"author":{"name":"Michelle","@id":"https:\/\/blogs.funiber.org\/pt\/#\/schema\/person\/a1eaaa5e57eac866a8c5946946bcf80d"},"headline":"\u201cO hoje e o amanh\u00e3 junto \u00e0s TIC\u201d: XVII Congresso Internacional EDUTEC 2014","datePublished":"2014-07-30T10:50:05+00:00","dateModified":"2014-07-30T10:50:05+00:00","mainEntityOfPage":{"@id":"https:\/\/blogs.funiber.org\/pt\/formacao-professores\/2014\/07\/30\/o-hoje-e-o-amanha-junto-as-tic-xvii-congresso-internacional-edutec-2014"},"wordCount":226,"publisher":{"@id":"https:\/\/blogs.funiber.org\/pt\/#organization"},"keywords":["Congresso","Educa\u00e7\u00e3o","TIC"],"articleSection":["Educa\u00e7\u00e3o,\u00a0Forma\u00e7\u00e3o Professores"],"inLanguage":"pt-BR"},{"@type":"WebPage","@id":"https:\/\/blogs.funiber.org\/pt\/formacao-professores\/2014\/07\/30\/o-hoje-e-o-amanha-junto-as-tic-xvii-congresso-internacional-edutec-2014","url":"https:\/\/blogs.funiber.org\/pt\/formacao-professores\/2014\/07\/30\/o-hoje-e-o-amanha-junto-as-tic-xvii-congresso-internacional-edutec-2014","name":"\u201cO hoje e o amanh\u00e3 junto \u00e0s TIC\u201d: XVII Congresso Internacional EDUTEC 2014 - FuniBlogs - FUNIBER","isPartOf":{"@id":"https:\/\/blogs.funiber.org\/pt\/#website"},"datePublished":"2014-07-30T10:50:05+00:00","dateModified":"2014-07-30T10:50:05+00:00","breadcrumb":{"@id":"https:\/\/blogs.funiber.org\/pt\/formacao-professores\/2014\/07\/30\/o-hoje-e-o-amanha-junto-as-tic-xvii-congresso-internacional-edutec-2014#breadcrumb"},"inLanguage":"pt-BR","potentialAction":[{"@type":"ReadAction","target":["https:\/\/blogs.funiber.org\/pt\/formacao-professores\/2014\/07\/30\/o-hoje-e-o-amanha-junto-as-tic-xvii-congresso-internacional-edutec-2014"]}]},{"@type":"BreadcrumbList","@id":"https:\/\/blogs.funiber.org\/pt\/formacao-professores\/2014\/07\/30\/o-hoje-e-o-amanha-junto-as-tic-xvii-congresso-internacional-edutec-2014#breadcrumb","itemListElement":[{"@type":"ListItem","position":1,"name":"In\u00edcio","item":"https:\/\/blogs.funiber.org\/pt"},{"@type":"ListItem","position":2,"name":"\u201cO hoje e o amanh\u00e3 junto \u00e0s TIC\u201d: XVII Congresso Internacional EDUTEC 2014"}]},{"@type":"WebSite","@id":"https:\/\/blogs.funiber.org\/pt\/#website","url":"https:\/\/blogs.funiber.org\/pt\/","name":"FuniBlogs - FUNIBER","description":"","publisher":{"@id":"https:\/\/blogs.funiber.org\/pt\/#organization"},"potentialAction":[{"@type":"SearchAction","target":{"@type":"EntryPoint","urlTemplate":"https:\/\/blogs.funiber.org\/pt\/?s={search_term_string}"},"query-input":"required name=search_term_string"}],"inLanguage":"pt-BR"},{"@type":"Organization","@id":"https:\/\/blogs.funiber.org\/pt\/#organization","name":"FuniBlogs - FUNIBER","url":"https:\/\/blogs.funiber.org\/pt\/","logo":{"@type":"ImageObject","inLanguage":"pt-BR","@id":"https:\/\/blogs.funiber.org\/pt\/#\/schema\/logo\/image\/","url":"https:\/\/www.funiber.blog\/pt\/wp-content\/uploads\/2022\/02\/logo-funiber-pt-br-v-dos.svg","contentUrl":"https:\/\/www.funiber.blog\/pt\/wp-content\/uploads\/2022\/02\/logo-funiber-pt-br-v-dos.svg","width":1,"height":1,"caption":"FuniBlogs - FUNIBER"},"image":{"@id":"https:\/\/blogs.funiber.org\/pt\/#\/schema\/logo\/image\/"},"sameAs":["https:\/\/www.facebook.com\/funiber","https:\/\/twitter.com\/FUNIBER","https:\/\/www.instagram.com\/funiber_becas","https:\/\/www.youtube.com\/user\/funiber","https:\/\/www.linkedin.com\/company\/funiber"]},{"@type":"Person","@id":"https:\/\/blogs.funiber.org\/pt\/#\/schema\/person\/a1eaaa5e57eac866a8c5946946bcf80d","name":"Michelle","image":{"@type":"ImageObject","inLanguage":"pt-BR","@id":"https:\/\/blogs.funiber.org\/pt\/#\/schema\/person\/image\/","url":"https:\/\/secure.gravatar.com\/avatar\/5e87041f7609dc50493cf216754fece1?s=96&d=mm&r=g","contentUrl":"https:\/\/secure.gravatar.com\/avatar\/5e87041f7609dc50493cf216754fece1?s=96&d=mm&r=g","caption":"Michelle"},"url":"https:\/\/www.funiber.blog\/pt\/author\/michelle-moreira"}]}},"jetpack_featured_media_url":"https:\/\/www.funiber.blog\/pt\/wp-content\/uploads\/2014\/07\/FP_congreso_ti.jpg","jetpack_shortlink":"https:\/\/wp.me\/p7ee1t-1mq","jetpack_sharing_enabled":true,"_links":{"self":[{"href":"https:\/\/www.funiber.blog\/pt\/wp-json\/wp\/v2\/posts\/5234"}],"collection":[{"href":"https:\/\/www.funiber.blog\/pt\/wp-json\/wp\/v2\/posts"}],"about":[{"href":"https:\/\/www.funiber.blog\/pt\/wp-json\/wp\/v2\/types\/post"}],"author":[{"embeddable":true,"href":"https:\/\/www.funiber.blog\/pt\/wp-json\/wp\/v2\/users\/10"}],"replies":[{"embeddable":true,"href":"https:\/\/www.funiber.blog\/pt\/wp-json\/wp\/v2\/comments?post=5234"}],"version-history":[{"count":4,"href":"https:\/\/www.funiber.blog\/pt\/wp-json\/wp\/v2\/posts\/5234\/revisions"}],"predecessor-version":[{"id":5239,"href":"https:\/\/www.funiber.blog\/pt\/wp-json\/wp\/v2\/posts\/5234\/revisions\/5239"}],"wp:featuredmedia":[{"embeddable":true,"href":"https:\/\/www.funiber.blog\/pt\/wp-json\/wp\/v2\/media\/5236"}],"wp:attachment":[{"href":"https:\/\/www.funiber.blog\/pt\/wp-json\/wp\/v2\/media?parent=5234"}],"wp:term":[{"taxonomy":"category","embeddable":true,"href":"https:\/\/www.funiber.blog\/pt\/wp-json\/wp\/v2\/categories?post=5234"},{"taxonomy":"post_tag","embeddable":true,"href":"https:\/\/www.funiber.blog\/pt\/wp-json\/wp\/v2\/tags?post=5234"}],"curies":[{"name":"wp","href":"https:\/\/api.w.org\/{rel}","templated":true}]}}