{"id":5533,"date":"2014-09-15T11:54:42","date_gmt":"2014-09-15T11:54:42","guid":{"rendered":"http:\/\/blogs.funiber.org\/pt\/?p=5533"},"modified":"2014-09-15T11:54:42","modified_gmt":"2014-09-15T11:54:42","slug":"estudo-aponta-relacao-entre-estudos-e-esporte-entre-adolescentes-atletas","status":"publish","type":"post","link":"https:\/\/www.funiber.blog\/pt\/esportes\/2014\/09\/15\/estudo-aponta-relacao-entre-estudos-e-esporte-entre-adolescentes-atletas","title":{"rendered":"Estudo aponta rela\u00e7\u00e3o entre estudos e esporte entre adolescentes atletas"},"content":{"rendered":"<p>Planificar o tempo e a atitude que tem frente ao estudo s\u00e3o a\u00e7\u00f5es importantes para conciliar o rendimento acad\u00eamico com a dedica\u00e7\u00e3o ao esporte, demonstra um estudo com 40 atletas adolescentes espanh\u00f3is, realizado por pesquisadores da Universidade Jaume I de Castell\u00f3n, na Espanha.<!--more--><\/p>\n<p>As idades em que se centrou o estudo, de 14 a 16 anos, correspondem \u00e0 etapa em que se produz a maior taxa de abandono esportivo, impulsionado muitas vezes pela incompatibilidade com os estudos, ou seja, falta de tempo para realizar as duas pr\u00e1ticas.<\/p>\n<p>O estudo buscou respostas para a rela\u00e7\u00e3o abandono escolar e abandono esportivo entre os adolescentes, para buscar os v\u00ednculos entre as duas situa\u00e7\u00f5es e saber quais vari\u00e1veis influem no rendimento acad\u00eamico de atletas adolescentes. Neste caso, atletas de um clube de atletismo considerado o melhor da Espanha.<\/p>\n<p>Foram aplicados question\u00e1rios para medir os h\u00e1bitos e as t\u00e9cnicas de estudo, a pr\u00e1tica f\u00edsica e o uso do tempo livre. Os resultados encontrados contradizem pesquisas anteriores que afirmam que os h\u00e1bitos de estudo \u00e9 uma vari\u00e1vel determinante do rendimento acad\u00eamico. No estudo realizado, n\u00e3o se encontrou rela\u00e7\u00e3o. No entanto, as vari\u00e1veis atitude e planifica\u00e7\u00e3o dos estudos mostraram ter uma influ\u00eancia positiva sobre o rendimento.<\/p>\n<p>O resultado demonstra que uma pr\u00e1tica esportiva que exija at\u00e9 20 horas semanais n\u00e3o prejudica o rendimento acad\u00eamico dos atletas nestas idades, e ainda, que atletas que dedicam grande parte do tempo livre para treinar, s\u00e3o capazes de obter melhores resultados que aqueles que dedicam menos horas no esporte.<\/p>\n<p>Ser mulher tamb\u00e9m ajuda, j\u00e1 que no estudo o g\u00eanero feminino mostrou melhor rendimento acad\u00eamico.<\/p>\n<p>Fonte: <a href=\"http:\/\/fnbr.es\/sz\">http:\/\/fnbr.es\/sz<\/a><\/p>\n<p>Foto: Direitos reservados<\/p>\n","protected":false},"excerpt":{"rendered":"<p>Planificar o tempo e a atitude que tem frente ao estudo s\u00e3o a\u00e7\u00f5es importantes para conciliar o rendimento acad\u00eamico com a dedica\u00e7\u00e3o ao esporte, demonstra um estudo com 40 atletas adolescentes espanh\u00f3is, realizado por pesquisadores da Universidade Jaume I de Castell\u00f3n, na Espanha.<\/p>\n","protected":false},"author":10,"featured_media":5534,"comment_status":"closed","ping_status":"closed","sticky":false,"template":"","format":"standard","meta":{"jetpack_post_was_ever_published":false,"_jetpack_newsletter_access":"","_jetpack_newsletter_tier_id":0,"footnotes":"","jetpack_publicize_message":"","jetpack_is_tweetstorm":false,"jetpack_publicize_feature_enabled":true,"jetpack_social_post_already_shared":false,"jetpack_social_options":{"image_generator_settings":{"template":"highway","enabled":false}}},"categories":[4],"tags":[473,119,325],"jetpack_publicize_connections":[],"yoast_head":"<!-- This site is optimized with the Yoast SEO plugin v21.7 - https:\/\/yoast.com\/wordpress\/plugins\/seo\/ -->\n<title>Estudo aponta rela\u00e7\u00e3o entre estudos e esporte entre adolescentes atletas - FuniBlogs - FUNIBER<\/title>\n<meta name=\"robots\" content=\"index, follow, max-snippet:-1, max-image-preview:large, max-video-preview:-1\" \/>\n<link rel=\"canonical\" href=\"https:\/\/blogs.funiber.org\/pt\/esportes\/2014\/09\/15\/estudo-aponta-relacao-entre-estudos-e-esporte-entre-adolescentes-atletas\" \/>\n<meta property=\"og:locale\" content=\"pt_BR\" \/>\n<meta property=\"og:type\" content=\"article\" \/>\n<meta property=\"og:title\" content=\"Estudo aponta rela\u00e7\u00e3o entre estudos e esporte entre adolescentes atletas - FuniBlogs - FUNIBER\" \/>\n<meta property=\"og:description\" content=\"Planificar o tempo e a atitude que tem frente ao estudo s\u00e3o a\u00e7\u00f5es importantes para conciliar o rendimento acad\u00eamico com a dedica\u00e7\u00e3o ao esporte, demonstra um estudo com 40 atletas adolescentes espanh\u00f3is, realizado por pesquisadores da Universidade Jaume I de Castell\u00f3n, na Espanha.\" \/>\n<meta property=\"og:url\" content=\"https:\/\/blogs.funiber.org\/pt\/esportes\/2014\/09\/15\/estudo-aponta-relacao-entre-estudos-e-esporte-entre-adolescentes-atletas\" \/>\n<meta property=\"og:site_name\" content=\"FuniBlogs - FUNIBER\" \/>\n<meta property=\"article:publisher\" content=\"https:\/\/www.facebook.com\/funiber\" \/>\n<meta property=\"article:published_time\" content=\"2014-09-15T11:54:42+00:00\" \/>\n<meta property=\"og:image\" content=\"https:\/\/blogs.funiber.org\/pt\/wp-content\/uploads\/2014\/09\/ESP_shutterstock_63210091.jpg\" \/>\n\t<meta property=\"og:image:width\" content=\"600\" \/>\n\t<meta property=\"og:image:height\" content=\"399\" \/>\n\t<meta property=\"og:image:type\" content=\"image\/jpeg\" \/>\n<meta name=\"author\" content=\"Michelle\" \/>\n<meta name=\"twitter:card\" content=\"summary_large_image\" \/>\n<meta name=\"twitter:creator\" content=\"@FUNIBER\" \/>\n<meta name=\"twitter:site\" content=\"@FUNIBER\" \/>\n<meta name=\"twitter:label1\" content=\"Escrito por\" \/>\n\t<meta name=\"twitter:data1\" content=\"Michelle\" \/>\n\t<meta name=\"twitter:label2\" content=\"Est. tempo de leitura\" \/>\n\t<meta name=\"twitter:data2\" content=\"1 minuto\" \/>\n<script type=\"application\/ld+json\" class=\"yoast-schema-graph\">{\"@context\":\"https:\/\/schema.org\",\"@graph\":[{\"@type\":\"Article\",\"@id\":\"https:\/\/blogs.funiber.org\/pt\/esportes\/2014\/09\/15\/estudo-aponta-relacao-entre-estudos-e-esporte-entre-adolescentes-atletas#article\",\"isPartOf\":{\"@id\":\"https:\/\/blogs.funiber.org\/pt\/esportes\/2014\/09\/15\/estudo-aponta-relacao-entre-estudos-e-esporte-entre-adolescentes-atletas\"},\"author\":{\"name\":\"Michelle\",\"@id\":\"https:\/\/blogs.funiber.org\/pt\/#\/schema\/person\/a1eaaa5e57eac866a8c5946946bcf80d\"},\"headline\":\"Estudo aponta rela\u00e7\u00e3o entre estudos e esporte entre adolescentes atletas\",\"datePublished\":\"2014-09-15T11:54:42+00:00\",\"dateModified\":\"2014-09-15T11:54:42+00:00\",\"mainEntityOfPage\":{\"@id\":\"https:\/\/blogs.funiber.org\/pt\/esportes\/2014\/09\/15\/estudo-aponta-relacao-entre-estudos-e-esporte-entre-adolescentes-atletas\"},\"wordCount\":308,\"publisher\":{\"@id\":\"https:\/\/blogs.funiber.org\/pt\/#organization\"},\"keywords\":[\"Atletas\",\"Estudos\",\"Rendimento\"],\"articleSection\":[\"Esportes\"],\"inLanguage\":\"pt-BR\"},{\"@type\":\"WebPage\",\"@id\":\"https:\/\/blogs.funiber.org\/pt\/esportes\/2014\/09\/15\/estudo-aponta-relacao-entre-estudos-e-esporte-entre-adolescentes-atletas\",\"url\":\"https:\/\/blogs.funiber.org\/pt\/esportes\/2014\/09\/15\/estudo-aponta-relacao-entre-estudos-e-esporte-entre-adolescentes-atletas\",\"name\":\"Estudo aponta rela\u00e7\u00e3o entre estudos e esporte entre adolescentes atletas - FuniBlogs - FUNIBER\",\"isPartOf\":{\"@id\":\"https:\/\/blogs.funiber.org\/pt\/#website\"},\"datePublished\":\"2014-09-15T11:54:42+00:00\",\"dateModified\":\"2014-09-15T11:54:42+00:00\",\"breadcrumb\":{\"@id\":\"https:\/\/blogs.funiber.org\/pt\/esportes\/2014\/09\/15\/estudo-aponta-relacao-entre-estudos-e-esporte-entre-adolescentes-atletas#breadcrumb\"},\"inLanguage\":\"pt-BR\",\"potentialAction\":[{\"@type\":\"ReadAction\",\"target\":[\"https:\/\/blogs.funiber.org\/pt\/esportes\/2014\/09\/15\/estudo-aponta-relacao-entre-estudos-e-esporte-entre-adolescentes-atletas\"]}]},{\"@type\":\"BreadcrumbList\",\"@id\":\"https:\/\/blogs.funiber.org\/pt\/esportes\/2014\/09\/15\/estudo-aponta-relacao-entre-estudos-e-esporte-entre-adolescentes-atletas#breadcrumb\",\"itemListElement\":[{\"@type\":\"ListItem\",\"position\":1,\"name\":\"In\u00edcio\",\"item\":\"https:\/\/blogs.funiber.org\/pt\"},{\"@type\":\"ListItem\",\"position\":2,\"name\":\"Estudo aponta rela\u00e7\u00e3o entre estudos e esporte entre adolescentes atletas\"}]},{\"@type\":\"WebSite\",\"@id\":\"https:\/\/blogs.funiber.org\/pt\/#website\",\"url\":\"https:\/\/blogs.funiber.org\/pt\/\",\"name\":\"FuniBlogs - FUNIBER\",\"description\":\"\",\"publisher\":{\"@id\":\"https:\/\/blogs.funiber.org\/pt\/#organization\"},\"potentialAction\":[{\"@type\":\"SearchAction\",\"target\":{\"@type\":\"EntryPoint\",\"urlTemplate\":\"https:\/\/blogs.funiber.org\/pt\/?s={search_term_string}\"},\"query-input\":\"required name=search_term_string\"}],\"inLanguage\":\"pt-BR\"},{\"@type\":\"Organization\",\"@id\":\"https:\/\/blogs.funiber.org\/pt\/#organization\",\"name\":\"FuniBlogs - FUNIBER\",\"url\":\"https:\/\/blogs.funiber.org\/pt\/\",\"logo\":{\"@type\":\"ImageObject\",\"inLanguage\":\"pt-BR\",\"@id\":\"https:\/\/blogs.funiber.org\/pt\/#\/schema\/logo\/image\/\",\"url\":\"https:\/\/www.funiber.blog\/pt\/wp-content\/uploads\/2022\/02\/logo-funiber-pt-br-v-dos.svg\",\"contentUrl\":\"https:\/\/www.funiber.blog\/pt\/wp-content\/uploads\/2022\/02\/logo-funiber-pt-br-v-dos.svg\",\"width\":1,\"height\":1,\"caption\":\"FuniBlogs - FUNIBER\"},\"image\":{\"@id\":\"https:\/\/blogs.funiber.org\/pt\/#\/schema\/logo\/image\/\"},\"sameAs\":[\"https:\/\/www.facebook.com\/funiber\",\"https:\/\/twitter.com\/FUNIBER\",\"https:\/\/www.instagram.com\/funiber_becas\",\"https:\/\/www.youtube.com\/user\/funiber\",\"https:\/\/www.linkedin.com\/company\/funiber\"]},{\"@type\":\"Person\",\"@id\":\"https:\/\/blogs.funiber.org\/pt\/#\/schema\/person\/a1eaaa5e57eac866a8c5946946bcf80d\",\"name\":\"Michelle\",\"image\":{\"@type\":\"ImageObject\",\"inLanguage\":\"pt-BR\",\"@id\":\"https:\/\/blogs.funiber.org\/pt\/#\/schema\/person\/image\/\",\"url\":\"https:\/\/secure.gravatar.com\/avatar\/5e87041f7609dc50493cf216754fece1?s=96&d=mm&r=g\",\"contentUrl\":\"https:\/\/secure.gravatar.com\/avatar\/5e87041f7609dc50493cf216754fece1?s=96&d=mm&r=g\",\"caption\":\"Michelle\"},\"url\":\"https:\/\/www.funiber.blog\/pt\/author\/michelle-moreira\"}]}<\/script>\n<!-- \/ Yoast SEO plugin. -->","yoast_head_json":{"title":"Estudo aponta rela\u00e7\u00e3o entre estudos e esporte entre adolescentes atletas - FuniBlogs - FUNIBER","robots":{"index":"index","follow":"follow","max-snippet":"max-snippet:-1","max-image-preview":"max-image-preview:large","max-video-preview":"max-video-preview:-1"},"canonical":"https:\/\/blogs.funiber.org\/pt\/esportes\/2014\/09\/15\/estudo-aponta-relacao-entre-estudos-e-esporte-entre-adolescentes-atletas","og_locale":"pt_BR","og_type":"article","og_title":"Estudo aponta rela\u00e7\u00e3o entre estudos e esporte entre adolescentes atletas - FuniBlogs - FUNIBER","og_description":"Planificar o tempo e a atitude que tem frente ao estudo s\u00e3o a\u00e7\u00f5es importantes para conciliar o rendimento acad\u00eamico com a dedica\u00e7\u00e3o ao esporte, demonstra um estudo com 40 atletas adolescentes espanh\u00f3is, realizado por pesquisadores da Universidade Jaume I de Castell\u00f3n, na Espanha.","og_url":"https:\/\/blogs.funiber.org\/pt\/esportes\/2014\/09\/15\/estudo-aponta-relacao-entre-estudos-e-esporte-entre-adolescentes-atletas","og_site_name":"FuniBlogs - FUNIBER","article_publisher":"https:\/\/www.facebook.com\/funiber","article_published_time":"2014-09-15T11:54:42+00:00","og_image":[{"width":600,"height":399,"url":"https:\/\/blogs.funiber.org\/pt\/wp-content\/uploads\/2014\/09\/ESP_shutterstock_63210091.jpg","type":"image\/jpeg"}],"author":"Michelle","twitter_card":"summary_large_image","twitter_creator":"@FUNIBER","twitter_site":"@FUNIBER","twitter_misc":{"Escrito por":"Michelle","Est. tempo de leitura":"1 minuto"},"schema":{"@context":"https:\/\/schema.org","@graph":[{"@type":"Article","@id":"https:\/\/blogs.funiber.org\/pt\/esportes\/2014\/09\/15\/estudo-aponta-relacao-entre-estudos-e-esporte-entre-adolescentes-atletas#article","isPartOf":{"@id":"https:\/\/blogs.funiber.org\/pt\/esportes\/2014\/09\/15\/estudo-aponta-relacao-entre-estudos-e-esporte-entre-adolescentes-atletas"},"author":{"name":"Michelle","@id":"https:\/\/blogs.funiber.org\/pt\/#\/schema\/person\/a1eaaa5e57eac866a8c5946946bcf80d"},"headline":"Estudo aponta rela\u00e7\u00e3o entre estudos e esporte entre adolescentes atletas","datePublished":"2014-09-15T11:54:42+00:00","dateModified":"2014-09-15T11:54:42+00:00","mainEntityOfPage":{"@id":"https:\/\/blogs.funiber.org\/pt\/esportes\/2014\/09\/15\/estudo-aponta-relacao-entre-estudos-e-esporte-entre-adolescentes-atletas"},"wordCount":308,"publisher":{"@id":"https:\/\/blogs.funiber.org\/pt\/#organization"},"keywords":["Atletas","Estudos","Rendimento"],"articleSection":["Esportes"],"inLanguage":"pt-BR"},{"@type":"WebPage","@id":"https:\/\/blogs.funiber.org\/pt\/esportes\/2014\/09\/15\/estudo-aponta-relacao-entre-estudos-e-esporte-entre-adolescentes-atletas","url":"https:\/\/blogs.funiber.org\/pt\/esportes\/2014\/09\/15\/estudo-aponta-relacao-entre-estudos-e-esporte-entre-adolescentes-atletas","name":"Estudo aponta rela\u00e7\u00e3o entre estudos e esporte entre adolescentes atletas - FuniBlogs - FUNIBER","isPartOf":{"@id":"https:\/\/blogs.funiber.org\/pt\/#website"},"datePublished":"2014-09-15T11:54:42+00:00","dateModified":"2014-09-15T11:54:42+00:00","breadcrumb":{"@id":"https:\/\/blogs.funiber.org\/pt\/esportes\/2014\/09\/15\/estudo-aponta-relacao-entre-estudos-e-esporte-entre-adolescentes-atletas#breadcrumb"},"inLanguage":"pt-BR","potentialAction":[{"@type":"ReadAction","target":["https:\/\/blogs.funiber.org\/pt\/esportes\/2014\/09\/15\/estudo-aponta-relacao-entre-estudos-e-esporte-entre-adolescentes-atletas"]}]},{"@type":"BreadcrumbList","@id":"https:\/\/blogs.funiber.org\/pt\/esportes\/2014\/09\/15\/estudo-aponta-relacao-entre-estudos-e-esporte-entre-adolescentes-atletas#breadcrumb","itemListElement":[{"@type":"ListItem","position":1,"name":"In\u00edcio","item":"https:\/\/blogs.funiber.org\/pt"},{"@type":"ListItem","position":2,"name":"Estudo aponta rela\u00e7\u00e3o entre estudos e esporte entre adolescentes atletas"}]},{"@type":"WebSite","@id":"https:\/\/blogs.funiber.org\/pt\/#website","url":"https:\/\/blogs.funiber.org\/pt\/","name":"FuniBlogs - FUNIBER","description":"","publisher":{"@id":"https:\/\/blogs.funiber.org\/pt\/#organization"},"potentialAction":[{"@type":"SearchAction","target":{"@type":"EntryPoint","urlTemplate":"https:\/\/blogs.funiber.org\/pt\/?s={search_term_string}"},"query-input":"required name=search_term_string"}],"inLanguage":"pt-BR"},{"@type":"Organization","@id":"https:\/\/blogs.funiber.org\/pt\/#organization","name":"FuniBlogs - FUNIBER","url":"https:\/\/blogs.funiber.org\/pt\/","logo":{"@type":"ImageObject","inLanguage":"pt-BR","@id":"https:\/\/blogs.funiber.org\/pt\/#\/schema\/logo\/image\/","url":"https:\/\/www.funiber.blog\/pt\/wp-content\/uploads\/2022\/02\/logo-funiber-pt-br-v-dos.svg","contentUrl":"https:\/\/www.funiber.blog\/pt\/wp-content\/uploads\/2022\/02\/logo-funiber-pt-br-v-dos.svg","width":1,"height":1,"caption":"FuniBlogs - FUNIBER"},"image":{"@id":"https:\/\/blogs.funiber.org\/pt\/#\/schema\/logo\/image\/"},"sameAs":["https:\/\/www.facebook.com\/funiber","https:\/\/twitter.com\/FUNIBER","https:\/\/www.instagram.com\/funiber_becas","https:\/\/www.youtube.com\/user\/funiber","https:\/\/www.linkedin.com\/company\/funiber"]},{"@type":"Person","@id":"https:\/\/blogs.funiber.org\/pt\/#\/schema\/person\/a1eaaa5e57eac866a8c5946946bcf80d","name":"Michelle","image":{"@type":"ImageObject","inLanguage":"pt-BR","@id":"https:\/\/blogs.funiber.org\/pt\/#\/schema\/person\/image\/","url":"https:\/\/secure.gravatar.com\/avatar\/5e87041f7609dc50493cf216754fece1?s=96&d=mm&r=g","contentUrl":"https:\/\/secure.gravatar.com\/avatar\/5e87041f7609dc50493cf216754fece1?s=96&d=mm&r=g","caption":"Michelle"},"url":"https:\/\/www.funiber.blog\/pt\/author\/michelle-moreira"}]}},"jetpack_featured_media_url":"https:\/\/www.funiber.blog\/pt\/wp-content\/uploads\/2014\/09\/ESP_shutterstock_63210091.jpg","jetpack_shortlink":"https:\/\/wp.me\/p7ee1t-1rf","jetpack_sharing_enabled":true,"_links":{"self":[{"href":"https:\/\/www.funiber.blog\/pt\/wp-json\/wp\/v2\/posts\/5533"}],"collection":[{"href":"https:\/\/www.funiber.blog\/pt\/wp-json\/wp\/v2\/posts"}],"about":[{"href":"https:\/\/www.funiber.blog\/pt\/wp-json\/wp\/v2\/types\/post"}],"author":[{"embeddable":true,"href":"https:\/\/www.funiber.blog\/pt\/wp-json\/wp\/v2\/users\/10"}],"replies":[{"embeddable":true,"href":"https:\/\/www.funiber.blog\/pt\/wp-json\/wp\/v2\/comments?post=5533"}],"version-history":[{"count":3,"href":"https:\/\/www.funiber.blog\/pt\/wp-json\/wp\/v2\/posts\/5533\/revisions"}],"predecessor-version":[{"id":5537,"href":"https:\/\/www.funiber.blog\/pt\/wp-json\/wp\/v2\/posts\/5533\/revisions\/5537"}],"wp:featuredmedia":[{"embeddable":true,"href":"https:\/\/www.funiber.blog\/pt\/wp-json\/wp\/v2\/media\/5534"}],"wp:attachment":[{"href":"https:\/\/www.funiber.blog\/pt\/wp-json\/wp\/v2\/media?parent=5533"}],"wp:term":[{"taxonomy":"category","embeddable":true,"href":"https:\/\/www.funiber.blog\/pt\/wp-json\/wp\/v2\/categories?post=5533"},{"taxonomy":"post_tag","embeddable":true,"href":"https:\/\/www.funiber.blog\/pt\/wp-json\/wp\/v2\/tags?post=5533"}],"curies":[{"name":"wp","href":"https:\/\/api.w.org\/{rel}","templated":true}]}}