{"id":5851,"date":"2014-11-18T14:17:43","date_gmt":"2014-11-18T14:17:43","guid":{"rendered":"http:\/\/blogs.funiber.org\/pt\/?p=5851"},"modified":"2014-11-18T14:17:43","modified_gmt":"2014-11-18T14:17:43","slug":"experiencias-da-educacao-para-pessoas-com-autismo","status":"publish","type":"post","link":"https:\/\/www.funiber.blog\/pt\/formacao-professores\/2014\/11\/18\/experiencias-da-educacao-para-pessoas-com-autismo","title":{"rendered":"Experi\u00eancias da educa\u00e7\u00e3o para pessoas com autismo"},"content":{"rendered":"<p>Os professores devem se preparar para desenvolver o potencial dos alunos a partir das especificidades de cada um. H\u00e1 alunos com diferentes maneiras de aprender, como s\u00e3o por exemplo as pessoas com autismo.<!--more--><\/p>\n<p>O conhecimento sobre o tema e a troca de experi\u00eancias servem para ampliar m\u00e9todos de ensino para programas educativos. Um projeto desenvolvido na Catalunha, na Espanha, oferece aten\u00e7\u00e3o integral as necessidades das pessoas com autismo durante todo o ciclo vital e tamb\u00e9m proporciona apoio \u00e0s fam\u00edlias.<\/p>\n<p>O projeto, chamado Autisme la Garriga, disp\u00f5e na sua p\u00e1gina de internet, documentos sobre programas educativos para pessoas com autismo. Os estudos integram as Atas do V Congresso Internacional Autismo-Europa, que aconteceu em Barcelona em 1996.<\/p>\n<p>Para consulta-los, acesse: <a href=\"http:\/\/fnbr.es\/w6\">http:\/\/fnbr.es\/w6<\/a><\/p>\n<p>Foto: Divulga\u00e7\u00e3o\/ Autisme la Garriga<\/p>\n","protected":false},"excerpt":{"rendered":"<p>Os professores devem se preparar para desenvolver o potencial dos alunos a partir das especificidades de cada um. H\u00e1 alunos com diferentes maneiras de aprender, como s\u00e3o por exemplo as pessoas com autismo.<\/p>\n","protected":false},"author":10,"featured_media":5852,"comment_status":"closed","ping_status":"closed","sticky":false,"template":"","format":"standard","meta":{"jetpack_post_was_ever_published":false,"_jetpack_newsletter_access":"","_jetpack_newsletter_tier_id":0,"footnotes":"","jetpack_publicize_message":"","jetpack_is_tweetstorm":false,"jetpack_publicize_feature_enabled":true,"jetpack_social_post_already_shared":false,"jetpack_social_options":{"image_generator_settings":{"template":"highway","enabled":false}}},"categories":[5],"tags":[534,158],"jetpack_publicize_connections":[],"yoast_head":"<!-- This site is optimized with the Yoast SEO plugin v21.7 - https:\/\/yoast.com\/wordpress\/plugins\/seo\/ -->\n<title>Experi\u00eancias da educa\u00e7\u00e3o para pessoas com autismo - FuniBlogs - FUNIBER<\/title>\n<meta name=\"robots\" content=\"noindex, nofollow\" \/>\n<meta property=\"og:locale\" content=\"pt_BR\" \/>\n<meta property=\"og:type\" content=\"article\" \/>\n<meta property=\"og:title\" content=\"Experi\u00eancias da educa\u00e7\u00e3o para pessoas com autismo - FuniBlogs - FUNIBER\" \/>\n<meta property=\"og:description\" content=\"Os professores devem se preparar para desenvolver o potencial dos alunos a partir das especificidades de cada um. H\u00e1 alunos com diferentes maneiras de aprender, como s\u00e3o por exemplo as pessoas com autismo.\" \/>\n<meta property=\"og:url\" content=\"https:\/\/blogs.funiber.org\/pt\/formacao-professores\/2014\/11\/18\/experiencias-da-educacao-para-pessoas-com-autismo\" \/>\n<meta property=\"og:site_name\" content=\"FuniBlogs - FUNIBER\" \/>\n<meta property=\"article:publisher\" content=\"https:\/\/www.facebook.com\/funiber\" \/>\n<meta property=\"article:published_time\" content=\"2014-11-18T14:17:43+00:00\" \/>\n<meta property=\"og:image\" content=\"https:\/\/blogs.funiber.org\/pt\/wp-content\/uploads\/2014\/11\/FP_db_SORTIDESF1421.jpg\" \/>\n\t<meta property=\"og:image:width\" content=\"700\" \/>\n\t<meta property=\"og:image:height\" content=\"525\" \/>\n\t<meta property=\"og:image:type\" content=\"image\/jpeg\" \/>\n<meta name=\"author\" content=\"Michelle\" \/>\n<meta name=\"twitter:card\" content=\"summary_large_image\" \/>\n<meta name=\"twitter:creator\" content=\"@FUNIBER\" \/>\n<meta name=\"twitter:site\" content=\"@FUNIBER\" \/>\n<meta name=\"twitter:label1\" content=\"Escrito por\" \/>\n\t<meta name=\"twitter:data1\" content=\"Michelle\" \/>\n\t<meta name=\"twitter:label2\" content=\"Est. tempo de leitura\" \/>\n\t<meta name=\"twitter:data2\" content=\"1 minuto\" \/>\n<script type=\"application\/ld+json\" class=\"yoast-schema-graph\">{\"@context\":\"https:\/\/schema.org\",\"@graph\":[{\"@type\":\"Article\",\"@id\":\"https:\/\/blogs.funiber.org\/pt\/formacao-professores\/2014\/11\/18\/experiencias-da-educacao-para-pessoas-com-autismo#article\",\"isPartOf\":{\"@id\":\"https:\/\/blogs.funiber.org\/pt\/formacao-professores\/2014\/11\/18\/experiencias-da-educacao-para-pessoas-com-autismo\"},\"author\":{\"name\":\"Michelle\",\"@id\":\"https:\/\/blogs.funiber.org\/pt\/#\/schema\/person\/a1eaaa5e57eac866a8c5946946bcf80d\"},\"headline\":\"Experi\u00eancias da educa\u00e7\u00e3o para pessoas com autismo\",\"datePublished\":\"2014-11-18T14:17:43+00:00\",\"dateModified\":\"2014-11-18T14:17:43+00:00\",\"mainEntityOfPage\":{\"@id\":\"https:\/\/blogs.funiber.org\/pt\/formacao-professores\/2014\/11\/18\/experiencias-da-educacao-para-pessoas-com-autismo\"},\"wordCount\":144,\"publisher\":{\"@id\":\"https:\/\/blogs.funiber.org\/pt\/#organization\"},\"keywords\":[\"Autismo\",\"Educa\u00e7\u00e3o Especial\"],\"articleSection\":[\"Educa\u00e7\u00e3o,\u00a0Forma\u00e7\u00e3o Professores\"],\"inLanguage\":\"pt-BR\"},{\"@type\":\"WebPage\",\"@id\":\"https:\/\/blogs.funiber.org\/pt\/formacao-professores\/2014\/11\/18\/experiencias-da-educacao-para-pessoas-com-autismo\",\"url\":\"https:\/\/blogs.funiber.org\/pt\/formacao-professores\/2014\/11\/18\/experiencias-da-educacao-para-pessoas-com-autismo\",\"name\":\"Experi\u00eancias da educa\u00e7\u00e3o para pessoas com autismo - FuniBlogs - FUNIBER\",\"isPartOf\":{\"@id\":\"https:\/\/blogs.funiber.org\/pt\/#website\"},\"datePublished\":\"2014-11-18T14:17:43+00:00\",\"dateModified\":\"2014-11-18T14:17:43+00:00\",\"breadcrumb\":{\"@id\":\"https:\/\/blogs.funiber.org\/pt\/formacao-professores\/2014\/11\/18\/experiencias-da-educacao-para-pessoas-com-autismo#breadcrumb\"},\"inLanguage\":\"pt-BR\",\"potentialAction\":[{\"@type\":\"ReadAction\",\"target\":[\"https:\/\/blogs.funiber.org\/pt\/formacao-professores\/2014\/11\/18\/experiencias-da-educacao-para-pessoas-com-autismo\"]}]},{\"@type\":\"BreadcrumbList\",\"@id\":\"https:\/\/blogs.funiber.org\/pt\/formacao-professores\/2014\/11\/18\/experiencias-da-educacao-para-pessoas-com-autismo#breadcrumb\",\"itemListElement\":[{\"@type\":\"ListItem\",\"position\":1,\"name\":\"In\u00edcio\",\"item\":\"https:\/\/blogs.funiber.org\/pt\"},{\"@type\":\"ListItem\",\"position\":2,\"name\":\"Experi\u00eancias da educa\u00e7\u00e3o para pessoas com autismo\"}]},{\"@type\":\"WebSite\",\"@id\":\"https:\/\/blogs.funiber.org\/pt\/#website\",\"url\":\"https:\/\/blogs.funiber.org\/pt\/\",\"name\":\"FuniBlogs - FUNIBER\",\"description\":\"\",\"publisher\":{\"@id\":\"https:\/\/blogs.funiber.org\/pt\/#organization\"},\"potentialAction\":[{\"@type\":\"SearchAction\",\"target\":{\"@type\":\"EntryPoint\",\"urlTemplate\":\"https:\/\/blogs.funiber.org\/pt\/?s={search_term_string}\"},\"query-input\":\"required name=search_term_string\"}],\"inLanguage\":\"pt-BR\"},{\"@type\":\"Organization\",\"@id\":\"https:\/\/blogs.funiber.org\/pt\/#organization\",\"name\":\"FuniBlogs - FUNIBER\",\"url\":\"https:\/\/blogs.funiber.org\/pt\/\",\"logo\":{\"@type\":\"ImageObject\",\"inLanguage\":\"pt-BR\",\"@id\":\"https:\/\/blogs.funiber.org\/pt\/#\/schema\/logo\/image\/\",\"url\":\"https:\/\/www.funiber.blog\/pt\/wp-content\/uploads\/2022\/02\/logo-funiber-pt-br-v-dos.svg\",\"contentUrl\":\"https:\/\/www.funiber.blog\/pt\/wp-content\/uploads\/2022\/02\/logo-funiber-pt-br-v-dos.svg\",\"width\":1,\"height\":1,\"caption\":\"FuniBlogs - FUNIBER\"},\"image\":{\"@id\":\"https:\/\/blogs.funiber.org\/pt\/#\/schema\/logo\/image\/\"},\"sameAs\":[\"https:\/\/www.facebook.com\/funiber\",\"https:\/\/twitter.com\/FUNIBER\",\"https:\/\/www.instagram.com\/funiber_becas\",\"https:\/\/www.youtube.com\/user\/funiber\",\"https:\/\/www.linkedin.com\/company\/funiber\"]},{\"@type\":\"Person\",\"@id\":\"https:\/\/blogs.funiber.org\/pt\/#\/schema\/person\/a1eaaa5e57eac866a8c5946946bcf80d\",\"name\":\"Michelle\",\"image\":{\"@type\":\"ImageObject\",\"inLanguage\":\"pt-BR\",\"@id\":\"https:\/\/blogs.funiber.org\/pt\/#\/schema\/person\/image\/\",\"url\":\"https:\/\/secure.gravatar.com\/avatar\/5e87041f7609dc50493cf216754fece1?s=96&d=mm&r=g\",\"contentUrl\":\"https:\/\/secure.gravatar.com\/avatar\/5e87041f7609dc50493cf216754fece1?s=96&d=mm&r=g\",\"caption\":\"Michelle\"},\"url\":\"https:\/\/www.funiber.blog\/pt\/author\/michelle-moreira\"}]}<\/script>\n<!-- \/ Yoast SEO plugin. -->","yoast_head_json":{"title":"Experi\u00eancias da educa\u00e7\u00e3o para pessoas com autismo - FuniBlogs - FUNIBER","robots":{"index":"noindex","follow":"nofollow"},"og_locale":"pt_BR","og_type":"article","og_title":"Experi\u00eancias da educa\u00e7\u00e3o para pessoas com autismo - FuniBlogs - FUNIBER","og_description":"Os professores devem se preparar para desenvolver o potencial dos alunos a partir das especificidades de cada um. H\u00e1 alunos com diferentes maneiras de aprender, como s\u00e3o por exemplo as pessoas com autismo.","og_url":"https:\/\/blogs.funiber.org\/pt\/formacao-professores\/2014\/11\/18\/experiencias-da-educacao-para-pessoas-com-autismo","og_site_name":"FuniBlogs - FUNIBER","article_publisher":"https:\/\/www.facebook.com\/funiber","article_published_time":"2014-11-18T14:17:43+00:00","og_image":[{"width":700,"height":525,"url":"https:\/\/blogs.funiber.org\/pt\/wp-content\/uploads\/2014\/11\/FP_db_SORTIDESF1421.jpg","type":"image\/jpeg"}],"author":"Michelle","twitter_card":"summary_large_image","twitter_creator":"@FUNIBER","twitter_site":"@FUNIBER","twitter_misc":{"Escrito por":"Michelle","Est. tempo de leitura":"1 minuto"},"schema":{"@context":"https:\/\/schema.org","@graph":[{"@type":"Article","@id":"https:\/\/blogs.funiber.org\/pt\/formacao-professores\/2014\/11\/18\/experiencias-da-educacao-para-pessoas-com-autismo#article","isPartOf":{"@id":"https:\/\/blogs.funiber.org\/pt\/formacao-professores\/2014\/11\/18\/experiencias-da-educacao-para-pessoas-com-autismo"},"author":{"name":"Michelle","@id":"https:\/\/blogs.funiber.org\/pt\/#\/schema\/person\/a1eaaa5e57eac866a8c5946946bcf80d"},"headline":"Experi\u00eancias da educa\u00e7\u00e3o para pessoas com autismo","datePublished":"2014-11-18T14:17:43+00:00","dateModified":"2014-11-18T14:17:43+00:00","mainEntityOfPage":{"@id":"https:\/\/blogs.funiber.org\/pt\/formacao-professores\/2014\/11\/18\/experiencias-da-educacao-para-pessoas-com-autismo"},"wordCount":144,"publisher":{"@id":"https:\/\/blogs.funiber.org\/pt\/#organization"},"keywords":["Autismo","Educa\u00e7\u00e3o Especial"],"articleSection":["Educa\u00e7\u00e3o,\u00a0Forma\u00e7\u00e3o Professores"],"inLanguage":"pt-BR"},{"@type":"WebPage","@id":"https:\/\/blogs.funiber.org\/pt\/formacao-professores\/2014\/11\/18\/experiencias-da-educacao-para-pessoas-com-autismo","url":"https:\/\/blogs.funiber.org\/pt\/formacao-professores\/2014\/11\/18\/experiencias-da-educacao-para-pessoas-com-autismo","name":"Experi\u00eancias da educa\u00e7\u00e3o para pessoas com autismo - FuniBlogs - FUNIBER","isPartOf":{"@id":"https:\/\/blogs.funiber.org\/pt\/#website"},"datePublished":"2014-11-18T14:17:43+00:00","dateModified":"2014-11-18T14:17:43+00:00","breadcrumb":{"@id":"https:\/\/blogs.funiber.org\/pt\/formacao-professores\/2014\/11\/18\/experiencias-da-educacao-para-pessoas-com-autismo#breadcrumb"},"inLanguage":"pt-BR","potentialAction":[{"@type":"ReadAction","target":["https:\/\/blogs.funiber.org\/pt\/formacao-professores\/2014\/11\/18\/experiencias-da-educacao-para-pessoas-com-autismo"]}]},{"@type":"BreadcrumbList","@id":"https:\/\/blogs.funiber.org\/pt\/formacao-professores\/2014\/11\/18\/experiencias-da-educacao-para-pessoas-com-autismo#breadcrumb","itemListElement":[{"@type":"ListItem","position":1,"name":"In\u00edcio","item":"https:\/\/blogs.funiber.org\/pt"},{"@type":"ListItem","position":2,"name":"Experi\u00eancias da educa\u00e7\u00e3o para pessoas com autismo"}]},{"@type":"WebSite","@id":"https:\/\/blogs.funiber.org\/pt\/#website","url":"https:\/\/blogs.funiber.org\/pt\/","name":"FuniBlogs - FUNIBER","description":"","publisher":{"@id":"https:\/\/blogs.funiber.org\/pt\/#organization"},"potentialAction":[{"@type":"SearchAction","target":{"@type":"EntryPoint","urlTemplate":"https:\/\/blogs.funiber.org\/pt\/?s={search_term_string}"},"query-input":"required name=search_term_string"}],"inLanguage":"pt-BR"},{"@type":"Organization","@id":"https:\/\/blogs.funiber.org\/pt\/#organization","name":"FuniBlogs - FUNIBER","url":"https:\/\/blogs.funiber.org\/pt\/","logo":{"@type":"ImageObject","inLanguage":"pt-BR","@id":"https:\/\/blogs.funiber.org\/pt\/#\/schema\/logo\/image\/","url":"https:\/\/www.funiber.blog\/pt\/wp-content\/uploads\/2022\/02\/logo-funiber-pt-br-v-dos.svg","contentUrl":"https:\/\/www.funiber.blog\/pt\/wp-content\/uploads\/2022\/02\/logo-funiber-pt-br-v-dos.svg","width":1,"height":1,"caption":"FuniBlogs - FUNIBER"},"image":{"@id":"https:\/\/blogs.funiber.org\/pt\/#\/schema\/logo\/image\/"},"sameAs":["https:\/\/www.facebook.com\/funiber","https:\/\/twitter.com\/FUNIBER","https:\/\/www.instagram.com\/funiber_becas","https:\/\/www.youtube.com\/user\/funiber","https:\/\/www.linkedin.com\/company\/funiber"]},{"@type":"Person","@id":"https:\/\/blogs.funiber.org\/pt\/#\/schema\/person\/a1eaaa5e57eac866a8c5946946bcf80d","name":"Michelle","image":{"@type":"ImageObject","inLanguage":"pt-BR","@id":"https:\/\/blogs.funiber.org\/pt\/#\/schema\/person\/image\/","url":"https:\/\/secure.gravatar.com\/avatar\/5e87041f7609dc50493cf216754fece1?s=96&d=mm&r=g","contentUrl":"https:\/\/secure.gravatar.com\/avatar\/5e87041f7609dc50493cf216754fece1?s=96&d=mm&r=g","caption":"Michelle"},"url":"https:\/\/www.funiber.blog\/pt\/author\/michelle-moreira"}]}},"jetpack_featured_media_url":"https:\/\/www.funiber.blog\/pt\/wp-content\/uploads\/2014\/11\/FP_db_SORTIDESF1421.jpg","jetpack_shortlink":"https:\/\/wp.me\/p7ee1t-1wn","jetpack_sharing_enabled":true,"_links":{"self":[{"href":"https:\/\/www.funiber.blog\/pt\/wp-json\/wp\/v2\/posts\/5851"}],"collection":[{"href":"https:\/\/www.funiber.blog\/pt\/wp-json\/wp\/v2\/posts"}],"about":[{"href":"https:\/\/www.funiber.blog\/pt\/wp-json\/wp\/v2\/types\/post"}],"author":[{"embeddable":true,"href":"https:\/\/www.funiber.blog\/pt\/wp-json\/wp\/v2\/users\/10"}],"replies":[{"embeddable":true,"href":"https:\/\/www.funiber.blog\/pt\/wp-json\/wp\/v2\/comments?post=5851"}],"version-history":[{"count":3,"href":"https:\/\/www.funiber.blog\/pt\/wp-json\/wp\/v2\/posts\/5851\/revisions"}],"predecessor-version":[{"id":5855,"href":"https:\/\/www.funiber.blog\/pt\/wp-json\/wp\/v2\/posts\/5851\/revisions\/5855"}],"wp:featuredmedia":[{"embeddable":true,"href":"https:\/\/www.funiber.blog\/pt\/wp-json\/wp\/v2\/media\/5852"}],"wp:attachment":[{"href":"https:\/\/www.funiber.blog\/pt\/wp-json\/wp\/v2\/media?parent=5851"}],"wp:term":[{"taxonomy":"category","embeddable":true,"href":"https:\/\/www.funiber.blog\/pt\/wp-json\/wp\/v2\/categories?post=5851"},{"taxonomy":"post_tag","embeddable":true,"href":"https:\/\/www.funiber.blog\/pt\/wp-json\/wp\/v2\/tags?post=5851"}],"curies":[{"name":"wp","href":"https:\/\/api.w.org\/{rel}","templated":true}]}}