{"id":5989,"date":"2014-12-12T12:20:22","date_gmt":"2014-12-12T12:20:22","guid":{"rendered":"http:\/\/blogs.funiber.org\/pt\/?p=5989"},"modified":"2014-12-12T12:20:22","modified_gmt":"2014-12-12T12:20:22","slug":"portal-global-weirding-mostra-o-futuro-do-aquecimento-global","status":"publish","type":"post","link":"https:\/\/www.funiber.blog\/pt\/meio-ambiente\/2014\/12\/12\/portal-global-weirding-mostra-o-futuro-do-aquecimento-global","title":{"rendered":"Portal Global Weirding mostra o futuro do aquecimento global"},"content":{"rendered":"<p>O Quinto Relat\u00f3rio de Avalia\u00e7\u00e3o do IPCC (AR5) identificou que o aquecimento global foi causado pelo homem e \u00e9 necess\u00e1rio adotar medidas para mitigar os efeitos do aumento da temperatura no planeta nas pr\u00f3ximas d\u00e9cadas. O AR5 fornece uma riqueza de informa\u00e7\u00e3o e previs\u00f5es acerca da mudan\u00e7a clim\u00e1tica para as pr\u00f3ximas d\u00e9cadas, mas o relat\u00f3rio \u00e9 muito complexo e sua leitura seria complicada para uma pessoa comum. <!--more-->Para aproximar as pessoas de uma vers\u00e3o gr\u00e1fica do AR5, o portal Global Weirding (<a href=\"http:\/\/globalweirding.is\/here\" target=\"_blank\">http:\/\/globalweirding.is\/here<\/a>) oferece-nos uma linha do tempo que permitir\u00e1 observar o que vai acontecer ao planeta se n\u00e3o fizermos nada para mudar a tend\u00eancia atual do aquecimento global.<\/p>\n<p>O simulador do Global Weirding permite que \u201colhemos para o futuro\u201d utilizando tr\u00eas cen\u00e1rios expostos no AR5. Pode-se acessar a configura\u00e7\u00e3o do simulador clicando no bot\u00e3o \u201cchange\u201d que se encontra no canto inferior direito da p\u00e1gina. \u00c9 poss\u00edvel configurar o simulador em tr\u00eas modos: RCP8.5 (se a humanidade n\u00e3o fizer nada), RCP6.0 (se decidirmos fazer alguma coisa) e RCP2.6 (se, em \u00e2mbito global, assumirmos o compromisso de reverter os efeitos do aquecimento global).<\/p>\n<p>O simulador mostra informa\u00e7\u00f5es de 2012 at\u00e9 2100. Inunda\u00e7\u00f5es, aumento do n\u00famero de inc\u00eandios florestais, aumento do n\u00edvel do mar, secas prolongadas, ondas de calor, aumento da intensidade de tempestades e tornados, redu\u00e7\u00e3o da biodiversidade como consequ\u00eancia do aquecimento do oceano, extin\u00e7\u00e3o massiva de animais, acidifica\u00e7\u00e3o dos oceanos, aumento dos riscos \u00e0 sa\u00fade, eros\u00e3o dos solos e forte redu\u00e7\u00e3o da produ\u00e7\u00e3o de alimentos ser\u00e3o alguns dos problemas que enfrentaremos se n\u00e3o forem adotadas medidas para paliar o aquecimento global.<\/p>\n<p><strong>Um planeta que se aquece<\/strong><\/p>\n<p>Os grandes desafios para o futuro ter\u00e3o rela\u00e7\u00e3o com as secas, as inunda\u00e7\u00f5es, as estrat\u00e9gias para mitigar os efeitos da mudan\u00e7a clim\u00e1tica em cada regi\u00e3o e a seguran\u00e7a alimentar global. A seguir, apresentaremos algumas previs\u00f5es do que pode ocorrer se n\u00e3o agirmos para reverter o aquecimento global.<\/p>\n<p>De acordo com os dados coletados pelo Global Weirding, ap\u00f3s 2018, as concentra\u00e7\u00f5es de di\u00f3xido de carbono, metano e \u00f3xido nitroso aumentar\u00e3o at\u00e9 n\u00edveis sem precedentes nos \u00faltimos 800 mil anos. As concentra\u00e7\u00f5es de CO<sub>2<\/sub> aumentar\u00e3o em 40%, tendo como refer\u00eancia \u00e9pocas anteriores \u00e0 era industrial. O oceano ter\u00e1 absorvido 30% do di\u00f3xido de carbono, ocasionando uma maior acidifica\u00e7\u00e3o.<\/p>\n<p>A partir de 2019, aumentar\u00e3o as precipita\u00e7\u00f5es na Europa. A polui\u00e7\u00e3o do ar na Am\u00e9rica Latina afetar\u00e1 as mulheres gr\u00e1vidas. Na \u00c1frica, o aumento das temperaturas e as mudan\u00e7as nas precipita\u00e7\u00f5es produzir\u00e3o uma queda na produ\u00e7\u00e3o de cereais.<\/p>\n<p>At\u00e9 2023, aumentar\u00e1 o impacto das doen\u00e7as nas regi\u00f5es da Escandin\u00e1via e da \u00c1frica. Ap\u00f3s 2024, ser\u00e3o mais evidentes os efeitos do aquecimento global: o aquecimento dos oceanos, a redu\u00e7\u00e3o dos nevados e do gelo no planeta, a eleva\u00e7\u00e3o no n\u00edvel do mar e o aumento das concentra\u00e7\u00f5es de gases de efeito estufa. Por outro lado, a partir deste ano, as ilhas do Caribe enfrentar\u00e3o s\u00e9rios perigos como consequ\u00eancia do aumento do n\u00edvel dos oceanos.<\/p>\n<p>Estima-se que, depois de 2025, in\u00fameros setores econ\u00f4micos do sul da Europa ser\u00e3o afetados pela mudan\u00e7a clim\u00e1tica: os setores agr\u00edcola, tur\u00edstico, de infraestrutura, de energia, de sa\u00fade e a popula\u00e7\u00e3o ter\u00e3o de enfrentar problemas cada vez mais complexos.<\/p>\n<p>No ano de 2030, \u00e9 muito prov\u00e1vel que as ondas de calor coloquem em risco muitas vidas humanas na Austr\u00e1lia. No Canad\u00e1, haver\u00e1 redu\u00e7\u00e3o da quantidade de ursos polares, o \u00c1rtico ser\u00e1 mais verde e reduzir-se-\u00e3o os campos de arroz na \u00c1sia.<\/p>\n<p>Calcula-se que se experimentar\u00e1 um decl\u00ednio na produ\u00e7\u00e3o de alimentos na Am\u00e9rica Central, na Am\u00e9rica do Norte e em alguns pa\u00edses da Am\u00e9rica do Sul depois de 2031.<\/p>\n<p>Ap\u00f3s o ano de 2040, ser\u00e3o mais frequentes as ondas de calor e os inc\u00eandios florestais na Am\u00e9rica do Norte. Ao sul da Europa, ser\u00e3o experimentadas ondas de calor, enquanto no norte da Europa aumentar\u00e3o as chuvas, podendo chegar, inclusive, a \u201c90 dias de chuva sem interrup\u00e7\u00e3o\u201d.<\/p>\n<p>Os dez anos seguintes ser\u00e3o muito mais duros. Haver\u00e1 menos chuvas na Calif\u00f3rnia, menos \u00e1gua fresca na Austr\u00e1lia e Europa e, al\u00e9m disso, aumentar\u00e3o as ondas de calor em ambos os continentes.<\/p>\n<p>Depois de 2050, espera-se que ocorram uma acentuada redu\u00e7\u00e3o da biodiversidade, aumento de mortes por tempestade, maior decl\u00ednio na produ\u00e7\u00e3o de alimentos, aumento da perda de gelo no \u00c1rtico e inunda\u00e7\u00f5es em grandes cidades como Nova Iorque. Em certas regi\u00f5es, aumentar\u00e3o as secas, as ondas de calor e as tempestades. Em algumas \u00e1reas, poder\u00e1 haver uma redu\u00e7\u00e3o na produ\u00e7\u00e3o de alimentos de at\u00e9 60% em consequ\u00eancia das secas.<\/p>\n<p>Com o passar do tempo, as condi\u00e7\u00f5es do clima ser\u00e3o cada vez mais extremas. Os pa\u00edses em vias de desenvolvimento enfrentar\u00e3o grandes dificuldades. O clima poder\u00e1 ser menos extremo se os governos adotarem medidas para reduzir a mudan\u00e7a clim\u00e1tica.<\/p>\n<p>Fonte:<\/p>\n<p>http:\/\/globalweirding.is\/here<\/p>\n","protected":false},"excerpt":{"rendered":"<p>O Quinto Relat\u00f3rio de Avalia\u00e7\u00e3o do IPCC (AR5) identificou que o aquecimento global foi causado pelo homem e \u00e9 necess\u00e1rio adotar medidas para mitigar os efeitos do aumento da temperatura no planeta nas pr\u00f3ximas d\u00e9cadas. O AR5 fornece uma riqueza de informa\u00e7\u00e3o e previs\u00f5es acerca da mudan\u00e7a clim\u00e1tica para as pr\u00f3ximas d\u00e9cadas, mas o relat\u00f3rio [&hellip;]<\/p>\n","protected":false},"author":10,"featured_media":5990,"comment_status":"closed","ping_status":"closed","sticky":false,"template":"","format":"standard","meta":{"jetpack_post_was_ever_published":false,"_jetpack_newsletter_access":"","_jetpack_newsletter_tier_id":0,"footnotes":"","jetpack_publicize_message":"","jetpack_is_tweetstorm":false,"jetpack_publicize_feature_enabled":true,"jetpack_social_post_already_shared":false,"jetpack_social_options":{"image_generator_settings":{"template":"highway","enabled":false}}},"categories":[2],"tags":[105],"jetpack_publicize_connections":[],"yoast_head":"<!-- This site is optimized with the Yoast SEO plugin v21.7 - https:\/\/yoast.com\/wordpress\/plugins\/seo\/ -->\n<title>Portal Global Weirding mostra o futuro do aquecimento global - FuniBlogs - FUNIBER<\/title>\n<meta name=\"robots\" content=\"index, follow, max-snippet:-1, max-image-preview:large, max-video-preview:-1\" \/>\n<link rel=\"canonical\" href=\"https:\/\/blogs.funiber.org\/pt\/meio-ambiente\/2014\/12\/12\/portal-global-weirding-mostra-o-futuro-do-aquecimento-global\" \/>\n<meta property=\"og:locale\" content=\"pt_BR\" \/>\n<meta property=\"og:type\" content=\"article\" \/>\n<meta property=\"og:title\" content=\"Portal Global Weirding mostra o futuro do aquecimento global - FuniBlogs - FUNIBER\" \/>\n<meta property=\"og:description\" content=\"O Quinto Relat\u00f3rio de Avalia\u00e7\u00e3o do IPCC (AR5) identificou que o aquecimento global foi causado pelo homem e \u00e9 necess\u00e1rio adotar medidas para mitigar os efeitos do aumento da temperatura no planeta nas pr\u00f3ximas d\u00e9cadas. O AR5 fornece uma riqueza de informa\u00e7\u00e3o e previs\u00f5es acerca da mudan\u00e7a clim\u00e1tica para as pr\u00f3ximas d\u00e9cadas, mas o relat\u00f3rio [&hellip;]\" \/>\n<meta property=\"og:url\" content=\"https:\/\/blogs.funiber.org\/pt\/meio-ambiente\/2014\/12\/12\/portal-global-weirding-mostra-o-futuro-do-aquecimento-global\" \/>\n<meta property=\"og:site_name\" content=\"FuniBlogs - FUNIBER\" \/>\n<meta property=\"article:publisher\" content=\"https:\/\/www.facebook.com\/funiber\" \/>\n<meta property=\"article:published_time\" content=\"2014-12-12T12:20:22+00:00\" \/>\n<meta property=\"og:image\" content=\"https:\/\/blogs.funiber.org\/pt\/wp-content\/uploads\/2014\/12\/AMB_mudanca_clima.jpg\" \/>\n\t<meta property=\"og:image:width\" content=\"412\" \/>\n\t<meta property=\"og:image:height\" content=\"258\" \/>\n\t<meta property=\"og:image:type\" content=\"image\/jpeg\" \/>\n<meta name=\"author\" content=\"Michelle\" \/>\n<meta name=\"twitter:card\" content=\"summary_large_image\" \/>\n<meta name=\"twitter:creator\" content=\"@FUNIBER\" \/>\n<meta name=\"twitter:site\" content=\"@FUNIBER\" \/>\n<meta name=\"twitter:label1\" content=\"Escrito por\" \/>\n\t<meta name=\"twitter:data1\" content=\"Michelle\" \/>\n\t<meta name=\"twitter:label2\" content=\"Est. tempo de leitura\" \/>\n\t<meta name=\"twitter:data2\" content=\"4 minutos\" \/>\n<script type=\"application\/ld+json\" class=\"yoast-schema-graph\">{\"@context\":\"https:\/\/schema.org\",\"@graph\":[{\"@type\":\"Article\",\"@id\":\"https:\/\/blogs.funiber.org\/pt\/meio-ambiente\/2014\/12\/12\/portal-global-weirding-mostra-o-futuro-do-aquecimento-global#article\",\"isPartOf\":{\"@id\":\"https:\/\/blogs.funiber.org\/pt\/meio-ambiente\/2014\/12\/12\/portal-global-weirding-mostra-o-futuro-do-aquecimento-global\"},\"author\":{\"name\":\"Michelle\",\"@id\":\"https:\/\/blogs.funiber.org\/pt\/#\/schema\/person\/a1eaaa5e57eac866a8c5946946bcf80d\"},\"headline\":\"Portal Global Weirding mostra o futuro do aquecimento global\",\"datePublished\":\"2014-12-12T12:20:22+00:00\",\"dateModified\":\"2014-12-12T12:20:22+00:00\",\"mainEntityOfPage\":{\"@id\":\"https:\/\/blogs.funiber.org\/pt\/meio-ambiente\/2014\/12\/12\/portal-global-weirding-mostra-o-futuro-do-aquecimento-global\"},\"wordCount\":901,\"publisher\":{\"@id\":\"https:\/\/blogs.funiber.org\/pt\/#organization\"},\"keywords\":[\"Aquecimento Global\"],\"articleSection\":[\"Meio Ambiente\"],\"inLanguage\":\"pt-BR\"},{\"@type\":\"WebPage\",\"@id\":\"https:\/\/blogs.funiber.org\/pt\/meio-ambiente\/2014\/12\/12\/portal-global-weirding-mostra-o-futuro-do-aquecimento-global\",\"url\":\"https:\/\/blogs.funiber.org\/pt\/meio-ambiente\/2014\/12\/12\/portal-global-weirding-mostra-o-futuro-do-aquecimento-global\",\"name\":\"Portal Global Weirding mostra o futuro do aquecimento global - FuniBlogs - FUNIBER\",\"isPartOf\":{\"@id\":\"https:\/\/blogs.funiber.org\/pt\/#website\"},\"datePublished\":\"2014-12-12T12:20:22+00:00\",\"dateModified\":\"2014-12-12T12:20:22+00:00\",\"breadcrumb\":{\"@id\":\"https:\/\/blogs.funiber.org\/pt\/meio-ambiente\/2014\/12\/12\/portal-global-weirding-mostra-o-futuro-do-aquecimento-global#breadcrumb\"},\"inLanguage\":\"pt-BR\",\"potentialAction\":[{\"@type\":\"ReadAction\",\"target\":[\"https:\/\/blogs.funiber.org\/pt\/meio-ambiente\/2014\/12\/12\/portal-global-weirding-mostra-o-futuro-do-aquecimento-global\"]}]},{\"@type\":\"BreadcrumbList\",\"@id\":\"https:\/\/blogs.funiber.org\/pt\/meio-ambiente\/2014\/12\/12\/portal-global-weirding-mostra-o-futuro-do-aquecimento-global#breadcrumb\",\"itemListElement\":[{\"@type\":\"ListItem\",\"position\":1,\"name\":\"In\u00edcio\",\"item\":\"https:\/\/blogs.funiber.org\/pt\"},{\"@type\":\"ListItem\",\"position\":2,\"name\":\"Portal Global Weirding mostra o futuro do aquecimento global\"}]},{\"@type\":\"WebSite\",\"@id\":\"https:\/\/blogs.funiber.org\/pt\/#website\",\"url\":\"https:\/\/blogs.funiber.org\/pt\/\",\"name\":\"FuniBlogs - FUNIBER\",\"description\":\"\",\"publisher\":{\"@id\":\"https:\/\/blogs.funiber.org\/pt\/#organization\"},\"potentialAction\":[{\"@type\":\"SearchAction\",\"target\":{\"@type\":\"EntryPoint\",\"urlTemplate\":\"https:\/\/blogs.funiber.org\/pt\/?s={search_term_string}\"},\"query-input\":\"required name=search_term_string\"}],\"inLanguage\":\"pt-BR\"},{\"@type\":\"Organization\",\"@id\":\"https:\/\/blogs.funiber.org\/pt\/#organization\",\"name\":\"FuniBlogs - FUNIBER\",\"url\":\"https:\/\/blogs.funiber.org\/pt\/\",\"logo\":{\"@type\":\"ImageObject\",\"inLanguage\":\"pt-BR\",\"@id\":\"https:\/\/blogs.funiber.org\/pt\/#\/schema\/logo\/image\/\",\"url\":\"https:\/\/www.funiber.blog\/pt\/wp-content\/uploads\/2022\/02\/logo-funiber-pt-br-v-dos.svg\",\"contentUrl\":\"https:\/\/www.funiber.blog\/pt\/wp-content\/uploads\/2022\/02\/logo-funiber-pt-br-v-dos.svg\",\"width\":1,\"height\":1,\"caption\":\"FuniBlogs - FUNIBER\"},\"image\":{\"@id\":\"https:\/\/blogs.funiber.org\/pt\/#\/schema\/logo\/image\/\"},\"sameAs\":[\"https:\/\/www.facebook.com\/funiber\",\"https:\/\/twitter.com\/FUNIBER\",\"https:\/\/www.instagram.com\/funiber_becas\",\"https:\/\/www.youtube.com\/user\/funiber\",\"https:\/\/www.linkedin.com\/company\/funiber\"]},{\"@type\":\"Person\",\"@id\":\"https:\/\/blogs.funiber.org\/pt\/#\/schema\/person\/a1eaaa5e57eac866a8c5946946bcf80d\",\"name\":\"Michelle\",\"image\":{\"@type\":\"ImageObject\",\"inLanguage\":\"pt-BR\",\"@id\":\"https:\/\/blogs.funiber.org\/pt\/#\/schema\/person\/image\/\",\"url\":\"https:\/\/secure.gravatar.com\/avatar\/5e87041f7609dc50493cf216754fece1?s=96&d=mm&r=g\",\"contentUrl\":\"https:\/\/secure.gravatar.com\/avatar\/5e87041f7609dc50493cf216754fece1?s=96&d=mm&r=g\",\"caption\":\"Michelle\"},\"url\":\"https:\/\/www.funiber.blog\/pt\/author\/michelle-moreira\"}]}<\/script>\n<!-- \/ Yoast SEO plugin. -->","yoast_head_json":{"title":"Portal Global Weirding mostra o futuro do aquecimento global - FuniBlogs - FUNIBER","robots":{"index":"index","follow":"follow","max-snippet":"max-snippet:-1","max-image-preview":"max-image-preview:large","max-video-preview":"max-video-preview:-1"},"canonical":"https:\/\/blogs.funiber.org\/pt\/meio-ambiente\/2014\/12\/12\/portal-global-weirding-mostra-o-futuro-do-aquecimento-global","og_locale":"pt_BR","og_type":"article","og_title":"Portal Global Weirding mostra o futuro do aquecimento global - FuniBlogs - FUNIBER","og_description":"O Quinto Relat\u00f3rio de Avalia\u00e7\u00e3o do IPCC (AR5) identificou que o aquecimento global foi causado pelo homem e \u00e9 necess\u00e1rio adotar medidas para mitigar os efeitos do aumento da temperatura no planeta nas pr\u00f3ximas d\u00e9cadas. O AR5 fornece uma riqueza de informa\u00e7\u00e3o e previs\u00f5es acerca da mudan\u00e7a clim\u00e1tica para as pr\u00f3ximas d\u00e9cadas, mas o relat\u00f3rio [&hellip;]","og_url":"https:\/\/blogs.funiber.org\/pt\/meio-ambiente\/2014\/12\/12\/portal-global-weirding-mostra-o-futuro-do-aquecimento-global","og_site_name":"FuniBlogs - FUNIBER","article_publisher":"https:\/\/www.facebook.com\/funiber","article_published_time":"2014-12-12T12:20:22+00:00","og_image":[{"width":412,"height":258,"url":"https:\/\/blogs.funiber.org\/pt\/wp-content\/uploads\/2014\/12\/AMB_mudanca_clima.jpg","type":"image\/jpeg"}],"author":"Michelle","twitter_card":"summary_large_image","twitter_creator":"@FUNIBER","twitter_site":"@FUNIBER","twitter_misc":{"Escrito por":"Michelle","Est. tempo de leitura":"4 minutos"},"schema":{"@context":"https:\/\/schema.org","@graph":[{"@type":"Article","@id":"https:\/\/blogs.funiber.org\/pt\/meio-ambiente\/2014\/12\/12\/portal-global-weirding-mostra-o-futuro-do-aquecimento-global#article","isPartOf":{"@id":"https:\/\/blogs.funiber.org\/pt\/meio-ambiente\/2014\/12\/12\/portal-global-weirding-mostra-o-futuro-do-aquecimento-global"},"author":{"name":"Michelle","@id":"https:\/\/blogs.funiber.org\/pt\/#\/schema\/person\/a1eaaa5e57eac866a8c5946946bcf80d"},"headline":"Portal Global Weirding mostra o futuro do aquecimento global","datePublished":"2014-12-12T12:20:22+00:00","dateModified":"2014-12-12T12:20:22+00:00","mainEntityOfPage":{"@id":"https:\/\/blogs.funiber.org\/pt\/meio-ambiente\/2014\/12\/12\/portal-global-weirding-mostra-o-futuro-do-aquecimento-global"},"wordCount":901,"publisher":{"@id":"https:\/\/blogs.funiber.org\/pt\/#organization"},"keywords":["Aquecimento Global"],"articleSection":["Meio Ambiente"],"inLanguage":"pt-BR"},{"@type":"WebPage","@id":"https:\/\/blogs.funiber.org\/pt\/meio-ambiente\/2014\/12\/12\/portal-global-weirding-mostra-o-futuro-do-aquecimento-global","url":"https:\/\/blogs.funiber.org\/pt\/meio-ambiente\/2014\/12\/12\/portal-global-weirding-mostra-o-futuro-do-aquecimento-global","name":"Portal Global Weirding mostra o futuro do aquecimento global - FuniBlogs - FUNIBER","isPartOf":{"@id":"https:\/\/blogs.funiber.org\/pt\/#website"},"datePublished":"2014-12-12T12:20:22+00:00","dateModified":"2014-12-12T12:20:22+00:00","breadcrumb":{"@id":"https:\/\/blogs.funiber.org\/pt\/meio-ambiente\/2014\/12\/12\/portal-global-weirding-mostra-o-futuro-do-aquecimento-global#breadcrumb"},"inLanguage":"pt-BR","potentialAction":[{"@type":"ReadAction","target":["https:\/\/blogs.funiber.org\/pt\/meio-ambiente\/2014\/12\/12\/portal-global-weirding-mostra-o-futuro-do-aquecimento-global"]}]},{"@type":"BreadcrumbList","@id":"https:\/\/blogs.funiber.org\/pt\/meio-ambiente\/2014\/12\/12\/portal-global-weirding-mostra-o-futuro-do-aquecimento-global#breadcrumb","itemListElement":[{"@type":"ListItem","position":1,"name":"In\u00edcio","item":"https:\/\/blogs.funiber.org\/pt"},{"@type":"ListItem","position":2,"name":"Portal Global Weirding mostra o futuro do aquecimento global"}]},{"@type":"WebSite","@id":"https:\/\/blogs.funiber.org\/pt\/#website","url":"https:\/\/blogs.funiber.org\/pt\/","name":"FuniBlogs - FUNIBER","description":"","publisher":{"@id":"https:\/\/blogs.funiber.org\/pt\/#organization"},"potentialAction":[{"@type":"SearchAction","target":{"@type":"EntryPoint","urlTemplate":"https:\/\/blogs.funiber.org\/pt\/?s={search_term_string}"},"query-input":"required name=search_term_string"}],"inLanguage":"pt-BR"},{"@type":"Organization","@id":"https:\/\/blogs.funiber.org\/pt\/#organization","name":"FuniBlogs - FUNIBER","url":"https:\/\/blogs.funiber.org\/pt\/","logo":{"@type":"ImageObject","inLanguage":"pt-BR","@id":"https:\/\/blogs.funiber.org\/pt\/#\/schema\/logo\/image\/","url":"https:\/\/www.funiber.blog\/pt\/wp-content\/uploads\/2022\/02\/logo-funiber-pt-br-v-dos.svg","contentUrl":"https:\/\/www.funiber.blog\/pt\/wp-content\/uploads\/2022\/02\/logo-funiber-pt-br-v-dos.svg","width":1,"height":1,"caption":"FuniBlogs - FUNIBER"},"image":{"@id":"https:\/\/blogs.funiber.org\/pt\/#\/schema\/logo\/image\/"},"sameAs":["https:\/\/www.facebook.com\/funiber","https:\/\/twitter.com\/FUNIBER","https:\/\/www.instagram.com\/funiber_becas","https:\/\/www.youtube.com\/user\/funiber","https:\/\/www.linkedin.com\/company\/funiber"]},{"@type":"Person","@id":"https:\/\/blogs.funiber.org\/pt\/#\/schema\/person\/a1eaaa5e57eac866a8c5946946bcf80d","name":"Michelle","image":{"@type":"ImageObject","inLanguage":"pt-BR","@id":"https:\/\/blogs.funiber.org\/pt\/#\/schema\/person\/image\/","url":"https:\/\/secure.gravatar.com\/avatar\/5e87041f7609dc50493cf216754fece1?s=96&d=mm&r=g","contentUrl":"https:\/\/secure.gravatar.com\/avatar\/5e87041f7609dc50493cf216754fece1?s=96&d=mm&r=g","caption":"Michelle"},"url":"https:\/\/www.funiber.blog\/pt\/author\/michelle-moreira"}]}},"jetpack_featured_media_url":"https:\/\/www.funiber.blog\/pt\/wp-content\/uploads\/2014\/12\/AMB_mudanca_clima.jpg","jetpack_shortlink":"https:\/\/wp.me\/p7ee1t-1yB","jetpack_sharing_enabled":true,"_links":{"self":[{"href":"https:\/\/www.funiber.blog\/pt\/wp-json\/wp\/v2\/posts\/5989"}],"collection":[{"href":"https:\/\/www.funiber.blog\/pt\/wp-json\/wp\/v2\/posts"}],"about":[{"href":"https:\/\/www.funiber.blog\/pt\/wp-json\/wp\/v2\/types\/post"}],"author":[{"embeddable":true,"href":"https:\/\/www.funiber.blog\/pt\/wp-json\/wp\/v2\/users\/10"}],"replies":[{"embeddable":true,"href":"https:\/\/www.funiber.blog\/pt\/wp-json\/wp\/v2\/comments?post=5989"}],"version-history":[{"count":2,"href":"https:\/\/www.funiber.blog\/pt\/wp-json\/wp\/v2\/posts\/5989\/revisions"}],"predecessor-version":[{"id":5992,"href":"https:\/\/www.funiber.blog\/pt\/wp-json\/wp\/v2\/posts\/5989\/revisions\/5992"}],"wp:featuredmedia":[{"embeddable":true,"href":"https:\/\/www.funiber.blog\/pt\/wp-json\/wp\/v2\/media\/5990"}],"wp:attachment":[{"href":"https:\/\/www.funiber.blog\/pt\/wp-json\/wp\/v2\/media?parent=5989"}],"wp:term":[{"taxonomy":"category","embeddable":true,"href":"https:\/\/www.funiber.blog\/pt\/wp-json\/wp\/v2\/categories?post=5989"},{"taxonomy":"post_tag","embeddable":true,"href":"https:\/\/www.funiber.blog\/pt\/wp-json\/wp\/v2\/tags?post=5989"}],"curies":[{"name":"wp","href":"https:\/\/api.w.org\/{rel}","templated":true}]}}