{"id":6203,"date":"2015-02-09T14:00:55","date_gmt":"2015-02-09T14:00:55","guid":{"rendered":"http:\/\/blogs.funiber.org\/pt\/?p=6203"},"modified":"2015-02-09T14:03:30","modified_gmt":"2015-02-09T14:03:30","slug":"congresso-sobre-educacao-e-aprendizagem-recebe-propostas","status":"publish","type":"post","link":"https:\/\/www.funiber.blog\/pt\/formacao-professores\/2015\/02\/09\/congresso-sobre-educacao-e-aprendizagem-recebe-propostas","title":{"rendered":"Congresso sobre educa\u00e7\u00e3o e aprendizagem recebe propostas"},"content":{"rendered":"<p>Est\u00e1 aberto o prazo para o envio de propostas para participar do <b>XXII Congresso Internacional sobre Educa\u00e7\u00e3o e Aprendizagem<\/b> que acontece entre os dias 9 e 11 de julho de 2015, em Madri (Espanha). Para participar, o interessado deve detalhar o tipo de proposta, os m\u00e9todos e o enfoque do trabalho, e enviar at\u00e9 o dia 9 de mar\u00e7o atrav\u00e9s do site <a href=\"http:\/\/fnbr.es\/yx\">http:\/\/fnbr.es\/yx<\/a>. As propostas podem ser enviadas em espanhol e em portugu\u00eas.<!--more--><\/p>\n<p>O Congresso vai abordar a educa\u00e7\u00e3o e a aprendizagem atrav\u00e9s das tem\u00e1ticas:<\/p>\n<ul>\n<li>Pedagogia e conhecimento<\/li>\n<li>Avalia\u00e7\u00e3o e medi\u00e7\u00e3o da qualidade educativa<\/li>\n<li>A aprendizagem na educa\u00e7\u00e3o superior<\/li>\n<li>Organiza\u00e7\u00e3o educativa e lideran\u00e7a<\/li>\n<li>Educa\u00e7\u00e3o pre-escolar<\/li>\n<li>Adulto, comunidade e aprendizagem profissional<\/li>\n<li>Diversidade e identidades na aula<\/li>\n<li>A tecnolog\u00eda na educa\u00e7\u00e3o<\/li>\n<li>Alfabetiza\u00e7\u00e3o e aprendizagem de outros idiomas<\/li>\n<li>Aprendizagem das ci\u00eancias, das matem\u00e1ticas e da tecnologia<\/li>\n<\/ul>\n<p>Todos os participantes inscritos t\u00eam a op\u00e7\u00e3o de enviar artigos para a Revista Internacional de Educa\u00e7\u00e3o e Linguagem. Os artigos apresentados ser\u00e3o revisados para sele\u00e7\u00e3o.<\/p>\n<p>Os valores de inscri\u00e7\u00e3o dependem dos dias de assist\u00eancia e do prazo de pagamento. Conhe\u00e7a os valores na p\u00e1gina: <a href=\"http:\/\/fnbr.es\/yy\">http:\/\/fnbr.es\/yy<\/a><\/p>\n<p>Foto: Alguns direitos reservados por <a title=\"Ir a la galer\u00eda de Fotos GOVBA\" href=\"https:\/\/www.flickr.com\/photos\/agecombahia\/\"><b>Fotos GOVBA<\/b><\/a>\/Flickr.<\/p>\n<p>&nbsp;<\/p>\n<p>Forma\u00e7\u00e3o ampla e atualizada, que colabora para o desenvolvimento das compet\u00eancias acad\u00eamicas e profissionais para o ensino em qualquer dos contextos de ensino-aprendizagem. Saiba mais sobre os programas de estudo em Forma\u00e7\u00e3o de Professores da <strong>FUNIBER<\/strong> em\u00a0<a href=\"http:\/\/www.funiber.org.br\/areas-de-conhecimento\/formacao-de-professores\/\">http:\/\/www.funiber.org.br\/areas-de-conhecimento\/formacao-de-professores\/<\/a><\/p>\n","protected":false},"excerpt":{"rendered":"<p>Est\u00e1 aberto o prazo para o envio de propostas para participar do XXII Congresso Internacional sobre Educa\u00e7\u00e3o e Aprendizagem que acontece entre os dias 9 e 11 de julho de 2015, em Madri (Espanha). Para participar, o interessado deve detalhar o tipo de proposta, os m\u00e9todos e o enfoque do trabalho, e enviar at\u00e9 o [&hellip;]<\/p>\n","protected":false},"author":10,"featured_media":6204,"comment_status":"closed","ping_status":"closed","sticky":false,"template":"","format":"standard","meta":{"jetpack_post_was_ever_published":false,"_jetpack_newsletter_access":"","_jetpack_newsletter_tier_id":0,"footnotes":"","jetpack_publicize_message":"","jetpack_is_tweetstorm":false,"jetpack_publicize_feature_enabled":true,"jetpack_social_post_already_shared":false,"jetpack_social_options":{"image_generator_settings":{"template":"highway","enabled":false}}},"categories":[5],"tags":[251,285],"jetpack_publicize_connections":[],"yoast_head":"<!-- This site is optimized with the Yoast SEO plugin v21.7 - https:\/\/yoast.com\/wordpress\/plugins\/seo\/ -->\n<title>Congresso sobre educa\u00e7\u00e3o e aprendizagem recebe propostas - FuniBlogs - FUNIBER<\/title>\n<meta name=\"robots\" content=\"index, follow, max-snippet:-1, max-image-preview:large, max-video-preview:-1\" \/>\n<link rel=\"canonical\" href=\"https:\/\/blogs.funiber.org\/pt\/formacao-professores\/2015\/02\/09\/congresso-sobre-educacao-e-aprendizagem-recebe-propostas\" \/>\n<meta property=\"og:locale\" content=\"pt_BR\" \/>\n<meta property=\"og:type\" content=\"article\" \/>\n<meta property=\"og:title\" content=\"Congresso sobre educa\u00e7\u00e3o e aprendizagem recebe propostas - FuniBlogs - FUNIBER\" \/>\n<meta property=\"og:description\" content=\"Est\u00e1 aberto o prazo para o envio de propostas para participar do XXII Congresso Internacional sobre Educa\u00e7\u00e3o e Aprendizagem que acontece entre os dias 9 e 11 de julho de 2015, em Madri (Espanha). Para participar, o interessado deve detalhar o tipo de proposta, os m\u00e9todos e o enfoque do trabalho, e enviar at\u00e9 o [&hellip;]\" \/>\n<meta property=\"og:url\" content=\"https:\/\/blogs.funiber.org\/pt\/formacao-professores\/2015\/02\/09\/congresso-sobre-educacao-e-aprendizagem-recebe-propostas\" \/>\n<meta property=\"og:site_name\" content=\"FuniBlogs - FUNIBER\" \/>\n<meta property=\"article:publisher\" content=\"https:\/\/www.facebook.com\/funiber\" \/>\n<meta property=\"article:published_time\" content=\"2015-02-09T14:00:55+00:00\" \/>\n<meta property=\"article:modified_time\" content=\"2015-02-09T14:03:30+00:00\" \/>\n<meta property=\"og:image\" content=\"https:\/\/blogs.funiber.org\/pt\/wp-content\/uploads\/2015\/02\/7923298522_beb68e1586_z.jpg\" \/>\n\t<meta property=\"og:image:width\" content=\"640\" \/>\n\t<meta property=\"og:image:height\" content=\"427\" \/>\n\t<meta property=\"og:image:type\" content=\"image\/jpeg\" \/>\n<meta name=\"author\" content=\"Michelle\" \/>\n<meta name=\"twitter:card\" content=\"summary_large_image\" \/>\n<meta name=\"twitter:creator\" content=\"@FUNIBER\" \/>\n<meta name=\"twitter:site\" content=\"@FUNIBER\" \/>\n<meta name=\"twitter:label1\" content=\"Escrito por\" \/>\n\t<meta name=\"twitter:data1\" content=\"Michelle\" \/>\n\t<meta name=\"twitter:label2\" content=\"Est. tempo de leitura\" \/>\n\t<meta name=\"twitter:data2\" content=\"1 minuto\" \/>\n<script type=\"application\/ld+json\" class=\"yoast-schema-graph\">{\"@context\":\"https:\/\/schema.org\",\"@graph\":[{\"@type\":\"Article\",\"@id\":\"https:\/\/blogs.funiber.org\/pt\/formacao-professores\/2015\/02\/09\/congresso-sobre-educacao-e-aprendizagem-recebe-propostas#article\",\"isPartOf\":{\"@id\":\"https:\/\/blogs.funiber.org\/pt\/formacao-professores\/2015\/02\/09\/congresso-sobre-educacao-e-aprendizagem-recebe-propostas\"},\"author\":{\"name\":\"Michelle\",\"@id\":\"https:\/\/blogs.funiber.org\/pt\/#\/schema\/person\/a1eaaa5e57eac866a8c5946946bcf80d\"},\"headline\":\"Congresso sobre educa\u00e7\u00e3o e aprendizagem recebe propostas\",\"datePublished\":\"2015-02-09T14:00:55+00:00\",\"dateModified\":\"2015-02-09T14:03:30+00:00\",\"mainEntityOfPage\":{\"@id\":\"https:\/\/blogs.funiber.org\/pt\/formacao-professores\/2015\/02\/09\/congresso-sobre-educacao-e-aprendizagem-recebe-propostas\"},\"wordCount\":273,\"publisher\":{\"@id\":\"https:\/\/blogs.funiber.org\/pt\/#organization\"},\"keywords\":[\"Congresso\",\"Educa\u00e7\u00e3o\"],\"articleSection\":[\"Educa\u00e7\u00e3o,\u00a0Forma\u00e7\u00e3o Professores\"],\"inLanguage\":\"pt-BR\"},{\"@type\":\"WebPage\",\"@id\":\"https:\/\/blogs.funiber.org\/pt\/formacao-professores\/2015\/02\/09\/congresso-sobre-educacao-e-aprendizagem-recebe-propostas\",\"url\":\"https:\/\/blogs.funiber.org\/pt\/formacao-professores\/2015\/02\/09\/congresso-sobre-educacao-e-aprendizagem-recebe-propostas\",\"name\":\"Congresso sobre educa\u00e7\u00e3o e aprendizagem recebe propostas - FuniBlogs - FUNIBER\",\"isPartOf\":{\"@id\":\"https:\/\/blogs.funiber.org\/pt\/#website\"},\"datePublished\":\"2015-02-09T14:00:55+00:00\",\"dateModified\":\"2015-02-09T14:03:30+00:00\",\"breadcrumb\":{\"@id\":\"https:\/\/blogs.funiber.org\/pt\/formacao-professores\/2015\/02\/09\/congresso-sobre-educacao-e-aprendizagem-recebe-propostas#breadcrumb\"},\"inLanguage\":\"pt-BR\",\"potentialAction\":[{\"@type\":\"ReadAction\",\"target\":[\"https:\/\/blogs.funiber.org\/pt\/formacao-professores\/2015\/02\/09\/congresso-sobre-educacao-e-aprendizagem-recebe-propostas\"]}]},{\"@type\":\"BreadcrumbList\",\"@id\":\"https:\/\/blogs.funiber.org\/pt\/formacao-professores\/2015\/02\/09\/congresso-sobre-educacao-e-aprendizagem-recebe-propostas#breadcrumb\",\"itemListElement\":[{\"@type\":\"ListItem\",\"position\":1,\"name\":\"In\u00edcio\",\"item\":\"https:\/\/blogs.funiber.org\/pt\"},{\"@type\":\"ListItem\",\"position\":2,\"name\":\"Congresso sobre educa\u00e7\u00e3o e aprendizagem recebe propostas\"}]},{\"@type\":\"WebSite\",\"@id\":\"https:\/\/blogs.funiber.org\/pt\/#website\",\"url\":\"https:\/\/blogs.funiber.org\/pt\/\",\"name\":\"FuniBlogs - FUNIBER\",\"description\":\"\",\"publisher\":{\"@id\":\"https:\/\/blogs.funiber.org\/pt\/#organization\"},\"potentialAction\":[{\"@type\":\"SearchAction\",\"target\":{\"@type\":\"EntryPoint\",\"urlTemplate\":\"https:\/\/blogs.funiber.org\/pt\/?s={search_term_string}\"},\"query-input\":\"required name=search_term_string\"}],\"inLanguage\":\"pt-BR\"},{\"@type\":\"Organization\",\"@id\":\"https:\/\/blogs.funiber.org\/pt\/#organization\",\"name\":\"FuniBlogs - FUNIBER\",\"url\":\"https:\/\/blogs.funiber.org\/pt\/\",\"logo\":{\"@type\":\"ImageObject\",\"inLanguage\":\"pt-BR\",\"@id\":\"https:\/\/blogs.funiber.org\/pt\/#\/schema\/logo\/image\/\",\"url\":\"https:\/\/www.funiber.blog\/pt\/wp-content\/uploads\/2022\/02\/logo-funiber-pt-br-v-dos.svg\",\"contentUrl\":\"https:\/\/www.funiber.blog\/pt\/wp-content\/uploads\/2022\/02\/logo-funiber-pt-br-v-dos.svg\",\"width\":1,\"height\":1,\"caption\":\"FuniBlogs - FUNIBER\"},\"image\":{\"@id\":\"https:\/\/blogs.funiber.org\/pt\/#\/schema\/logo\/image\/\"},\"sameAs\":[\"https:\/\/www.facebook.com\/funiber\",\"https:\/\/twitter.com\/FUNIBER\",\"https:\/\/www.instagram.com\/funiber_becas\",\"https:\/\/www.youtube.com\/user\/funiber\",\"https:\/\/www.linkedin.com\/company\/funiber\"]},{\"@type\":\"Person\",\"@id\":\"https:\/\/blogs.funiber.org\/pt\/#\/schema\/person\/a1eaaa5e57eac866a8c5946946bcf80d\",\"name\":\"Michelle\",\"image\":{\"@type\":\"ImageObject\",\"inLanguage\":\"pt-BR\",\"@id\":\"https:\/\/blogs.funiber.org\/pt\/#\/schema\/person\/image\/\",\"url\":\"https:\/\/secure.gravatar.com\/avatar\/5e87041f7609dc50493cf216754fece1?s=96&d=mm&r=g\",\"contentUrl\":\"https:\/\/secure.gravatar.com\/avatar\/5e87041f7609dc50493cf216754fece1?s=96&d=mm&r=g\",\"caption\":\"Michelle\"},\"url\":\"https:\/\/www.funiber.blog\/pt\/author\/michelle-moreira\"}]}<\/script>\n<!-- \/ Yoast SEO plugin. -->","yoast_head_json":{"title":"Congresso sobre educa\u00e7\u00e3o e aprendizagem recebe propostas - FuniBlogs - FUNIBER","robots":{"index":"index","follow":"follow","max-snippet":"max-snippet:-1","max-image-preview":"max-image-preview:large","max-video-preview":"max-video-preview:-1"},"canonical":"https:\/\/blogs.funiber.org\/pt\/formacao-professores\/2015\/02\/09\/congresso-sobre-educacao-e-aprendizagem-recebe-propostas","og_locale":"pt_BR","og_type":"article","og_title":"Congresso sobre educa\u00e7\u00e3o e aprendizagem recebe propostas - FuniBlogs - FUNIBER","og_description":"Est\u00e1 aberto o prazo para o envio de propostas para participar do XXII Congresso Internacional sobre Educa\u00e7\u00e3o e Aprendizagem que acontece entre os dias 9 e 11 de julho de 2015, em Madri (Espanha). Para participar, o interessado deve detalhar o tipo de proposta, os m\u00e9todos e o enfoque do trabalho, e enviar at\u00e9 o [&hellip;]","og_url":"https:\/\/blogs.funiber.org\/pt\/formacao-professores\/2015\/02\/09\/congresso-sobre-educacao-e-aprendizagem-recebe-propostas","og_site_name":"FuniBlogs - FUNIBER","article_publisher":"https:\/\/www.facebook.com\/funiber","article_published_time":"2015-02-09T14:00:55+00:00","article_modified_time":"2015-02-09T14:03:30+00:00","og_image":[{"width":640,"height":427,"url":"https:\/\/blogs.funiber.org\/pt\/wp-content\/uploads\/2015\/02\/7923298522_beb68e1586_z.jpg","type":"image\/jpeg"}],"author":"Michelle","twitter_card":"summary_large_image","twitter_creator":"@FUNIBER","twitter_site":"@FUNIBER","twitter_misc":{"Escrito por":"Michelle","Est. tempo de leitura":"1 minuto"},"schema":{"@context":"https:\/\/schema.org","@graph":[{"@type":"Article","@id":"https:\/\/blogs.funiber.org\/pt\/formacao-professores\/2015\/02\/09\/congresso-sobre-educacao-e-aprendizagem-recebe-propostas#article","isPartOf":{"@id":"https:\/\/blogs.funiber.org\/pt\/formacao-professores\/2015\/02\/09\/congresso-sobre-educacao-e-aprendizagem-recebe-propostas"},"author":{"name":"Michelle","@id":"https:\/\/blogs.funiber.org\/pt\/#\/schema\/person\/a1eaaa5e57eac866a8c5946946bcf80d"},"headline":"Congresso sobre educa\u00e7\u00e3o e aprendizagem recebe propostas","datePublished":"2015-02-09T14:00:55+00:00","dateModified":"2015-02-09T14:03:30+00:00","mainEntityOfPage":{"@id":"https:\/\/blogs.funiber.org\/pt\/formacao-professores\/2015\/02\/09\/congresso-sobre-educacao-e-aprendizagem-recebe-propostas"},"wordCount":273,"publisher":{"@id":"https:\/\/blogs.funiber.org\/pt\/#organization"},"keywords":["Congresso","Educa\u00e7\u00e3o"],"articleSection":["Educa\u00e7\u00e3o,\u00a0Forma\u00e7\u00e3o Professores"],"inLanguage":"pt-BR"},{"@type":"WebPage","@id":"https:\/\/blogs.funiber.org\/pt\/formacao-professores\/2015\/02\/09\/congresso-sobre-educacao-e-aprendizagem-recebe-propostas","url":"https:\/\/blogs.funiber.org\/pt\/formacao-professores\/2015\/02\/09\/congresso-sobre-educacao-e-aprendizagem-recebe-propostas","name":"Congresso sobre educa\u00e7\u00e3o e aprendizagem recebe propostas - FuniBlogs - FUNIBER","isPartOf":{"@id":"https:\/\/blogs.funiber.org\/pt\/#website"},"datePublished":"2015-02-09T14:00:55+00:00","dateModified":"2015-02-09T14:03:30+00:00","breadcrumb":{"@id":"https:\/\/blogs.funiber.org\/pt\/formacao-professores\/2015\/02\/09\/congresso-sobre-educacao-e-aprendizagem-recebe-propostas#breadcrumb"},"inLanguage":"pt-BR","potentialAction":[{"@type":"ReadAction","target":["https:\/\/blogs.funiber.org\/pt\/formacao-professores\/2015\/02\/09\/congresso-sobre-educacao-e-aprendizagem-recebe-propostas"]}]},{"@type":"BreadcrumbList","@id":"https:\/\/blogs.funiber.org\/pt\/formacao-professores\/2015\/02\/09\/congresso-sobre-educacao-e-aprendizagem-recebe-propostas#breadcrumb","itemListElement":[{"@type":"ListItem","position":1,"name":"In\u00edcio","item":"https:\/\/blogs.funiber.org\/pt"},{"@type":"ListItem","position":2,"name":"Congresso sobre educa\u00e7\u00e3o e aprendizagem recebe propostas"}]},{"@type":"WebSite","@id":"https:\/\/blogs.funiber.org\/pt\/#website","url":"https:\/\/blogs.funiber.org\/pt\/","name":"FuniBlogs - FUNIBER","description":"","publisher":{"@id":"https:\/\/blogs.funiber.org\/pt\/#organization"},"potentialAction":[{"@type":"SearchAction","target":{"@type":"EntryPoint","urlTemplate":"https:\/\/blogs.funiber.org\/pt\/?s={search_term_string}"},"query-input":"required name=search_term_string"}],"inLanguage":"pt-BR"},{"@type":"Organization","@id":"https:\/\/blogs.funiber.org\/pt\/#organization","name":"FuniBlogs - FUNIBER","url":"https:\/\/blogs.funiber.org\/pt\/","logo":{"@type":"ImageObject","inLanguage":"pt-BR","@id":"https:\/\/blogs.funiber.org\/pt\/#\/schema\/logo\/image\/","url":"https:\/\/www.funiber.blog\/pt\/wp-content\/uploads\/2022\/02\/logo-funiber-pt-br-v-dos.svg","contentUrl":"https:\/\/www.funiber.blog\/pt\/wp-content\/uploads\/2022\/02\/logo-funiber-pt-br-v-dos.svg","width":1,"height":1,"caption":"FuniBlogs - FUNIBER"},"image":{"@id":"https:\/\/blogs.funiber.org\/pt\/#\/schema\/logo\/image\/"},"sameAs":["https:\/\/www.facebook.com\/funiber","https:\/\/twitter.com\/FUNIBER","https:\/\/www.instagram.com\/funiber_becas","https:\/\/www.youtube.com\/user\/funiber","https:\/\/www.linkedin.com\/company\/funiber"]},{"@type":"Person","@id":"https:\/\/blogs.funiber.org\/pt\/#\/schema\/person\/a1eaaa5e57eac866a8c5946946bcf80d","name":"Michelle","image":{"@type":"ImageObject","inLanguage":"pt-BR","@id":"https:\/\/blogs.funiber.org\/pt\/#\/schema\/person\/image\/","url":"https:\/\/secure.gravatar.com\/avatar\/5e87041f7609dc50493cf216754fece1?s=96&d=mm&r=g","contentUrl":"https:\/\/secure.gravatar.com\/avatar\/5e87041f7609dc50493cf216754fece1?s=96&d=mm&r=g","caption":"Michelle"},"url":"https:\/\/www.funiber.blog\/pt\/author\/michelle-moreira"}]}},"jetpack_featured_media_url":"https:\/\/www.funiber.blog\/pt\/wp-content\/uploads\/2015\/02\/7923298522_beb68e1586_z.jpg","jetpack_shortlink":"https:\/\/wp.me\/p7ee1t-1C3","jetpack_sharing_enabled":true,"_links":{"self":[{"href":"https:\/\/www.funiber.blog\/pt\/wp-json\/wp\/v2\/posts\/6203"}],"collection":[{"href":"https:\/\/www.funiber.blog\/pt\/wp-json\/wp\/v2\/posts"}],"about":[{"href":"https:\/\/www.funiber.blog\/pt\/wp-json\/wp\/v2\/types\/post"}],"author":[{"embeddable":true,"href":"https:\/\/www.funiber.blog\/pt\/wp-json\/wp\/v2\/users\/10"}],"replies":[{"embeddable":true,"href":"https:\/\/www.funiber.blog\/pt\/wp-json\/wp\/v2\/comments?post=6203"}],"version-history":[{"count":5,"href":"https:\/\/www.funiber.blog\/pt\/wp-json\/wp\/v2\/posts\/6203\/revisions"}],"predecessor-version":[{"id":6207,"href":"https:\/\/www.funiber.blog\/pt\/wp-json\/wp\/v2\/posts\/6203\/revisions\/6207"}],"wp:featuredmedia":[{"embeddable":true,"href":"https:\/\/www.funiber.blog\/pt\/wp-json\/wp\/v2\/media\/6204"}],"wp:attachment":[{"href":"https:\/\/www.funiber.blog\/pt\/wp-json\/wp\/v2\/media?parent=6203"}],"wp:term":[{"taxonomy":"category","embeddable":true,"href":"https:\/\/www.funiber.blog\/pt\/wp-json\/wp\/v2\/categories?post=6203"},{"taxonomy":"post_tag","embeddable":true,"href":"https:\/\/www.funiber.blog\/pt\/wp-json\/wp\/v2\/tags?post=6203"}],"curies":[{"name":"wp","href":"https:\/\/api.w.org\/{rel}","templated":true}]}}