{"id":6321,"date":"2015-03-04T13:00:22","date_gmt":"2015-03-04T13:00:22","guid":{"rendered":"http:\/\/blogs.funiber.org\/pt\/?p=6321"},"modified":"2015-03-04T13:00:22","modified_gmt":"2015-03-04T13:00:22","slug":"iv-congresso-internacional-de-ensino-universitario-cindu-2015","status":"publish","type":"post","link":"https:\/\/www.funiber.blog\/pt\/formacao-professores\/2015\/03\/04\/iv-congresso-internacional-de-ensino-universitario-cindu-2015","title":{"rendered":"IV Congresso Internacional de Ensino Universit\u00e1rio CINDU 2015"},"content":{"rendered":"<p>A cidade de Vigo, na Espanha, vai receber entre os dias 25 e 27 de junho de 2015 o <a href=\"http:\/\/www.cindu2015.org\/index_po.html\" target=\"_blank\">IV Congresso Internacional de Ensino Universit\u00e1rio CINDU 2015<\/a>, que pretende ser um ponto de encontro para a troca de experi\u00eancias e de rela\u00e7\u00f5es entre professores, e outras pessoas interessadas no ensino superior.<!--more--><\/p>\n<p>A melhora da doc\u00eancia universit\u00e1ria depende do interc\u00e2mbio de experi\u00eancias e pr\u00e1ticas profissionais, al\u00e9m das pesquisas inovadoras na \u00e1rea que apontam caminhos para o ensino superior, num cen\u00e1rio em mudan\u00e7as. Com o uso das novas tecnologias e as transforma\u00e7\u00f5es sociais e de comportamento, a universidade est\u00e1 sofrendo um processo de moderniza\u00e7\u00e3o, assim como o perfil do professor universit\u00e1rio. O Congresso que acontece a cada dois anos espera debater estes e outros temas relacionados ao trabalho docente na universidade.<\/p>\n<p>Os interessados em assistir ao<a href=\"http:\/\/www.cindu2015.org\/index_po.html\" target=\"_blank\"> IV Congresso Internacional de Ensino Universit\u00e1rio CINDU 2015<\/a> t\u00eam at\u00e9 o dia 15 de maio para se inscrever. A taxa de <a href=\"http:\/\/www.cindu2015.org\/ins_po.html\">inscri\u00e7\u00e3o<\/a> (no valor de 200\u20ac) inclui documenta\u00e7\u00e3o do congresso e assist\u00eancia gratuita para todas as atividades programadas pelo encontro. As comunica\u00e7\u00f5es durante o Congresso estar\u00e3o em diferentes idiomas (portugu\u00eas, espanhol, italiano, franc\u00eas, catal\u00e3o, basco, ingl\u00eas e galego).<\/p>\n<p>Para obter mais informa\u00e7\u00f5es ou esclarecer d\u00favidas, contatar com o e-mail <a href=\"mailto:cindu@educacioneditora.org\">cindu@educacioneditora.org<\/a> ou atrav\u00e9s do site: <a href=\"http:\/\/fnbr.es\/107\">http:\/\/fnbr.es\/107<\/a><\/p>\n<p>Foto: Alguns direitos reservados por\u00a0<a title=\"Ir a la galer\u00eda de Universidad de Navarra\" href=\"https:\/\/www.flickr.com\/photos\/unav\/\" data-track=\"attributionNameClick\" data-rapid_p=\"25\">Universidad de Navarra<\/a>\/ Flickr.<\/p>\n<p>&nbsp;<\/p>\n<p>Forma\u00e7\u00e3o ampla e atualizada, que contribui para o desenvolvimento das compet\u00eancias acad\u00eamicas e profissionais necess\u00e1rias para o ensino em qualquer dos contextos de ensino-aprendizagem. Conhe\u00e7a mais sobre os programas de estudo em <a href=\"http:\/\/www.funiber.org.br\/areas-de-conhecimento\/formacao-de-professores\/\" target=\"_blank\">Forma\u00e7\u00e3o de Professores<\/a> da <a href=\"http:\/\/www.funiber.org.br\/\" target=\"_blank\">FUNIBER<\/a>.<\/p>\n","protected":false},"excerpt":{"rendered":"<p>A cidade de Vigo, na Espanha, vai receber entre os dias 25 e 27 de junho de 2015 o IV Congresso Internacional de Ensino Universit\u00e1rio CINDU 2015, que pretende ser um ponto de encontro para a troca de experi\u00eancias e de rela\u00e7\u00f5es entre professores, e outras pessoas interessadas no ensino superior.<\/p>\n","protected":false},"author":10,"featured_media":6322,"comment_status":"closed","ping_status":"closed","sticky":false,"template":"","format":"standard","meta":{"jetpack_post_was_ever_published":false,"_jetpack_newsletter_access":"","_jetpack_newsletter_tier_id":0,"footnotes":"","jetpack_publicize_message":"","jetpack_is_tweetstorm":false,"jetpack_publicize_feature_enabled":true,"jetpack_social_post_already_shared":false,"jetpack_social_options":{"image_generator_settings":{"template":"highway","enabled":false}}},"categories":[5],"tags":[321],"jetpack_publicize_connections":[],"yoast_head":"<!-- This site is optimized with the Yoast SEO plugin v21.7 - https:\/\/yoast.com\/wordpress\/plugins\/seo\/ -->\n<title>IV Congresso Internacional de Ensino Universit\u00e1rio CINDU 2015 - FuniBlogs - FUNIBER<\/title>\n<meta name=\"robots\" content=\"noindex, nofollow\" \/>\n<meta property=\"og:locale\" content=\"pt_BR\" \/>\n<meta property=\"og:type\" content=\"article\" \/>\n<meta property=\"og:title\" content=\"IV Congresso Internacional de Ensino Universit\u00e1rio CINDU 2015 - FuniBlogs - FUNIBER\" \/>\n<meta property=\"og:description\" content=\"A cidade de Vigo, na Espanha, vai receber entre os dias 25 e 27 de junho de 2015 o IV Congresso Internacional de Ensino Universit\u00e1rio CINDU 2015, que pretende ser um ponto de encontro para a troca de experi\u00eancias e de rela\u00e7\u00f5es entre professores, e outras pessoas interessadas no ensino superior.\" \/>\n<meta property=\"og:url\" content=\"https:\/\/blogs.funiber.org\/pt\/formacao-professores\/2015\/03\/04\/iv-congresso-internacional-de-ensino-universitario-cindu-2015\" \/>\n<meta property=\"og:site_name\" content=\"FuniBlogs - FUNIBER\" \/>\n<meta property=\"article:publisher\" content=\"https:\/\/www.facebook.com\/funiber\" \/>\n<meta property=\"article:published_time\" content=\"2015-03-04T13:00:22+00:00\" \/>\n<meta property=\"og:image\" content=\"https:\/\/blogs.funiber.org\/pt\/wp-content\/uploads\/2015\/03\/4184633582_6990d3512e_z.jpg\" \/>\n\t<meta property=\"og:image:width\" content=\"640\" \/>\n\t<meta property=\"og:image:height\" content=\"426\" \/>\n\t<meta property=\"og:image:type\" content=\"image\/jpeg\" \/>\n<meta name=\"author\" content=\"Michelle\" \/>\n<meta name=\"twitter:card\" content=\"summary_large_image\" \/>\n<meta name=\"twitter:creator\" content=\"@FUNIBER\" \/>\n<meta name=\"twitter:site\" content=\"@FUNIBER\" \/>\n<meta name=\"twitter:label1\" content=\"Escrito por\" \/>\n\t<meta name=\"twitter:data1\" content=\"Michelle\" \/>\n\t<meta name=\"twitter:label2\" content=\"Est. tempo de leitura\" \/>\n\t<meta name=\"twitter:data2\" content=\"1 minuto\" \/>\n<script type=\"application\/ld+json\" class=\"yoast-schema-graph\">{\"@context\":\"https:\/\/schema.org\",\"@graph\":[{\"@type\":\"Article\",\"@id\":\"https:\/\/blogs.funiber.org\/pt\/formacao-professores\/2015\/03\/04\/iv-congresso-internacional-de-ensino-universitario-cindu-2015#article\",\"isPartOf\":{\"@id\":\"https:\/\/blogs.funiber.org\/pt\/formacao-professores\/2015\/03\/04\/iv-congresso-internacional-de-ensino-universitario-cindu-2015\"},\"author\":{\"name\":\"Michelle\",\"@id\":\"https:\/\/blogs.funiber.org\/pt\/#\/schema\/person\/a1eaaa5e57eac866a8c5946946bcf80d\"},\"headline\":\"IV Congresso Internacional de Ensino Universit\u00e1rio CINDU 2015\",\"datePublished\":\"2015-03-04T13:00:22+00:00\",\"dateModified\":\"2015-03-04T13:00:22+00:00\",\"mainEntityOfPage\":{\"@id\":\"https:\/\/blogs.funiber.org\/pt\/formacao-professores\/2015\/03\/04\/iv-congresso-internacional-de-ensino-universitario-cindu-2015\"},\"wordCount\":295,\"publisher\":{\"@id\":\"https:\/\/blogs.funiber.org\/pt\/#organization\"},\"keywords\":[\"Ensino Superior\"],\"articleSection\":[\"Educa\u00e7\u00e3o,\u00a0Forma\u00e7\u00e3o Professores\"],\"inLanguage\":\"pt-BR\"},{\"@type\":\"WebPage\",\"@id\":\"https:\/\/blogs.funiber.org\/pt\/formacao-professores\/2015\/03\/04\/iv-congresso-internacional-de-ensino-universitario-cindu-2015\",\"url\":\"https:\/\/blogs.funiber.org\/pt\/formacao-professores\/2015\/03\/04\/iv-congresso-internacional-de-ensino-universitario-cindu-2015\",\"name\":\"IV Congresso Internacional de Ensino Universit\u00e1rio CINDU 2015 - FuniBlogs - FUNIBER\",\"isPartOf\":{\"@id\":\"https:\/\/blogs.funiber.org\/pt\/#website\"},\"datePublished\":\"2015-03-04T13:00:22+00:00\",\"dateModified\":\"2015-03-04T13:00:22+00:00\",\"breadcrumb\":{\"@id\":\"https:\/\/blogs.funiber.org\/pt\/formacao-professores\/2015\/03\/04\/iv-congresso-internacional-de-ensino-universitario-cindu-2015#breadcrumb\"},\"inLanguage\":\"pt-BR\",\"potentialAction\":[{\"@type\":\"ReadAction\",\"target\":[\"https:\/\/blogs.funiber.org\/pt\/formacao-professores\/2015\/03\/04\/iv-congresso-internacional-de-ensino-universitario-cindu-2015\"]}]},{\"@type\":\"BreadcrumbList\",\"@id\":\"https:\/\/blogs.funiber.org\/pt\/formacao-professores\/2015\/03\/04\/iv-congresso-internacional-de-ensino-universitario-cindu-2015#breadcrumb\",\"itemListElement\":[{\"@type\":\"ListItem\",\"position\":1,\"name\":\"In\u00edcio\",\"item\":\"https:\/\/blogs.funiber.org\/pt\"},{\"@type\":\"ListItem\",\"position\":2,\"name\":\"IV Congresso Internacional de Ensino Universit\u00e1rio CINDU 2015\"}]},{\"@type\":\"WebSite\",\"@id\":\"https:\/\/blogs.funiber.org\/pt\/#website\",\"url\":\"https:\/\/blogs.funiber.org\/pt\/\",\"name\":\"FuniBlogs - FUNIBER\",\"description\":\"\",\"publisher\":{\"@id\":\"https:\/\/blogs.funiber.org\/pt\/#organization\"},\"potentialAction\":[{\"@type\":\"SearchAction\",\"target\":{\"@type\":\"EntryPoint\",\"urlTemplate\":\"https:\/\/blogs.funiber.org\/pt\/?s={search_term_string}\"},\"query-input\":\"required name=search_term_string\"}],\"inLanguage\":\"pt-BR\"},{\"@type\":\"Organization\",\"@id\":\"https:\/\/blogs.funiber.org\/pt\/#organization\",\"name\":\"FuniBlogs - FUNIBER\",\"url\":\"https:\/\/blogs.funiber.org\/pt\/\",\"logo\":{\"@type\":\"ImageObject\",\"inLanguage\":\"pt-BR\",\"@id\":\"https:\/\/blogs.funiber.org\/pt\/#\/schema\/logo\/image\/\",\"url\":\"https:\/\/www.funiber.blog\/pt\/wp-content\/uploads\/2022\/02\/logo-funiber-pt-br-v-dos.svg\",\"contentUrl\":\"https:\/\/www.funiber.blog\/pt\/wp-content\/uploads\/2022\/02\/logo-funiber-pt-br-v-dos.svg\",\"width\":1,\"height\":1,\"caption\":\"FuniBlogs - FUNIBER\"},\"image\":{\"@id\":\"https:\/\/blogs.funiber.org\/pt\/#\/schema\/logo\/image\/\"},\"sameAs\":[\"https:\/\/www.facebook.com\/funiber\",\"https:\/\/twitter.com\/FUNIBER\",\"https:\/\/www.instagram.com\/funiber_becas\",\"https:\/\/www.youtube.com\/user\/funiber\",\"https:\/\/www.linkedin.com\/company\/funiber\"]},{\"@type\":\"Person\",\"@id\":\"https:\/\/blogs.funiber.org\/pt\/#\/schema\/person\/a1eaaa5e57eac866a8c5946946bcf80d\",\"name\":\"Michelle\",\"image\":{\"@type\":\"ImageObject\",\"inLanguage\":\"pt-BR\",\"@id\":\"https:\/\/blogs.funiber.org\/pt\/#\/schema\/person\/image\/\",\"url\":\"https:\/\/secure.gravatar.com\/avatar\/5e87041f7609dc50493cf216754fece1?s=96&d=mm&r=g\",\"contentUrl\":\"https:\/\/secure.gravatar.com\/avatar\/5e87041f7609dc50493cf216754fece1?s=96&d=mm&r=g\",\"caption\":\"Michelle\"},\"url\":\"https:\/\/www.funiber.blog\/pt\/author\/michelle-moreira\"}]}<\/script>\n<!-- \/ Yoast SEO plugin. -->","yoast_head_json":{"title":"IV Congresso Internacional de Ensino Universit\u00e1rio CINDU 2015 - FuniBlogs - FUNIBER","robots":{"index":"noindex","follow":"nofollow"},"og_locale":"pt_BR","og_type":"article","og_title":"IV Congresso Internacional de Ensino Universit\u00e1rio CINDU 2015 - FuniBlogs - FUNIBER","og_description":"A cidade de Vigo, na Espanha, vai receber entre os dias 25 e 27 de junho de 2015 o IV Congresso Internacional de Ensino Universit\u00e1rio CINDU 2015, que pretende ser um ponto de encontro para a troca de experi\u00eancias e de rela\u00e7\u00f5es entre professores, e outras pessoas interessadas no ensino superior.","og_url":"https:\/\/blogs.funiber.org\/pt\/formacao-professores\/2015\/03\/04\/iv-congresso-internacional-de-ensino-universitario-cindu-2015","og_site_name":"FuniBlogs - FUNIBER","article_publisher":"https:\/\/www.facebook.com\/funiber","article_published_time":"2015-03-04T13:00:22+00:00","og_image":[{"width":640,"height":426,"url":"https:\/\/blogs.funiber.org\/pt\/wp-content\/uploads\/2015\/03\/4184633582_6990d3512e_z.jpg","type":"image\/jpeg"}],"author":"Michelle","twitter_card":"summary_large_image","twitter_creator":"@FUNIBER","twitter_site":"@FUNIBER","twitter_misc":{"Escrito por":"Michelle","Est. tempo de leitura":"1 minuto"},"schema":{"@context":"https:\/\/schema.org","@graph":[{"@type":"Article","@id":"https:\/\/blogs.funiber.org\/pt\/formacao-professores\/2015\/03\/04\/iv-congresso-internacional-de-ensino-universitario-cindu-2015#article","isPartOf":{"@id":"https:\/\/blogs.funiber.org\/pt\/formacao-professores\/2015\/03\/04\/iv-congresso-internacional-de-ensino-universitario-cindu-2015"},"author":{"name":"Michelle","@id":"https:\/\/blogs.funiber.org\/pt\/#\/schema\/person\/a1eaaa5e57eac866a8c5946946bcf80d"},"headline":"IV Congresso Internacional de Ensino Universit\u00e1rio CINDU 2015","datePublished":"2015-03-04T13:00:22+00:00","dateModified":"2015-03-04T13:00:22+00:00","mainEntityOfPage":{"@id":"https:\/\/blogs.funiber.org\/pt\/formacao-professores\/2015\/03\/04\/iv-congresso-internacional-de-ensino-universitario-cindu-2015"},"wordCount":295,"publisher":{"@id":"https:\/\/blogs.funiber.org\/pt\/#organization"},"keywords":["Ensino Superior"],"articleSection":["Educa\u00e7\u00e3o,\u00a0Forma\u00e7\u00e3o Professores"],"inLanguage":"pt-BR"},{"@type":"WebPage","@id":"https:\/\/blogs.funiber.org\/pt\/formacao-professores\/2015\/03\/04\/iv-congresso-internacional-de-ensino-universitario-cindu-2015","url":"https:\/\/blogs.funiber.org\/pt\/formacao-professores\/2015\/03\/04\/iv-congresso-internacional-de-ensino-universitario-cindu-2015","name":"IV Congresso Internacional de Ensino Universit\u00e1rio CINDU 2015 - FuniBlogs - FUNIBER","isPartOf":{"@id":"https:\/\/blogs.funiber.org\/pt\/#website"},"datePublished":"2015-03-04T13:00:22+00:00","dateModified":"2015-03-04T13:00:22+00:00","breadcrumb":{"@id":"https:\/\/blogs.funiber.org\/pt\/formacao-professores\/2015\/03\/04\/iv-congresso-internacional-de-ensino-universitario-cindu-2015#breadcrumb"},"inLanguage":"pt-BR","potentialAction":[{"@type":"ReadAction","target":["https:\/\/blogs.funiber.org\/pt\/formacao-professores\/2015\/03\/04\/iv-congresso-internacional-de-ensino-universitario-cindu-2015"]}]},{"@type":"BreadcrumbList","@id":"https:\/\/blogs.funiber.org\/pt\/formacao-professores\/2015\/03\/04\/iv-congresso-internacional-de-ensino-universitario-cindu-2015#breadcrumb","itemListElement":[{"@type":"ListItem","position":1,"name":"In\u00edcio","item":"https:\/\/blogs.funiber.org\/pt"},{"@type":"ListItem","position":2,"name":"IV Congresso Internacional de Ensino Universit\u00e1rio CINDU 2015"}]},{"@type":"WebSite","@id":"https:\/\/blogs.funiber.org\/pt\/#website","url":"https:\/\/blogs.funiber.org\/pt\/","name":"FuniBlogs - FUNIBER","description":"","publisher":{"@id":"https:\/\/blogs.funiber.org\/pt\/#organization"},"potentialAction":[{"@type":"SearchAction","target":{"@type":"EntryPoint","urlTemplate":"https:\/\/blogs.funiber.org\/pt\/?s={search_term_string}"},"query-input":"required name=search_term_string"}],"inLanguage":"pt-BR"},{"@type":"Organization","@id":"https:\/\/blogs.funiber.org\/pt\/#organization","name":"FuniBlogs - FUNIBER","url":"https:\/\/blogs.funiber.org\/pt\/","logo":{"@type":"ImageObject","inLanguage":"pt-BR","@id":"https:\/\/blogs.funiber.org\/pt\/#\/schema\/logo\/image\/","url":"https:\/\/www.funiber.blog\/pt\/wp-content\/uploads\/2022\/02\/logo-funiber-pt-br-v-dos.svg","contentUrl":"https:\/\/www.funiber.blog\/pt\/wp-content\/uploads\/2022\/02\/logo-funiber-pt-br-v-dos.svg","width":1,"height":1,"caption":"FuniBlogs - FUNIBER"},"image":{"@id":"https:\/\/blogs.funiber.org\/pt\/#\/schema\/logo\/image\/"},"sameAs":["https:\/\/www.facebook.com\/funiber","https:\/\/twitter.com\/FUNIBER","https:\/\/www.instagram.com\/funiber_becas","https:\/\/www.youtube.com\/user\/funiber","https:\/\/www.linkedin.com\/company\/funiber"]},{"@type":"Person","@id":"https:\/\/blogs.funiber.org\/pt\/#\/schema\/person\/a1eaaa5e57eac866a8c5946946bcf80d","name":"Michelle","image":{"@type":"ImageObject","inLanguage":"pt-BR","@id":"https:\/\/blogs.funiber.org\/pt\/#\/schema\/person\/image\/","url":"https:\/\/secure.gravatar.com\/avatar\/5e87041f7609dc50493cf216754fece1?s=96&d=mm&r=g","contentUrl":"https:\/\/secure.gravatar.com\/avatar\/5e87041f7609dc50493cf216754fece1?s=96&d=mm&r=g","caption":"Michelle"},"url":"https:\/\/www.funiber.blog\/pt\/author\/michelle-moreira"}]}},"jetpack_featured_media_url":"https:\/\/www.funiber.blog\/pt\/wp-content\/uploads\/2015\/03\/4184633582_6990d3512e_z.jpg","jetpack_shortlink":"https:\/\/wp.me\/p7ee1t-1DX","jetpack_sharing_enabled":true,"_links":{"self":[{"href":"https:\/\/www.funiber.blog\/pt\/wp-json\/wp\/v2\/posts\/6321"}],"collection":[{"href":"https:\/\/www.funiber.blog\/pt\/wp-json\/wp\/v2\/posts"}],"about":[{"href":"https:\/\/www.funiber.blog\/pt\/wp-json\/wp\/v2\/types\/post"}],"author":[{"embeddable":true,"href":"https:\/\/www.funiber.blog\/pt\/wp-json\/wp\/v2\/users\/10"}],"replies":[{"embeddable":true,"href":"https:\/\/www.funiber.blog\/pt\/wp-json\/wp\/v2\/comments?post=6321"}],"version-history":[{"count":3,"href":"https:\/\/www.funiber.blog\/pt\/wp-json\/wp\/v2\/posts\/6321\/revisions"}],"predecessor-version":[{"id":6325,"href":"https:\/\/www.funiber.blog\/pt\/wp-json\/wp\/v2\/posts\/6321\/revisions\/6325"}],"wp:featuredmedia":[{"embeddable":true,"href":"https:\/\/www.funiber.blog\/pt\/wp-json\/wp\/v2\/media\/6322"}],"wp:attachment":[{"href":"https:\/\/www.funiber.blog\/pt\/wp-json\/wp\/v2\/media?parent=6321"}],"wp:term":[{"taxonomy":"category","embeddable":true,"href":"https:\/\/www.funiber.blog\/pt\/wp-json\/wp\/v2\/categories?post=6321"},{"taxonomy":"post_tag","embeddable":true,"href":"https:\/\/www.funiber.blog\/pt\/wp-json\/wp\/v2\/tags?post=6321"}],"curies":[{"name":"wp","href":"https:\/\/api.w.org\/{rel}","templated":true}]}}