{"id":6383,"date":"2015-03-17T10:37:48","date_gmt":"2015-03-17T10:37:48","guid":{"rendered":"http:\/\/blogs.funiber.org\/pt\/?p=6383"},"modified":"2015-03-17T10:39:30","modified_gmt":"2015-03-17T10:39:30","slug":"como-trabalha-o-ceo-do-facebook-mark-zuckerberg","status":"publish","type":"post","link":"https:\/\/www.funiber.blog\/pt\/tecnologias-tic\/2015\/03\/17\/como-trabalha-o-ceo-do-facebook-mark-zuckerberg","title":{"rendered":"Como trabalha o CEO do Facebook, Mark Zuckerberg"},"content":{"rendered":"<p>Quem nunca quis saber como \u00e9 o trabalho de um empres\u00e1rio bilion\u00e1rio? No caso do fundador do Facebook, <a href=\"https:\/\/www.facebook.com\/zuck\">Mark Zuckerberg<\/a>, parece que a rotina \u00e9 algo bem normal em rela\u00e7\u00e3o a outros executivos. De acordo com empregados da companhia, ele trabalha entre 9 e 10 horas por dia, e 5 dias da semana, no escrit\u00f3rio.<!--more--><\/p>\n<p>\u201cEle geralmente chega todos os dias de manh\u00e3 antes de mim e costuma ficar at\u00e9 depois do jantar trabalhando\u201d, afirmou Lee Byron, na rede social <a href=\"http:\/\/www.quora.com\/How-many-hours-a-week-does-Mark-Zuckerberg-actually-work-at-the-Facebook-office\" target=\"_blank\">Quora<\/a>. Byron trabalha com infraestrutura de produtos para iOS e diz que quase sempre o diretor executivo est\u00e1 na sede, tem uma mesa igual a outra empregados e leva o trabalho muito a s\u00e9rio.<\/p>\n<p>Em outubro de 2014, a fortuna do empres\u00e1rio foi avaliada em US$ 34\u00a0bilh\u00f5es, dez anos depois de ter fundado a maior rede social do mundo. Atualmente, a companhia Facebook \u00e9 considerada uma das melhores empresas tecnol\u00f3gicas para se trabalhar nos Estados Unidos, de acordo com a revista <a href=\"http:\/\/www.businessinsider.com\/mark-zuckerbergs-work-week-seems-surprisingly-normal-2015-2\">Business Insider<\/a>.<\/p>\n<p>Mas de acordo com o portal de empregos norte-americano <a href=\"http:\/\/www.glassdoor.com\/index.htm\">Glassdoor<\/a>, para conseguir ser funcion\u00e1rio da empresa o candidato deve passar por uma das mais dif\u00edceis entrevistas de sele\u00e7\u00e3o. O <a href=\"http:\/\/info.abril.com.br\/noticias\/carreira\/fotonoticias\/13-perguntas-dificeis-feitas-em-entrevistas-para-trabalhar-no-facebook.shtml\">portal levantou algumas perguntas feitas a candidatos<\/a> como por exemplo, para o cargo de cientista de dados, o candidato deveria indicar o n\u00famero de publica\u00e7\u00f5es de anivers\u00e1rio feitas em um dia no Facebook. Outro exemplo, para o cargo de engenheiro de software, o candidato deveria responder ao seguinte enunciado: \u201cdada uma \u00e1rvore bin\u00e1ria, escreva um c\u00f3digo para imprimi-la linha por linha\u201d.<\/p>\n<p>Fontes: <a href=\"http:\/\/fnbr.es\/113\">http:\/\/fnbr.es\/113<\/a>, <a href=\"http:\/\/fnbr.es\/114\">http:\/\/fnbr.es\/114<\/a><\/p>\n<p>Foto: Alguns direitos reservados por <a title=\"Ir a la galer\u00eda de kris kr\u00fcg\" href=\"https:\/\/www.flickr.com\/photos\/kk\/\"><b>kris kr\u00fcg<\/b><\/a>\/Flickr.<\/p>\n","protected":false},"excerpt":{"rendered":"<p>Quem nunca quis saber como \u00e9 o trabalho de um empres\u00e1rio bilion\u00e1rio? No caso do fundador do Facebook, Mark Zuckerberg, parece que a rotina \u00e9 algo bem normal em rela\u00e7\u00e3o a outros executivos. De acordo com empregados da companhia, ele trabalha entre 9 e 10 horas por dia, e 5 dias da semana, no escrit\u00f3rio.<\/p>\n","protected":false},"author":10,"featured_media":6384,"comment_status":"closed","ping_status":"closed","sticky":false,"template":"","format":"standard","meta":{"jetpack_post_was_ever_published":false,"_jetpack_newsletter_access":"","_jetpack_newsletter_tier_id":0,"footnotes":"","jetpack_publicize_message":"","jetpack_is_tweetstorm":false,"jetpack_publicize_feature_enabled":true,"jetpack_social_post_already_shared":false,"jetpack_social_options":{"image_generator_settings":{"template":"highway","enabled":false}}},"categories":[6],"tags":[593,594],"jetpack_publicize_connections":[],"yoast_head":"<!-- This site is optimized with the Yoast SEO plugin v21.7 - https:\/\/yoast.com\/wordpress\/plugins\/seo\/ -->\n<title>Como trabalha o CEO do Facebook, Mark Zuckerberg - FuniBlogs - FUNIBER<\/title>\n<meta name=\"robots\" content=\"noindex, nofollow\" \/>\n<meta property=\"og:locale\" content=\"pt_BR\" \/>\n<meta property=\"og:type\" content=\"article\" \/>\n<meta property=\"og:title\" content=\"Como trabalha o CEO do Facebook, Mark Zuckerberg - FuniBlogs - FUNIBER\" \/>\n<meta property=\"og:description\" content=\"Quem nunca quis saber como \u00e9 o trabalho de um empres\u00e1rio bilion\u00e1rio? No caso do fundador do Facebook, Mark Zuckerberg, parece que a rotina \u00e9 algo bem normal em rela\u00e7\u00e3o a outros executivos. De acordo com empregados da companhia, ele trabalha entre 9 e 10 horas por dia, e 5 dias da semana, no escrit\u00f3rio.\" \/>\n<meta property=\"og:url\" content=\"https:\/\/blogs.funiber.org\/pt\/tecnologias-tic\/2015\/03\/17\/como-trabalha-o-ceo-do-facebook-mark-zuckerberg\" \/>\n<meta property=\"og:site_name\" content=\"FuniBlogs - FUNIBER\" \/>\n<meta property=\"article:publisher\" content=\"https:\/\/www.facebook.com\/funiber\" \/>\n<meta property=\"article:published_time\" content=\"2015-03-17T10:37:48+00:00\" \/>\n<meta property=\"article:modified_time\" content=\"2015-03-17T10:39:30+00:00\" \/>\n<meta property=\"og:image\" content=\"https:\/\/blogs.funiber.org\/pt\/wp-content\/uploads\/2015\/03\/2326586665_133861fe3c_z.jpg\" \/>\n\t<meta property=\"og:image:width\" content=\"640\" \/>\n\t<meta property=\"og:image:height\" content=\"427\" \/>\n\t<meta property=\"og:image:type\" content=\"image\/jpeg\" \/>\n<meta name=\"author\" content=\"Michelle\" \/>\n<meta name=\"twitter:card\" content=\"summary_large_image\" \/>\n<meta name=\"twitter:creator\" content=\"@FUNIBER\" \/>\n<meta name=\"twitter:site\" content=\"@FUNIBER\" \/>\n<meta name=\"twitter:label1\" content=\"Escrito por\" \/>\n\t<meta name=\"twitter:data1\" content=\"Michelle\" \/>\n\t<meta name=\"twitter:label2\" content=\"Est. tempo de leitura\" \/>\n\t<meta name=\"twitter:data2\" content=\"1 minuto\" \/>\n<script type=\"application\/ld+json\" class=\"yoast-schema-graph\">{\"@context\":\"https:\/\/schema.org\",\"@graph\":[{\"@type\":\"Article\",\"@id\":\"https:\/\/blogs.funiber.org\/pt\/tecnologias-tic\/2015\/03\/17\/como-trabalha-o-ceo-do-facebook-mark-zuckerberg#article\",\"isPartOf\":{\"@id\":\"https:\/\/blogs.funiber.org\/pt\/tecnologias-tic\/2015\/03\/17\/como-trabalha-o-ceo-do-facebook-mark-zuckerberg\"},\"author\":{\"name\":\"Michelle\",\"@id\":\"https:\/\/blogs.funiber.org\/pt\/#\/schema\/person\/a1eaaa5e57eac866a8c5946946bcf80d\"},\"headline\":\"Como trabalha o CEO do Facebook, Mark Zuckerberg\",\"datePublished\":\"2015-03-17T10:37:48+00:00\",\"dateModified\":\"2015-03-17T10:39:30+00:00\",\"mainEntityOfPage\":{\"@id\":\"https:\/\/blogs.funiber.org\/pt\/tecnologias-tic\/2015\/03\/17\/como-trabalha-o-ceo-do-facebook-mark-zuckerberg\"},\"wordCount\":286,\"publisher\":{\"@id\":\"https:\/\/blogs.funiber.org\/pt\/#organization\"},\"keywords\":[\"Facebook\",\"Rotina de Trabalho\"],\"articleSection\":[\"Tecnologias TIC\"],\"inLanguage\":\"pt-BR\"},{\"@type\":\"WebPage\",\"@id\":\"https:\/\/blogs.funiber.org\/pt\/tecnologias-tic\/2015\/03\/17\/como-trabalha-o-ceo-do-facebook-mark-zuckerberg\",\"url\":\"https:\/\/blogs.funiber.org\/pt\/tecnologias-tic\/2015\/03\/17\/como-trabalha-o-ceo-do-facebook-mark-zuckerberg\",\"name\":\"Como trabalha o CEO do Facebook, Mark Zuckerberg - FuniBlogs - FUNIBER\",\"isPartOf\":{\"@id\":\"https:\/\/blogs.funiber.org\/pt\/#website\"},\"datePublished\":\"2015-03-17T10:37:48+00:00\",\"dateModified\":\"2015-03-17T10:39:30+00:00\",\"breadcrumb\":{\"@id\":\"https:\/\/blogs.funiber.org\/pt\/tecnologias-tic\/2015\/03\/17\/como-trabalha-o-ceo-do-facebook-mark-zuckerberg#breadcrumb\"},\"inLanguage\":\"pt-BR\",\"potentialAction\":[{\"@type\":\"ReadAction\",\"target\":[\"https:\/\/blogs.funiber.org\/pt\/tecnologias-tic\/2015\/03\/17\/como-trabalha-o-ceo-do-facebook-mark-zuckerberg\"]}]},{\"@type\":\"BreadcrumbList\",\"@id\":\"https:\/\/blogs.funiber.org\/pt\/tecnologias-tic\/2015\/03\/17\/como-trabalha-o-ceo-do-facebook-mark-zuckerberg#breadcrumb\",\"itemListElement\":[{\"@type\":\"ListItem\",\"position\":1,\"name\":\"In\u00edcio\",\"item\":\"https:\/\/blogs.funiber.org\/pt\"},{\"@type\":\"ListItem\",\"position\":2,\"name\":\"Como trabalha o CEO do Facebook, Mark Zuckerberg\"}]},{\"@type\":\"WebSite\",\"@id\":\"https:\/\/blogs.funiber.org\/pt\/#website\",\"url\":\"https:\/\/blogs.funiber.org\/pt\/\",\"name\":\"FuniBlogs - FUNIBER\",\"description\":\"\",\"publisher\":{\"@id\":\"https:\/\/blogs.funiber.org\/pt\/#organization\"},\"potentialAction\":[{\"@type\":\"SearchAction\",\"target\":{\"@type\":\"EntryPoint\",\"urlTemplate\":\"https:\/\/blogs.funiber.org\/pt\/?s={search_term_string}\"},\"query-input\":\"required name=search_term_string\"}],\"inLanguage\":\"pt-BR\"},{\"@type\":\"Organization\",\"@id\":\"https:\/\/blogs.funiber.org\/pt\/#organization\",\"name\":\"FuniBlogs - FUNIBER\",\"url\":\"https:\/\/blogs.funiber.org\/pt\/\",\"logo\":{\"@type\":\"ImageObject\",\"inLanguage\":\"pt-BR\",\"@id\":\"https:\/\/blogs.funiber.org\/pt\/#\/schema\/logo\/image\/\",\"url\":\"https:\/\/www.funiber.blog\/pt\/wp-content\/uploads\/2022\/02\/logo-funiber-pt-br-v-dos.svg\",\"contentUrl\":\"https:\/\/www.funiber.blog\/pt\/wp-content\/uploads\/2022\/02\/logo-funiber-pt-br-v-dos.svg\",\"width\":1,\"height\":1,\"caption\":\"FuniBlogs - FUNIBER\"},\"image\":{\"@id\":\"https:\/\/blogs.funiber.org\/pt\/#\/schema\/logo\/image\/\"},\"sameAs\":[\"https:\/\/www.facebook.com\/funiber\",\"https:\/\/twitter.com\/FUNIBER\",\"https:\/\/www.instagram.com\/funiber_becas\",\"https:\/\/www.youtube.com\/user\/funiber\",\"https:\/\/www.linkedin.com\/company\/funiber\"]},{\"@type\":\"Person\",\"@id\":\"https:\/\/blogs.funiber.org\/pt\/#\/schema\/person\/a1eaaa5e57eac866a8c5946946bcf80d\",\"name\":\"Michelle\",\"image\":{\"@type\":\"ImageObject\",\"inLanguage\":\"pt-BR\",\"@id\":\"https:\/\/blogs.funiber.org\/pt\/#\/schema\/person\/image\/\",\"url\":\"https:\/\/secure.gravatar.com\/avatar\/5e87041f7609dc50493cf216754fece1?s=96&d=mm&r=g\",\"contentUrl\":\"https:\/\/secure.gravatar.com\/avatar\/5e87041f7609dc50493cf216754fece1?s=96&d=mm&r=g\",\"caption\":\"Michelle\"},\"url\":\"https:\/\/www.funiber.blog\/pt\/author\/michelle-moreira\"}]}<\/script>\n<!-- \/ Yoast SEO plugin. -->","yoast_head_json":{"title":"Como trabalha o CEO do Facebook, Mark Zuckerberg - FuniBlogs - FUNIBER","robots":{"index":"noindex","follow":"nofollow"},"og_locale":"pt_BR","og_type":"article","og_title":"Como trabalha o CEO do Facebook, Mark Zuckerberg - FuniBlogs - FUNIBER","og_description":"Quem nunca quis saber como \u00e9 o trabalho de um empres\u00e1rio bilion\u00e1rio? No caso do fundador do Facebook, Mark Zuckerberg, parece que a rotina \u00e9 algo bem normal em rela\u00e7\u00e3o a outros executivos. De acordo com empregados da companhia, ele trabalha entre 9 e 10 horas por dia, e 5 dias da semana, no escrit\u00f3rio.","og_url":"https:\/\/blogs.funiber.org\/pt\/tecnologias-tic\/2015\/03\/17\/como-trabalha-o-ceo-do-facebook-mark-zuckerberg","og_site_name":"FuniBlogs - FUNIBER","article_publisher":"https:\/\/www.facebook.com\/funiber","article_published_time":"2015-03-17T10:37:48+00:00","article_modified_time":"2015-03-17T10:39:30+00:00","og_image":[{"width":640,"height":427,"url":"https:\/\/blogs.funiber.org\/pt\/wp-content\/uploads\/2015\/03\/2326586665_133861fe3c_z.jpg","type":"image\/jpeg"}],"author":"Michelle","twitter_card":"summary_large_image","twitter_creator":"@FUNIBER","twitter_site":"@FUNIBER","twitter_misc":{"Escrito por":"Michelle","Est. tempo de leitura":"1 minuto"},"schema":{"@context":"https:\/\/schema.org","@graph":[{"@type":"Article","@id":"https:\/\/blogs.funiber.org\/pt\/tecnologias-tic\/2015\/03\/17\/como-trabalha-o-ceo-do-facebook-mark-zuckerberg#article","isPartOf":{"@id":"https:\/\/blogs.funiber.org\/pt\/tecnologias-tic\/2015\/03\/17\/como-trabalha-o-ceo-do-facebook-mark-zuckerberg"},"author":{"name":"Michelle","@id":"https:\/\/blogs.funiber.org\/pt\/#\/schema\/person\/a1eaaa5e57eac866a8c5946946bcf80d"},"headline":"Como trabalha o CEO do Facebook, Mark Zuckerberg","datePublished":"2015-03-17T10:37:48+00:00","dateModified":"2015-03-17T10:39:30+00:00","mainEntityOfPage":{"@id":"https:\/\/blogs.funiber.org\/pt\/tecnologias-tic\/2015\/03\/17\/como-trabalha-o-ceo-do-facebook-mark-zuckerberg"},"wordCount":286,"publisher":{"@id":"https:\/\/blogs.funiber.org\/pt\/#organization"},"keywords":["Facebook","Rotina de Trabalho"],"articleSection":["Tecnologias TIC"],"inLanguage":"pt-BR"},{"@type":"WebPage","@id":"https:\/\/blogs.funiber.org\/pt\/tecnologias-tic\/2015\/03\/17\/como-trabalha-o-ceo-do-facebook-mark-zuckerberg","url":"https:\/\/blogs.funiber.org\/pt\/tecnologias-tic\/2015\/03\/17\/como-trabalha-o-ceo-do-facebook-mark-zuckerberg","name":"Como trabalha o CEO do Facebook, Mark Zuckerberg - FuniBlogs - FUNIBER","isPartOf":{"@id":"https:\/\/blogs.funiber.org\/pt\/#website"},"datePublished":"2015-03-17T10:37:48+00:00","dateModified":"2015-03-17T10:39:30+00:00","breadcrumb":{"@id":"https:\/\/blogs.funiber.org\/pt\/tecnologias-tic\/2015\/03\/17\/como-trabalha-o-ceo-do-facebook-mark-zuckerberg#breadcrumb"},"inLanguage":"pt-BR","potentialAction":[{"@type":"ReadAction","target":["https:\/\/blogs.funiber.org\/pt\/tecnologias-tic\/2015\/03\/17\/como-trabalha-o-ceo-do-facebook-mark-zuckerberg"]}]},{"@type":"BreadcrumbList","@id":"https:\/\/blogs.funiber.org\/pt\/tecnologias-tic\/2015\/03\/17\/como-trabalha-o-ceo-do-facebook-mark-zuckerberg#breadcrumb","itemListElement":[{"@type":"ListItem","position":1,"name":"In\u00edcio","item":"https:\/\/blogs.funiber.org\/pt"},{"@type":"ListItem","position":2,"name":"Como trabalha o CEO do Facebook, Mark Zuckerberg"}]},{"@type":"WebSite","@id":"https:\/\/blogs.funiber.org\/pt\/#website","url":"https:\/\/blogs.funiber.org\/pt\/","name":"FuniBlogs - FUNIBER","description":"","publisher":{"@id":"https:\/\/blogs.funiber.org\/pt\/#organization"},"potentialAction":[{"@type":"SearchAction","target":{"@type":"EntryPoint","urlTemplate":"https:\/\/blogs.funiber.org\/pt\/?s={search_term_string}"},"query-input":"required name=search_term_string"}],"inLanguage":"pt-BR"},{"@type":"Organization","@id":"https:\/\/blogs.funiber.org\/pt\/#organization","name":"FuniBlogs - FUNIBER","url":"https:\/\/blogs.funiber.org\/pt\/","logo":{"@type":"ImageObject","inLanguage":"pt-BR","@id":"https:\/\/blogs.funiber.org\/pt\/#\/schema\/logo\/image\/","url":"https:\/\/www.funiber.blog\/pt\/wp-content\/uploads\/2022\/02\/logo-funiber-pt-br-v-dos.svg","contentUrl":"https:\/\/www.funiber.blog\/pt\/wp-content\/uploads\/2022\/02\/logo-funiber-pt-br-v-dos.svg","width":1,"height":1,"caption":"FuniBlogs - FUNIBER"},"image":{"@id":"https:\/\/blogs.funiber.org\/pt\/#\/schema\/logo\/image\/"},"sameAs":["https:\/\/www.facebook.com\/funiber","https:\/\/twitter.com\/FUNIBER","https:\/\/www.instagram.com\/funiber_becas","https:\/\/www.youtube.com\/user\/funiber","https:\/\/www.linkedin.com\/company\/funiber"]},{"@type":"Person","@id":"https:\/\/blogs.funiber.org\/pt\/#\/schema\/person\/a1eaaa5e57eac866a8c5946946bcf80d","name":"Michelle","image":{"@type":"ImageObject","inLanguage":"pt-BR","@id":"https:\/\/blogs.funiber.org\/pt\/#\/schema\/person\/image\/","url":"https:\/\/secure.gravatar.com\/avatar\/5e87041f7609dc50493cf216754fece1?s=96&d=mm&r=g","contentUrl":"https:\/\/secure.gravatar.com\/avatar\/5e87041f7609dc50493cf216754fece1?s=96&d=mm&r=g","caption":"Michelle"},"url":"https:\/\/www.funiber.blog\/pt\/author\/michelle-moreira"}]}},"jetpack_featured_media_url":"https:\/\/www.funiber.blog\/pt\/wp-content\/uploads\/2015\/03\/2326586665_133861fe3c_z.jpg","jetpack_shortlink":"https:\/\/wp.me\/p7ee1t-1EX","jetpack_sharing_enabled":true,"_links":{"self":[{"href":"https:\/\/www.funiber.blog\/pt\/wp-json\/wp\/v2\/posts\/6383"}],"collection":[{"href":"https:\/\/www.funiber.blog\/pt\/wp-json\/wp\/v2\/posts"}],"about":[{"href":"https:\/\/www.funiber.blog\/pt\/wp-json\/wp\/v2\/types\/post"}],"author":[{"embeddable":true,"href":"https:\/\/www.funiber.blog\/pt\/wp-json\/wp\/v2\/users\/10"}],"replies":[{"embeddable":true,"href":"https:\/\/www.funiber.blog\/pt\/wp-json\/wp\/v2\/comments?post=6383"}],"version-history":[{"count":4,"href":"https:\/\/www.funiber.blog\/pt\/wp-json\/wp\/v2\/posts\/6383\/revisions"}],"predecessor-version":[{"id":6387,"href":"https:\/\/www.funiber.blog\/pt\/wp-json\/wp\/v2\/posts\/6383\/revisions\/6387"}],"wp:featuredmedia":[{"embeddable":true,"href":"https:\/\/www.funiber.blog\/pt\/wp-json\/wp\/v2\/media\/6384"}],"wp:attachment":[{"href":"https:\/\/www.funiber.blog\/pt\/wp-json\/wp\/v2\/media?parent=6383"}],"wp:term":[{"taxonomy":"category","embeddable":true,"href":"https:\/\/www.funiber.blog\/pt\/wp-json\/wp\/v2\/categories?post=6383"},{"taxonomy":"post_tag","embeddable":true,"href":"https:\/\/www.funiber.blog\/pt\/wp-json\/wp\/v2\/tags?post=6383"}],"curies":[{"name":"wp","href":"https:\/\/api.w.org\/{rel}","templated":true}]}}