{"id":6447,"date":"2015-03-25T13:06:06","date_gmt":"2015-03-25T13:06:06","guid":{"rendered":"http:\/\/blogs.funiber.org\/pt\/?p=6447"},"modified":"2015-03-26T11:42:54","modified_gmt":"2015-03-26T11:42:54","slug":"a-fotografia-na-sala-de-aula","status":"publish","type":"post","link":"https:\/\/www.funiber.blog\/pt\/formacao-professores\/2015\/03\/25\/a-fotografia-na-sala-de-aula","title":{"rendered":"A fotografia na sala de aula"},"content":{"rendered":"<p>H\u00e1 muitas possibilidades de se trabalhar a express\u00e3o e a comunica\u00e7\u00e3o na pedagogia infanto-juvenil. A fotografia \u00e9, sem d\u00favidas, uma ferramenta poderosa para exercitar o olhar, a interpreta\u00e7\u00e3o e express\u00e3o do que \u00e9 observado e vivido. Pelo mundo, diferentes iniciativas v\u00eam sendo desenvolvidas nesse sentido, direcionadas a p\u00fablicos diversos.<!--more--><\/p>\n<p>Na \u00cdndia, o projeto fotogr\u00e1fico com crian\u00e7as que moram em bord\u00e9is, <a title=\"Kids With Cameras\" href=\"http:\/\/www.kids-with-cameras.org\/home\/\" target=\"_blank\">Kids with Camera,<\/a> ficou mundialmente famoso quando o document\u00e1rio sobre o projeto foi premiado em 2004 com o Oscar de Melhor Filme Estrangeiro. J\u00e1 a ONG <a title=\"Photovoice\" href=\"http:\/\/www.photovoice.org\/\" target=\"_blank\">Photovoice<\/a>, com sede em Londres, atua em v\u00e1rias comunidades marginalizadas ensinando t\u00e9cnicas fotogr\u00e1ficas e ensinando m\u00e9todos de narrativas digitais.<\/p>\n<p>No Brasil, muitas organiza\u00e7\u00f5es trabalham exclusivamente com a educa\u00e7\u00e3o fotogr\u00e1fica, como por exemplo, a institui\u00e7\u00e3o\u00a0<a title=\"Imagens do Povo\" href=\"http:\/\/www.imagensdopovo.org.br\/\" target=\"_blank\">Imagens do Povo<\/a>\u00a0direcionada aos moradores de favelas no Rio de Janeiro.<\/p>\n<p>Al\u00e9m das organiza\u00e7\u00f5es, uma s\u00e9rie de profissionais de arte educa\u00e7\u00e3o ou de educa\u00e7\u00e3o social desenvolvem oficinas de fotografia nas salas de aulas ou em comunidades populares. Poder\u00edamos citar os projetos <a href=\"http:\/\/www.lume.ufrgs.br\/bitstream\/handle\/10183\/29265\/000776297.pdf?sequence=1\">Exerc\u00edcios do Olhar<\/a>, <a href=\"https:\/\/michellesoaresfotos.wordpress.com\/educacion\/\">Outro Olhar<\/a> e <a title=\"Janela M\u00e1gica\" href=\"http:\/\/www.janelamagica.net\/\" target=\"_blank\">Janela M\u00e1gica<\/a>.<\/p>\n<p><b>Pedagogia da Arte<\/b><\/p>\n<p>No caso do projeto <a href=\"http:\/\/www.lume.ufrgs.br\/bitstream\/handle\/10183\/29265\/000776297.pdf?sequence=1\">Exerc\u00edcios do Olhar,<\/a> a educadora Julia Brandimiller realizou oficinas para crian\u00e7as de 3 a 6 anos, na Escola de Educa\u00e7\u00e3o Infantil Sementinha de Vida, em Porto Alegre (Brasil). \u201cLevar a fotografia para a sala de aula \u00e9 propor uma atividade contempor\u00e2nea: buscar o estranhamento, os desafios, questionar, desenvolver o pensamento cr\u00edtico sobre o que nos rodeia\u201d, afirma.<\/p>\n<p>Antes de oferecer a c\u00e2mera aos alunos, ela desenvolveu algumas pr\u00e1ticas para provocar um novo olhar sobre o espa\u00e7o da sala de aula. \u201cFoi bastante prazeroso o processo investigativo que aconteceu durante as aulas, onde nos disp\u00fanhamos a percorrer os espa\u00e7os da escola com um foco de aten\u00e7\u00e3o diferente: olhando pequenos detalhes aumentados por uma lupa, escurecendo os ambientes e explorando-os com lanterna, construindo lunetas com celofane colorido e etc.\u201d, disse Brandimiller.<\/p>\n<p>A partir da leitura de imagens e compreens\u00e3o cr\u00edtica da cultura visual, a aula serve como contraponto ao h\u00e1bito de assistir \u00e0 televis\u00e3o, e prop\u00f5e aos alunos a possibilidade de criarem imagens e n\u00e3o somente, consumi-las.<\/p>\n<p><a href=\"http:\/\/iframewidth=420height=315src=https:\/\/www.youtube.com\/embed\/ivByeQ_ndGUframeborder=0allowfullscreen\/iframe\"><iframe loading=\"lazy\" src=\"https:\/\/www.youtube.com\/embed\/ivByeQ_ndGU\" height=\"315\" width=\"420\" allowfullscreen=\"\" frameborder=\"0\"><\/iframe><\/a><\/p>\n<p>Fuente: <a href=\"http:\/\/fnbr.es\/11o\">http:\/\/fnbr.es\/11o<\/a><\/p>\n<p>Foto: Alguns direitos reservados por <a title=\"Ir a la galer\u00eda de Stefano Montagner\" href=\"https:\/\/www.flickr.com\/photos\/stemonx\/\"><b>Stefano Montagner<\/b><\/a>\/Flickr<\/p>\n","protected":false},"excerpt":{"rendered":"<p>H\u00e1 muitas possibilidades de se trabalhar a express\u00e3o e a comunica\u00e7\u00e3o na pedagogia infanto-juvenil. A fotografia \u00e9, sem d\u00favidas, uma ferramenta poderosa para exercitar o olhar, a interpreta\u00e7\u00e3o e express\u00e3o do que \u00e9 observado e vivido. Pelo mundo, diferentes iniciativas v\u00eam sendo desenvolvidas nesse sentido, direcionadas a p\u00fablicos diversos.<\/p>\n","protected":false},"author":10,"featured_media":6448,"comment_status":"closed","ping_status":"closed","sticky":false,"template":"","format":"standard","meta":{"jetpack_post_was_ever_published":false,"_jetpack_newsletter_access":"","_jetpack_newsletter_tier_id":0,"footnotes":"","jetpack_publicize_message":"","jetpack_is_tweetstorm":false,"jetpack_publicize_feature_enabled":true,"jetpack_social_post_already_shared":false,"jetpack_social_options":{"image_generator_settings":{"template":"highway","enabled":false}}},"categories":[5],"tags":[603,602],"jetpack_publicize_connections":[],"yoast_head":"<!-- This site is optimized with the Yoast SEO plugin v21.7 - https:\/\/yoast.com\/wordpress\/plugins\/seo\/ -->\n<title>A fotografia na sala de aula - FuniBlogs - FUNIBER<\/title>\n<meta name=\"robots\" content=\"noindex, nofollow\" \/>\n<meta property=\"og:locale\" content=\"pt_BR\" \/>\n<meta property=\"og:type\" content=\"article\" \/>\n<meta property=\"og:title\" content=\"A fotografia na sala de aula - FuniBlogs - FUNIBER\" \/>\n<meta property=\"og:description\" content=\"H\u00e1 muitas possibilidades de se trabalhar a express\u00e3o e a comunica\u00e7\u00e3o na pedagogia infanto-juvenil. A fotografia \u00e9, sem d\u00favidas, uma ferramenta poderosa para exercitar o olhar, a interpreta\u00e7\u00e3o e express\u00e3o do que \u00e9 observado e vivido. Pelo mundo, diferentes iniciativas v\u00eam sendo desenvolvidas nesse sentido, direcionadas a p\u00fablicos diversos.\" \/>\n<meta property=\"og:url\" content=\"https:\/\/blogs.funiber.org\/pt\/formacao-professores\/2015\/03\/25\/a-fotografia-na-sala-de-aula\" \/>\n<meta property=\"og:site_name\" content=\"FuniBlogs - FUNIBER\" \/>\n<meta property=\"article:publisher\" content=\"https:\/\/www.facebook.com\/funiber\" \/>\n<meta property=\"article:published_time\" content=\"2015-03-25T13:06:06+00:00\" \/>\n<meta property=\"article:modified_time\" content=\"2015-03-26T11:42:54+00:00\" \/>\n<meta property=\"og:image\" content=\"https:\/\/blogs.funiber.org\/pt\/wp-content\/uploads\/2015\/03\/14131455489_9cf752736c_z.jpg\" \/>\n\t<meta property=\"og:image:width\" content=\"640\" \/>\n\t<meta property=\"og:image:height\" content=\"428\" \/>\n\t<meta property=\"og:image:type\" content=\"image\/jpeg\" \/>\n<meta name=\"author\" content=\"Michelle\" \/>\n<meta name=\"twitter:card\" content=\"summary_large_image\" \/>\n<meta name=\"twitter:creator\" content=\"@FUNIBER\" \/>\n<meta name=\"twitter:site\" content=\"@FUNIBER\" \/>\n<meta name=\"twitter:label1\" content=\"Escrito por\" \/>\n\t<meta name=\"twitter:data1\" content=\"Michelle\" \/>\n\t<meta name=\"twitter:label2\" content=\"Est. tempo de leitura\" \/>\n\t<meta name=\"twitter:data2\" content=\"2 minutos\" \/>\n<script type=\"application\/ld+json\" class=\"yoast-schema-graph\">{\"@context\":\"https:\/\/schema.org\",\"@graph\":[{\"@type\":\"Article\",\"@id\":\"https:\/\/blogs.funiber.org\/pt\/formacao-professores\/2015\/03\/25\/a-fotografia-na-sala-de-aula#article\",\"isPartOf\":{\"@id\":\"https:\/\/blogs.funiber.org\/pt\/formacao-professores\/2015\/03\/25\/a-fotografia-na-sala-de-aula\"},\"author\":{\"name\":\"Michelle\",\"@id\":\"https:\/\/blogs.funiber.org\/pt\/#\/schema\/person\/a1eaaa5e57eac866a8c5946946bcf80d\"},\"headline\":\"A fotografia na sala de aula\",\"datePublished\":\"2015-03-25T13:06:06+00:00\",\"dateModified\":\"2015-03-26T11:42:54+00:00\",\"mainEntityOfPage\":{\"@id\":\"https:\/\/blogs.funiber.org\/pt\/formacao-professores\/2015\/03\/25\/a-fotografia-na-sala-de-aula\"},\"wordCount\":398,\"publisher\":{\"@id\":\"https:\/\/blogs.funiber.org\/pt\/#organization\"},\"keywords\":[\"Arte\",\"Pedagogia\"],\"articleSection\":[\"Educa\u00e7\u00e3o,\u00a0Forma\u00e7\u00e3o Professores\"],\"inLanguage\":\"pt-BR\"},{\"@type\":\"WebPage\",\"@id\":\"https:\/\/blogs.funiber.org\/pt\/formacao-professores\/2015\/03\/25\/a-fotografia-na-sala-de-aula\",\"url\":\"https:\/\/blogs.funiber.org\/pt\/formacao-professores\/2015\/03\/25\/a-fotografia-na-sala-de-aula\",\"name\":\"A fotografia na sala de aula - FuniBlogs - FUNIBER\",\"isPartOf\":{\"@id\":\"https:\/\/blogs.funiber.org\/pt\/#website\"},\"datePublished\":\"2015-03-25T13:06:06+00:00\",\"dateModified\":\"2015-03-26T11:42:54+00:00\",\"breadcrumb\":{\"@id\":\"https:\/\/blogs.funiber.org\/pt\/formacao-professores\/2015\/03\/25\/a-fotografia-na-sala-de-aula#breadcrumb\"},\"inLanguage\":\"pt-BR\",\"potentialAction\":[{\"@type\":\"ReadAction\",\"target\":[\"https:\/\/blogs.funiber.org\/pt\/formacao-professores\/2015\/03\/25\/a-fotografia-na-sala-de-aula\"]}]},{\"@type\":\"BreadcrumbList\",\"@id\":\"https:\/\/blogs.funiber.org\/pt\/formacao-professores\/2015\/03\/25\/a-fotografia-na-sala-de-aula#breadcrumb\",\"itemListElement\":[{\"@type\":\"ListItem\",\"position\":1,\"name\":\"In\u00edcio\",\"item\":\"https:\/\/blogs.funiber.org\/pt\"},{\"@type\":\"ListItem\",\"position\":2,\"name\":\"A fotografia na sala de aula\"}]},{\"@type\":\"WebSite\",\"@id\":\"https:\/\/blogs.funiber.org\/pt\/#website\",\"url\":\"https:\/\/blogs.funiber.org\/pt\/\",\"name\":\"FuniBlogs - FUNIBER\",\"description\":\"\",\"publisher\":{\"@id\":\"https:\/\/blogs.funiber.org\/pt\/#organization\"},\"potentialAction\":[{\"@type\":\"SearchAction\",\"target\":{\"@type\":\"EntryPoint\",\"urlTemplate\":\"https:\/\/blogs.funiber.org\/pt\/?s={search_term_string}\"},\"query-input\":\"required name=search_term_string\"}],\"inLanguage\":\"pt-BR\"},{\"@type\":\"Organization\",\"@id\":\"https:\/\/blogs.funiber.org\/pt\/#organization\",\"name\":\"FuniBlogs - FUNIBER\",\"url\":\"https:\/\/blogs.funiber.org\/pt\/\",\"logo\":{\"@type\":\"ImageObject\",\"inLanguage\":\"pt-BR\",\"@id\":\"https:\/\/blogs.funiber.org\/pt\/#\/schema\/logo\/image\/\",\"url\":\"https:\/\/www.funiber.blog\/pt\/wp-content\/uploads\/2022\/02\/logo-funiber-pt-br-v-dos.svg\",\"contentUrl\":\"https:\/\/www.funiber.blog\/pt\/wp-content\/uploads\/2022\/02\/logo-funiber-pt-br-v-dos.svg\",\"width\":1,\"height\":1,\"caption\":\"FuniBlogs - FUNIBER\"},\"image\":{\"@id\":\"https:\/\/blogs.funiber.org\/pt\/#\/schema\/logo\/image\/\"},\"sameAs\":[\"https:\/\/www.facebook.com\/funiber\",\"https:\/\/twitter.com\/FUNIBER\",\"https:\/\/www.instagram.com\/funiber_becas\",\"https:\/\/www.youtube.com\/user\/funiber\",\"https:\/\/www.linkedin.com\/company\/funiber\"]},{\"@type\":\"Person\",\"@id\":\"https:\/\/blogs.funiber.org\/pt\/#\/schema\/person\/a1eaaa5e57eac866a8c5946946bcf80d\",\"name\":\"Michelle\",\"image\":{\"@type\":\"ImageObject\",\"inLanguage\":\"pt-BR\",\"@id\":\"https:\/\/blogs.funiber.org\/pt\/#\/schema\/person\/image\/\",\"url\":\"https:\/\/secure.gravatar.com\/avatar\/5e87041f7609dc50493cf216754fece1?s=96&d=mm&r=g\",\"contentUrl\":\"https:\/\/secure.gravatar.com\/avatar\/5e87041f7609dc50493cf216754fece1?s=96&d=mm&r=g\",\"caption\":\"Michelle\"},\"url\":\"https:\/\/www.funiber.blog\/pt\/author\/michelle-moreira\"}]}<\/script>\n<!-- \/ Yoast SEO plugin. -->","yoast_head_json":{"title":"A fotografia na sala de aula - FuniBlogs - FUNIBER","robots":{"index":"noindex","follow":"nofollow"},"og_locale":"pt_BR","og_type":"article","og_title":"A fotografia na sala de aula - FuniBlogs - FUNIBER","og_description":"H\u00e1 muitas possibilidades de se trabalhar a express\u00e3o e a comunica\u00e7\u00e3o na pedagogia infanto-juvenil. A fotografia \u00e9, sem d\u00favidas, uma ferramenta poderosa para exercitar o olhar, a interpreta\u00e7\u00e3o e express\u00e3o do que \u00e9 observado e vivido. Pelo mundo, diferentes iniciativas v\u00eam sendo desenvolvidas nesse sentido, direcionadas a p\u00fablicos diversos.","og_url":"https:\/\/blogs.funiber.org\/pt\/formacao-professores\/2015\/03\/25\/a-fotografia-na-sala-de-aula","og_site_name":"FuniBlogs - FUNIBER","article_publisher":"https:\/\/www.facebook.com\/funiber","article_published_time":"2015-03-25T13:06:06+00:00","article_modified_time":"2015-03-26T11:42:54+00:00","og_image":[{"width":640,"height":428,"url":"https:\/\/blogs.funiber.org\/pt\/wp-content\/uploads\/2015\/03\/14131455489_9cf752736c_z.jpg","type":"image\/jpeg"}],"author":"Michelle","twitter_card":"summary_large_image","twitter_creator":"@FUNIBER","twitter_site":"@FUNIBER","twitter_misc":{"Escrito por":"Michelle","Est. tempo de leitura":"2 minutos"},"schema":{"@context":"https:\/\/schema.org","@graph":[{"@type":"Article","@id":"https:\/\/blogs.funiber.org\/pt\/formacao-professores\/2015\/03\/25\/a-fotografia-na-sala-de-aula#article","isPartOf":{"@id":"https:\/\/blogs.funiber.org\/pt\/formacao-professores\/2015\/03\/25\/a-fotografia-na-sala-de-aula"},"author":{"name":"Michelle","@id":"https:\/\/blogs.funiber.org\/pt\/#\/schema\/person\/a1eaaa5e57eac866a8c5946946bcf80d"},"headline":"A fotografia na sala de aula","datePublished":"2015-03-25T13:06:06+00:00","dateModified":"2015-03-26T11:42:54+00:00","mainEntityOfPage":{"@id":"https:\/\/blogs.funiber.org\/pt\/formacao-professores\/2015\/03\/25\/a-fotografia-na-sala-de-aula"},"wordCount":398,"publisher":{"@id":"https:\/\/blogs.funiber.org\/pt\/#organization"},"keywords":["Arte","Pedagogia"],"articleSection":["Educa\u00e7\u00e3o,\u00a0Forma\u00e7\u00e3o Professores"],"inLanguage":"pt-BR"},{"@type":"WebPage","@id":"https:\/\/blogs.funiber.org\/pt\/formacao-professores\/2015\/03\/25\/a-fotografia-na-sala-de-aula","url":"https:\/\/blogs.funiber.org\/pt\/formacao-professores\/2015\/03\/25\/a-fotografia-na-sala-de-aula","name":"A fotografia na sala de aula - FuniBlogs - FUNIBER","isPartOf":{"@id":"https:\/\/blogs.funiber.org\/pt\/#website"},"datePublished":"2015-03-25T13:06:06+00:00","dateModified":"2015-03-26T11:42:54+00:00","breadcrumb":{"@id":"https:\/\/blogs.funiber.org\/pt\/formacao-professores\/2015\/03\/25\/a-fotografia-na-sala-de-aula#breadcrumb"},"inLanguage":"pt-BR","potentialAction":[{"@type":"ReadAction","target":["https:\/\/blogs.funiber.org\/pt\/formacao-professores\/2015\/03\/25\/a-fotografia-na-sala-de-aula"]}]},{"@type":"BreadcrumbList","@id":"https:\/\/blogs.funiber.org\/pt\/formacao-professores\/2015\/03\/25\/a-fotografia-na-sala-de-aula#breadcrumb","itemListElement":[{"@type":"ListItem","position":1,"name":"In\u00edcio","item":"https:\/\/blogs.funiber.org\/pt"},{"@type":"ListItem","position":2,"name":"A fotografia na sala de aula"}]},{"@type":"WebSite","@id":"https:\/\/blogs.funiber.org\/pt\/#website","url":"https:\/\/blogs.funiber.org\/pt\/","name":"FuniBlogs - FUNIBER","description":"","publisher":{"@id":"https:\/\/blogs.funiber.org\/pt\/#organization"},"potentialAction":[{"@type":"SearchAction","target":{"@type":"EntryPoint","urlTemplate":"https:\/\/blogs.funiber.org\/pt\/?s={search_term_string}"},"query-input":"required name=search_term_string"}],"inLanguage":"pt-BR"},{"@type":"Organization","@id":"https:\/\/blogs.funiber.org\/pt\/#organization","name":"FuniBlogs - FUNIBER","url":"https:\/\/blogs.funiber.org\/pt\/","logo":{"@type":"ImageObject","inLanguage":"pt-BR","@id":"https:\/\/blogs.funiber.org\/pt\/#\/schema\/logo\/image\/","url":"https:\/\/www.funiber.blog\/pt\/wp-content\/uploads\/2022\/02\/logo-funiber-pt-br-v-dos.svg","contentUrl":"https:\/\/www.funiber.blog\/pt\/wp-content\/uploads\/2022\/02\/logo-funiber-pt-br-v-dos.svg","width":1,"height":1,"caption":"FuniBlogs - FUNIBER"},"image":{"@id":"https:\/\/blogs.funiber.org\/pt\/#\/schema\/logo\/image\/"},"sameAs":["https:\/\/www.facebook.com\/funiber","https:\/\/twitter.com\/FUNIBER","https:\/\/www.instagram.com\/funiber_becas","https:\/\/www.youtube.com\/user\/funiber","https:\/\/www.linkedin.com\/company\/funiber"]},{"@type":"Person","@id":"https:\/\/blogs.funiber.org\/pt\/#\/schema\/person\/a1eaaa5e57eac866a8c5946946bcf80d","name":"Michelle","image":{"@type":"ImageObject","inLanguage":"pt-BR","@id":"https:\/\/blogs.funiber.org\/pt\/#\/schema\/person\/image\/","url":"https:\/\/secure.gravatar.com\/avatar\/5e87041f7609dc50493cf216754fece1?s=96&d=mm&r=g","contentUrl":"https:\/\/secure.gravatar.com\/avatar\/5e87041f7609dc50493cf216754fece1?s=96&d=mm&r=g","caption":"Michelle"},"url":"https:\/\/www.funiber.blog\/pt\/author\/michelle-moreira"}]}},"jetpack_featured_media_url":"https:\/\/www.funiber.blog\/pt\/wp-content\/uploads\/2015\/03\/14131455489_9cf752736c_z.jpg","jetpack_shortlink":"https:\/\/wp.me\/p7ee1t-1FZ","jetpack_sharing_enabled":true,"_links":{"self":[{"href":"https:\/\/www.funiber.blog\/pt\/wp-json\/wp\/v2\/posts\/6447"}],"collection":[{"href":"https:\/\/www.funiber.blog\/pt\/wp-json\/wp\/v2\/posts"}],"about":[{"href":"https:\/\/www.funiber.blog\/pt\/wp-json\/wp\/v2\/types\/post"}],"author":[{"embeddable":true,"href":"https:\/\/www.funiber.blog\/pt\/wp-json\/wp\/v2\/users\/10"}],"replies":[{"embeddable":true,"href":"https:\/\/www.funiber.blog\/pt\/wp-json\/wp\/v2\/comments?post=6447"}],"version-history":[{"count":7,"href":"https:\/\/www.funiber.blog\/pt\/wp-json\/wp\/v2\/posts\/6447\/revisions"}],"predecessor-version":[{"id":6452,"href":"https:\/\/www.funiber.blog\/pt\/wp-json\/wp\/v2\/posts\/6447\/revisions\/6452"}],"wp:featuredmedia":[{"embeddable":true,"href":"https:\/\/www.funiber.blog\/pt\/wp-json\/wp\/v2\/media\/6448"}],"wp:attachment":[{"href":"https:\/\/www.funiber.blog\/pt\/wp-json\/wp\/v2\/media?parent=6447"}],"wp:term":[{"taxonomy":"category","embeddable":true,"href":"https:\/\/www.funiber.blog\/pt\/wp-json\/wp\/v2\/categories?post=6447"},{"taxonomy":"post_tag","embeddable":true,"href":"https:\/\/www.funiber.blog\/pt\/wp-json\/wp\/v2\/tags?post=6447"}],"curies":[{"name":"wp","href":"https:\/\/api.w.org\/{rel}","templated":true}]}}